{"id":206812,"date":"2023-06-07T20:55:01","date_gmt":"2023-06-07T18:55:01","guid":{"rendered":"https:\/\/tuzlainfo.ba\/?p=206812"},"modified":"2023-06-07T20:57:00","modified_gmt":"2023-06-07T18:57:00","slug":"navijacka-grupa-fukare-podrzava-azmira-husica-donesite-odluku-po-savjesti-a-na-po-naredjenju","status":"publish","type":"post","link":"https:\/\/tuzlainfo.ba\/index.php\/novosti\/item\/206812-navijacka-grupa-fukare-podrzava-azmira-husica-donesite-odluku-po-savjesti-a-na-po-naredjenju\/","title":{"rendered":"Navija\u010dka grupa &#8220;Fukare&#8221; podr\u017eava Azmira Husi\u0107a: &#8220;Donesite odluku po savjesti, a na po nare\u0111enju&#8221;"},"content":{"rendered":"<div class=\"x11i5rnm xat24cr x1mh8g0r x1vvkbs xtlvy1s x126k92a\">\n<p dir=\"auto\">Navija\u010dka skupina Fukare Tuzla ve\u010deras se oglasila saop\u0161tenjem, a u vezi objavljenog javnog poziva za kandidate za novog predsjednika UO FK Sloboda Tuzla.<\/p>\n<p>Njihovo sap\u0161tenje prenosimo u cjelosti:<\/p>\n<\/div>\n<p dir=\"auto\">Ovim putem obavje\u0161tavamo javnost, \u010dlanove, gra\u0111ane, navija\u010de i simpatizere FK Sloboda Tuzla da navija\u010dka skupina Fukare u potpunosti podr\u017eava i stoji iza kandidature gospodina Husi\u0107 Azmira, te \u017eelimo urgirati kod GV Grada Tuzle da odluku donesu po savjesti, a na po nare\u0111enju.<\/p>\n<p dir=\"auto\">Na\u0161a skupina je prije po\u010detka drugog dijela liga\u0161ke sezone upozoravala javnost, pravila mno\u0161tvo sastanaka kako unutar grupe, tako i sa tada\u0161njim \u010dlanovima UO FK Sloboda, gdje smo jasno naglasili da takvo vo\u0111enje kluba vodi u drugu ligu, \u0161to se na kraju i dogodilo. \u017delimo da odgovorni ljudi podnesu izvje\u0161taj kako se desilo da klub na\u0161eg renomea sa nelo\u0161im igra\u010dkim kadrom i za na\u0161u ligu respektabilnim bud\u017eetom, te unaprije\u0111enom infrastruktorom ( teren stadiona Tu\u0161anj ) ispadne iz lige.<\/p>\n<p dir=\"auto\">Obavje\u0161tavamo sve \u010dlanove da \u0107e u narednim danima biti odr\u017ean sastanak skupine, na koji su pozvani svi sada\u0161nji kao i biv\u0161i \u010dlanovi, a o kojem \u0107ete biti blagovremeno obavje\u0161teni.<\/p>\n<p dir=\"auto\">\u017delimo navesti i to da \u0107emo, ukoliko i jedan \u010dlan UO iz pro\u0161lih 4 godine bude ponovno izabran u novi UO, navija\u010dka skupina Fukare Tuzla organizovati proteste protiv onih koji donesu takvu odluku, navodi se u saop\u0161tenju navija\u010dke skupine Fukare, uz napomenu da se ogra\u0111uju od izjava ostalih udru\u017eenja FK Sloboda u vezi toga ko ima podr\u0161ku a ko ne.<strong>\/Tuzlainfo\/<\/strong><\/p>\n","protected":false},"excerpt":{"rendered":"<p>Navija\u010dka skupina Fukare Tuzla ve\u010deras se oglasila saop\u0161tenjem, a u vezi objavljenog javnog poziva za&hellip;<\/p>\n","protected":false},"author":2,"featured_media":206065,"comment_status":"open","ping_status":"closed","sticky":false,"template":"","format":"standard","meta":{"_acf_changed":false,"footnotes":""},"categories":[304,12],"tags":[7135,466,2741,915],"acf":[],"yoast_head":"<!-- This site is optimized with the Yoast SEO plugin v23.5 - https:\/\/yoast.com\/wordpress\/plugins\/seo\/ -->\n<title>Navija\u010dka grupa &quot;Fukare&quot; podr\u017eava Azmira Husi\u0107a: &quot;Donesite odluku po savjesti, a na po nare\u0111enju&quot; - TuzlaInfo.ba<\/title>\n<meta name=\"robots\" content=\"index, follow, max-snippet:-1, max-image-preview:large, max-video-preview:-1\" \/>\n<link rel=\"canonical\" href=\"https:\/\/tuzlainfo.ba\/index.php\/novosti\/item\/206812-navijacka-grupa-fukare-podrzava-azmira-husica-donesite-odluku-po-savjesti-a-na-po-naredjenju\/\" \/>\n<meta property=\"og:locale\" content=\"bs_BA\" \/>\n<meta property=\"og:type\" content=\"article\" \/>\n<meta property=\"og:title\" content=\"Navija\u010dka grupa &quot;Fukare&quot; podr\u017eava Azmira Husi\u0107a: &quot;Donesite odluku po savjesti, a na po nare\u0111enju&quot; - TuzlaInfo.ba\" \/>\n<meta property=\"og:description\" content=\"Navija\u010dka skupina Fukare Tuzla ve\u010deras se oglasila saop\u0161tenjem, a u vezi objavljenog javnog poziva za&hellip;\" \/>\n<meta property=\"og:url\" content=\"https:\/\/tuzlainfo.ba\/index.php\/novosti\/item\/206812-navijacka-grupa-fukare-podrzava-azmira-husica-donesite-odluku-po-savjesti-a-na-po-naredjenju\/\" \/>\n<meta property=\"og:site_name\" content=\"TuzlaInfo.ba\" \/>\n<meta property=\"article:publisher\" content=\"https:\/\/www.facebook.com\/tuzlainfo.ba\/\" \/>\n<meta property=\"article:published_time\" content=\"2023-06-07T18:55:01+00:00\" \/>\n<meta property=\"article:modified_time\" content=\"2023-06-07T18:57:00+00:00\" \/>\n<meta property=\"og:image\" content=\"https:\/\/tuzlainfo.ba\/wp-content\/uploads\/2023\/05\/3105_fukare_navijaci.jpg\" \/>\n\t<meta property=\"og:image:width\" content=\"800\" \/>\n\t<meta property=\"og:image:height\" content=\"450\" \/>\n\t<meta property=\"og:image:type\" content=\"image\/jpeg\" \/>\n<meta name=\"author\" content=\"nedim\" \/>\n<meta name=\"twitter:card\" content=\"summary_large_image\" \/>\n<meta name=\"twitter:label1\" content=\"Written by\" \/>\n\t<meta name=\"twitter:data1\" content=\"nedim\" \/>\n\t<meta name=\"twitter:label2\" content=\"Est. reading time\" \/>\n\t<meta name=\"twitter:data2\" content=\"1 minuta\" \/>\n<script type=\"application\/ld+json\" class=\"yoast-schema-graph\">{\"@context\":\"https:\/\/schema.org\",\"@graph\":[{\"@type\":\"Article\",\"@id\":\"https:\/\/tuzlainfo.ba\/index.php\/novosti\/item\/206812-navijacka-grupa-fukare-podrzava-azmira-husica-donesite-odluku-po-savjesti-a-na-po-naredjenju\/#article\",\"isPartOf\":{\"@id\":\"https:\/\/tuzlainfo.ba\/index.php\/novosti\/item\/206812-navijacka-grupa-fukare-podrzava-azmira-husica-donesite-odluku-po-savjesti-a-na-po-naredjenju\/\"},\"author\":{\"name\":\"nedim\",\"@id\":\"https:\/\/tuzlainfo.ba\/#\/schema\/person\/f434e20dc27ea133923aab08451b7f7f\"},\"headline\":\"Navija\u010dka grupa &#8220;Fukare&#8221; podr\u017eava Azmira Husi\u0107a: &#8220;Donesite odluku po savjesti, a na po nare\u0111enju&#8221;\",\"datePublished\":\"2023-06-07T18:55:01+00:00\",\"dateModified\":\"2023-06-07T18:57:00+00:00\",\"mainEntityOfPage\":{\"@id\":\"https:\/\/tuzlainfo.ba\/index.php\/novosti\/item\/206812-navijacka-grupa-fukare-podrzava-azmira-husica-donesite-odluku-po-savjesti-a-na-po-naredjenju\/\"},\"wordCount\":288,\"commentCount\":0,\"publisher\":{\"@id\":\"https:\/\/tuzlainfo.ba\/#organization\"},\"image\":{\"@id\":\"https:\/\/tuzlainfo.ba\/index.php\/novosti\/item\/206812-navijacka-grupa-fukare-podrzava-azmira-husica-donesite-odluku-po-savjesti-a-na-po-naredjenju\/#primaryimage\"},\"thumbnailUrl\":\"https:\/\/tuzlainfo.ba\/wp-content\/uploads\/2023\/05\/3105_fukare_navijaci.jpg\",\"keywords\":[\"azmir jusi\u0107\",\"fk sloboda\",\"fukare\",\"sport\"],\"articleSection\":[\"Istaknuto\",\"Novosti\"],\"inLanguage\":\"bs-BA\"},{\"@type\":\"WebPage\",\"@id\":\"https:\/\/tuzlainfo.ba\/index.php\/novosti\/item\/206812-navijacka-grupa-fukare-podrzava-azmira-husica-donesite-odluku-po-savjesti-a-na-po-naredjenju\/\",\"url\":\"https:\/\/tuzlainfo.ba\/index.php\/novosti\/item\/206812-navijacka-grupa-fukare-podrzava-azmira-husica-donesite-odluku-po-savjesti-a-na-po-naredjenju\/\",\"name\":\"Navija\u010dka grupa \\\"Fukare\\\" podr\u017eava Azmira Husi\u0107a: \\\"Donesite odluku po savjesti, a na po nare\u0111enju\\\" - TuzlaInfo.ba\",\"isPartOf\":{\"@id\":\"https:\/\/tuzlainfo.ba\/#website\"},\"primaryImageOfPage\":{\"@id\":\"https:\/\/tuzlainfo.ba\/index.php\/novosti\/item\/206812-navijacka-grupa-fukare-podrzava-azmira-husica-donesite-odluku-po-savjesti-a-na-po-naredjenju\/#primaryimage\"},\"image\":{\"@id\":\"https:\/\/tuzlainfo.ba\/index.php\/novosti\/item\/206812-navijacka-grupa-fukare-podrzava-azmira-husica-donesite-odluku-po-savjesti-a-na-po-naredjenju\/#primaryimage\"},\"thumbnailUrl\":\"https:\/\/tuzlainfo.ba\/wp-content\/uploads\/2023\/05\/3105_fukare_navijaci.jpg\",\"datePublished\":\"2023-06-07T18:55:01+00:00\",\"dateModified\":\"2023-06-07T18:57:00+00:00\",\"breadcrumb\":{\"@id\":\"https:\/\/tuzlainfo.ba\/index.php\/novosti\/item\/206812-navijacka-grupa-fukare-podrzava-azmira-husica-donesite-odluku-po-savjesti-a-na-po-naredjenju\/#breadcrumb\"},\"inLanguage\":\"bs-BA\",\"potentialAction\":[{\"@type\":\"ReadAction\",\"target\":[\"https:\/\/tuzlainfo.ba\/index.php\/novosti\/item\/206812-navijacka-grupa-fukare-podrzava-azmira-husica-donesite-odluku-po-savjesti-a-na-po-naredjenju\/\"]}]},{\"@type\":\"ImageObject\",\"inLanguage\":\"bs-BA\",\"@id\":\"https:\/\/tuzlainfo.ba\/index.php\/novosti\/item\/206812-navijacka-grupa-fukare-podrzava-azmira-husica-donesite-odluku-po-savjesti-a-na-po-naredjenju\/#primaryimage\",\"url\":\"https:\/\/tuzlainfo.ba\/wp-content\/uploads\/2023\/05\/3105_fukare_navijaci.jpg\",\"contentUrl\":\"https:\/\/tuzlainfo.ba\/wp-content\/uploads\/2023\/05\/3105_fukare_navijaci.jpg\",\"width\":800,\"height\":450},{\"@type\":\"BreadcrumbList\",\"@id\":\"https:\/\/tuzlainfo.ba\/index.php\/novosti\/item\/206812-navijacka-grupa-fukare-podrzava-azmira-husica-donesite-odluku-po-savjesti-a-na-po-naredjenju\/#breadcrumb\",\"itemListElement\":[{\"@type\":\"ListItem\",\"position\":1,\"name\":\"Home\",\"item\":\"https:\/\/tuzlainfo.ba\/\"},{\"@type\":\"ListItem\",\"position\":2,\"name\":\"Navija\u010dka grupa &#8220;Fukare&#8221; podr\u017eava Azmira Husi\u0107a: &#8220;Donesite odluku po savjesti, a na po nare\u0111enju&#8221;\"}]},{\"@type\":\"WebSite\",\"@id\":\"https:\/\/tuzlainfo.ba\/#website\",\"url\":\"https:\/\/tuzlainfo.ba\/\",\"name\":\"TuzlaInfo.ba\",\"description\":\"Tuzla info, gradski informator - Tuzla na dlanu\",\"publisher\":{\"@id\":\"https:\/\/tuzlainfo.ba\/#organization\"},\"potentialAction\":[{\"@type\":\"SearchAction\",\"target\":{\"@type\":\"EntryPoint\",\"urlTemplate\":\"https:\/\/tuzlainfo.ba\/?s={search_term_string}\"},\"query-input\":{\"@type\":\"PropertyValueSpecification\",\"valueRequired\":true,\"valueName\":\"search_term_string\"}}],\"inLanguage\":\"bs-BA\"},{\"@type\":\"Organization\",\"@id\":\"https:\/\/tuzlainfo.ba\/#organization\",\"name\":\"TuzlaInfo.ba\",\"url\":\"https:\/\/tuzlainfo.ba\/\",\"logo\":{\"@type\":\"ImageObject\",\"inLanguage\":\"bs-BA\",\"@id\":\"https:\/\/tuzlainfo.ba\/#\/schema\/logo\/image\/\",\"url\":\"https:\/\/tuzlainfo.ba\/wp-content\/uploads\/2021\/03\/logo-ver-3-1.png\",\"contentUrl\":\"https:\/\/tuzlainfo.ba\/wp-content\/uploads\/2021\/03\/logo-ver-3-1.png\",\"width\":350,\"height\":95,\"caption\":\"TuzlaInfo.ba\"},\"image\":{\"@id\":\"https:\/\/tuzlainfo.ba\/#\/schema\/logo\/image\/\"},\"sameAs\":[\"https:\/\/www.facebook.com\/tuzlainfo.ba\/\"]},{\"@type\":\"Person\",\"@id\":\"https:\/\/tuzlainfo.ba\/#\/schema\/person\/f434e20dc27ea133923aab08451b7f7f\",\"name\":\"nedim\",\"image\":{\"@type\":\"ImageObject\",\"inLanguage\":\"bs-BA\",\"@id\":\"https:\/\/tuzlainfo.ba\/#\/schema\/person\/image\/\",\"url\":\"https:\/\/tuzlainfo.ba\/wp-content\/litespeed\/avatar\/aabad687af24844af817603ac1cbdc4f.jpg?ver=1776702173\",\"contentUrl\":\"https:\/\/tuzlainfo.ba\/wp-content\/litespeed\/avatar\/aabad687af24844af817603ac1cbdc4f.jpg?ver=1776702173\",\"caption\":\"nedim\"},\"description\":\"Tuzlainfo.ba pratite na dru\u0161tvenim mre\u017eama: Facebook, Instagram i Youtube. Svoje pri\u010de, upite i fotografije \u0161aljite na na\u0161u e-mail adresu.\"}]}<\/script>\n<!-- \/ Yoast SEO plugin. -->","yoast_head_json":{"title":"Navija\u010dka grupa \"Fukare\" podr\u017eava Azmira Husi\u0107a: \"Donesite odluku po savjesti, a na po nare\u0111enju\" - TuzlaInfo.ba","robots":{"index":"index","follow":"follow","max-snippet":"max-snippet:-1","max-image-preview":"max-image-preview:large","max-video-preview":"max-video-preview:-1"},"canonical":"https:\/\/tuzlainfo.ba\/index.php\/novosti\/item\/206812-navijacka-grupa-fukare-podrzava-azmira-husica-donesite-odluku-po-savjesti-a-na-po-naredjenju\/","og_locale":"bs_BA","og_type":"article","og_title":"Navija\u010dka grupa \"Fukare\" podr\u017eava Azmira Husi\u0107a: \"Donesite odluku po savjesti, a na po nare\u0111enju\" - TuzlaInfo.ba","og_description":"Navija\u010dka skupina Fukare Tuzla ve\u010deras se oglasila saop\u0161tenjem, a u vezi objavljenog javnog poziva za&hellip;","og_url":"https:\/\/tuzlainfo.ba\/index.php\/novosti\/item\/206812-navijacka-grupa-fukare-podrzava-azmira-husica-donesite-odluku-po-savjesti-a-na-po-naredjenju\/","og_site_name":"TuzlaInfo.ba","article_publisher":"https:\/\/www.facebook.com\/tuzlainfo.ba\/","article_published_time":"2023-06-07T18:55:01+00:00","article_modified_time":"2023-06-07T18:57:00+00:00","og_image":[{"width":800,"height":450,"url":"https:\/\/tuzlainfo.ba\/wp-content\/uploads\/2023\/05\/3105_fukare_navijaci.jpg","type":"image\/jpeg"}],"author":"nedim","twitter_card":"summary_large_image","twitter_misc":{"Written by":"nedim","Est. reading time":"1 minuta"},"schema":{"@context":"https:\/\/schema.org","@graph":[{"@type":"Article","@id":"https:\/\/tuzlainfo.ba\/index.php\/novosti\/item\/206812-navijacka-grupa-fukare-podrzava-azmira-husica-donesite-odluku-po-savjesti-a-na-po-naredjenju\/#article","isPartOf":{"@id":"https:\/\/tuzlainfo.ba\/index.php\/novosti\/item\/206812-navijacka-grupa-fukare-podrzava-azmira-husica-donesite-odluku-po-savjesti-a-na-po-naredjenju\/"},"author":{"name":"nedim","@id":"https:\/\/tuzlainfo.ba\/#\/schema\/person\/f434e20dc27ea133923aab08451b7f7f"},"headline":"Navija\u010dka grupa &#8220;Fukare&#8221; podr\u017eava Azmira Husi\u0107a: &#8220;Donesite odluku po savjesti, a na po nare\u0111enju&#8221;","datePublished":"2023-06-07T18:55:01+00:00","dateModified":"2023-06-07T18:57:00+00:00","mainEntityOfPage":{"@id":"https:\/\/tuzlainfo.ba\/index.php\/novosti\/item\/206812-navijacka-grupa-fukare-podrzava-azmira-husica-donesite-odluku-po-savjesti-a-na-po-naredjenju\/"},"wordCount":288,"commentCount":0,"publisher":{"@id":"https:\/\/tuzlainfo.ba\/#organization"},"image":{"@id":"https:\/\/tuzlainfo.ba\/index.php\/novosti\/item\/206812-navijacka-grupa-fukare-podrzava-azmira-husica-donesite-odluku-po-savjesti-a-na-po-naredjenju\/#primaryimage"},"thumbnailUrl":"https:\/\/tuzlainfo.ba\/wp-content\/uploads\/2023\/05\/3105_fukare_navijaci.jpg","keywords":["azmir jusi\u0107","fk sloboda","fukare","sport"],"articleSection":["Istaknuto","Novosti"],"inLanguage":"bs-BA"},{"@type":"WebPage","@id":"https:\/\/tuzlainfo.ba\/index.php\/novosti\/item\/206812-navijacka-grupa-fukare-podrzava-azmira-husica-donesite-odluku-po-savjesti-a-na-po-naredjenju\/","url":"https:\/\/tuzlainfo.ba\/index.php\/novosti\/item\/206812-navijacka-grupa-fukare-podrzava-azmira-husica-donesite-odluku-po-savjesti-a-na-po-naredjenju\/","name":"Navija\u010dka grupa \"Fukare\" podr\u017eava Azmira Husi\u0107a: \"Donesite odluku po savjesti, a na po nare\u0111enju\" - TuzlaInfo.ba","isPartOf":{"@id":"https:\/\/tuzlainfo.ba\/#website"},"primaryImageOfPage":{"@id":"https:\/\/tuzlainfo.ba\/index.php\/novosti\/item\/206812-navijacka-grupa-fukare-podrzava-azmira-husica-donesite-odluku-po-savjesti-a-na-po-naredjenju\/#primaryimage"},"image":{"@id":"https:\/\/tuzlainfo.ba\/index.php\/novosti\/item\/206812-navijacka-grupa-fukare-podrzava-azmira-husica-donesite-odluku-po-savjesti-a-na-po-naredjenju\/#primaryimage"},"thumbnailUrl":"https:\/\/tuzlainfo.ba\/wp-content\/uploads\/2023\/05\/3105_fukare_navijaci.jpg","datePublished":"2023-06-07T18:55:01+00:00","dateModified":"2023-06-07T18:57:00+00:00","breadcrumb":{"@id":"https:\/\/tuzlainfo.ba\/index.php\/novosti\/item\/206812-navijacka-grupa-fukare-podrzava-azmira-husica-donesite-odluku-po-savjesti-a-na-po-naredjenju\/#breadcrumb"},"inLanguage":"bs-BA","potentialAction":[{"@type":"ReadAction","target":["https:\/\/tuzlainfo.ba\/index.php\/novosti\/item\/206812-navijacka-grupa-fukare-podrzava-azmira-husica-donesite-odluku-po-savjesti-a-na-po-naredjenju\/"]}]},{"@type":"ImageObject","inLanguage":"bs-BA","@id":"https:\/\/tuzlainfo.ba\/index.php\/novosti\/item\/206812-navijacka-grupa-fukare-podrzava-azmira-husica-donesite-odluku-po-savjesti-a-na-po-naredjenju\/#primaryimage","url":"https:\/\/tuzlainfo.ba\/wp-content\/uploads\/2023\/05\/3105_fukare_navijaci.jpg","contentUrl":"https:\/\/tuzlainfo.ba\/wp-content\/uploads\/2023\/05\/3105_fukare_navijaci.jpg","width":800,"height":450},{"@type":"BreadcrumbList","@id":"https:\/\/tuzlainfo.ba\/index.php\/novosti\/item\/206812-navijacka-grupa-fukare-podrzava-azmira-husica-donesite-odluku-po-savjesti-a-na-po-naredjenju\/#breadcrumb","itemListElement":[{"@type":"ListItem","position":1,"name":"Home","item":"https:\/\/tuzlainfo.ba\/"},{"@type":"ListItem","position":2,"name":"Navija\u010dka grupa &#8220;Fukare&#8221; podr\u017eava Azmira Husi\u0107a: &#8220;Donesite odluku po savjesti, a na po nare\u0111enju&#8221;"}]},{"@type":"WebSite","@id":"https:\/\/tuzlainfo.ba\/#website","url":"https:\/\/tuzlainfo.ba\/","name":"TuzlaInfo.ba","description":"Tuzla info, gradski informator - Tuzla na dlanu","publisher":{"@id":"https:\/\/tuzlainfo.ba\/#organization"},"potentialAction":[{"@type":"SearchAction","target":{"@type":"EntryPoint","urlTemplate":"https:\/\/tuzlainfo.ba\/?s={search_term_string}"},"query-input":{"@type":"PropertyValueSpecification","valueRequired":true,"valueName":"search_term_string"}}],"inLanguage":"bs-BA"},{"@type":"Organization","@id":"https:\/\/tuzlainfo.ba\/#organization","name":"TuzlaInfo.ba","url":"https:\/\/tuzlainfo.ba\/","logo":{"@type":"ImageObject","inLanguage":"bs-BA","@id":"https:\/\/tuzlainfo.ba\/#\/schema\/logo\/image\/","url":"https:\/\/tuzlainfo.ba\/wp-content\/uploads\/2021\/03\/logo-ver-3-1.png","contentUrl":"https:\/\/tuzlainfo.ba\/wp-content\/uploads\/2021\/03\/logo-ver-3-1.png","width":350,"height":95,"caption":"TuzlaInfo.ba"},"image":{"@id":"https:\/\/tuzlainfo.ba\/#\/schema\/logo\/image\/"},"sameAs":["https:\/\/www.facebook.com\/tuzlainfo.ba\/"]},{"@type":"Person","@id":"https:\/\/tuzlainfo.ba\/#\/schema\/person\/f434e20dc27ea133923aab08451b7f7f","name":"nedim","image":{"@type":"ImageObject","inLanguage":"bs-BA","@id":"https:\/\/tuzlainfo.ba\/#\/schema\/person\/image\/","url":"https:\/\/tuzlainfo.ba\/wp-content\/litespeed\/avatar\/aabad687af24844af817603ac1cbdc4f.jpg?ver=1776702173","contentUrl":"https:\/\/tuzlainfo.ba\/wp-content\/litespeed\/avatar\/aabad687af24844af817603ac1cbdc4f.jpg?ver=1776702173","caption":"nedim"},"description":"Tuzlainfo.ba pratite na dru\u0161tvenim mre\u017eama: Facebook, Instagram i Youtube. Svoje pri\u010de, upite i fotografije \u0161aljite na na\u0161u e-mail adresu."}]}},"_links":{"self":[{"href":"https:\/\/tuzlainfo.ba\/index.php\/wp-json\/wp\/v2\/posts\/206812"}],"collection":[{"href":"https:\/\/tuzlainfo.ba\/index.php\/wp-json\/wp\/v2\/posts"}],"about":[{"href":"https:\/\/tuzlainfo.ba\/index.php\/wp-json\/wp\/v2\/types\/post"}],"author":[{"embeddable":true,"href":"https:\/\/tuzlainfo.ba\/index.php\/wp-json\/wp\/v2\/users\/2"}],"replies":[{"embeddable":true,"href":"https:\/\/tuzlainfo.ba\/index.php\/wp-json\/wp\/v2\/comments?post=206812"}],"version-history":[{"count":0,"href":"https:\/\/tuzlainfo.ba\/index.php\/wp-json\/wp\/v2\/posts\/206812\/revisions"}],"wp:featuredmedia":[{"embeddable":true,"href":"https:\/\/tuzlainfo.ba\/index.php\/wp-json\/wp\/v2\/media\/206065"}],"wp:attachment":[{"href":"https:\/\/tuzlainfo.ba\/index.php\/wp-json\/wp\/v2\/media?parent=206812"}],"wp:term":[{"taxonomy":"category","embeddable":true,"href":"https:\/\/tuzlainfo.ba\/index.php\/wp-json\/wp\/v2\/categories?post=206812"},{"taxonomy":"post_tag","embeddable":true,"href":"https:\/\/tuzlainfo.ba\/index.php\/wp-json\/wp\/v2\/tags?post=206812"}],"curies":[{"name":"wp","href":"https:\/\/api.w.org\/{rel}","templated":true}]}}