{"id":206698,"date":"2023-06-06T22:04:11","date_gmt":"2023-06-06T20:04:11","guid":{"rendered":"https:\/\/tuzlainfo.ba\/?p=206698"},"modified":"2023-06-06T19:23:14","modified_gmt":"2023-06-06T17:23:14","slug":"federalni-zastupnici-cavalic-i-omerovic-predlazu-strozije-kazne-za-vozace-pod-utjecajem-aklohola","status":"publish","type":"post","link":"https:\/\/tuzlainfo.ba\/index.php\/bosna-i-hercegovina\/item\/206698-federalni-zastupnici-cavalic-i-omerovic-predlazu-strozije-kazne-za-vozace-pod-utjecajem-aklohola\/","title":{"rendered":"Federalni zastupnici \u010cavali\u0107 i Omerovi\u0107 predla\u017eu stro\u017eije kazne za voza\u010de pod utjecajem aklohola"},"content":{"rendered":"<p>Zastupnici Stranke za Bosnu i Hercegovinu (SBiH) u Parlamentu Federacije BiH Admir \u010cavali\u0107 i Safet Omerovi\u0107 uputili su u parlamentarnu proceduru prijedlog izmjena Krivi\u010dnog zakona FBiH za stro\u017eije ka\u017enjavanje voza\u010da koji skrive saobra\u0107ajne nesre\u0107e pod utjecajem alkohola.<\/p>\n<p>\u010cavali\u0107 i Omerovi\u0107 predla\u017eu da kazna za navedeno krivi\u010dno djelo bude do deset godina zatvora umjesto sada\u0161nje do tri godine.<\/p>\n<p>&#8211; Izmjena se odnosi na \u010dlan 333 koji za sada navodi da je tri godine kazna zatvora za vo\u017enju u alkoholiziranom stanju, ukoliko se desi odre\u0111ena nesre\u0107a. Kolega Omerovi\u0107 i ja predla\u017eemo da to bude deset godina. Smatramo da je to jedan dobar iskorak na na\u010din da smanjimo u\u010destalost vo\u017enje u alkoholiziranom stanju, jer zaista ne treba biti tolerancije, odnosno treba biti nulta tolerancija, a sve povodom nedavnih de\u0161avanja u kojim je mlada doktorica izgubila \u017eivot &#8211; kazao je \u010cavali\u0107 za Fenu.<\/p>\n<p>Navodi da je razumljivo da se de\u0161avaju saobra\u0107ajne nesre\u0107e i da mo\u017ee biti bezbroj razloga za\u0161to mo\u017ee do\u0107i do njih, ali vo\u017enja u alkoholiziranom stanju ne smije biti jedan od razloga.<\/p>\n<p>&#8211; Mi kao dru\u0161tvo, u ovom slu\u010daju FBiH, ne treba da imamo toleranciju spram navedenog i trebali bi podi\u0107i kazne na 10 godina, a onda postepeno mijenjati druge \u010dlanove zakona na na\u010din da se maksimalno destimuli\u0161u budu\u0107i voza\u010di, da im bude jasno da ne bi trebali da koriste svoje vozilo ukoliko su u alkoholiziranom stanju i da bi trebali na\u0107i alternativu, odnosno da idu pje\u0161ice, koriste taksi, autobus, tramvaj \u2013 kazao je \u010cavali\u0107.<\/p>\n<p>Zastupnik SBiH navodi da \u0107e prijedlog zakona biti upu\u0107en Vladi FBiH, koja \u0107e se o tome o\u010ditovati.<\/p>\n<p>&#8211; O\u010dekujemo pozitivno mi\u0161ljenje, ali bilo pozitivno ili negativno, za mjesec dana je spremno da ide na Federalani parlament i onda da predsjedavaju\u0107i taj prijedlog stavi na dnevni red. Minimalno u roku od mjesec dana mo\u017ee se razmatrati ovaj zakon, ako ne onda bi, nadam se, do kraja godine imali neke iskorake i promjene po tom pitanju &#8211; kazao je \u010cavali\u0107 za Fenu.<\/p>\n","protected":false},"excerpt":{"rendered":"<p>Zastupnici Stranke za Bosnu i Hercegovinu (SBiH) u Parlamentu Federacije BiH Admir \u010cavali\u0107 i Safet&hellip;<\/p>\n","protected":false},"author":4,"featured_media":206701,"comment_status":"open","ping_status":"closed","sticky":false,"template":"","format":"standard","meta":{"_acf_changed":false,"footnotes":""},"categories":[291],"tags":[469,1368,408],"acf":[],"yoast_head":"<!-- This site is optimized with the Yoast SEO plugin v23.5 - https:\/\/yoast.com\/wordpress\/plugins\/seo\/ -->\n<title>Federalni zastupnici \u010cavali\u0107 i Omerovi\u0107 predla\u017eu stro\u017eije kazne za voza\u010de pod utjecajem aklohola - TuzlaInfo.ba<\/title>\n<meta name=\"robots\" content=\"index, follow, max-snippet:-1, max-image-preview:large, max-video-preview:-1\" \/>\n<link rel=\"canonical\" href=\"https:\/\/tuzlainfo.ba\/index.php\/bosna-i-hercegovina\/item\/206698-federalni-zastupnici-cavalic-i-omerovic-predlazu-strozije-kazne-za-vozace-pod-utjecajem-aklohola\/\" \/>\n<meta property=\"og:locale\" content=\"bs_BA\" \/>\n<meta property=\"og:type\" content=\"article\" \/>\n<meta property=\"og:title\" content=\"Federalni zastupnici \u010cavali\u0107 i Omerovi\u0107 predla\u017eu stro\u017eije kazne za voza\u010de pod utjecajem aklohola - TuzlaInfo.ba\" \/>\n<meta property=\"og:description\" content=\"Zastupnici Stranke za Bosnu i Hercegovinu (SBiH) u Parlamentu Federacije BiH Admir \u010cavali\u0107 i Safet&hellip;\" \/>\n<meta property=\"og:url\" content=\"https:\/\/tuzlainfo.ba\/index.php\/bosna-i-hercegovina\/item\/206698-federalni-zastupnici-cavalic-i-omerovic-predlazu-strozije-kazne-za-vozace-pod-utjecajem-aklohola\/\" \/>\n<meta property=\"og:site_name\" content=\"TuzlaInfo.ba\" \/>\n<meta property=\"article:publisher\" content=\"https:\/\/www.facebook.com\/tuzlainfo.ba\/\" \/>\n<meta property=\"article:published_time\" content=\"2023-06-06T20:04:11+00:00\" \/>\n<meta property=\"article:modified_time\" content=\"2023-06-06T17:23:14+00:00\" \/>\n<meta property=\"og:image\" content=\"https:\/\/tuzlainfo.ba\/wp-content\/uploads\/2023\/06\/admir-cavalic.jpg\" \/>\n\t<meta property=\"og:image:width\" content=\"1024\" \/>\n\t<meta property=\"og:image:height\" content=\"683\" \/>\n\t<meta property=\"og:image:type\" content=\"image\/jpeg\" \/>\n<meta name=\"author\" content=\"Tuzla Info\" \/>\n<meta name=\"twitter:card\" content=\"summary_large_image\" \/>\n<meta name=\"twitter:label1\" content=\"Written by\" \/>\n\t<meta name=\"twitter:data1\" content=\"Tuzla Info\" \/>\n\t<meta name=\"twitter:label2\" content=\"Est. reading time\" \/>\n\t<meta name=\"twitter:data2\" content=\"2 minute\" \/>\n<script type=\"application\/ld+json\" class=\"yoast-schema-graph\">{\"@context\":\"https:\/\/schema.org\",\"@graph\":[{\"@type\":\"Article\",\"@id\":\"https:\/\/tuzlainfo.ba\/index.php\/bosna-i-hercegovina\/item\/206698-federalni-zastupnici-cavalic-i-omerovic-predlazu-strozije-kazne-za-vozace-pod-utjecajem-aklohola\/#article\",\"isPartOf\":{\"@id\":\"https:\/\/tuzlainfo.ba\/index.php\/bosna-i-hercegovina\/item\/206698-federalni-zastupnici-cavalic-i-omerovic-predlazu-strozije-kazne-za-vozace-pod-utjecajem-aklohola\/\"},\"author\":{\"name\":\"Tuzla Info\",\"@id\":\"https:\/\/tuzlainfo.ba\/#\/schema\/person\/46cad4c57790cbc50781edd14870825a\"},\"headline\":\"Federalni zastupnici \u010cavali\u0107 i Omerovi\u0107 predla\u017eu stro\u017eije kazne za voza\u010de pod utjecajem aklohola\",\"datePublished\":\"2023-06-06T20:04:11+00:00\",\"dateModified\":\"2023-06-06T17:23:14+00:00\",\"mainEntityOfPage\":{\"@id\":\"https:\/\/tuzlainfo.ba\/index.php\/bosna-i-hercegovina\/item\/206698-federalni-zastupnici-cavalic-i-omerovic-predlazu-strozije-kazne-za-vozace-pod-utjecajem-aklohola\/\"},\"wordCount\":376,\"commentCount\":0,\"publisher\":{\"@id\":\"https:\/\/tuzlainfo.ba\/#organization\"},\"image\":{\"@id\":\"https:\/\/tuzlainfo.ba\/index.php\/bosna-i-hercegovina\/item\/206698-federalni-zastupnici-cavalic-i-omerovic-predlazu-strozije-kazne-za-vozace-pod-utjecajem-aklohola\/#primaryimage\"},\"thumbnailUrl\":\"https:\/\/tuzlainfo.ba\/wp-content\/uploads\/2023\/06\/admir-cavalic.jpg\",\"keywords\":[\"admir \u010davali\u0107\",\"kazne\",\"saobra\u0107aj\"],\"articleSection\":[\"Bosna i Hercegovina\"],\"inLanguage\":\"bs-BA\"},{\"@type\":\"WebPage\",\"@id\":\"https:\/\/tuzlainfo.ba\/index.php\/bosna-i-hercegovina\/item\/206698-federalni-zastupnici-cavalic-i-omerovic-predlazu-strozije-kazne-za-vozace-pod-utjecajem-aklohola\/\",\"url\":\"https:\/\/tuzlainfo.ba\/index.php\/bosna-i-hercegovina\/item\/206698-federalni-zastupnici-cavalic-i-omerovic-predlazu-strozije-kazne-za-vozace-pod-utjecajem-aklohola\/\",\"name\":\"Federalni zastupnici \u010cavali\u0107 i Omerovi\u0107 predla\u017eu stro\u017eije kazne za voza\u010de pod utjecajem aklohola - TuzlaInfo.ba\",\"isPartOf\":{\"@id\":\"https:\/\/tuzlainfo.ba\/#website\"},\"primaryImageOfPage\":{\"@id\":\"https:\/\/tuzlainfo.ba\/index.php\/bosna-i-hercegovina\/item\/206698-federalni-zastupnici-cavalic-i-omerovic-predlazu-strozije-kazne-za-vozace-pod-utjecajem-aklohola\/#primaryimage\"},\"image\":{\"@id\":\"https:\/\/tuzlainfo.ba\/index.php\/bosna-i-hercegovina\/item\/206698-federalni-zastupnici-cavalic-i-omerovic-predlazu-strozije-kazne-za-vozace-pod-utjecajem-aklohola\/#primaryimage\"},\"thumbnailUrl\":\"https:\/\/tuzlainfo.ba\/wp-content\/uploads\/2023\/06\/admir-cavalic.jpg\",\"datePublished\":\"2023-06-06T20:04:11+00:00\",\"dateModified\":\"2023-06-06T17:23:14+00:00\",\"breadcrumb\":{\"@id\":\"https:\/\/tuzlainfo.ba\/index.php\/bosna-i-hercegovina\/item\/206698-federalni-zastupnici-cavalic-i-omerovic-predlazu-strozije-kazne-za-vozace-pod-utjecajem-aklohola\/#breadcrumb\"},\"inLanguage\":\"bs-BA\",\"potentialAction\":[{\"@type\":\"ReadAction\",\"target\":[\"https:\/\/tuzlainfo.ba\/index.php\/bosna-i-hercegovina\/item\/206698-federalni-zastupnici-cavalic-i-omerovic-predlazu-strozije-kazne-za-vozace-pod-utjecajem-aklohola\/\"]}]},{\"@type\":\"ImageObject\",\"inLanguage\":\"bs-BA\",\"@id\":\"https:\/\/tuzlainfo.ba\/index.php\/bosna-i-hercegovina\/item\/206698-federalni-zastupnici-cavalic-i-omerovic-predlazu-strozije-kazne-za-vozace-pod-utjecajem-aklohola\/#primaryimage\",\"url\":\"https:\/\/tuzlainfo.ba\/wp-content\/uploads\/2023\/06\/admir-cavalic.jpg\",\"contentUrl\":\"https:\/\/tuzlainfo.ba\/wp-content\/uploads\/2023\/06\/admir-cavalic.jpg\",\"width\":1024,\"height\":683},{\"@type\":\"BreadcrumbList\",\"@id\":\"https:\/\/tuzlainfo.ba\/index.php\/bosna-i-hercegovina\/item\/206698-federalni-zastupnici-cavalic-i-omerovic-predlazu-strozije-kazne-za-vozace-pod-utjecajem-aklohola\/#breadcrumb\",\"itemListElement\":[{\"@type\":\"ListItem\",\"position\":1,\"name\":\"Home\",\"item\":\"https:\/\/tuzlainfo.ba\/\"},{\"@type\":\"ListItem\",\"position\":2,\"name\":\"Federalni zastupnici \u010cavali\u0107 i Omerovi\u0107 predla\u017eu stro\u017eije kazne za voza\u010de pod utjecajem aklohola\"}]},{\"@type\":\"WebSite\",\"@id\":\"https:\/\/tuzlainfo.ba\/#website\",\"url\":\"https:\/\/tuzlainfo.ba\/\",\"name\":\"TuzlaInfo.ba\",\"description\":\"Tuzla info, gradski informator - Tuzla na dlanu\",\"publisher\":{\"@id\":\"https:\/\/tuzlainfo.ba\/#organization\"},\"potentialAction\":[{\"@type\":\"SearchAction\",\"target\":{\"@type\":\"EntryPoint\",\"urlTemplate\":\"https:\/\/tuzlainfo.ba\/?s={search_term_string}\"},\"query-input\":{\"@type\":\"PropertyValueSpecification\",\"valueRequired\":true,\"valueName\":\"search_term_string\"}}],\"inLanguage\":\"bs-BA\"},{\"@type\":\"Organization\",\"@id\":\"https:\/\/tuzlainfo.ba\/#organization\",\"name\":\"TuzlaInfo.ba\",\"url\":\"https:\/\/tuzlainfo.ba\/\",\"logo\":{\"@type\":\"ImageObject\",\"inLanguage\":\"bs-BA\",\"@id\":\"https:\/\/tuzlainfo.ba\/#\/schema\/logo\/image\/\",\"url\":\"https:\/\/tuzlainfo.ba\/wp-content\/uploads\/2021\/03\/logo-ver-3-1.png\",\"contentUrl\":\"https:\/\/tuzlainfo.ba\/wp-content\/uploads\/2021\/03\/logo-ver-3-1.png\",\"width\":350,\"height\":95,\"caption\":\"TuzlaInfo.ba\"},\"image\":{\"@id\":\"https:\/\/tuzlainfo.ba\/#\/schema\/logo\/image\/\"},\"sameAs\":[\"https:\/\/www.facebook.com\/tuzlainfo.ba\/\"]},{\"@type\":\"Person\",\"@id\":\"https:\/\/tuzlainfo.ba\/#\/schema\/person\/46cad4c57790cbc50781edd14870825a\",\"name\":\"Tuzla Info\",\"image\":{\"@type\":\"ImageObject\",\"inLanguage\":\"bs-BA\",\"@id\":\"https:\/\/tuzlainfo.ba\/#\/schema\/person\/image\/\",\"url\":\"https:\/\/tuzlainfo.ba\/wp-content\/litespeed\/avatar\/b6c453a6c38e3654f2e4416c643fc25c.jpg?ver=1777051911\",\"contentUrl\":\"https:\/\/tuzlainfo.ba\/wp-content\/litespeed\/avatar\/b6c453a6c38e3654f2e4416c643fc25c.jpg?ver=1777051911\",\"caption\":\"Tuzla Info\"}}]}<\/script>\n<!-- \/ Yoast SEO plugin. -->","yoast_head_json":{"title":"Federalni zastupnici \u010cavali\u0107 i Omerovi\u0107 predla\u017eu stro\u017eije kazne za voza\u010de pod utjecajem aklohola - TuzlaInfo.ba","robots":{"index":"index","follow":"follow","max-snippet":"max-snippet:-1","max-image-preview":"max-image-preview:large","max-video-preview":"max-video-preview:-1"},"canonical":"https:\/\/tuzlainfo.ba\/index.php\/bosna-i-hercegovina\/item\/206698-federalni-zastupnici-cavalic-i-omerovic-predlazu-strozije-kazne-za-vozace-pod-utjecajem-aklohola\/","og_locale":"bs_BA","og_type":"article","og_title":"Federalni zastupnici \u010cavali\u0107 i Omerovi\u0107 predla\u017eu stro\u017eije kazne za voza\u010de pod utjecajem aklohola - TuzlaInfo.ba","og_description":"Zastupnici Stranke za Bosnu i Hercegovinu (SBiH) u Parlamentu Federacije BiH Admir \u010cavali\u0107 i Safet&hellip;","og_url":"https:\/\/tuzlainfo.ba\/index.php\/bosna-i-hercegovina\/item\/206698-federalni-zastupnici-cavalic-i-omerovic-predlazu-strozije-kazne-za-vozace-pod-utjecajem-aklohola\/","og_site_name":"TuzlaInfo.ba","article_publisher":"https:\/\/www.facebook.com\/tuzlainfo.ba\/","article_published_time":"2023-06-06T20:04:11+00:00","article_modified_time":"2023-06-06T17:23:14+00:00","og_image":[{"width":1024,"height":683,"url":"https:\/\/tuzlainfo.ba\/wp-content\/uploads\/2023\/06\/admir-cavalic.jpg","type":"image\/jpeg"}],"author":"Tuzla Info","twitter_card":"summary_large_image","twitter_misc":{"Written by":"Tuzla Info","Est. reading time":"2 minute"},"schema":{"@context":"https:\/\/schema.org","@graph":[{"@type":"Article","@id":"https:\/\/tuzlainfo.ba\/index.php\/bosna-i-hercegovina\/item\/206698-federalni-zastupnici-cavalic-i-omerovic-predlazu-strozije-kazne-za-vozace-pod-utjecajem-aklohola\/#article","isPartOf":{"@id":"https:\/\/tuzlainfo.ba\/index.php\/bosna-i-hercegovina\/item\/206698-federalni-zastupnici-cavalic-i-omerovic-predlazu-strozije-kazne-za-vozace-pod-utjecajem-aklohola\/"},"author":{"name":"Tuzla Info","@id":"https:\/\/tuzlainfo.ba\/#\/schema\/person\/46cad4c57790cbc50781edd14870825a"},"headline":"Federalni zastupnici \u010cavali\u0107 i Omerovi\u0107 predla\u017eu stro\u017eije kazne za voza\u010de pod utjecajem aklohola","datePublished":"2023-06-06T20:04:11+00:00","dateModified":"2023-06-06T17:23:14+00:00","mainEntityOfPage":{"@id":"https:\/\/tuzlainfo.ba\/index.php\/bosna-i-hercegovina\/item\/206698-federalni-zastupnici-cavalic-i-omerovic-predlazu-strozije-kazne-za-vozace-pod-utjecajem-aklohola\/"},"wordCount":376,"commentCount":0,"publisher":{"@id":"https:\/\/tuzlainfo.ba\/#organization"},"image":{"@id":"https:\/\/tuzlainfo.ba\/index.php\/bosna-i-hercegovina\/item\/206698-federalni-zastupnici-cavalic-i-omerovic-predlazu-strozije-kazne-za-vozace-pod-utjecajem-aklohola\/#primaryimage"},"thumbnailUrl":"https:\/\/tuzlainfo.ba\/wp-content\/uploads\/2023\/06\/admir-cavalic.jpg","keywords":["admir \u010davali\u0107","kazne","saobra\u0107aj"],"articleSection":["Bosna i Hercegovina"],"inLanguage":"bs-BA"},{"@type":"WebPage","@id":"https:\/\/tuzlainfo.ba\/index.php\/bosna-i-hercegovina\/item\/206698-federalni-zastupnici-cavalic-i-omerovic-predlazu-strozije-kazne-za-vozace-pod-utjecajem-aklohola\/","url":"https:\/\/tuzlainfo.ba\/index.php\/bosna-i-hercegovina\/item\/206698-federalni-zastupnici-cavalic-i-omerovic-predlazu-strozije-kazne-za-vozace-pod-utjecajem-aklohola\/","name":"Federalni zastupnici \u010cavali\u0107 i Omerovi\u0107 predla\u017eu stro\u017eije kazne za voza\u010de pod utjecajem aklohola - TuzlaInfo.ba","isPartOf":{"@id":"https:\/\/tuzlainfo.ba\/#website"},"primaryImageOfPage":{"@id":"https:\/\/tuzlainfo.ba\/index.php\/bosna-i-hercegovina\/item\/206698-federalni-zastupnici-cavalic-i-omerovic-predlazu-strozije-kazne-za-vozace-pod-utjecajem-aklohola\/#primaryimage"},"image":{"@id":"https:\/\/tuzlainfo.ba\/index.php\/bosna-i-hercegovina\/item\/206698-federalni-zastupnici-cavalic-i-omerovic-predlazu-strozije-kazne-za-vozace-pod-utjecajem-aklohola\/#primaryimage"},"thumbnailUrl":"https:\/\/tuzlainfo.ba\/wp-content\/uploads\/2023\/06\/admir-cavalic.jpg","datePublished":"2023-06-06T20:04:11+00:00","dateModified":"2023-06-06T17:23:14+00:00","breadcrumb":{"@id":"https:\/\/tuzlainfo.ba\/index.php\/bosna-i-hercegovina\/item\/206698-federalni-zastupnici-cavalic-i-omerovic-predlazu-strozije-kazne-za-vozace-pod-utjecajem-aklohola\/#breadcrumb"},"inLanguage":"bs-BA","potentialAction":[{"@type":"ReadAction","target":["https:\/\/tuzlainfo.ba\/index.php\/bosna-i-hercegovina\/item\/206698-federalni-zastupnici-cavalic-i-omerovic-predlazu-strozije-kazne-za-vozace-pod-utjecajem-aklohola\/"]}]},{"@type":"ImageObject","inLanguage":"bs-BA","@id":"https:\/\/tuzlainfo.ba\/index.php\/bosna-i-hercegovina\/item\/206698-federalni-zastupnici-cavalic-i-omerovic-predlazu-strozije-kazne-za-vozace-pod-utjecajem-aklohola\/#primaryimage","url":"https:\/\/tuzlainfo.ba\/wp-content\/uploads\/2023\/06\/admir-cavalic.jpg","contentUrl":"https:\/\/tuzlainfo.ba\/wp-content\/uploads\/2023\/06\/admir-cavalic.jpg","width":1024,"height":683},{"@type":"BreadcrumbList","@id":"https:\/\/tuzlainfo.ba\/index.php\/bosna-i-hercegovina\/item\/206698-federalni-zastupnici-cavalic-i-omerovic-predlazu-strozije-kazne-za-vozace-pod-utjecajem-aklohola\/#breadcrumb","itemListElement":[{"@type":"ListItem","position":1,"name":"Home","item":"https:\/\/tuzlainfo.ba\/"},{"@type":"ListItem","position":2,"name":"Federalni zastupnici \u010cavali\u0107 i Omerovi\u0107 predla\u017eu stro\u017eije kazne za voza\u010de pod utjecajem aklohola"}]},{"@type":"WebSite","@id":"https:\/\/tuzlainfo.ba\/#website","url":"https:\/\/tuzlainfo.ba\/","name":"TuzlaInfo.ba","description":"Tuzla info, gradski informator - Tuzla na dlanu","publisher":{"@id":"https:\/\/tuzlainfo.ba\/#organization"},"potentialAction":[{"@type":"SearchAction","target":{"@type":"EntryPoint","urlTemplate":"https:\/\/tuzlainfo.ba\/?s={search_term_string}"},"query-input":{"@type":"PropertyValueSpecification","valueRequired":true,"valueName":"search_term_string"}}],"inLanguage":"bs-BA"},{"@type":"Organization","@id":"https:\/\/tuzlainfo.ba\/#organization","name":"TuzlaInfo.ba","url":"https:\/\/tuzlainfo.ba\/","logo":{"@type":"ImageObject","inLanguage":"bs-BA","@id":"https:\/\/tuzlainfo.ba\/#\/schema\/logo\/image\/","url":"https:\/\/tuzlainfo.ba\/wp-content\/uploads\/2021\/03\/logo-ver-3-1.png","contentUrl":"https:\/\/tuzlainfo.ba\/wp-content\/uploads\/2021\/03\/logo-ver-3-1.png","width":350,"height":95,"caption":"TuzlaInfo.ba"},"image":{"@id":"https:\/\/tuzlainfo.ba\/#\/schema\/logo\/image\/"},"sameAs":["https:\/\/www.facebook.com\/tuzlainfo.ba\/"]},{"@type":"Person","@id":"https:\/\/tuzlainfo.ba\/#\/schema\/person\/46cad4c57790cbc50781edd14870825a","name":"Tuzla Info","image":{"@type":"ImageObject","inLanguage":"bs-BA","@id":"https:\/\/tuzlainfo.ba\/#\/schema\/person\/image\/","url":"https:\/\/tuzlainfo.ba\/wp-content\/litespeed\/avatar\/b6c453a6c38e3654f2e4416c643fc25c.jpg?ver=1777051911","contentUrl":"https:\/\/tuzlainfo.ba\/wp-content\/litespeed\/avatar\/b6c453a6c38e3654f2e4416c643fc25c.jpg?ver=1777051911","caption":"Tuzla Info"}}]}},"_links":{"self":[{"href":"https:\/\/tuzlainfo.ba\/index.php\/wp-json\/wp\/v2\/posts\/206698"}],"collection":[{"href":"https:\/\/tuzlainfo.ba\/index.php\/wp-json\/wp\/v2\/posts"}],"about":[{"href":"https:\/\/tuzlainfo.ba\/index.php\/wp-json\/wp\/v2\/types\/post"}],"author":[{"embeddable":true,"href":"https:\/\/tuzlainfo.ba\/index.php\/wp-json\/wp\/v2\/users\/4"}],"replies":[{"embeddable":true,"href":"https:\/\/tuzlainfo.ba\/index.php\/wp-json\/wp\/v2\/comments?post=206698"}],"version-history":[{"count":0,"href":"https:\/\/tuzlainfo.ba\/index.php\/wp-json\/wp\/v2\/posts\/206698\/revisions"}],"wp:featuredmedia":[{"embeddable":true,"href":"https:\/\/tuzlainfo.ba\/index.php\/wp-json\/wp\/v2\/media\/206701"}],"wp:attachment":[{"href":"https:\/\/tuzlainfo.ba\/index.php\/wp-json\/wp\/v2\/media?parent=206698"}],"wp:term":[{"taxonomy":"category","embeddable":true,"href":"https:\/\/tuzlainfo.ba\/index.php\/wp-json\/wp\/v2\/categories?post=206698"},{"taxonomy":"post_tag","embeddable":true,"href":"https:\/\/tuzlainfo.ba\/index.php\/wp-json\/wp\/v2\/tags?post=206698"}],"curies":[{"name":"wp","href":"https:\/\/api.w.org\/{rel}","templated":true}]}}