{"id":206500,"date":"2023-06-04T15:03:46","date_gmt":"2023-06-04T13:03:46","guid":{"rendered":"https:\/\/tuzlainfo.ba\/?p=206500"},"modified":"2023-06-04T15:03:46","modified_gmt":"2023-06-04T13:03:46","slug":"video-proucena-ikrar-dova-za-46-buducih-hadzija-iz-miz-tuzla-koju-putu-u-meku","status":"publish","type":"post","link":"https:\/\/tuzlainfo.ba\/index.php\/novosti\/item\/206500-video-proucena-ikrar-dova-za-46-buducih-hadzija-iz-miz-tuzla-koju-putu-u-meku\/","title":{"rendered":"VIDEO \/ Prou\u010dena ikrar dova za 46 budu\u0107ih had\u017eija iz MIZ Tuzla koju putu u Meku"},"content":{"rendered":"<p>U Had\u017eijskoj d\u017eamiji u Novom Naselju u Tuzli danas je uprili\u010dena sve\u010danost tokom koje je prou\u010dena ikrar (had\u017eijska) dova za budu\u0107e had\u017eije sa podru\u010dja Med\u017elisa Islamske zajednice Tuzla koje ove godine putuju na had\u017e.<\/p>\n<p>Rije\u010dima dobrodo\u0161lice obratio se Mumin-ef. Mumi\u0107, imam Had\u017eijske d\u017eamije koja je tradicionalno doma\u0107in zajedni\u010dke ikrar dove had\u017eijama tuzlanskog Med\u017elisa.<\/p>\n<p><iframe title=\"Hor MIZ Tuzla Gazi Turali-beg - Daj da vidim Bejtullah\" width=\"1170\" height=\"658\" src=\"https:\/\/www.youtube.com\/embed\/MBoxhVIFa1Q?feature=oembed\" frameborder=\"0\" allow=\"accelerometer; autoplay; clipboard-write; encrypted-media; gyroscope; picture-in-picture; web-share\" allowfullscreen><\/iframe><\/p>\n<p>&nbsp;<\/p>\n<p>Pored budu\u0107ih had\u017eija, \u010dlanova njihovih porodica i drugih d\u017eematlija, sve\u010danosti je prisustvovao glavni imam Med\u017elisa Islamske zajednice Tuzla hafiz Ahmed-ef. Huskanovi\u0107, tuzlanski imami, imami u penziji i gosti.<\/p>\n<p>Ahmed-ef. Huskanovi\u0107, glavni imam Med\u017elisa Islamske zajednice Tuzla, rekao je da se ove godine iz Tuzle ispra\u0107a 46 had\u017eija koji putuju na hodo\u010da\u0161\u0107e u Meku kako bi obavili had\u017e, petu islamsku du\u017enost. Dodaje da je to posebna radost za vjernike.<\/p>\n<div id=\"penci-post-gallery__67055\" class=\"penci-post-gallery-container masonry grid column-3\" data-height=\"150\" data-margin=\"3\"><div class=\"inner-gallery-masonry-container\"><div class=\"item-gallery-masonry grid\"><a class=\"\" href=\"https:\/\/tuzlainfo.ba\/wp-content\/uploads\/2023\/06\/0406_ikrar_hadzijska-1.jpg\"><div class=\"inner-item-masonry-gallery\"><img decoding=\"async\" src=\"https:\/\/tuzlainfo.ba\/wp-content\/uploads\/2023\/06\/0406_ikrar_hadzijska-1-585x390.jpg\" alt=\"\" title=\"0406_ikrar_hadzijska (1)\"><\/div><\/a><\/div><div class=\"item-gallery-masonry grid\"><a class=\"\" href=\"https:\/\/tuzlainfo.ba\/wp-content\/uploads\/2023\/06\/0406_ikrar_hadzijska-14.jpg\"><div class=\"inner-item-masonry-gallery\"><img decoding=\"async\" src=\"https:\/\/tuzlainfo.ba\/wp-content\/uploads\/2023\/06\/0406_ikrar_hadzijska-14-585x390.jpg\" alt=\"\" title=\"0406_ikrar_hadzijska (14)\"><\/div><\/a><\/div><div class=\"item-gallery-masonry grid\"><a class=\"\" href=\"https:\/\/tuzlainfo.ba\/wp-content\/uploads\/2023\/06\/0406_ikrar_hadzijska-13.jpg\"><div class=\"inner-item-masonry-gallery\"><img decoding=\"async\" src=\"https:\/\/tuzlainfo.ba\/wp-content\/uploads\/2023\/06\/0406_ikrar_hadzijska-13-585x390.jpg\" alt=\"\" title=\"0406_ikrar_hadzijska (13)\"><\/div><\/a><\/div><div class=\"item-gallery-masonry grid\"><a class=\"\" href=\"https:\/\/tuzlainfo.ba\/wp-content\/uploads\/2023\/06\/0406_ikrar_hadzijska-12.jpg\"><div class=\"inner-item-masonry-gallery\"><img decoding=\"async\" src=\"https:\/\/tuzlainfo.ba\/wp-content\/uploads\/2023\/06\/0406_ikrar_hadzijska-12-585x390.jpg\" alt=\"\" title=\"0406_ikrar_hadzijska (12)\"><\/div><\/a><\/div><div class=\"item-gallery-masonry grid\"><a class=\"\" href=\"https:\/\/tuzlainfo.ba\/wp-content\/uploads\/2023\/06\/0406_ikrar_hadzijska-10.jpg\"><div class=\"inner-item-masonry-gallery\"><img decoding=\"async\" src=\"https:\/\/tuzlainfo.ba\/wp-content\/uploads\/2023\/06\/0406_ikrar_hadzijska-10-585x390.jpg\" alt=\"\" title=\"0406_ikrar_hadzijska (10)\"><\/div><\/a><\/div><div class=\"item-gallery-masonry grid\"><a class=\"\" href=\"https:\/\/tuzlainfo.ba\/wp-content\/uploads\/2023\/06\/0406_ikrar_hadzijska-8.jpg\"><div class=\"inner-item-masonry-gallery\"><img decoding=\"async\" src=\"https:\/\/tuzlainfo.ba\/wp-content\/uploads\/2023\/06\/0406_ikrar_hadzijska-8-585x390.jpg\" alt=\"\" title=\"0406_ikrar_hadzijska (8)\"><\/div><\/a><\/div><div class=\"item-gallery-masonry grid\"><a class=\"\" href=\"https:\/\/tuzlainfo.ba\/wp-content\/uploads\/2023\/06\/0406_ikrar_hadzijska-7.jpg\"><div class=\"inner-item-masonry-gallery\"><img decoding=\"async\" src=\"https:\/\/tuzlainfo.ba\/wp-content\/uploads\/2023\/06\/0406_ikrar_hadzijska-7-585x390.jpg\" alt=\"\" title=\"0406_ikrar_hadzijska (7)\"><\/div><\/a><\/div><div class=\"item-gallery-masonry grid\"><a class=\"\" href=\"https:\/\/tuzlainfo.ba\/wp-content\/uploads\/2023\/06\/0406_ikrar_hadzijska-6.jpg\"><div class=\"inner-item-masonry-gallery\"><img decoding=\"async\" src=\"https:\/\/tuzlainfo.ba\/wp-content\/uploads\/2023\/06\/0406_ikrar_hadzijska-6-585x390.jpg\" alt=\"\" title=\"0406_ikrar_hadzijska (6)\"><\/div><\/a><\/div><div class=\"item-gallery-masonry grid\"><a class=\"\" href=\"https:\/\/tuzlainfo.ba\/wp-content\/uploads\/2023\/06\/0406_ikrar_hadzijska-5.jpg\"><div class=\"inner-item-masonry-gallery\"><img decoding=\"async\" src=\"https:\/\/tuzlainfo.ba\/wp-content\/uploads\/2023\/06\/0406_ikrar_hadzijska-5-585x390.jpg\" alt=\"\" title=\"0406_ikrar_hadzijska (5)\"><\/div><\/a><\/div><div class=\"item-gallery-masonry grid\"><a class=\"\" href=\"https:\/\/tuzlainfo.ba\/wp-content\/uploads\/2023\/06\/0406_ikrar_hadzijska-4.jpg\"><div class=\"inner-item-masonry-gallery\"><img decoding=\"async\" src=\"https:\/\/tuzlainfo.ba\/wp-content\/uploads\/2023\/06\/0406_ikrar_hadzijska-4-585x390.jpg\" alt=\"\" title=\"0406_ikrar_hadzijska (4)\"><\/div><\/a><\/div><div class=\"item-gallery-masonry grid\"><a class=\"\" href=\"https:\/\/tuzlainfo.ba\/wp-content\/uploads\/2023\/06\/0406_ikrar_hadzijska-3.jpg\"><div class=\"inner-item-masonry-gallery\"><img decoding=\"async\" src=\"https:\/\/tuzlainfo.ba\/wp-content\/uploads\/2023\/06\/0406_ikrar_hadzijska-3-585x390.jpg\" alt=\"\" title=\"0406_ikrar_hadzijska (3)\"><\/div><\/a><\/div><div class=\"item-gallery-masonry grid\"><a class=\"\" href=\"https:\/\/tuzlainfo.ba\/wp-content\/uploads\/2023\/06\/0406_ikrar_hadzijska-2.jpg\"><div class=\"inner-item-masonry-gallery\"><img decoding=\"async\" src=\"https:\/\/tuzlainfo.ba\/wp-content\/uploads\/2023\/06\/0406_ikrar_hadzijska-2-585x390.jpg\" alt=\"\" title=\"0406_ikrar_hadzijska (2)\"><\/div><\/a><\/div><\/div><\/div>\n<p>&nbsp;<\/p>\n<p>&#8211; Sretni smo zbog toga i uputit \u0107emo dove za sretan put i povratak na\u0161ih had\u017eija i had\u017ei-hanuma, a i oni \u0107e uputiti dove s najljep\u0161eg svetog mjesta, rekao je Huskanovi\u0107.<\/p>\n<p>Radost odlaska na ovaj sveti put, s nama su podijelile i budu\u0107e had\u017eije:<\/p>\n<p><iframe title=\"Tuzla: Vjernici o odlasku na had\u017e\" width=\"1170\" height=\"658\" src=\"https:\/\/www.youtube.com\/embed\/L1NnTTI7vMg?feature=oembed\" frameborder=\"0\" allow=\"accelerometer; autoplay; clipboard-write; encrypted-media; gyroscope; picture-in-picture; web-share\" allowfullscreen><\/iframe><\/p>\n<p>Had\u017eijska d\u017eamija bila je prepuna budu\u0107ih had\u017eija i \u010dlanova njihovih porodica koji su sa svojim najmilijima \u017eeljeli podijeliti sre\u0107u i radost u zajedni\u010dkoj ikrar dovi.<strong>\/S.P.\/<\/strong><\/p>\n","protected":false},"excerpt":{"rendered":"<p>U Had\u017eijskoj d\u017eamiji u Novom Naselju u Tuzli danas je uprili\u010dena sve\u010danost tokom koje je&hellip;<\/p>\n","protected":false},"author":2,"featured_media":206513,"comment_status":"open","ping_status":"closed","sticky":false,"template":"","format":"standard","meta":{"_acf_changed":false,"footnotes":""},"categories":[304,12],"tags":[7108,4974,42],"acf":[],"yoast_head":"<!-- This site is optimized with the Yoast SEO plugin v23.5 - https:\/\/yoast.com\/wordpress\/plugins\/seo\/ -->\n<title>VIDEO \/ Prou\u010dena ikrar dova za 46 budu\u0107ih had\u017eija iz MIZ Tuzla koju putu u Meku - TuzlaInfo.ba<\/title>\n<meta name=\"robots\" content=\"index, follow, max-snippet:-1, max-image-preview:large, max-video-preview:-1\" \/>\n<link rel=\"canonical\" href=\"https:\/\/tuzlainfo.ba\/index.php\/novosti\/item\/206500-video-proucena-ikrar-dova-za-46-buducih-hadzija-iz-miz-tuzla-koju-putu-u-meku\/\" \/>\n<meta property=\"og:locale\" content=\"bs_BA\" \/>\n<meta property=\"og:type\" content=\"article\" \/>\n<meta property=\"og:title\" content=\"VIDEO \/ Prou\u010dena ikrar dova za 46 budu\u0107ih had\u017eija iz MIZ Tuzla koju putu u Meku - TuzlaInfo.ba\" \/>\n<meta property=\"og:description\" content=\"U Had\u017eijskoj d\u017eamiji u Novom Naselju u Tuzli danas je uprili\u010dena sve\u010danost tokom koje je&hellip;\" \/>\n<meta property=\"og:url\" content=\"https:\/\/tuzlainfo.ba\/index.php\/novosti\/item\/206500-video-proucena-ikrar-dova-za-46-buducih-hadzija-iz-miz-tuzla-koju-putu-u-meku\/\" \/>\n<meta property=\"og:site_name\" content=\"TuzlaInfo.ba\" \/>\n<meta property=\"article:publisher\" content=\"https:\/\/www.facebook.com\/tuzlainfo.ba\/\" \/>\n<meta property=\"article:published_time\" content=\"2023-06-04T13:03:46+00:00\" \/>\n<meta property=\"og:image\" content=\"https:\/\/tuzlainfo.ba\/wp-content\/uploads\/2023\/06\/0406_hadzijskafova2023.jpg\" \/>\n\t<meta property=\"og:image:width\" content=\"1000\" \/>\n\t<meta property=\"og:image:height\" content=\"619\" \/>\n\t<meta property=\"og:image:type\" content=\"image\/jpeg\" \/>\n<meta name=\"author\" content=\"nedim\" \/>\n<meta name=\"twitter:card\" content=\"summary_large_image\" \/>\n<meta name=\"twitter:label1\" content=\"Written by\" \/>\n\t<meta name=\"twitter:data1\" content=\"nedim\" \/>\n\t<meta name=\"twitter:label2\" content=\"Est. reading time\" \/>\n\t<meta name=\"twitter:data2\" content=\"1 minuta\" \/>\n<script type=\"application\/ld+json\" class=\"yoast-schema-graph\">{\"@context\":\"https:\/\/schema.org\",\"@graph\":[{\"@type\":\"Article\",\"@id\":\"https:\/\/tuzlainfo.ba\/index.php\/novosti\/item\/206500-video-proucena-ikrar-dova-za-46-buducih-hadzija-iz-miz-tuzla-koju-putu-u-meku\/#article\",\"isPartOf\":{\"@id\":\"https:\/\/tuzlainfo.ba\/index.php\/novosti\/item\/206500-video-proucena-ikrar-dova-za-46-buducih-hadzija-iz-miz-tuzla-koju-putu-u-meku\/\"},\"author\":{\"name\":\"nedim\",\"@id\":\"https:\/\/tuzlainfo.ba\/#\/schema\/person\/f434e20dc27ea133923aab08451b7f7f\"},\"headline\":\"VIDEO \/ Prou\u010dena ikrar dova za 46 budu\u0107ih had\u017eija iz MIZ Tuzla koju putu u Meku\",\"datePublished\":\"2023-06-04T13:03:46+00:00\",\"dateModified\":\"2023-06-04T13:03:46+00:00\",\"mainEntityOfPage\":{\"@id\":\"https:\/\/tuzlainfo.ba\/index.php\/novosti\/item\/206500-video-proucena-ikrar-dova-za-46-buducih-hadzija-iz-miz-tuzla-koju-putu-u-meku\/\"},\"wordCount\":267,\"commentCount\":0,\"publisher\":{\"@id\":\"https:\/\/tuzlainfo.ba\/#organization\"},\"image\":{\"@id\":\"https:\/\/tuzlainfo.ba\/index.php\/novosti\/item\/206500-video-proucena-ikrar-dova-za-46-buducih-hadzija-iz-miz-tuzla-koju-putu-u-meku\/#primaryimage\"},\"thumbnailUrl\":\"https:\/\/tuzlainfo.ba\/wp-content\/uploads\/2023\/06\/0406_hadzijskafova2023.jpg\",\"keywords\":[\"had\u017eijska d\u017eamija\",\"ikrar dova\",\"tuzla\"],\"articleSection\":[\"Istaknuto\",\"Novosti\"],\"inLanguage\":\"bs-BA\"},{\"@type\":\"WebPage\",\"@id\":\"https:\/\/tuzlainfo.ba\/index.php\/novosti\/item\/206500-video-proucena-ikrar-dova-za-46-buducih-hadzija-iz-miz-tuzla-koju-putu-u-meku\/\",\"url\":\"https:\/\/tuzlainfo.ba\/index.php\/novosti\/item\/206500-video-proucena-ikrar-dova-za-46-buducih-hadzija-iz-miz-tuzla-koju-putu-u-meku\/\",\"name\":\"VIDEO \/ Prou\u010dena ikrar dova za 46 budu\u0107ih had\u017eija iz MIZ Tuzla koju putu u Meku - TuzlaInfo.ba\",\"isPartOf\":{\"@id\":\"https:\/\/tuzlainfo.ba\/#website\"},\"primaryImageOfPage\":{\"@id\":\"https:\/\/tuzlainfo.ba\/index.php\/novosti\/item\/206500-video-proucena-ikrar-dova-za-46-buducih-hadzija-iz-miz-tuzla-koju-putu-u-meku\/#primaryimage\"},\"image\":{\"@id\":\"https:\/\/tuzlainfo.ba\/index.php\/novosti\/item\/206500-video-proucena-ikrar-dova-za-46-buducih-hadzija-iz-miz-tuzla-koju-putu-u-meku\/#primaryimage\"},\"thumbnailUrl\":\"https:\/\/tuzlainfo.ba\/wp-content\/uploads\/2023\/06\/0406_hadzijskafova2023.jpg\",\"datePublished\":\"2023-06-04T13:03:46+00:00\",\"dateModified\":\"2023-06-04T13:03:46+00:00\",\"breadcrumb\":{\"@id\":\"https:\/\/tuzlainfo.ba\/index.php\/novosti\/item\/206500-video-proucena-ikrar-dova-za-46-buducih-hadzija-iz-miz-tuzla-koju-putu-u-meku\/#breadcrumb\"},\"inLanguage\":\"bs-BA\",\"potentialAction\":[{\"@type\":\"ReadAction\",\"target\":[\"https:\/\/tuzlainfo.ba\/index.php\/novosti\/item\/206500-video-proucena-ikrar-dova-za-46-buducih-hadzija-iz-miz-tuzla-koju-putu-u-meku\/\"]}]},{\"@type\":\"ImageObject\",\"inLanguage\":\"bs-BA\",\"@id\":\"https:\/\/tuzlainfo.ba\/index.php\/novosti\/item\/206500-video-proucena-ikrar-dova-za-46-buducih-hadzija-iz-miz-tuzla-koju-putu-u-meku\/#primaryimage\",\"url\":\"https:\/\/tuzlainfo.ba\/wp-content\/uploads\/2023\/06\/0406_hadzijskafova2023.jpg\",\"contentUrl\":\"https:\/\/tuzlainfo.ba\/wp-content\/uploads\/2023\/06\/0406_hadzijskafova2023.jpg\",\"width\":1000,\"height\":619},{\"@type\":\"BreadcrumbList\",\"@id\":\"https:\/\/tuzlainfo.ba\/index.php\/novosti\/item\/206500-video-proucena-ikrar-dova-za-46-buducih-hadzija-iz-miz-tuzla-koju-putu-u-meku\/#breadcrumb\",\"itemListElement\":[{\"@type\":\"ListItem\",\"position\":1,\"name\":\"Home\",\"item\":\"https:\/\/tuzlainfo.ba\/\"},{\"@type\":\"ListItem\",\"position\":2,\"name\":\"VIDEO \/ Prou\u010dena ikrar dova za 46 budu\u0107ih had\u017eija iz MIZ Tuzla koju putu u Meku\"}]},{\"@type\":\"WebSite\",\"@id\":\"https:\/\/tuzlainfo.ba\/#website\",\"url\":\"https:\/\/tuzlainfo.ba\/\",\"name\":\"TuzlaInfo.ba\",\"description\":\"Tuzla info, gradski informator - Tuzla na dlanu\",\"publisher\":{\"@id\":\"https:\/\/tuzlainfo.ba\/#organization\"},\"potentialAction\":[{\"@type\":\"SearchAction\",\"target\":{\"@type\":\"EntryPoint\",\"urlTemplate\":\"https:\/\/tuzlainfo.ba\/?s={search_term_string}\"},\"query-input\":{\"@type\":\"PropertyValueSpecification\",\"valueRequired\":true,\"valueName\":\"search_term_string\"}}],\"inLanguage\":\"bs-BA\"},{\"@type\":\"Organization\",\"@id\":\"https:\/\/tuzlainfo.ba\/#organization\",\"name\":\"TuzlaInfo.ba\",\"url\":\"https:\/\/tuzlainfo.ba\/\",\"logo\":{\"@type\":\"ImageObject\",\"inLanguage\":\"bs-BA\",\"@id\":\"https:\/\/tuzlainfo.ba\/#\/schema\/logo\/image\/\",\"url\":\"https:\/\/tuzlainfo.ba\/wp-content\/uploads\/2021\/03\/logo-ver-3-1.png\",\"contentUrl\":\"https:\/\/tuzlainfo.ba\/wp-content\/uploads\/2021\/03\/logo-ver-3-1.png\",\"width\":350,\"height\":95,\"caption\":\"TuzlaInfo.ba\"},\"image\":{\"@id\":\"https:\/\/tuzlainfo.ba\/#\/schema\/logo\/image\/\"},\"sameAs\":[\"https:\/\/www.facebook.com\/tuzlainfo.ba\/\"]},{\"@type\":\"Person\",\"@id\":\"https:\/\/tuzlainfo.ba\/#\/schema\/person\/f434e20dc27ea133923aab08451b7f7f\",\"name\":\"nedim\",\"image\":{\"@type\":\"ImageObject\",\"inLanguage\":\"bs-BA\",\"@id\":\"https:\/\/tuzlainfo.ba\/#\/schema\/person\/image\/\",\"url\":\"https:\/\/tuzlainfo.ba\/wp-content\/litespeed\/avatar\/aabad687af24844af817603ac1cbdc4f.jpg?ver=1777306975\",\"contentUrl\":\"https:\/\/tuzlainfo.ba\/wp-content\/litespeed\/avatar\/aabad687af24844af817603ac1cbdc4f.jpg?ver=1777306975\",\"caption\":\"nedim\"},\"description\":\"Tuzlainfo.ba pratite na dru\u0161tvenim mre\u017eama: Facebook, Instagram i Youtube. Svoje pri\u010de, upite i fotografije \u0161aljite na na\u0161u e-mail adresu.\"}]}<\/script>\n<!-- \/ Yoast SEO plugin. -->","yoast_head_json":{"title":"VIDEO \/ Prou\u010dena ikrar dova za 46 budu\u0107ih had\u017eija iz MIZ Tuzla koju putu u Meku - TuzlaInfo.ba","robots":{"index":"index","follow":"follow","max-snippet":"max-snippet:-1","max-image-preview":"max-image-preview:large","max-video-preview":"max-video-preview:-1"},"canonical":"https:\/\/tuzlainfo.ba\/index.php\/novosti\/item\/206500-video-proucena-ikrar-dova-za-46-buducih-hadzija-iz-miz-tuzla-koju-putu-u-meku\/","og_locale":"bs_BA","og_type":"article","og_title":"VIDEO \/ Prou\u010dena ikrar dova za 46 budu\u0107ih had\u017eija iz MIZ Tuzla koju putu u Meku - TuzlaInfo.ba","og_description":"U Had\u017eijskoj d\u017eamiji u Novom Naselju u Tuzli danas je uprili\u010dena sve\u010danost tokom koje je&hellip;","og_url":"https:\/\/tuzlainfo.ba\/index.php\/novosti\/item\/206500-video-proucena-ikrar-dova-za-46-buducih-hadzija-iz-miz-tuzla-koju-putu-u-meku\/","og_site_name":"TuzlaInfo.ba","article_publisher":"https:\/\/www.facebook.com\/tuzlainfo.ba\/","article_published_time":"2023-06-04T13:03:46+00:00","og_image":[{"width":1000,"height":619,"url":"https:\/\/tuzlainfo.ba\/wp-content\/uploads\/2023\/06\/0406_hadzijskafova2023.jpg","type":"image\/jpeg"}],"author":"nedim","twitter_card":"summary_large_image","twitter_misc":{"Written by":"nedim","Est. reading time":"1 minuta"},"schema":{"@context":"https:\/\/schema.org","@graph":[{"@type":"Article","@id":"https:\/\/tuzlainfo.ba\/index.php\/novosti\/item\/206500-video-proucena-ikrar-dova-za-46-buducih-hadzija-iz-miz-tuzla-koju-putu-u-meku\/#article","isPartOf":{"@id":"https:\/\/tuzlainfo.ba\/index.php\/novosti\/item\/206500-video-proucena-ikrar-dova-za-46-buducih-hadzija-iz-miz-tuzla-koju-putu-u-meku\/"},"author":{"name":"nedim","@id":"https:\/\/tuzlainfo.ba\/#\/schema\/person\/f434e20dc27ea133923aab08451b7f7f"},"headline":"VIDEO \/ Prou\u010dena ikrar dova za 46 budu\u0107ih had\u017eija iz MIZ Tuzla koju putu u Meku","datePublished":"2023-06-04T13:03:46+00:00","dateModified":"2023-06-04T13:03:46+00:00","mainEntityOfPage":{"@id":"https:\/\/tuzlainfo.ba\/index.php\/novosti\/item\/206500-video-proucena-ikrar-dova-za-46-buducih-hadzija-iz-miz-tuzla-koju-putu-u-meku\/"},"wordCount":267,"commentCount":0,"publisher":{"@id":"https:\/\/tuzlainfo.ba\/#organization"},"image":{"@id":"https:\/\/tuzlainfo.ba\/index.php\/novosti\/item\/206500-video-proucena-ikrar-dova-za-46-buducih-hadzija-iz-miz-tuzla-koju-putu-u-meku\/#primaryimage"},"thumbnailUrl":"https:\/\/tuzlainfo.ba\/wp-content\/uploads\/2023\/06\/0406_hadzijskafova2023.jpg","keywords":["had\u017eijska d\u017eamija","ikrar dova","tuzla"],"articleSection":["Istaknuto","Novosti"],"inLanguage":"bs-BA"},{"@type":"WebPage","@id":"https:\/\/tuzlainfo.ba\/index.php\/novosti\/item\/206500-video-proucena-ikrar-dova-za-46-buducih-hadzija-iz-miz-tuzla-koju-putu-u-meku\/","url":"https:\/\/tuzlainfo.ba\/index.php\/novosti\/item\/206500-video-proucena-ikrar-dova-za-46-buducih-hadzija-iz-miz-tuzla-koju-putu-u-meku\/","name":"VIDEO \/ Prou\u010dena ikrar dova za 46 budu\u0107ih had\u017eija iz MIZ Tuzla koju putu u Meku - TuzlaInfo.ba","isPartOf":{"@id":"https:\/\/tuzlainfo.ba\/#website"},"primaryImageOfPage":{"@id":"https:\/\/tuzlainfo.ba\/index.php\/novosti\/item\/206500-video-proucena-ikrar-dova-za-46-buducih-hadzija-iz-miz-tuzla-koju-putu-u-meku\/#primaryimage"},"image":{"@id":"https:\/\/tuzlainfo.ba\/index.php\/novosti\/item\/206500-video-proucena-ikrar-dova-za-46-buducih-hadzija-iz-miz-tuzla-koju-putu-u-meku\/#primaryimage"},"thumbnailUrl":"https:\/\/tuzlainfo.ba\/wp-content\/uploads\/2023\/06\/0406_hadzijskafova2023.jpg","datePublished":"2023-06-04T13:03:46+00:00","dateModified":"2023-06-04T13:03:46+00:00","breadcrumb":{"@id":"https:\/\/tuzlainfo.ba\/index.php\/novosti\/item\/206500-video-proucena-ikrar-dova-za-46-buducih-hadzija-iz-miz-tuzla-koju-putu-u-meku\/#breadcrumb"},"inLanguage":"bs-BA","potentialAction":[{"@type":"ReadAction","target":["https:\/\/tuzlainfo.ba\/index.php\/novosti\/item\/206500-video-proucena-ikrar-dova-za-46-buducih-hadzija-iz-miz-tuzla-koju-putu-u-meku\/"]}]},{"@type":"ImageObject","inLanguage":"bs-BA","@id":"https:\/\/tuzlainfo.ba\/index.php\/novosti\/item\/206500-video-proucena-ikrar-dova-za-46-buducih-hadzija-iz-miz-tuzla-koju-putu-u-meku\/#primaryimage","url":"https:\/\/tuzlainfo.ba\/wp-content\/uploads\/2023\/06\/0406_hadzijskafova2023.jpg","contentUrl":"https:\/\/tuzlainfo.ba\/wp-content\/uploads\/2023\/06\/0406_hadzijskafova2023.jpg","width":1000,"height":619},{"@type":"BreadcrumbList","@id":"https:\/\/tuzlainfo.ba\/index.php\/novosti\/item\/206500-video-proucena-ikrar-dova-za-46-buducih-hadzija-iz-miz-tuzla-koju-putu-u-meku\/#breadcrumb","itemListElement":[{"@type":"ListItem","position":1,"name":"Home","item":"https:\/\/tuzlainfo.ba\/"},{"@type":"ListItem","position":2,"name":"VIDEO \/ Prou\u010dena ikrar dova za 46 budu\u0107ih had\u017eija iz MIZ Tuzla koju putu u Meku"}]},{"@type":"WebSite","@id":"https:\/\/tuzlainfo.ba\/#website","url":"https:\/\/tuzlainfo.ba\/","name":"TuzlaInfo.ba","description":"Tuzla info, gradski informator - Tuzla na dlanu","publisher":{"@id":"https:\/\/tuzlainfo.ba\/#organization"},"potentialAction":[{"@type":"SearchAction","target":{"@type":"EntryPoint","urlTemplate":"https:\/\/tuzlainfo.ba\/?s={search_term_string}"},"query-input":{"@type":"PropertyValueSpecification","valueRequired":true,"valueName":"search_term_string"}}],"inLanguage":"bs-BA"},{"@type":"Organization","@id":"https:\/\/tuzlainfo.ba\/#organization","name":"TuzlaInfo.ba","url":"https:\/\/tuzlainfo.ba\/","logo":{"@type":"ImageObject","inLanguage":"bs-BA","@id":"https:\/\/tuzlainfo.ba\/#\/schema\/logo\/image\/","url":"https:\/\/tuzlainfo.ba\/wp-content\/uploads\/2021\/03\/logo-ver-3-1.png","contentUrl":"https:\/\/tuzlainfo.ba\/wp-content\/uploads\/2021\/03\/logo-ver-3-1.png","width":350,"height":95,"caption":"TuzlaInfo.ba"},"image":{"@id":"https:\/\/tuzlainfo.ba\/#\/schema\/logo\/image\/"},"sameAs":["https:\/\/www.facebook.com\/tuzlainfo.ba\/"]},{"@type":"Person","@id":"https:\/\/tuzlainfo.ba\/#\/schema\/person\/f434e20dc27ea133923aab08451b7f7f","name":"nedim","image":{"@type":"ImageObject","inLanguage":"bs-BA","@id":"https:\/\/tuzlainfo.ba\/#\/schema\/person\/image\/","url":"https:\/\/tuzlainfo.ba\/wp-content\/litespeed\/avatar\/aabad687af24844af817603ac1cbdc4f.jpg?ver=1777306975","contentUrl":"https:\/\/tuzlainfo.ba\/wp-content\/litespeed\/avatar\/aabad687af24844af817603ac1cbdc4f.jpg?ver=1777306975","caption":"nedim"},"description":"Tuzlainfo.ba pratite na dru\u0161tvenim mre\u017eama: Facebook, Instagram i Youtube. Svoje pri\u010de, upite i fotografije \u0161aljite na na\u0161u e-mail adresu."}]}},"_links":{"self":[{"href":"https:\/\/tuzlainfo.ba\/index.php\/wp-json\/wp\/v2\/posts\/206500"}],"collection":[{"href":"https:\/\/tuzlainfo.ba\/index.php\/wp-json\/wp\/v2\/posts"}],"about":[{"href":"https:\/\/tuzlainfo.ba\/index.php\/wp-json\/wp\/v2\/types\/post"}],"author":[{"embeddable":true,"href":"https:\/\/tuzlainfo.ba\/index.php\/wp-json\/wp\/v2\/users\/2"}],"replies":[{"embeddable":true,"href":"https:\/\/tuzlainfo.ba\/index.php\/wp-json\/wp\/v2\/comments?post=206500"}],"version-history":[{"count":0,"href":"https:\/\/tuzlainfo.ba\/index.php\/wp-json\/wp\/v2\/posts\/206500\/revisions"}],"wp:featuredmedia":[{"embeddable":true,"href":"https:\/\/tuzlainfo.ba\/index.php\/wp-json\/wp\/v2\/media\/206513"}],"wp:attachment":[{"href":"https:\/\/tuzlainfo.ba\/index.php\/wp-json\/wp\/v2\/media?parent=206500"}],"wp:term":[{"taxonomy":"category","embeddable":true,"href":"https:\/\/tuzlainfo.ba\/index.php\/wp-json\/wp\/v2\/categories?post=206500"},{"taxonomy":"post_tag","embeddable":true,"href":"https:\/\/tuzlainfo.ba\/index.php\/wp-json\/wp\/v2\/tags?post=206500"}],"curies":[{"name":"wp","href":"https:\/\/api.w.org\/{rel}","templated":true}]}}