{"id":206064,"date":"2023-05-31T07:54:07","date_gmt":"2023-05-31T05:54:07","guid":{"rendered":"https:\/\/tuzlainfo.ba\/?p=206064"},"modified":"2023-05-31T07:54:07","modified_gmt":"2023-05-31T05:54:07","slug":"azmir-husic-dobio-podrsku-fukara-zele-ga-za-novog-predsjednika-fk-sloboda","status":"publish","type":"post","link":"https:\/\/tuzlainfo.ba\/index.php\/novosti\/item\/206064-azmir-husic-dobio-podrsku-fukara-zele-ga-za-novog-predsjednika-fk-sloboda\/","title":{"rendered":"Azmir Husi\u0107 dobio podr\u0161ku &#8220;Fukara&#8221;, \u017eele ga za novog predsjednika FK Sloboda"},"content":{"rendered":"<p>Biv\u0161i predsjednik FK Tuzla City, Azmir Husi\u0107, odr\u017eao sino\u0107 sastanak sa navija\u010dima FK Sloboda Tuzla, \u201cFukare 1987\u201d, nakon \u010dega je dogovoreno da ovaj privatno poduzetnik i zastupnik u Parlamentu FBiH ima podr\u0161ku navija\u010da vezano za preuzimanje rukovodstva nad klubom.<\/p>\n<p>\u201cNavija\u010dka skupina FUKARE TUZLA ovim putem se oglasila saop\u0161tenje za javnost koje je objavila na svojoj Facebook stranici, a koje prenosimo u nastavku:<\/p>\n<p>Povodom medijskih naslova u kojima se spominje biv\u0161i predsjednik UO Azmir Husi\u0107 i mogu\u0107a fuzija za FK Tuzla City, danas u 18:00 je odr\u017ean sastanak izme\u0111u predstavnika navija\u010dke skupine i gospodina Azmira Husi\u0107a.<\/p>\n<p>Nakon trosatnog razgovora nam je obja\u0161njena cjelokupna situacija koja je dovela do ponovnog povezivanja biv\u0161eg predsjednika sa FK Sloboda. Medijski spinovi koji su unijeli turbulencije kako me\u0111u simpatizere tako i me\u0111u \u010dlanove na\u0161e grupe, nisu u potpunosti ta\u010dni sa realnom situacijom i prijedlogom gospodina Husi\u0107a.<br \/>\nGospodin Husi\u0107 je spreman, kao privatnik i pojedinac, a ne kao predstavnik FK Tuzla City, ponovno u\u0107i u UO FK Sloboda Tuzla, te kao njen predsjednik ekspresno vratiti klub tamo gdje i pripada. Gospodin Husi\u0107 je predstavnicima na\u0161e skupine objasnio i na\u010din rada trenutne Uprave, te ukazao na gre\u0161ke koje su oni pravili. Raznorazni spinovi trenutnog rukovodstva UO FK Sloboda Tuzla doveli su do negativne atmosfere u i oko Stadiona Tu\u0161anj koja nas je u kona\u010dnici i odvela u drugu ligu.<\/p>\n<p>Mi\u0161ljenja smo da je trenutno rukovodstvo dobilo najvi\u0161e vremena da poka\u017ee \u0161ta \u201czna\u201d i \u201cumije\u201d, te da su svi dosada\u0161nji sastanci i obe\u0107anja bili pusti. Zahtjevamo od trenutnog UPRAVNOG ODBORA FK SLOBODA TUZLA kolektivne ostavke na \u010delu sa predsjednikom gospodinom \u0160e\u0107erbegovi\u0107em. Trenutna struktura kluba je izgubila svu podr\u0161ku nas kao grupe, te \u017eelimo naglasiti da njihove spinove NE \u017dELIMO vi\u0161e slu\u0161ati i tolerisati.<\/p>\n<p>Ovim saop\u0161tenjem navija\u010dka skupina FUKARE TUZLA izra\u017eava punu podr\u0161ku gospodinu Azmiru Husi\u0107u, te ovim putem pozivamo Gradsko vije\u0107e, Gradsku upravu, kao i gospodina gradona\u010delnika Lugavi\u0107a da u \u0161to skorijem periodu sazovu sjednicu gradskog vije\u0107a i da na dnevnom redu uvrste ta\u010dku \u201cUO FK Sloboda Tuzla\u201d. Ovim putem pozivamo sve vije\u0107nike da spase FK Sloboda Tuzla od daljeg ponora, te podr\u017ee kandidaturu gospodina Husi\u0107a kao novog predsjednika Upravnog odbora.<\/p>\n<p>Pozivamo i sve navija\u010de, simpatizere, one koji istinski vole FK Sloboda da podr\u017ee ovu odluku, te jo\u0161 jednom nagla\u0161avamo :<br \/>\n\u201d Nema govora o fuziji sa mla\u0111im tuzlanskim premijerliga\u0161em, nastavljamo na\u0161u tradiciju dugu preko 100 godina. \u201c<\/p>\n<p>FUKARE TUZLA 1987\u2033 \u2013\u00a0navodi se u saop\u0161tenju koje potpisuju \u201cFukare 1987\u201d Tuzla.<\/p>\n","protected":false},"excerpt":{"rendered":"<p>Biv\u0161i predsjednik FK Tuzla City, Azmir Husi\u0107, odr\u017eao sino\u0107 sastanak sa navija\u010dima FK Sloboda Tuzla,&hellip;<\/p>\n","protected":false},"author":2,"featured_media":206065,"comment_status":"open","ping_status":"closed","sticky":false,"template":"","format":"standard","meta":{"_acf_changed":false,"footnotes":""},"categories":[304,12],"tags":[4807,466,2741,915],"acf":[],"yoast_head":"<!-- This site is optimized with the Yoast SEO plugin v23.5 - https:\/\/yoast.com\/wordpress\/plugins\/seo\/ -->\n<title>Azmir Husi\u0107 dobio podr\u0161ku &quot;Fukara&quot;, \u017eele ga za novog predsjednika FK Sloboda - TuzlaInfo.ba<\/title>\n<meta name=\"robots\" content=\"index, follow, max-snippet:-1, max-image-preview:large, max-video-preview:-1\" \/>\n<link rel=\"canonical\" href=\"https:\/\/tuzlainfo.ba\/index.php\/novosti\/item\/206064-azmir-husic-dobio-podrsku-fukara-zele-ga-za-novog-predsjednika-fk-sloboda\/\" \/>\n<meta property=\"og:locale\" content=\"bs_BA\" \/>\n<meta property=\"og:type\" content=\"article\" \/>\n<meta property=\"og:title\" content=\"Azmir Husi\u0107 dobio podr\u0161ku &quot;Fukara&quot;, \u017eele ga za novog predsjednika FK Sloboda - TuzlaInfo.ba\" \/>\n<meta property=\"og:description\" content=\"Biv\u0161i predsjednik FK Tuzla City, Azmir Husi\u0107, odr\u017eao sino\u0107 sastanak sa navija\u010dima FK Sloboda Tuzla,&hellip;\" \/>\n<meta property=\"og:url\" content=\"https:\/\/tuzlainfo.ba\/index.php\/novosti\/item\/206064-azmir-husic-dobio-podrsku-fukara-zele-ga-za-novog-predsjednika-fk-sloboda\/\" \/>\n<meta property=\"og:site_name\" content=\"TuzlaInfo.ba\" \/>\n<meta property=\"article:publisher\" content=\"https:\/\/www.facebook.com\/tuzlainfo.ba\/\" \/>\n<meta property=\"article:published_time\" content=\"2023-05-31T05:54:07+00:00\" \/>\n<meta property=\"og:image\" content=\"https:\/\/tuzlainfo.ba\/wp-content\/uploads\/2023\/05\/3105_fukare_navijaci.jpg\" \/>\n\t<meta property=\"og:image:width\" content=\"800\" \/>\n\t<meta property=\"og:image:height\" content=\"450\" \/>\n\t<meta property=\"og:image:type\" content=\"image\/jpeg\" \/>\n<meta name=\"author\" content=\"nedim\" \/>\n<meta name=\"twitter:card\" content=\"summary_large_image\" \/>\n<meta name=\"twitter:label1\" content=\"Written by\" \/>\n\t<meta name=\"twitter:data1\" content=\"nedim\" \/>\n\t<meta name=\"twitter:label2\" content=\"Est. reading time\" \/>\n\t<meta name=\"twitter:data2\" content=\"2 minute\" \/>\n<script type=\"application\/ld+json\" class=\"yoast-schema-graph\">{\"@context\":\"https:\/\/schema.org\",\"@graph\":[{\"@type\":\"Article\",\"@id\":\"https:\/\/tuzlainfo.ba\/index.php\/novosti\/item\/206064-azmir-husic-dobio-podrsku-fukara-zele-ga-za-novog-predsjednika-fk-sloboda\/#article\",\"isPartOf\":{\"@id\":\"https:\/\/tuzlainfo.ba\/index.php\/novosti\/item\/206064-azmir-husic-dobio-podrsku-fukara-zele-ga-za-novog-predsjednika-fk-sloboda\/\"},\"author\":{\"name\":\"nedim\",\"@id\":\"https:\/\/tuzlainfo.ba\/#\/schema\/person\/f434e20dc27ea133923aab08451b7f7f\"},\"headline\":\"Azmir Husi\u0107 dobio podr\u0161ku &#8220;Fukara&#8221;, \u017eele ga za novog predsjednika FK Sloboda\",\"datePublished\":\"2023-05-31T05:54:07+00:00\",\"dateModified\":\"2023-05-31T05:54:07+00:00\",\"mainEntityOfPage\":{\"@id\":\"https:\/\/tuzlainfo.ba\/index.php\/novosti\/item\/206064-azmir-husic-dobio-podrsku-fukara-zele-ga-za-novog-predsjednika-fk-sloboda\/\"},\"wordCount\":462,\"commentCount\":0,\"publisher\":{\"@id\":\"https:\/\/tuzlainfo.ba\/#organization\"},\"image\":{\"@id\":\"https:\/\/tuzlainfo.ba\/index.php\/novosti\/item\/206064-azmir-husic-dobio-podrsku-fukara-zele-ga-za-novog-predsjednika-fk-sloboda\/#primaryimage\"},\"thumbnailUrl\":\"https:\/\/tuzlainfo.ba\/wp-content\/uploads\/2023\/05\/3105_fukare_navijaci.jpg\",\"keywords\":[\"azmir husic\",\"fk sloboda\",\"fukare\",\"sport\"],\"articleSection\":[\"Istaknuto\",\"Novosti\"],\"inLanguage\":\"bs-BA\"},{\"@type\":\"WebPage\",\"@id\":\"https:\/\/tuzlainfo.ba\/index.php\/novosti\/item\/206064-azmir-husic-dobio-podrsku-fukara-zele-ga-za-novog-predsjednika-fk-sloboda\/\",\"url\":\"https:\/\/tuzlainfo.ba\/index.php\/novosti\/item\/206064-azmir-husic-dobio-podrsku-fukara-zele-ga-za-novog-predsjednika-fk-sloboda\/\",\"name\":\"Azmir Husi\u0107 dobio podr\u0161ku \\\"Fukara\\\", \u017eele ga za novog predsjednika FK Sloboda - TuzlaInfo.ba\",\"isPartOf\":{\"@id\":\"https:\/\/tuzlainfo.ba\/#website\"},\"primaryImageOfPage\":{\"@id\":\"https:\/\/tuzlainfo.ba\/index.php\/novosti\/item\/206064-azmir-husic-dobio-podrsku-fukara-zele-ga-za-novog-predsjednika-fk-sloboda\/#primaryimage\"},\"image\":{\"@id\":\"https:\/\/tuzlainfo.ba\/index.php\/novosti\/item\/206064-azmir-husic-dobio-podrsku-fukara-zele-ga-za-novog-predsjednika-fk-sloboda\/#primaryimage\"},\"thumbnailUrl\":\"https:\/\/tuzlainfo.ba\/wp-content\/uploads\/2023\/05\/3105_fukare_navijaci.jpg\",\"datePublished\":\"2023-05-31T05:54:07+00:00\",\"dateModified\":\"2023-05-31T05:54:07+00:00\",\"breadcrumb\":{\"@id\":\"https:\/\/tuzlainfo.ba\/index.php\/novosti\/item\/206064-azmir-husic-dobio-podrsku-fukara-zele-ga-za-novog-predsjednika-fk-sloboda\/#breadcrumb\"},\"inLanguage\":\"bs-BA\",\"potentialAction\":[{\"@type\":\"ReadAction\",\"target\":[\"https:\/\/tuzlainfo.ba\/index.php\/novosti\/item\/206064-azmir-husic-dobio-podrsku-fukara-zele-ga-za-novog-predsjednika-fk-sloboda\/\"]}]},{\"@type\":\"ImageObject\",\"inLanguage\":\"bs-BA\",\"@id\":\"https:\/\/tuzlainfo.ba\/index.php\/novosti\/item\/206064-azmir-husic-dobio-podrsku-fukara-zele-ga-za-novog-predsjednika-fk-sloboda\/#primaryimage\",\"url\":\"https:\/\/tuzlainfo.ba\/wp-content\/uploads\/2023\/05\/3105_fukare_navijaci.jpg\",\"contentUrl\":\"https:\/\/tuzlainfo.ba\/wp-content\/uploads\/2023\/05\/3105_fukare_navijaci.jpg\",\"width\":800,\"height\":450},{\"@type\":\"BreadcrumbList\",\"@id\":\"https:\/\/tuzlainfo.ba\/index.php\/novosti\/item\/206064-azmir-husic-dobio-podrsku-fukara-zele-ga-za-novog-predsjednika-fk-sloboda\/#breadcrumb\",\"itemListElement\":[{\"@type\":\"ListItem\",\"position\":1,\"name\":\"Home\",\"item\":\"https:\/\/tuzlainfo.ba\/\"},{\"@type\":\"ListItem\",\"position\":2,\"name\":\"Azmir Husi\u0107 dobio podr\u0161ku &#8220;Fukara&#8221;, \u017eele ga za novog predsjednika FK Sloboda\"}]},{\"@type\":\"WebSite\",\"@id\":\"https:\/\/tuzlainfo.ba\/#website\",\"url\":\"https:\/\/tuzlainfo.ba\/\",\"name\":\"TuzlaInfo.ba\",\"description\":\"Tuzla info, gradski informator - Tuzla na dlanu\",\"publisher\":{\"@id\":\"https:\/\/tuzlainfo.ba\/#organization\"},\"potentialAction\":[{\"@type\":\"SearchAction\",\"target\":{\"@type\":\"EntryPoint\",\"urlTemplate\":\"https:\/\/tuzlainfo.ba\/?s={search_term_string}\"},\"query-input\":{\"@type\":\"PropertyValueSpecification\",\"valueRequired\":true,\"valueName\":\"search_term_string\"}}],\"inLanguage\":\"bs-BA\"},{\"@type\":\"Organization\",\"@id\":\"https:\/\/tuzlainfo.ba\/#organization\",\"name\":\"TuzlaInfo.ba\",\"url\":\"https:\/\/tuzlainfo.ba\/\",\"logo\":{\"@type\":\"ImageObject\",\"inLanguage\":\"bs-BA\",\"@id\":\"https:\/\/tuzlainfo.ba\/#\/schema\/logo\/image\/\",\"url\":\"https:\/\/tuzlainfo.ba\/wp-content\/uploads\/2021\/03\/logo-ver-3-1.png\",\"contentUrl\":\"https:\/\/tuzlainfo.ba\/wp-content\/uploads\/2021\/03\/logo-ver-3-1.png\",\"width\":350,\"height\":95,\"caption\":\"TuzlaInfo.ba\"},\"image\":{\"@id\":\"https:\/\/tuzlainfo.ba\/#\/schema\/logo\/image\/\"},\"sameAs\":[\"https:\/\/www.facebook.com\/tuzlainfo.ba\/\"]},{\"@type\":\"Person\",\"@id\":\"https:\/\/tuzlainfo.ba\/#\/schema\/person\/f434e20dc27ea133923aab08451b7f7f\",\"name\":\"nedim\",\"image\":{\"@type\":\"ImageObject\",\"inLanguage\":\"bs-BA\",\"@id\":\"https:\/\/tuzlainfo.ba\/#\/schema\/person\/image\/\",\"url\":\"https:\/\/tuzlainfo.ba\/wp-content\/litespeed\/avatar\/aabad687af24844af817603ac1cbdc4f.jpg?ver=1776702173\",\"contentUrl\":\"https:\/\/tuzlainfo.ba\/wp-content\/litespeed\/avatar\/aabad687af24844af817603ac1cbdc4f.jpg?ver=1776702173\",\"caption\":\"nedim\"},\"description\":\"Tuzlainfo.ba pratite na dru\u0161tvenim mre\u017eama: Facebook, Instagram i Youtube. Svoje pri\u010de, upite i fotografije \u0161aljite na na\u0161u e-mail adresu.\"}]}<\/script>\n<!-- \/ Yoast SEO plugin. -->","yoast_head_json":{"title":"Azmir Husi\u0107 dobio podr\u0161ku \"Fukara\", \u017eele ga za novog predsjednika FK Sloboda - TuzlaInfo.ba","robots":{"index":"index","follow":"follow","max-snippet":"max-snippet:-1","max-image-preview":"max-image-preview:large","max-video-preview":"max-video-preview:-1"},"canonical":"https:\/\/tuzlainfo.ba\/index.php\/novosti\/item\/206064-azmir-husic-dobio-podrsku-fukara-zele-ga-za-novog-predsjednika-fk-sloboda\/","og_locale":"bs_BA","og_type":"article","og_title":"Azmir Husi\u0107 dobio podr\u0161ku \"Fukara\", \u017eele ga za novog predsjednika FK Sloboda - TuzlaInfo.ba","og_description":"Biv\u0161i predsjednik FK Tuzla City, Azmir Husi\u0107, odr\u017eao sino\u0107 sastanak sa navija\u010dima FK Sloboda Tuzla,&hellip;","og_url":"https:\/\/tuzlainfo.ba\/index.php\/novosti\/item\/206064-azmir-husic-dobio-podrsku-fukara-zele-ga-za-novog-predsjednika-fk-sloboda\/","og_site_name":"TuzlaInfo.ba","article_publisher":"https:\/\/www.facebook.com\/tuzlainfo.ba\/","article_published_time":"2023-05-31T05:54:07+00:00","og_image":[{"width":800,"height":450,"url":"https:\/\/tuzlainfo.ba\/wp-content\/uploads\/2023\/05\/3105_fukare_navijaci.jpg","type":"image\/jpeg"}],"author":"nedim","twitter_card":"summary_large_image","twitter_misc":{"Written by":"nedim","Est. reading time":"2 minute"},"schema":{"@context":"https:\/\/schema.org","@graph":[{"@type":"Article","@id":"https:\/\/tuzlainfo.ba\/index.php\/novosti\/item\/206064-azmir-husic-dobio-podrsku-fukara-zele-ga-za-novog-predsjednika-fk-sloboda\/#article","isPartOf":{"@id":"https:\/\/tuzlainfo.ba\/index.php\/novosti\/item\/206064-azmir-husic-dobio-podrsku-fukara-zele-ga-za-novog-predsjednika-fk-sloboda\/"},"author":{"name":"nedim","@id":"https:\/\/tuzlainfo.ba\/#\/schema\/person\/f434e20dc27ea133923aab08451b7f7f"},"headline":"Azmir Husi\u0107 dobio podr\u0161ku &#8220;Fukara&#8221;, \u017eele ga za novog predsjednika FK Sloboda","datePublished":"2023-05-31T05:54:07+00:00","dateModified":"2023-05-31T05:54:07+00:00","mainEntityOfPage":{"@id":"https:\/\/tuzlainfo.ba\/index.php\/novosti\/item\/206064-azmir-husic-dobio-podrsku-fukara-zele-ga-za-novog-predsjednika-fk-sloboda\/"},"wordCount":462,"commentCount":0,"publisher":{"@id":"https:\/\/tuzlainfo.ba\/#organization"},"image":{"@id":"https:\/\/tuzlainfo.ba\/index.php\/novosti\/item\/206064-azmir-husic-dobio-podrsku-fukara-zele-ga-za-novog-predsjednika-fk-sloboda\/#primaryimage"},"thumbnailUrl":"https:\/\/tuzlainfo.ba\/wp-content\/uploads\/2023\/05\/3105_fukare_navijaci.jpg","keywords":["azmir husic","fk sloboda","fukare","sport"],"articleSection":["Istaknuto","Novosti"],"inLanguage":"bs-BA"},{"@type":"WebPage","@id":"https:\/\/tuzlainfo.ba\/index.php\/novosti\/item\/206064-azmir-husic-dobio-podrsku-fukara-zele-ga-za-novog-predsjednika-fk-sloboda\/","url":"https:\/\/tuzlainfo.ba\/index.php\/novosti\/item\/206064-azmir-husic-dobio-podrsku-fukara-zele-ga-za-novog-predsjednika-fk-sloboda\/","name":"Azmir Husi\u0107 dobio podr\u0161ku \"Fukara\", \u017eele ga za novog predsjednika FK Sloboda - TuzlaInfo.ba","isPartOf":{"@id":"https:\/\/tuzlainfo.ba\/#website"},"primaryImageOfPage":{"@id":"https:\/\/tuzlainfo.ba\/index.php\/novosti\/item\/206064-azmir-husic-dobio-podrsku-fukara-zele-ga-za-novog-predsjednika-fk-sloboda\/#primaryimage"},"image":{"@id":"https:\/\/tuzlainfo.ba\/index.php\/novosti\/item\/206064-azmir-husic-dobio-podrsku-fukara-zele-ga-za-novog-predsjednika-fk-sloboda\/#primaryimage"},"thumbnailUrl":"https:\/\/tuzlainfo.ba\/wp-content\/uploads\/2023\/05\/3105_fukare_navijaci.jpg","datePublished":"2023-05-31T05:54:07+00:00","dateModified":"2023-05-31T05:54:07+00:00","breadcrumb":{"@id":"https:\/\/tuzlainfo.ba\/index.php\/novosti\/item\/206064-azmir-husic-dobio-podrsku-fukara-zele-ga-za-novog-predsjednika-fk-sloboda\/#breadcrumb"},"inLanguage":"bs-BA","potentialAction":[{"@type":"ReadAction","target":["https:\/\/tuzlainfo.ba\/index.php\/novosti\/item\/206064-azmir-husic-dobio-podrsku-fukara-zele-ga-za-novog-predsjednika-fk-sloboda\/"]}]},{"@type":"ImageObject","inLanguage":"bs-BA","@id":"https:\/\/tuzlainfo.ba\/index.php\/novosti\/item\/206064-azmir-husic-dobio-podrsku-fukara-zele-ga-za-novog-predsjednika-fk-sloboda\/#primaryimage","url":"https:\/\/tuzlainfo.ba\/wp-content\/uploads\/2023\/05\/3105_fukare_navijaci.jpg","contentUrl":"https:\/\/tuzlainfo.ba\/wp-content\/uploads\/2023\/05\/3105_fukare_navijaci.jpg","width":800,"height":450},{"@type":"BreadcrumbList","@id":"https:\/\/tuzlainfo.ba\/index.php\/novosti\/item\/206064-azmir-husic-dobio-podrsku-fukara-zele-ga-za-novog-predsjednika-fk-sloboda\/#breadcrumb","itemListElement":[{"@type":"ListItem","position":1,"name":"Home","item":"https:\/\/tuzlainfo.ba\/"},{"@type":"ListItem","position":2,"name":"Azmir Husi\u0107 dobio podr\u0161ku &#8220;Fukara&#8221;, \u017eele ga za novog predsjednika FK Sloboda"}]},{"@type":"WebSite","@id":"https:\/\/tuzlainfo.ba\/#website","url":"https:\/\/tuzlainfo.ba\/","name":"TuzlaInfo.ba","description":"Tuzla info, gradski informator - Tuzla na dlanu","publisher":{"@id":"https:\/\/tuzlainfo.ba\/#organization"},"potentialAction":[{"@type":"SearchAction","target":{"@type":"EntryPoint","urlTemplate":"https:\/\/tuzlainfo.ba\/?s={search_term_string}"},"query-input":{"@type":"PropertyValueSpecification","valueRequired":true,"valueName":"search_term_string"}}],"inLanguage":"bs-BA"},{"@type":"Organization","@id":"https:\/\/tuzlainfo.ba\/#organization","name":"TuzlaInfo.ba","url":"https:\/\/tuzlainfo.ba\/","logo":{"@type":"ImageObject","inLanguage":"bs-BA","@id":"https:\/\/tuzlainfo.ba\/#\/schema\/logo\/image\/","url":"https:\/\/tuzlainfo.ba\/wp-content\/uploads\/2021\/03\/logo-ver-3-1.png","contentUrl":"https:\/\/tuzlainfo.ba\/wp-content\/uploads\/2021\/03\/logo-ver-3-1.png","width":350,"height":95,"caption":"TuzlaInfo.ba"},"image":{"@id":"https:\/\/tuzlainfo.ba\/#\/schema\/logo\/image\/"},"sameAs":["https:\/\/www.facebook.com\/tuzlainfo.ba\/"]},{"@type":"Person","@id":"https:\/\/tuzlainfo.ba\/#\/schema\/person\/f434e20dc27ea133923aab08451b7f7f","name":"nedim","image":{"@type":"ImageObject","inLanguage":"bs-BA","@id":"https:\/\/tuzlainfo.ba\/#\/schema\/person\/image\/","url":"https:\/\/tuzlainfo.ba\/wp-content\/litespeed\/avatar\/aabad687af24844af817603ac1cbdc4f.jpg?ver=1776702173","contentUrl":"https:\/\/tuzlainfo.ba\/wp-content\/litespeed\/avatar\/aabad687af24844af817603ac1cbdc4f.jpg?ver=1776702173","caption":"nedim"},"description":"Tuzlainfo.ba pratite na dru\u0161tvenim mre\u017eama: Facebook, Instagram i Youtube. Svoje pri\u010de, upite i fotografije \u0161aljite na na\u0161u e-mail adresu."}]}},"_links":{"self":[{"href":"https:\/\/tuzlainfo.ba\/index.php\/wp-json\/wp\/v2\/posts\/206064"}],"collection":[{"href":"https:\/\/tuzlainfo.ba\/index.php\/wp-json\/wp\/v2\/posts"}],"about":[{"href":"https:\/\/tuzlainfo.ba\/index.php\/wp-json\/wp\/v2\/types\/post"}],"author":[{"embeddable":true,"href":"https:\/\/tuzlainfo.ba\/index.php\/wp-json\/wp\/v2\/users\/2"}],"replies":[{"embeddable":true,"href":"https:\/\/tuzlainfo.ba\/index.php\/wp-json\/wp\/v2\/comments?post=206064"}],"version-history":[{"count":0,"href":"https:\/\/tuzlainfo.ba\/index.php\/wp-json\/wp\/v2\/posts\/206064\/revisions"}],"wp:featuredmedia":[{"embeddable":true,"href":"https:\/\/tuzlainfo.ba\/index.php\/wp-json\/wp\/v2\/media\/206065"}],"wp:attachment":[{"href":"https:\/\/tuzlainfo.ba\/index.php\/wp-json\/wp\/v2\/media?parent=206064"}],"wp:term":[{"taxonomy":"category","embeddable":true,"href":"https:\/\/tuzlainfo.ba\/index.php\/wp-json\/wp\/v2\/categories?post=206064"},{"taxonomy":"post_tag","embeddable":true,"href":"https:\/\/tuzlainfo.ba\/index.php\/wp-json\/wp\/v2\/tags?post=206064"}],"curies":[{"name":"wp","href":"https:\/\/api.w.org\/{rel}","templated":true}]}}