{"id":205959,"date":"2023-05-30T17:15:05","date_gmt":"2023-05-30T15:15:05","guid":{"rendered":"https:\/\/tuzlainfo.ba\/?p=205959"},"modified":"2023-05-30T16:46:10","modified_gmt":"2023-05-30T14:46:10","slug":"objavljen-javni-poziv-za-sufinansiranje-mjera-smanjenja-aerozagadjenja-u-tk","status":"publish","type":"post","link":"https:\/\/tuzlainfo.ba\/index.php\/novosti\/item\/205959-objavljen-javni-poziv-za-sufinansiranje-mjera-smanjenja-aerozagadjenja-u-tk\/","title":{"rendered":"Objavljen Javni poziv za sufinansiranje mjera smanjenja aerozaga\u0111enja u TK"},"content":{"rendered":"<p>Na osnovu \u010dlana 6. ta\u010dka 3. Odluke o utvr\u0111ivanju uvjeta, kriterija i postupaka za raspodjelu namjenskih sredstava od ekolo\u0161kih naknada Ministarstva prostornog ure\u0111enja i za\u0161tite okolice Tuzlanskog kantona, broj: 12\/1-19-008330\/22 od 05.04.2022. godine, a u vezi sa ta\u010dkom III. Programa raspodjele namjenskih sredstava od ekolo\u0161kih naknada Ministarstva prostornog ure\u0111enja i za\u0161tite okolice za 2023. godinu, broj: 12\/1-19-005109\/23 od 08.03.2023. godine, Ministarstvo objavljuje:<\/p>\n<p><strong>JAVNI POZIV<\/strong><br \/>\n<strong>za sufinansiranje mjera smanjenja zaga\u0111enosti zraka na podru\u010dju Tuzlanskog kantona za 2023. godinu<\/strong><\/p>\n<p>I. PREDMET JAVNOG POZIVA<br \/>\nPredmet javnog poziva je dodjela namjenskih sredstava od ekolo\u0161kih naknada Ministarstva prostornog ure\u0111enja i za\u0161tite okolice (u daljem tekstu Ministarstvo) za 2023. godinu, fizi\u010dkim osobama, za sufinansiranje mjera smanjenja zaga\u0111enosti zraka. Pravo u\u010de\u0161\u0107a na javni poziv imaju fizi\u010dke osobe koje imaju prebivali\u0161te na podru\u010dju Tuzlanskog kantona i koje u svom vlasni\u0161tvu ili posjedu imaju individualni stambeni ili individualni stambeno \u2013 poslovni objekat na podru\u010dju Tuzlanskog kantona i da se ovi objekti koriste za stanovanje.<br \/>\nPredmet javnog poziva nisu zgrade koje imaju upravitelja prema Zakonu o kori\u0161tenju, upravljanju i odr\u017eavanju zajedni\u010dkih dijelova i ure\u0111aja zgrade (\u201eSlu\u017ebene novine Tuzlanskog kantona\u201d, broj: 14\/15).<\/p>\n<p>II. IZNOS SREDSTAVA ZA SUFINANSIRANJE<br \/>\nMinistarstvo \u0107e u 2023. godini sufinansirati sljede\u0107e mjere energijske efikasnosti i to:<br \/>\n&#8211; solarni fotonaponski sistemi, isklju\u010divo namijenjeni za upotrebu elektri\u010dne energije za vlastite potrebe, 50% od nabavke i ugradnje, ne vi\u0161e od 5.000,00 KM,<br \/>\n&#8211; ugradnja toplotne pumpe, 50% od nabavke i ugradnje, ne vi\u0161e od 5.000,00 KM,<br \/>\n&#8211; termoizolacija zidova, 50 % od nabavke i ugradnje, ne vi\u0161e od 5.000,00 KM i<br \/>\n&#8211; zamjena vanjskih vrata i prozora, 50 % od nabavke i ugradnje, ne vi\u0161e od 5.000,00 KM.<\/p>\n<p>III. POTREBNA DOKUMENTACIJA<br \/>\nPodnosioci prijave du\u017eni su dostaviti slijede\u0107e dokumente kojima dokazuju ispunjavanje uslova za dodjelu sredstava za sufinansiranje mjera smanjenja zaga\u0111enosti zraka:<br \/>\na) dokaz o prijavljenom prebivali\u0161tu na adresi objekta koji je predmet prijave na javni poziv \u2013 obrazac izdat od strane CIPS-a, original ne stariji od 3 mjeseca ra\u010dunaju\u0107i od objave javnog poziva,<br \/>\nb) ku\u0107na lista kojom se utvr\u0111uje broj \u010dlanova doma\u0107instva, original od nadle\u017enog op\u0107inskog\/gradskog organa, ne starija od tri mjeseca,<br \/>\nc) original zemlji\u0161noknji\u017enog izvatka ili posjedovnog lista, ne stariji od jednog mjeseca ra\u010dunaju\u0107i od objave javnog poziva izdat od strane Op\u0107inskog suda ili nadle\u017ene op\u0107inske\/gradske slu\u017ebe, iz kojeg je vidljivo da je objekat koji je predmet javnog poziva uplanjen,<br \/>\nd) fotografije vanjskog izgleda objekta sa prikazom svih vidnih fasadnih ploha u koloru koji je predmet javnog poziva iz kojih je vidljivo da je objekat strukturno ispravan, to jest nema strukturalna o\u0161te\u0107enja koja mogu ugroziti integralnu stabilnost objekta nakon implementacije mjera pove\u0107anja energijske efikasnosti (fotografije objekta izraditi u minimalno 4 primjerka sa kojih \u0107e biti vidljive sve strane objekta i spratnost objekta, orijentacija: sjever, jug, istok i zapad, na fotografijama mora biti vidljiv datum koji ne smije biti stariji od tri mjeseca od objave javnog poziva) \u2013 za sve mjere,<br \/>\ne) izjavu podnosioca prijave, ovjerenu kod nadle\u017enog organa, da je saglasan da \u0107e Komisiji formiranoj od strane Ministarstva osigurati pristup objektu u cilju utvr\u0111ivanja realizacije odobrene mjere energijske efikasnosti i da po izvr\u0161enoj ugradnji odobrene mjere energijske efikasnosti iste ne\u0107e otu\u0111iti,<br \/>\nf) izjavu suvlasnika\/suposjednika, ovjerenu kod nadle\u017enog organa. kojom se daje saglasnost za implementaciju mjere u objektu koji je predmet prijave na javni poziv (ova izjava se dostavlja ukoliko je objekat, odnosno parcela u suvlasni\u0161tvu), ovjerenu kod nadle\u017enog organa i<br \/>\ng) prijavni obrazac ispunjen i potpisan.<\/p>\n<p>Obrasci izjava i prijavnog obrasca iz podta\u010dki e), f) i g) su u prilogu ovog javnog poziva i podnosioci prijava iste mogu preuzeti na web stranici (https:\/\/skupstina.tk.gov.ba).<\/p>\n<p>Podnosilac prijave je du\u017ean dokaze o ispunjavanju uvjeta za dodjelu sredstava dostaviti u originalu (ta\u010dke a, b i c) i ovjerenim izjavama od nadle\u017enog organa (ta\u010dke e i f), uz obaveznu naznaku ku\u0107ne adrese i broja telefona podnosioca prijave.<br \/>\nIV. DODJELA SREDSTAVA<br \/>\nPrijedlog raspodjele sredstava daje komisija imenovana od strane ministra, cijene\u0107i pri tome ukupan broj bodova utvr\u0111enih na osnovu slijede\u0107ih kriterija:<br \/>\n&#8211; trenutno kori\u0161teno gorivo za zagrijavanje objekta (do 50 bodova),<br \/>\n&#8211; kori\u0161tenje stambenog prostora (broj korisnika po m2 stambenog prostora) (do 20 bodova) i<br \/>\n&#8211; mjera energijske efikasnosti (do 30 bodova).<\/p>\n<p>Dodjela sredstava za sufinansiranje mjere smanjenja zaga\u0111enosti zraka vr\u0161i se u iznosu do 50% od vrijednosti nabavke i ugradnje mjere, a u skladu sa maksimalnim iznosom koji \u0107e biti naveden u javnom pozivu.<br \/>\nLista prijava na javni poziv, koje ispunjavaju uslove javnog poziva objavljuje se na web stranici Vlade Tuzlanskog kantona. Na listu podnosilac prijave mo\u017ee podnijeti prigovor ministru Ministarstva prostornog uredenja i za\u0161tite okolice, u roku od 8 (osam) dana, ra\u010dunaju\u0107i od dana objave liste. Nakon objave kona\u010dne liste zaklju\u010dit \u0107e se ugovor o sufinansiranju izmedu Ministarstva i podnosica prijave koji se nalazi na kona\u010dnoj listi, a koji \u0107e sadr\u017eavati prava, obaveze i odgovornosti ugovornih strana. Prilikom zaklju\u010divanja ugovora podnosilac prijave je obavezan donijeti i potvrdu\/uvjerenje od banke o otvorenom \u017eiro \u2013 ra\u010dunu na koji se mogu prebaciti sredstva nakon realizacije mjere energijske efikasnosti.<\/p>\n<p>Nakon zaklju\u010denja ugovora podnosilac prijave \u0107e krenuti u realizaciju mjere energijske efikasnosti, te Ministarstvu dostaviti:<br \/>\n1. ra\u010dun za nabavku i ugradnju (fiskalni \u2013 original ili duplikat fiskalnog ra\u010duna),<br \/>\n2. ra\u010dun \u2013 otpremnica,<br \/>\n3. dokaz o izvr\u0161enom pla\u0107anju ra\u010duna za nabavku i ugradnju od strane podnosioca prijave (izvod iz banke),<br \/>\n4. zapisnik o implementaciji mjere energijske efikasnosti.<br \/>\nRa\u010dun ne mo\u017ee biti izdat prije zaklju\u010denja ugovora izme\u0111u Ministarstva i podnosioca prijave.<\/p>\n<p>Dodjela sredstava \u0107e se izvr\u0161iti nakon \u0161to podnosilac prijave u potpunosti implementira mjeru energijske efikasnosti i dostavi navedene dokaze i zapisnik.<br \/>\nPodnosioci prijava koji ostvare pravo na sufinansiranje mjere \u201esolarni fotonaponski sistemi, isklju\u010divo namijenjeni za upotrebu elektri\u010dne energije za vlastite potrebe\u201c, nakon implementacije i uz dostavljanje gore navedene dokumentacije, du\u017eni su Ministarstvu dostaviti i sve neophodne saglasnosti i odobrenja nadle\u017enog Operatera distributivnog sistema\/elektrodistribucije, ukoliko su iste potrebne.<br \/>\nPodnosioci prijava sa kojima se zaklju\u010di ugovor du\u017eni su realizirati mjeru energijske efikasnosti u roku od dva mjeseca od dana zaklju\u010denja ugovora. Podnosioci prijava koji ne ispune uslove iz ugovora bi\u0107e du\u017eni vratiti dodijeljena sredstva.<\/p>\n<p>V. ROK I NA\u010cIN PODNO\u0160ENJA PRIJAVA NA JAVNI POZIV<br \/>\nJavni poziv ostaje otvoren 15 dana, a objavit \u0107e se na oglasnoj tabli Ministarstva, dnevnim novinama \u201eVe\u010dernji list BH\u201c Mostar, web stranici Skup\u0161tine Tuzlanskog kantona (https:\/\/skupstina.tk.gov.ba). Neblagovremene prijave i prijave koje nisu dostavljene u skladu sa ta\u010dkom III. javnog poziva ne\u0107e se uzeti u razmatranje. Prijave na javni poziv sa propisanom dokumentacijom dostavljaju se u zatvorenoj koverti putem protokola Vlade Tuzlanskog kantona ili preporu\u010deno po\u0161tom na adresu: Ministarstvo prostornog ure\u0111enja i za\u0161tite okolice Tuzlanskog kantona, Rudarska 65, 75000 Tuzla, Bosna i Hercegovina, sa naznakom: \u201ePrijava na Javni poziv za sufinansiranje mjera smanjenja zaga\u0111enosti zraka na podru\u010dju Tuzlanskog kantona za 2023. godinu \u2013 NE OTVARATI\u201c. Sve dodatne informacije o na\u010dinu i postupku u\u010de\u0161\u0107a u javnom pozivu mogu se dobiti u Ministarstvu prostornog ure\u0111enja i za\u0161tite okolice TK, putem telefona +387 35 369 \u2013 428 u vremenskom periodu od 12.00-14.00 sati.<\/p>\n<p>NAPOMENA:<br \/>\nPodnosilac prijave mo\u017ee na javni poziv prijaviti jednu mjeru energijske efikasnosti. Ukoliko se objekat za koji se aplicira na javni poziv nalazi u suvlasni\u0161tvu samo jedan od suvlasnika mo\u017ee se prijaviti na javni poziv.<br \/>\nPodnosioci prijava koji su implementirali neku od mjera energijske efikasnosti prije objave Javnog konkursa ne\u0107e se uzeti na razmatranje.<\/p>\n<p><strong>Korisnici kojima su dodijeljena sredstva za sufinansiranje nekih od mjera energijske efikasnosti od Ministarstva prostornog ure\u0111enja i za\u0161tite okolice TK u posljednje tri godine po predmetnim javnim pozivima, nemaju pravo prijave na Javni poziv za sufinansiranje mjera smanjenja zaga\u0111enosti zraka na podru\u010dju Tuzlanskog kantona za 2023. godinu.<\/strong><\/p>\n","protected":false},"excerpt":{"rendered":"<p>Na osnovu \u010dlana 6. ta\u010dka 3. Odluke o utvr\u0111ivanju uvjeta, kriterija i postupaka za raspodjelu&hellip;<\/p>\n","protected":false},"author":4,"featured_media":198631,"comment_status":"open","ping_status":"closed","sticky":false,"template":"","format":"standard","meta":{"_acf_changed":false,"footnotes":""},"categories":[12],"tags":[1066,360,336],"acf":[],"yoast_head":"<!-- This site is optimized with the Yoast SEO plugin v23.5 - https:\/\/yoast.com\/wordpress\/plugins\/seo\/ -->\n<title>Objavljen Javni poziv za sufinansiranje mjera smanjenja aerozaga\u0111enja u TK - TuzlaInfo.ba<\/title>\n<meta name=\"robots\" content=\"index, follow, max-snippet:-1, max-image-preview:large, max-video-preview:-1\" \/>\n<link rel=\"canonical\" href=\"https:\/\/tuzlainfo.ba\/index.php\/novosti\/item\/205959-objavljen-javni-poziv-za-sufinansiranje-mjera-smanjenja-aerozagadjenja-u-tk\/\" \/>\n<meta property=\"og:locale\" content=\"bs_BA\" \/>\n<meta property=\"og:type\" content=\"article\" \/>\n<meta property=\"og:title\" content=\"Objavljen Javni poziv za sufinansiranje mjera smanjenja aerozaga\u0111enja u TK - TuzlaInfo.ba\" \/>\n<meta property=\"og:description\" content=\"Na osnovu \u010dlana 6. ta\u010dka 3. Odluke o utvr\u0111ivanju uvjeta, kriterija i postupaka za raspodjelu&hellip;\" \/>\n<meta property=\"og:url\" content=\"https:\/\/tuzlainfo.ba\/index.php\/novosti\/item\/205959-objavljen-javni-poziv-za-sufinansiranje-mjera-smanjenja-aerozagadjenja-u-tk\/\" \/>\n<meta property=\"og:site_name\" content=\"TuzlaInfo.ba\" \/>\n<meta property=\"article:publisher\" content=\"https:\/\/www.facebook.com\/tuzlainfo.ba\/\" \/>\n<meta property=\"article:published_time\" content=\"2023-05-30T15:15:05+00:00\" \/>\n<meta property=\"article:modified_time\" content=\"2023-05-30T14:46:10+00:00\" \/>\n<meta property=\"og:image\" content=\"https:\/\/tuzlainfo.ba\/wp-content\/uploads\/2023\/03\/0203_magla_smog2-e1693302939404.jpg\" \/>\n\t<meta property=\"og:image:width\" content=\"1024\" \/>\n\t<meta property=\"og:image:height\" content=\"769\" \/>\n\t<meta property=\"og:image:type\" content=\"image\/jpeg\" \/>\n<meta name=\"author\" content=\"Tuzla Info\" \/>\n<meta name=\"twitter:card\" content=\"summary_large_image\" \/>\n<meta name=\"twitter:label1\" content=\"Written by\" \/>\n\t<meta name=\"twitter:data1\" content=\"Tuzla Info\" \/>\n\t<meta name=\"twitter:label2\" content=\"Est. reading time\" \/>\n\t<meta name=\"twitter:data2\" content=\"7 minuta\" \/>\n<script type=\"application\/ld+json\" class=\"yoast-schema-graph\">{\"@context\":\"https:\/\/schema.org\",\"@graph\":[{\"@type\":\"Article\",\"@id\":\"https:\/\/tuzlainfo.ba\/index.php\/novosti\/item\/205959-objavljen-javni-poziv-za-sufinansiranje-mjera-smanjenja-aerozagadjenja-u-tk\/#article\",\"isPartOf\":{\"@id\":\"https:\/\/tuzlainfo.ba\/index.php\/novosti\/item\/205959-objavljen-javni-poziv-za-sufinansiranje-mjera-smanjenja-aerozagadjenja-u-tk\/\"},\"author\":{\"name\":\"Tuzla Info\",\"@id\":\"https:\/\/tuzlainfo.ba\/#\/schema\/person\/46cad4c57790cbc50781edd14870825a\"},\"headline\":\"Objavljen Javni poziv za sufinansiranje mjera smanjenja aerozaga\u0111enja u TK\",\"datePublished\":\"2023-05-30T15:15:05+00:00\",\"dateModified\":\"2023-05-30T14:46:10+00:00\",\"mainEntityOfPage\":{\"@id\":\"https:\/\/tuzlainfo.ba\/index.php\/novosti\/item\/205959-objavljen-javni-poziv-za-sufinansiranje-mjera-smanjenja-aerozagadjenja-u-tk\/\"},\"wordCount\":1344,\"commentCount\":0,\"publisher\":{\"@id\":\"https:\/\/tuzlainfo.ba\/#organization\"},\"image\":{\"@id\":\"https:\/\/tuzlainfo.ba\/index.php\/novosti\/item\/205959-objavljen-javni-poziv-za-sufinansiranje-mjera-smanjenja-aerozagadjenja-u-tk\/#primaryimage\"},\"thumbnailUrl\":\"https:\/\/tuzlainfo.ba\/wp-content\/uploads\/2023\/03\/0203_magla_smog2-e1693302939404.jpg\",\"keywords\":[\"smanjenje aerozaga\u0111enja\",\"tuzlanski kanton\",\"vlada tk\"],\"articleSection\":[\"Novosti\"],\"inLanguage\":\"bs-BA\"},{\"@type\":\"WebPage\",\"@id\":\"https:\/\/tuzlainfo.ba\/index.php\/novosti\/item\/205959-objavljen-javni-poziv-za-sufinansiranje-mjera-smanjenja-aerozagadjenja-u-tk\/\",\"url\":\"https:\/\/tuzlainfo.ba\/index.php\/novosti\/item\/205959-objavljen-javni-poziv-za-sufinansiranje-mjera-smanjenja-aerozagadjenja-u-tk\/\",\"name\":\"Objavljen Javni poziv za sufinansiranje mjera smanjenja aerozaga\u0111enja u TK - TuzlaInfo.ba\",\"isPartOf\":{\"@id\":\"https:\/\/tuzlainfo.ba\/#website\"},\"primaryImageOfPage\":{\"@id\":\"https:\/\/tuzlainfo.ba\/index.php\/novosti\/item\/205959-objavljen-javni-poziv-za-sufinansiranje-mjera-smanjenja-aerozagadjenja-u-tk\/#primaryimage\"},\"image\":{\"@id\":\"https:\/\/tuzlainfo.ba\/index.php\/novosti\/item\/205959-objavljen-javni-poziv-za-sufinansiranje-mjera-smanjenja-aerozagadjenja-u-tk\/#primaryimage\"},\"thumbnailUrl\":\"https:\/\/tuzlainfo.ba\/wp-content\/uploads\/2023\/03\/0203_magla_smog2-e1693302939404.jpg\",\"datePublished\":\"2023-05-30T15:15:05+00:00\",\"dateModified\":\"2023-05-30T14:46:10+00:00\",\"breadcrumb\":{\"@id\":\"https:\/\/tuzlainfo.ba\/index.php\/novosti\/item\/205959-objavljen-javni-poziv-za-sufinansiranje-mjera-smanjenja-aerozagadjenja-u-tk\/#breadcrumb\"},\"inLanguage\":\"bs-BA\",\"potentialAction\":[{\"@type\":\"ReadAction\",\"target\":[\"https:\/\/tuzlainfo.ba\/index.php\/novosti\/item\/205959-objavljen-javni-poziv-za-sufinansiranje-mjera-smanjenja-aerozagadjenja-u-tk\/\"]}]},{\"@type\":\"ImageObject\",\"inLanguage\":\"bs-BA\",\"@id\":\"https:\/\/tuzlainfo.ba\/index.php\/novosti\/item\/205959-objavljen-javni-poziv-za-sufinansiranje-mjera-smanjenja-aerozagadjenja-u-tk\/#primaryimage\",\"url\":\"https:\/\/tuzlainfo.ba\/wp-content\/uploads\/2023\/03\/0203_magla_smog2-e1693302939404.jpg\",\"contentUrl\":\"https:\/\/tuzlainfo.ba\/wp-content\/uploads\/2023\/03\/0203_magla_smog2-e1693302939404.jpg\",\"width\":1024,\"height\":769},{\"@type\":\"BreadcrumbList\",\"@id\":\"https:\/\/tuzlainfo.ba\/index.php\/novosti\/item\/205959-objavljen-javni-poziv-za-sufinansiranje-mjera-smanjenja-aerozagadjenja-u-tk\/#breadcrumb\",\"itemListElement\":[{\"@type\":\"ListItem\",\"position\":1,\"name\":\"Home\",\"item\":\"https:\/\/tuzlainfo.ba\/\"},{\"@type\":\"ListItem\",\"position\":2,\"name\":\"Objavljen Javni poziv za sufinansiranje mjera smanjenja aerozaga\u0111enja u TK\"}]},{\"@type\":\"WebSite\",\"@id\":\"https:\/\/tuzlainfo.ba\/#website\",\"url\":\"https:\/\/tuzlainfo.ba\/\",\"name\":\"TuzlaInfo.ba\",\"description\":\"Tuzla info, gradski informator - Tuzla na dlanu\",\"publisher\":{\"@id\":\"https:\/\/tuzlainfo.ba\/#organization\"},\"potentialAction\":[{\"@type\":\"SearchAction\",\"target\":{\"@type\":\"EntryPoint\",\"urlTemplate\":\"https:\/\/tuzlainfo.ba\/?s={search_term_string}\"},\"query-input\":{\"@type\":\"PropertyValueSpecification\",\"valueRequired\":true,\"valueName\":\"search_term_string\"}}],\"inLanguage\":\"bs-BA\"},{\"@type\":\"Organization\",\"@id\":\"https:\/\/tuzlainfo.ba\/#organization\",\"name\":\"TuzlaInfo.ba\",\"url\":\"https:\/\/tuzlainfo.ba\/\",\"logo\":{\"@type\":\"ImageObject\",\"inLanguage\":\"bs-BA\",\"@id\":\"https:\/\/tuzlainfo.ba\/#\/schema\/logo\/image\/\",\"url\":\"https:\/\/tuzlainfo.ba\/wp-content\/uploads\/2021\/03\/logo-ver-3-1.png\",\"contentUrl\":\"https:\/\/tuzlainfo.ba\/wp-content\/uploads\/2021\/03\/logo-ver-3-1.png\",\"width\":350,\"height\":95,\"caption\":\"TuzlaInfo.ba\"},\"image\":{\"@id\":\"https:\/\/tuzlainfo.ba\/#\/schema\/logo\/image\/\"},\"sameAs\":[\"https:\/\/www.facebook.com\/tuzlainfo.ba\/\"]},{\"@type\":\"Person\",\"@id\":\"https:\/\/tuzlainfo.ba\/#\/schema\/person\/46cad4c57790cbc50781edd14870825a\",\"name\":\"Tuzla Info\",\"image\":{\"@type\":\"ImageObject\",\"inLanguage\":\"bs-BA\",\"@id\":\"https:\/\/tuzlainfo.ba\/#\/schema\/person\/image\/\",\"url\":\"https:\/\/tuzlainfo.ba\/wp-content\/litespeed\/avatar\/b6c453a6c38e3654f2e4416c643fc25c.jpg?ver=1777051911\",\"contentUrl\":\"https:\/\/tuzlainfo.ba\/wp-content\/litespeed\/avatar\/b6c453a6c38e3654f2e4416c643fc25c.jpg?ver=1777051911\",\"caption\":\"Tuzla Info\"}}]}<\/script>\n<!-- \/ Yoast SEO plugin. -->","yoast_head_json":{"title":"Objavljen Javni poziv za sufinansiranje mjera smanjenja aerozaga\u0111enja u TK - TuzlaInfo.ba","robots":{"index":"index","follow":"follow","max-snippet":"max-snippet:-1","max-image-preview":"max-image-preview:large","max-video-preview":"max-video-preview:-1"},"canonical":"https:\/\/tuzlainfo.ba\/index.php\/novosti\/item\/205959-objavljen-javni-poziv-za-sufinansiranje-mjera-smanjenja-aerozagadjenja-u-tk\/","og_locale":"bs_BA","og_type":"article","og_title":"Objavljen Javni poziv za sufinansiranje mjera smanjenja aerozaga\u0111enja u TK - TuzlaInfo.ba","og_description":"Na osnovu \u010dlana 6. ta\u010dka 3. Odluke o utvr\u0111ivanju uvjeta, kriterija i postupaka za raspodjelu&hellip;","og_url":"https:\/\/tuzlainfo.ba\/index.php\/novosti\/item\/205959-objavljen-javni-poziv-za-sufinansiranje-mjera-smanjenja-aerozagadjenja-u-tk\/","og_site_name":"TuzlaInfo.ba","article_publisher":"https:\/\/www.facebook.com\/tuzlainfo.ba\/","article_published_time":"2023-05-30T15:15:05+00:00","article_modified_time":"2023-05-30T14:46:10+00:00","og_image":[{"width":1024,"height":769,"url":"https:\/\/tuzlainfo.ba\/wp-content\/uploads\/2023\/03\/0203_magla_smog2-e1693302939404.jpg","type":"image\/jpeg"}],"author":"Tuzla Info","twitter_card":"summary_large_image","twitter_misc":{"Written by":"Tuzla Info","Est. reading time":"7 minuta"},"schema":{"@context":"https:\/\/schema.org","@graph":[{"@type":"Article","@id":"https:\/\/tuzlainfo.ba\/index.php\/novosti\/item\/205959-objavljen-javni-poziv-za-sufinansiranje-mjera-smanjenja-aerozagadjenja-u-tk\/#article","isPartOf":{"@id":"https:\/\/tuzlainfo.ba\/index.php\/novosti\/item\/205959-objavljen-javni-poziv-za-sufinansiranje-mjera-smanjenja-aerozagadjenja-u-tk\/"},"author":{"name":"Tuzla Info","@id":"https:\/\/tuzlainfo.ba\/#\/schema\/person\/46cad4c57790cbc50781edd14870825a"},"headline":"Objavljen Javni poziv za sufinansiranje mjera smanjenja aerozaga\u0111enja u TK","datePublished":"2023-05-30T15:15:05+00:00","dateModified":"2023-05-30T14:46:10+00:00","mainEntityOfPage":{"@id":"https:\/\/tuzlainfo.ba\/index.php\/novosti\/item\/205959-objavljen-javni-poziv-za-sufinansiranje-mjera-smanjenja-aerozagadjenja-u-tk\/"},"wordCount":1344,"commentCount":0,"publisher":{"@id":"https:\/\/tuzlainfo.ba\/#organization"},"image":{"@id":"https:\/\/tuzlainfo.ba\/index.php\/novosti\/item\/205959-objavljen-javni-poziv-za-sufinansiranje-mjera-smanjenja-aerozagadjenja-u-tk\/#primaryimage"},"thumbnailUrl":"https:\/\/tuzlainfo.ba\/wp-content\/uploads\/2023\/03\/0203_magla_smog2-e1693302939404.jpg","keywords":["smanjenje aerozaga\u0111enja","tuzlanski kanton","vlada tk"],"articleSection":["Novosti"],"inLanguage":"bs-BA"},{"@type":"WebPage","@id":"https:\/\/tuzlainfo.ba\/index.php\/novosti\/item\/205959-objavljen-javni-poziv-za-sufinansiranje-mjera-smanjenja-aerozagadjenja-u-tk\/","url":"https:\/\/tuzlainfo.ba\/index.php\/novosti\/item\/205959-objavljen-javni-poziv-za-sufinansiranje-mjera-smanjenja-aerozagadjenja-u-tk\/","name":"Objavljen Javni poziv za sufinansiranje mjera smanjenja aerozaga\u0111enja u TK - TuzlaInfo.ba","isPartOf":{"@id":"https:\/\/tuzlainfo.ba\/#website"},"primaryImageOfPage":{"@id":"https:\/\/tuzlainfo.ba\/index.php\/novosti\/item\/205959-objavljen-javni-poziv-za-sufinansiranje-mjera-smanjenja-aerozagadjenja-u-tk\/#primaryimage"},"image":{"@id":"https:\/\/tuzlainfo.ba\/index.php\/novosti\/item\/205959-objavljen-javni-poziv-za-sufinansiranje-mjera-smanjenja-aerozagadjenja-u-tk\/#primaryimage"},"thumbnailUrl":"https:\/\/tuzlainfo.ba\/wp-content\/uploads\/2023\/03\/0203_magla_smog2-e1693302939404.jpg","datePublished":"2023-05-30T15:15:05+00:00","dateModified":"2023-05-30T14:46:10+00:00","breadcrumb":{"@id":"https:\/\/tuzlainfo.ba\/index.php\/novosti\/item\/205959-objavljen-javni-poziv-za-sufinansiranje-mjera-smanjenja-aerozagadjenja-u-tk\/#breadcrumb"},"inLanguage":"bs-BA","potentialAction":[{"@type":"ReadAction","target":["https:\/\/tuzlainfo.ba\/index.php\/novosti\/item\/205959-objavljen-javni-poziv-za-sufinansiranje-mjera-smanjenja-aerozagadjenja-u-tk\/"]}]},{"@type":"ImageObject","inLanguage":"bs-BA","@id":"https:\/\/tuzlainfo.ba\/index.php\/novosti\/item\/205959-objavljen-javni-poziv-za-sufinansiranje-mjera-smanjenja-aerozagadjenja-u-tk\/#primaryimage","url":"https:\/\/tuzlainfo.ba\/wp-content\/uploads\/2023\/03\/0203_magla_smog2-e1693302939404.jpg","contentUrl":"https:\/\/tuzlainfo.ba\/wp-content\/uploads\/2023\/03\/0203_magla_smog2-e1693302939404.jpg","width":1024,"height":769},{"@type":"BreadcrumbList","@id":"https:\/\/tuzlainfo.ba\/index.php\/novosti\/item\/205959-objavljen-javni-poziv-za-sufinansiranje-mjera-smanjenja-aerozagadjenja-u-tk\/#breadcrumb","itemListElement":[{"@type":"ListItem","position":1,"name":"Home","item":"https:\/\/tuzlainfo.ba\/"},{"@type":"ListItem","position":2,"name":"Objavljen Javni poziv za sufinansiranje mjera smanjenja aerozaga\u0111enja u TK"}]},{"@type":"WebSite","@id":"https:\/\/tuzlainfo.ba\/#website","url":"https:\/\/tuzlainfo.ba\/","name":"TuzlaInfo.ba","description":"Tuzla info, gradski informator - Tuzla na dlanu","publisher":{"@id":"https:\/\/tuzlainfo.ba\/#organization"},"potentialAction":[{"@type":"SearchAction","target":{"@type":"EntryPoint","urlTemplate":"https:\/\/tuzlainfo.ba\/?s={search_term_string}"},"query-input":{"@type":"PropertyValueSpecification","valueRequired":true,"valueName":"search_term_string"}}],"inLanguage":"bs-BA"},{"@type":"Organization","@id":"https:\/\/tuzlainfo.ba\/#organization","name":"TuzlaInfo.ba","url":"https:\/\/tuzlainfo.ba\/","logo":{"@type":"ImageObject","inLanguage":"bs-BA","@id":"https:\/\/tuzlainfo.ba\/#\/schema\/logo\/image\/","url":"https:\/\/tuzlainfo.ba\/wp-content\/uploads\/2021\/03\/logo-ver-3-1.png","contentUrl":"https:\/\/tuzlainfo.ba\/wp-content\/uploads\/2021\/03\/logo-ver-3-1.png","width":350,"height":95,"caption":"TuzlaInfo.ba"},"image":{"@id":"https:\/\/tuzlainfo.ba\/#\/schema\/logo\/image\/"},"sameAs":["https:\/\/www.facebook.com\/tuzlainfo.ba\/"]},{"@type":"Person","@id":"https:\/\/tuzlainfo.ba\/#\/schema\/person\/46cad4c57790cbc50781edd14870825a","name":"Tuzla Info","image":{"@type":"ImageObject","inLanguage":"bs-BA","@id":"https:\/\/tuzlainfo.ba\/#\/schema\/person\/image\/","url":"https:\/\/tuzlainfo.ba\/wp-content\/litespeed\/avatar\/b6c453a6c38e3654f2e4416c643fc25c.jpg?ver=1777051911","contentUrl":"https:\/\/tuzlainfo.ba\/wp-content\/litespeed\/avatar\/b6c453a6c38e3654f2e4416c643fc25c.jpg?ver=1777051911","caption":"Tuzla Info"}}]}},"_links":{"self":[{"href":"https:\/\/tuzlainfo.ba\/index.php\/wp-json\/wp\/v2\/posts\/205959"}],"collection":[{"href":"https:\/\/tuzlainfo.ba\/index.php\/wp-json\/wp\/v2\/posts"}],"about":[{"href":"https:\/\/tuzlainfo.ba\/index.php\/wp-json\/wp\/v2\/types\/post"}],"author":[{"embeddable":true,"href":"https:\/\/tuzlainfo.ba\/index.php\/wp-json\/wp\/v2\/users\/4"}],"replies":[{"embeddable":true,"href":"https:\/\/tuzlainfo.ba\/index.php\/wp-json\/wp\/v2\/comments?post=205959"}],"version-history":[{"count":0,"href":"https:\/\/tuzlainfo.ba\/index.php\/wp-json\/wp\/v2\/posts\/205959\/revisions"}],"wp:featuredmedia":[{"embeddable":true,"href":"https:\/\/tuzlainfo.ba\/index.php\/wp-json\/wp\/v2\/media\/198631"}],"wp:attachment":[{"href":"https:\/\/tuzlainfo.ba\/index.php\/wp-json\/wp\/v2\/media?parent=205959"}],"wp:term":[{"taxonomy":"category","embeddable":true,"href":"https:\/\/tuzlainfo.ba\/index.php\/wp-json\/wp\/v2\/categories?post=205959"},{"taxonomy":"post_tag","embeddable":true,"href":"https:\/\/tuzlainfo.ba\/index.php\/wp-json\/wp\/v2\/tags?post=205959"}],"curies":[{"name":"wp","href":"https:\/\/api.w.org\/{rel}","templated":true}]}}