{"id":205893,"date":"2023-05-29T14:03:17","date_gmt":"2023-05-29T12:03:17","guid":{"rendered":"https:\/\/tuzlainfo.ba\/?p=205893"},"modified":"2023-05-29T14:42:24","modified_gmt":"2023-05-29T12:42:24","slug":"azmir-husic-ima-prijedlog-stecaj-fuzija-novo-ime-i-sloboda-ce-igrati-premijer-ligu","status":"publish","type":"post","link":"https:\/\/tuzlainfo.ba\/index.php\/novosti\/item\/205893-azmir-husic-ima-prijedlog-stecaj-fuzija-novo-ime-i-sloboda-ce-igrati-premijer-ligu\/","title":{"rendered":"Azmir Husi\u0107 ima prijedlog: Ste\u010daj, fuzija, novo ime i Sloboda \u0107e igrati Premijer ligu"},"content":{"rendered":"<p>FK Sloboda je nakon 11 godina ponovo naspustila Premijer ligu Bosne i Hercegovine. Od ju\u010der je to tema u gradu soli o kojoj skoro pa svako ima mi\u0161ljenje.<\/p>\n<p>Tra\u017ee se krivci i uzroci, analizira stanje u klubu, komentari\u0161e o\u010dajno saop\u0161tenje predsjednika kluba&#8230;<\/p>\n<p>No, uzavrelu atmosferu dodatno je &#8220;zakuhao&#8221; Azmir Husi\u0107, biv\u0161i predsjednik FK Sloboda i aktuelni prvi \u010dovjek FK Tuzla City, koji je u razgovoru za <a href=\"https:\/\/sportske.ba\/ekskluzivno-azmir-husic-fuzija-i-sloboda-igra-premijer-ligu\/?fbclid=IwAR1E9uTvgJSLL27uLBo3D58YaVAh6Rjzw1MkNGluFNyqESlh3IlQ8uG7LWo\"><strong>portal Sportske.ba<\/strong><\/a> klubu sa Tu\u0161nja ponudio fuziju.<\/p>\n<p>&#8211; Mo\u017eda Sloboda ne\u0107e igrati u Prvoj ligi FBiH. To jeste, mo\u017ee nastaviti se takmi\u010diti u Premijer ligi BiH. Sloboda ima dugove, koji su ogroman teret. Predla\u017eem fuziju, da klub ide u ste\u010daj i da se zove mo\u017eda Sloboda Tuzla. Ja da odlu\u010dujem, to bih uradio. Sloboda bi igrala Premijer ligu i bila na zdravim temeljima. Neki \u0107e re\u0107i, mi \u0107emo gledati Slobodu i da igra u Drugoj ligi kantona, ali oni ne ne mogu pomo\u0107i Slobodi. Ovo je rje\u0161enje za Slobodu rekao je Azmir Husi\u0107.<\/p>\n","protected":false},"excerpt":{"rendered":"<p>FK Sloboda je nakon 11 godina ponovo naspustila Premijer ligu Bosne i Hercegovine. Od ju\u010der&hellip;<\/p>\n","protected":false},"author":2,"featured_media":61242,"comment_status":"open","ping_status":"closed","sticky":false,"template":"","format":"standard","meta":{"_acf_changed":false,"footnotes":""},"categories":[304,12,306],"tags":[4807,466,614,915],"acf":[],"yoast_head":"<!-- This site is optimized with the Yoast SEO plugin v23.5 - https:\/\/yoast.com\/wordpress\/plugins\/seo\/ -->\n<title>Azmir Husi\u0107 ima prijedlog: Ste\u010daj, fuzija, novo ime i Sloboda \u0107e igrati Premijer ligu - TuzlaInfo.ba<\/title>\n<meta name=\"robots\" content=\"index, follow, max-snippet:-1, max-image-preview:large, max-video-preview:-1\" \/>\n<link rel=\"canonical\" href=\"https:\/\/tuzlainfo.ba\/index.php\/novosti\/item\/205893-azmir-husic-ima-prijedlog-stecaj-fuzija-novo-ime-i-sloboda-ce-igrati-premijer-ligu\/\" \/>\n<meta property=\"og:locale\" content=\"bs_BA\" \/>\n<meta property=\"og:type\" content=\"article\" \/>\n<meta property=\"og:title\" content=\"Azmir Husi\u0107 ima prijedlog: Ste\u010daj, fuzija, novo ime i Sloboda \u0107e igrati Premijer ligu - TuzlaInfo.ba\" \/>\n<meta property=\"og:description\" content=\"FK Sloboda je nakon 11 godina ponovo naspustila Premijer ligu Bosne i Hercegovine. Od ju\u010der&hellip;\" \/>\n<meta property=\"og:url\" content=\"https:\/\/tuzlainfo.ba\/index.php\/novosti\/item\/205893-azmir-husic-ima-prijedlog-stecaj-fuzija-novo-ime-i-sloboda-ce-igrati-premijer-ligu\/\" \/>\n<meta property=\"og:site_name\" content=\"TuzlaInfo.ba\" \/>\n<meta property=\"article:publisher\" content=\"https:\/\/www.facebook.com\/tuzlainfo.ba\/\" \/>\n<meta property=\"article:published_time\" content=\"2023-05-29T12:03:17+00:00\" \/>\n<meta property=\"article:modified_time\" content=\"2023-05-29T12:42:24+00:00\" \/>\n<meta property=\"og:image\" content=\"https:\/\/tuzlainfo.ba\/wp-content\/uploads\/2018\/04\/sadrzaj_2018_20180401_0204_azmir.jpg\" \/>\n\t<meta property=\"og:image:width\" content=\"760\" \/>\n\t<meta property=\"og:image:height\" content=\"475\" \/>\n\t<meta property=\"og:image:type\" content=\"image\/jpeg\" \/>\n<meta name=\"author\" content=\"nedim\" \/>\n<meta name=\"twitter:card\" content=\"summary_large_image\" \/>\n<meta name=\"twitter:label1\" content=\"Written by\" \/>\n\t<meta name=\"twitter:data1\" content=\"nedim\" \/>\n\t<meta name=\"twitter:label2\" content=\"Est. reading time\" \/>\n\t<meta name=\"twitter:data2\" content=\"1 minuta\" \/>\n<script type=\"application\/ld+json\" class=\"yoast-schema-graph\">{\"@context\":\"https:\/\/schema.org\",\"@graph\":[{\"@type\":\"Article\",\"@id\":\"https:\/\/tuzlainfo.ba\/index.php\/novosti\/item\/205893-azmir-husic-ima-prijedlog-stecaj-fuzija-novo-ime-i-sloboda-ce-igrati-premijer-ligu\/#article\",\"isPartOf\":{\"@id\":\"https:\/\/tuzlainfo.ba\/index.php\/novosti\/item\/205893-azmir-husic-ima-prijedlog-stecaj-fuzija-novo-ime-i-sloboda-ce-igrati-premijer-ligu\/\"},\"author\":{\"name\":\"nedim\",\"@id\":\"https:\/\/tuzlainfo.ba\/#\/schema\/person\/f434e20dc27ea133923aab08451b7f7f\"},\"headline\":\"Azmir Husi\u0107 ima prijedlog: Ste\u010daj, fuzija, novo ime i Sloboda \u0107e igrati Premijer ligu\",\"datePublished\":\"2023-05-29T12:03:17+00:00\",\"dateModified\":\"2023-05-29T12:42:24+00:00\",\"mainEntityOfPage\":{\"@id\":\"https:\/\/tuzlainfo.ba\/index.php\/novosti\/item\/205893-azmir-husic-ima-prijedlog-stecaj-fuzija-novo-ime-i-sloboda-ce-igrati-premijer-ligu\/\"},\"wordCount\":193,\"commentCount\":0,\"publisher\":{\"@id\":\"https:\/\/tuzlainfo.ba\/#organization\"},\"image\":{\"@id\":\"https:\/\/tuzlainfo.ba\/index.php\/novosti\/item\/205893-azmir-husic-ima-prijedlog-stecaj-fuzija-novo-ime-i-sloboda-ce-igrati-premijer-ligu\/#primaryimage\"},\"thumbnailUrl\":\"https:\/\/tuzlainfo.ba\/wp-content\/uploads\/2018\/04\/sadrzaj_2018_20180401_0204_azmir.jpg\",\"keywords\":[\"azmir husic\",\"fk sloboda\",\"fk tuzla city\",\"sport\"],\"articleSection\":[\"Istaknuto\",\"Novosti\",\"Preporu\u010dujemo\"],\"inLanguage\":\"bs-BA\"},{\"@type\":\"WebPage\",\"@id\":\"https:\/\/tuzlainfo.ba\/index.php\/novosti\/item\/205893-azmir-husic-ima-prijedlog-stecaj-fuzija-novo-ime-i-sloboda-ce-igrati-premijer-ligu\/\",\"url\":\"https:\/\/tuzlainfo.ba\/index.php\/novosti\/item\/205893-azmir-husic-ima-prijedlog-stecaj-fuzija-novo-ime-i-sloboda-ce-igrati-premijer-ligu\/\",\"name\":\"Azmir Husi\u0107 ima prijedlog: Ste\u010daj, fuzija, novo ime i Sloboda \u0107e igrati Premijer ligu - TuzlaInfo.ba\",\"isPartOf\":{\"@id\":\"https:\/\/tuzlainfo.ba\/#website\"},\"primaryImageOfPage\":{\"@id\":\"https:\/\/tuzlainfo.ba\/index.php\/novosti\/item\/205893-azmir-husic-ima-prijedlog-stecaj-fuzija-novo-ime-i-sloboda-ce-igrati-premijer-ligu\/#primaryimage\"},\"image\":{\"@id\":\"https:\/\/tuzlainfo.ba\/index.php\/novosti\/item\/205893-azmir-husic-ima-prijedlog-stecaj-fuzija-novo-ime-i-sloboda-ce-igrati-premijer-ligu\/#primaryimage\"},\"thumbnailUrl\":\"https:\/\/tuzlainfo.ba\/wp-content\/uploads\/2018\/04\/sadrzaj_2018_20180401_0204_azmir.jpg\",\"datePublished\":\"2023-05-29T12:03:17+00:00\",\"dateModified\":\"2023-05-29T12:42:24+00:00\",\"breadcrumb\":{\"@id\":\"https:\/\/tuzlainfo.ba\/index.php\/novosti\/item\/205893-azmir-husic-ima-prijedlog-stecaj-fuzija-novo-ime-i-sloboda-ce-igrati-premijer-ligu\/#breadcrumb\"},\"inLanguage\":\"bs-BA\",\"potentialAction\":[{\"@type\":\"ReadAction\",\"target\":[\"https:\/\/tuzlainfo.ba\/index.php\/novosti\/item\/205893-azmir-husic-ima-prijedlog-stecaj-fuzija-novo-ime-i-sloboda-ce-igrati-premijer-ligu\/\"]}]},{\"@type\":\"ImageObject\",\"inLanguage\":\"bs-BA\",\"@id\":\"https:\/\/tuzlainfo.ba\/index.php\/novosti\/item\/205893-azmir-husic-ima-prijedlog-stecaj-fuzija-novo-ime-i-sloboda-ce-igrati-premijer-ligu\/#primaryimage\",\"url\":\"https:\/\/tuzlainfo.ba\/wp-content\/uploads\/2018\/04\/sadrzaj_2018_20180401_0204_azmir.jpg\",\"contentUrl\":\"https:\/\/tuzlainfo.ba\/wp-content\/uploads\/2018\/04\/sadrzaj_2018_20180401_0204_azmir.jpg\",\"width\":760,\"height\":475,\"caption\":\"0204 azmir\"},{\"@type\":\"BreadcrumbList\",\"@id\":\"https:\/\/tuzlainfo.ba\/index.php\/novosti\/item\/205893-azmir-husic-ima-prijedlog-stecaj-fuzija-novo-ime-i-sloboda-ce-igrati-premijer-ligu\/#breadcrumb\",\"itemListElement\":[{\"@type\":\"ListItem\",\"position\":1,\"name\":\"Home\",\"item\":\"https:\/\/tuzlainfo.ba\/\"},{\"@type\":\"ListItem\",\"position\":2,\"name\":\"Azmir Husi\u0107 ima prijedlog: Ste\u010daj, fuzija, novo ime i Sloboda \u0107e igrati Premijer ligu\"}]},{\"@type\":\"WebSite\",\"@id\":\"https:\/\/tuzlainfo.ba\/#website\",\"url\":\"https:\/\/tuzlainfo.ba\/\",\"name\":\"TuzlaInfo.ba\",\"description\":\"Tuzla info, gradski informator - Tuzla na dlanu\",\"publisher\":{\"@id\":\"https:\/\/tuzlainfo.ba\/#organization\"},\"potentialAction\":[{\"@type\":\"SearchAction\",\"target\":{\"@type\":\"EntryPoint\",\"urlTemplate\":\"https:\/\/tuzlainfo.ba\/?s={search_term_string}\"},\"query-input\":{\"@type\":\"PropertyValueSpecification\",\"valueRequired\":true,\"valueName\":\"search_term_string\"}}],\"inLanguage\":\"bs-BA\"},{\"@type\":\"Organization\",\"@id\":\"https:\/\/tuzlainfo.ba\/#organization\",\"name\":\"TuzlaInfo.ba\",\"url\":\"https:\/\/tuzlainfo.ba\/\",\"logo\":{\"@type\":\"ImageObject\",\"inLanguage\":\"bs-BA\",\"@id\":\"https:\/\/tuzlainfo.ba\/#\/schema\/logo\/image\/\",\"url\":\"https:\/\/tuzlainfo.ba\/wp-content\/uploads\/2021\/03\/logo-ver-3-1.png\",\"contentUrl\":\"https:\/\/tuzlainfo.ba\/wp-content\/uploads\/2021\/03\/logo-ver-3-1.png\",\"width\":350,\"height\":95,\"caption\":\"TuzlaInfo.ba\"},\"image\":{\"@id\":\"https:\/\/tuzlainfo.ba\/#\/schema\/logo\/image\/\"},\"sameAs\":[\"https:\/\/www.facebook.com\/tuzlainfo.ba\/\"]},{\"@type\":\"Person\",\"@id\":\"https:\/\/tuzlainfo.ba\/#\/schema\/person\/f434e20dc27ea133923aab08451b7f7f\",\"name\":\"nedim\",\"image\":{\"@type\":\"ImageObject\",\"inLanguage\":\"bs-BA\",\"@id\":\"https:\/\/tuzlainfo.ba\/#\/schema\/person\/image\/\",\"url\":\"https:\/\/tuzlainfo.ba\/wp-content\/litespeed\/avatar\/aabad687af24844af817603ac1cbdc4f.jpg?ver=1776702173\",\"contentUrl\":\"https:\/\/tuzlainfo.ba\/wp-content\/litespeed\/avatar\/aabad687af24844af817603ac1cbdc4f.jpg?ver=1776702173\",\"caption\":\"nedim\"},\"description\":\"Tuzlainfo.ba pratite na dru\u0161tvenim mre\u017eama: Facebook, Instagram i Youtube. Svoje pri\u010de, upite i fotografije \u0161aljite na na\u0161u e-mail adresu.\"}]}<\/script>\n<!-- \/ Yoast SEO plugin. -->","yoast_head_json":{"title":"Azmir Husi\u0107 ima prijedlog: Ste\u010daj, fuzija, novo ime i Sloboda \u0107e igrati Premijer ligu - TuzlaInfo.ba","robots":{"index":"index","follow":"follow","max-snippet":"max-snippet:-1","max-image-preview":"max-image-preview:large","max-video-preview":"max-video-preview:-1"},"canonical":"https:\/\/tuzlainfo.ba\/index.php\/novosti\/item\/205893-azmir-husic-ima-prijedlog-stecaj-fuzija-novo-ime-i-sloboda-ce-igrati-premijer-ligu\/","og_locale":"bs_BA","og_type":"article","og_title":"Azmir Husi\u0107 ima prijedlog: Ste\u010daj, fuzija, novo ime i Sloboda \u0107e igrati Premijer ligu - TuzlaInfo.ba","og_description":"FK Sloboda je nakon 11 godina ponovo naspustila Premijer ligu Bosne i Hercegovine. Od ju\u010der&hellip;","og_url":"https:\/\/tuzlainfo.ba\/index.php\/novosti\/item\/205893-azmir-husic-ima-prijedlog-stecaj-fuzija-novo-ime-i-sloboda-ce-igrati-premijer-ligu\/","og_site_name":"TuzlaInfo.ba","article_publisher":"https:\/\/www.facebook.com\/tuzlainfo.ba\/","article_published_time":"2023-05-29T12:03:17+00:00","article_modified_time":"2023-05-29T12:42:24+00:00","og_image":[{"width":760,"height":475,"url":"https:\/\/tuzlainfo.ba\/wp-content\/uploads\/2018\/04\/sadrzaj_2018_20180401_0204_azmir.jpg","type":"image\/jpeg"}],"author":"nedim","twitter_card":"summary_large_image","twitter_misc":{"Written by":"nedim","Est. reading time":"1 minuta"},"schema":{"@context":"https:\/\/schema.org","@graph":[{"@type":"Article","@id":"https:\/\/tuzlainfo.ba\/index.php\/novosti\/item\/205893-azmir-husic-ima-prijedlog-stecaj-fuzija-novo-ime-i-sloboda-ce-igrati-premijer-ligu\/#article","isPartOf":{"@id":"https:\/\/tuzlainfo.ba\/index.php\/novosti\/item\/205893-azmir-husic-ima-prijedlog-stecaj-fuzija-novo-ime-i-sloboda-ce-igrati-premijer-ligu\/"},"author":{"name":"nedim","@id":"https:\/\/tuzlainfo.ba\/#\/schema\/person\/f434e20dc27ea133923aab08451b7f7f"},"headline":"Azmir Husi\u0107 ima prijedlog: Ste\u010daj, fuzija, novo ime i Sloboda \u0107e igrati Premijer ligu","datePublished":"2023-05-29T12:03:17+00:00","dateModified":"2023-05-29T12:42:24+00:00","mainEntityOfPage":{"@id":"https:\/\/tuzlainfo.ba\/index.php\/novosti\/item\/205893-azmir-husic-ima-prijedlog-stecaj-fuzija-novo-ime-i-sloboda-ce-igrati-premijer-ligu\/"},"wordCount":193,"commentCount":0,"publisher":{"@id":"https:\/\/tuzlainfo.ba\/#organization"},"image":{"@id":"https:\/\/tuzlainfo.ba\/index.php\/novosti\/item\/205893-azmir-husic-ima-prijedlog-stecaj-fuzija-novo-ime-i-sloboda-ce-igrati-premijer-ligu\/#primaryimage"},"thumbnailUrl":"https:\/\/tuzlainfo.ba\/wp-content\/uploads\/2018\/04\/sadrzaj_2018_20180401_0204_azmir.jpg","keywords":["azmir husic","fk sloboda","fk tuzla city","sport"],"articleSection":["Istaknuto","Novosti","Preporu\u010dujemo"],"inLanguage":"bs-BA"},{"@type":"WebPage","@id":"https:\/\/tuzlainfo.ba\/index.php\/novosti\/item\/205893-azmir-husic-ima-prijedlog-stecaj-fuzija-novo-ime-i-sloboda-ce-igrati-premijer-ligu\/","url":"https:\/\/tuzlainfo.ba\/index.php\/novosti\/item\/205893-azmir-husic-ima-prijedlog-stecaj-fuzija-novo-ime-i-sloboda-ce-igrati-premijer-ligu\/","name":"Azmir Husi\u0107 ima prijedlog: Ste\u010daj, fuzija, novo ime i Sloboda \u0107e igrati Premijer ligu - TuzlaInfo.ba","isPartOf":{"@id":"https:\/\/tuzlainfo.ba\/#website"},"primaryImageOfPage":{"@id":"https:\/\/tuzlainfo.ba\/index.php\/novosti\/item\/205893-azmir-husic-ima-prijedlog-stecaj-fuzija-novo-ime-i-sloboda-ce-igrati-premijer-ligu\/#primaryimage"},"image":{"@id":"https:\/\/tuzlainfo.ba\/index.php\/novosti\/item\/205893-azmir-husic-ima-prijedlog-stecaj-fuzija-novo-ime-i-sloboda-ce-igrati-premijer-ligu\/#primaryimage"},"thumbnailUrl":"https:\/\/tuzlainfo.ba\/wp-content\/uploads\/2018\/04\/sadrzaj_2018_20180401_0204_azmir.jpg","datePublished":"2023-05-29T12:03:17+00:00","dateModified":"2023-05-29T12:42:24+00:00","breadcrumb":{"@id":"https:\/\/tuzlainfo.ba\/index.php\/novosti\/item\/205893-azmir-husic-ima-prijedlog-stecaj-fuzija-novo-ime-i-sloboda-ce-igrati-premijer-ligu\/#breadcrumb"},"inLanguage":"bs-BA","potentialAction":[{"@type":"ReadAction","target":["https:\/\/tuzlainfo.ba\/index.php\/novosti\/item\/205893-azmir-husic-ima-prijedlog-stecaj-fuzija-novo-ime-i-sloboda-ce-igrati-premijer-ligu\/"]}]},{"@type":"ImageObject","inLanguage":"bs-BA","@id":"https:\/\/tuzlainfo.ba\/index.php\/novosti\/item\/205893-azmir-husic-ima-prijedlog-stecaj-fuzija-novo-ime-i-sloboda-ce-igrati-premijer-ligu\/#primaryimage","url":"https:\/\/tuzlainfo.ba\/wp-content\/uploads\/2018\/04\/sadrzaj_2018_20180401_0204_azmir.jpg","contentUrl":"https:\/\/tuzlainfo.ba\/wp-content\/uploads\/2018\/04\/sadrzaj_2018_20180401_0204_azmir.jpg","width":760,"height":475,"caption":"0204 azmir"},{"@type":"BreadcrumbList","@id":"https:\/\/tuzlainfo.ba\/index.php\/novosti\/item\/205893-azmir-husic-ima-prijedlog-stecaj-fuzija-novo-ime-i-sloboda-ce-igrati-premijer-ligu\/#breadcrumb","itemListElement":[{"@type":"ListItem","position":1,"name":"Home","item":"https:\/\/tuzlainfo.ba\/"},{"@type":"ListItem","position":2,"name":"Azmir Husi\u0107 ima prijedlog: Ste\u010daj, fuzija, novo ime i Sloboda \u0107e igrati Premijer ligu"}]},{"@type":"WebSite","@id":"https:\/\/tuzlainfo.ba\/#website","url":"https:\/\/tuzlainfo.ba\/","name":"TuzlaInfo.ba","description":"Tuzla info, gradski informator - Tuzla na dlanu","publisher":{"@id":"https:\/\/tuzlainfo.ba\/#organization"},"potentialAction":[{"@type":"SearchAction","target":{"@type":"EntryPoint","urlTemplate":"https:\/\/tuzlainfo.ba\/?s={search_term_string}"},"query-input":{"@type":"PropertyValueSpecification","valueRequired":true,"valueName":"search_term_string"}}],"inLanguage":"bs-BA"},{"@type":"Organization","@id":"https:\/\/tuzlainfo.ba\/#organization","name":"TuzlaInfo.ba","url":"https:\/\/tuzlainfo.ba\/","logo":{"@type":"ImageObject","inLanguage":"bs-BA","@id":"https:\/\/tuzlainfo.ba\/#\/schema\/logo\/image\/","url":"https:\/\/tuzlainfo.ba\/wp-content\/uploads\/2021\/03\/logo-ver-3-1.png","contentUrl":"https:\/\/tuzlainfo.ba\/wp-content\/uploads\/2021\/03\/logo-ver-3-1.png","width":350,"height":95,"caption":"TuzlaInfo.ba"},"image":{"@id":"https:\/\/tuzlainfo.ba\/#\/schema\/logo\/image\/"},"sameAs":["https:\/\/www.facebook.com\/tuzlainfo.ba\/"]},{"@type":"Person","@id":"https:\/\/tuzlainfo.ba\/#\/schema\/person\/f434e20dc27ea133923aab08451b7f7f","name":"nedim","image":{"@type":"ImageObject","inLanguage":"bs-BA","@id":"https:\/\/tuzlainfo.ba\/#\/schema\/person\/image\/","url":"https:\/\/tuzlainfo.ba\/wp-content\/litespeed\/avatar\/aabad687af24844af817603ac1cbdc4f.jpg?ver=1776702173","contentUrl":"https:\/\/tuzlainfo.ba\/wp-content\/litespeed\/avatar\/aabad687af24844af817603ac1cbdc4f.jpg?ver=1776702173","caption":"nedim"},"description":"Tuzlainfo.ba pratite na dru\u0161tvenim mre\u017eama: Facebook, Instagram i Youtube. Svoje pri\u010de, upite i fotografije \u0161aljite na na\u0161u e-mail adresu."}]}},"_links":{"self":[{"href":"https:\/\/tuzlainfo.ba\/index.php\/wp-json\/wp\/v2\/posts\/205893"}],"collection":[{"href":"https:\/\/tuzlainfo.ba\/index.php\/wp-json\/wp\/v2\/posts"}],"about":[{"href":"https:\/\/tuzlainfo.ba\/index.php\/wp-json\/wp\/v2\/types\/post"}],"author":[{"embeddable":true,"href":"https:\/\/tuzlainfo.ba\/index.php\/wp-json\/wp\/v2\/users\/2"}],"replies":[{"embeddable":true,"href":"https:\/\/tuzlainfo.ba\/index.php\/wp-json\/wp\/v2\/comments?post=205893"}],"version-history":[{"count":0,"href":"https:\/\/tuzlainfo.ba\/index.php\/wp-json\/wp\/v2\/posts\/205893\/revisions"}],"wp:featuredmedia":[{"embeddable":true,"href":"https:\/\/tuzlainfo.ba\/index.php\/wp-json\/wp\/v2\/media\/61242"}],"wp:attachment":[{"href":"https:\/\/tuzlainfo.ba\/index.php\/wp-json\/wp\/v2\/media?parent=205893"}],"wp:term":[{"taxonomy":"category","embeddable":true,"href":"https:\/\/tuzlainfo.ba\/index.php\/wp-json\/wp\/v2\/categories?post=205893"},{"taxonomy":"post_tag","embeddable":true,"href":"https:\/\/tuzlainfo.ba\/index.php\/wp-json\/wp\/v2\/tags?post=205893"}],"curies":[{"name":"wp","href":"https:\/\/api.w.org\/{rel}","templated":true}]}}