{"id":205276,"date":"2023-05-22T10:10:20","date_gmt":"2023-05-22T08:10:20","guid":{"rendered":"https:\/\/tuzlainfo.ba\/?p=205276"},"modified":"2023-05-22T07:46:10","modified_gmt":"2023-05-22T05:46:10","slug":"ove-sedmice-na-sceni-pozorista-mladih-tuzle-premijera-predstave-hocu-kuci","status":"publish","type":"post","link":"https:\/\/tuzlainfo.ba\/index.php\/najava-dogadaja-2\/item\/205276-ove-sedmice-na-sceni-pozorista-mladih-tuzle-premijera-predstave-hocu-kuci\/","title":{"rendered":"Ove sedmice na sceni Pozori\u0161ta mladih Tuzle premijera predstave &#8220;Ho\u0107u ku\u0107i&#8221;"},"content":{"rendered":"<p class=\"western\" lang=\"hr-BA\" align=\"justify\"><span lang=\"hr-HR\">Pozori\u0161te mladih Tuzle je<\/span><b> <\/b><span lang=\"hr-HR\">ovogodi\u0161nji u\u010desnik festivala \u201eBalkantage 2023\u201c koji se ove godine realizuju od 24.5 \u2013 15.7.2023. godine u Minhenu. Dva mjeseca razvnovrsnog programa ovaj kosmopolitski milionski grad bit \u0107e u znaku Balkana, njegove kulture i tradicije kroz koncerte, filmove, panel diskusije, tradicionalni bazar sa folklorima i specijalitetima, pozori\u0161ne predstave, knji\u017eevni susreti, susrete mladih.<\/span><\/p>\n<p class=\"western\" lang=\"hr-BA\" align=\"justify\"><span lang=\"hr-HR\">Na Danima Balkana u Minhenu 2023. godine namjera je skrenuti pa\u017enju na \u010dinjenicu da su mogu\u0107nosti politi\u010dkog utjecaja za ljude iz balkanske dijaspore ograni\u010dene i zapitati se \u0161ta migranti i izbjeglice u Njema\u010dkoj mogu uraditi da dobiju vi\u0161e politi\u010dkog utjecaja? Odgovore na ova i mnoga druga pitanja potra\u017eit \u0107emo na ovogodi\u0161njim \u201eDanima Balkana\u201c s posebnim akcentom na pitanja: Da li migranti \u2013 posebno ljudi u balkanskoj dijaspori \u2013 imaju politi\u010dku mo\u0107 ili smo mi nemo\u0107ni? Kako mo\u017eemo mobilizirati na\u0161e zajednice, ovdje u dijaspori i na Balkanu, da dostignemo svoj puni potencijal i ostvarimo promjene? Da li nas velike krize ovog vremena jednostavno obuzimaju ili mo\u017eemo da se odbranimo od njih? I naravno, na\u0161 pristup \u0107e biti u tradiciji Balkanskih dana: to zna\u010di da ne\u0107emo samo odr\u017eavati simpozijume, ve\u0107 \u0107emo pjevati, plesati, jesti, dru\u017eiti se i smijati se i tako razmjenjivati \u200b\u200biskustva i ja\u010dati na\u0161u zajednicu.<\/span><\/p>\n<p class=\"western\" lang=\"hr-BA\" align=\"justify\"><span lang=\"hr-HR\">Pozori\u0161te mladih Tuzle \u0107e se u ime Bosne i Hercegovine, na \u201eDanima Baklana\u201c u Minhenu predstaviti predstavom \u201eHo\u0107u ku\u0107i\u201c nastalu po motivima originalnog teksta \u201eKu\u0107i\u201c autorice Ljudmile Razumovske, a adaptaciju teksta uradila je Amila Be\u0161irovi\u0107. Rije\u010d je o obnovljenoj predstavi premijerno izvedenoj 2016. godine. Predstava govori o \u017eivotu djece na ulici, besku\u0107nicima, prosja\u010denju, organizovanoj trgovini ljudima i prostituciji. Radnja predstave smje\u0161tena je u podrum napu\u0161tene zgrade u kojoj djeca sanjaju samo o jednom: o ku\u0107i koju nemaju. Prepuna te\u0161kih \u017eivotnih pri\u010da i spektrom emocija koju likovi do\u017eivljavaju, ovo je pri\u010da potrebna svima nama, da nas informi\u0161e, edukuje, upozorava, pokre\u0107e na akciju.<\/span><\/p>\n<p class=\"western\" lang=\"hr-BA\" align=\"justify\"><span lang=\"hr-HR\">Ekipu predstave \u010dine polaznici Dramskog studija za djecu, mlade i odrasle Pozori\u0161ta mladih Tuzle; u\u010denici Srednje \u201eSavremeno \u2013 umjetni\u010dke \u0161kole\u201c Tuzla i studenti glume Akademije dramskih umjetnosti Tuzla. U predstavi igraju: Amila Be\u0161irovi\u0107, Kemal Fazli\u0107, Amila \u0160e\u0107erbegovi\u0107, Mirza Mujagi\u0107, Zerina Mujki\u0107, Amar Mujki\u0107, Tarik Ka\u010dapor, Dalal Dea Stolica, Sara Mi\u0161\u010devi\u0107, Adi Atli\u0107, Mateo Marijanovi\u0107, Vedad Naimkadi\u0107 i Emina Moranki\u0107. Re\u017eiju predstave potpisuje Adnan Mujki\u0107.<\/span><\/p>\n<p class=\"western\" lang=\"hr-BA\" align=\"justify\"><span lang=\"hr-HR\"><b>Premijerna izvo\u0111enja predstave zakazana su za srijedu, 24.5. i petak, 26.5.2023. godine u 20.00 sati na sceni Pozori\u0161ta mladih Tuzle, a 14.6.2023. godine na sceni GASTEIG Minhen. <\/b><\/span><\/p>\n<p class=\"western\" lang=\"hr-BA\" align=\"justify\"><span lang=\"hr-HR\">Rezervacije karata na 061 365 600. <\/span><\/p>\n","protected":false},"excerpt":{"rendered":"<p>Pozori\u0161te mladih Tuzle je ovogodi\u0161nji u\u010desnik festivala \u201eBalkantage 2023\u201c koji se ove godine realizuju od&hellip;<\/p>\n","protected":false},"author":4,"featured_media":205277,"comment_status":"open","ping_status":"closed","sticky":false,"template":"","format":"standard","meta":{"_acf_changed":false,"footnotes":""},"categories":[11],"tags":[2926,42,6647],"acf":[],"yoast_head":"<!-- This site is optimized with the Yoast SEO plugin v23.5 - https:\/\/yoast.com\/wordpress\/plugins\/seo\/ -->\n<title>Ove sedmice na sceni Pozori\u0161ta mladih Tuzle premijera predstave &quot;Ho\u0107u ku\u0107i&quot; - TuzlaInfo.ba<\/title>\n<meta name=\"robots\" content=\"index, follow, max-snippet:-1, max-image-preview:large, max-video-preview:-1\" \/>\n<link rel=\"canonical\" href=\"https:\/\/tuzlainfo.ba\/index.php\/najava-dogadaja-2\/item\/205276-ove-sedmice-na-sceni-pozorista-mladih-tuzle-premijera-predstave-hocu-kuci\/\" \/>\n<meta property=\"og:locale\" content=\"bs_BA\" \/>\n<meta property=\"og:type\" content=\"article\" \/>\n<meta property=\"og:title\" content=\"Ove sedmice na sceni Pozori\u0161ta mladih Tuzle premijera predstave &quot;Ho\u0107u ku\u0107i&quot; - TuzlaInfo.ba\" \/>\n<meta property=\"og:description\" content=\"Pozori\u0161te mladih Tuzle je ovogodi\u0161nji u\u010desnik festivala \u201eBalkantage 2023\u201c koji se ove godine realizuju od&hellip;\" \/>\n<meta property=\"og:url\" content=\"https:\/\/tuzlainfo.ba\/index.php\/najava-dogadaja-2\/item\/205276-ove-sedmice-na-sceni-pozorista-mladih-tuzle-premijera-predstave-hocu-kuci\/\" \/>\n<meta property=\"og:site_name\" content=\"TuzlaInfo.ba\" \/>\n<meta property=\"article:publisher\" content=\"https:\/\/www.facebook.com\/tuzlainfo.ba\/\" \/>\n<meta property=\"article:published_time\" content=\"2023-05-22T08:10:20+00:00\" \/>\n<meta property=\"article:modified_time\" content=\"2023-05-22T05:46:10+00:00\" \/>\n<meta property=\"og:image\" content=\"https:\/\/tuzlainfo.ba\/wp-content\/uploads\/2023\/05\/Najava-Hocu-kuci-24.5-1024x668.png\" \/>\n\t<meta property=\"og:image:width\" content=\"1024\" \/>\n\t<meta property=\"og:image:height\" content=\"668\" \/>\n\t<meta property=\"og:image:type\" content=\"image\/png\" \/>\n<meta name=\"author\" content=\"Tuzla Info\" \/>\n<meta name=\"twitter:card\" content=\"summary_large_image\" \/>\n<meta name=\"twitter:label1\" content=\"Written by\" \/>\n\t<meta name=\"twitter:data1\" content=\"Tuzla Info\" \/>\n\t<meta name=\"twitter:label2\" content=\"Est. reading time\" \/>\n\t<meta name=\"twitter:data2\" content=\"2 minute\" \/>\n<script type=\"application\/ld+json\" class=\"yoast-schema-graph\">{\"@context\":\"https:\/\/schema.org\",\"@graph\":[{\"@type\":\"Article\",\"@id\":\"https:\/\/tuzlainfo.ba\/index.php\/najava-dogadaja-2\/item\/205276-ove-sedmice-na-sceni-pozorista-mladih-tuzle-premijera-predstave-hocu-kuci\/#article\",\"isPartOf\":{\"@id\":\"https:\/\/tuzlainfo.ba\/index.php\/najava-dogadaja-2\/item\/205276-ove-sedmice-na-sceni-pozorista-mladih-tuzle-premijera-predstave-hocu-kuci\/\"},\"author\":{\"name\":\"Tuzla Info\",\"@id\":\"https:\/\/tuzlainfo.ba\/#\/schema\/person\/46cad4c57790cbc50781edd14870825a\"},\"headline\":\"Ove sedmice na sceni Pozori\u0161ta mladih Tuzle premijera predstave &#8220;Ho\u0107u ku\u0107i&#8221;\",\"datePublished\":\"2023-05-22T08:10:20+00:00\",\"dateModified\":\"2023-05-22T05:46:10+00:00\",\"mainEntityOfPage\":{\"@id\":\"https:\/\/tuzlainfo.ba\/index.php\/najava-dogadaja-2\/item\/205276-ove-sedmice-na-sceni-pozorista-mladih-tuzle-premijera-predstave-hocu-kuci\/\"},\"wordCount\":447,\"commentCount\":0,\"publisher\":{\"@id\":\"https:\/\/tuzlainfo.ba\/#organization\"},\"image\":{\"@id\":\"https:\/\/tuzlainfo.ba\/index.php\/najava-dogadaja-2\/item\/205276-ove-sedmice-na-sceni-pozorista-mladih-tuzle-premijera-predstave-hocu-kuci\/#primaryimage\"},\"thumbnailUrl\":\"https:\/\/tuzlainfo.ba\/wp-content\/uploads\/2023\/05\/Najava-Hocu-kuci-24.5.png\",\"keywords\":[\"pozori\u0161te mladih tuzla\",\"tuzla\",\"tuzlanski portal\"],\"articleSection\":[\"Najave i doga\u0111aji\"],\"inLanguage\":\"bs-BA\"},{\"@type\":\"WebPage\",\"@id\":\"https:\/\/tuzlainfo.ba\/index.php\/najava-dogadaja-2\/item\/205276-ove-sedmice-na-sceni-pozorista-mladih-tuzle-premijera-predstave-hocu-kuci\/\",\"url\":\"https:\/\/tuzlainfo.ba\/index.php\/najava-dogadaja-2\/item\/205276-ove-sedmice-na-sceni-pozorista-mladih-tuzle-premijera-predstave-hocu-kuci\/\",\"name\":\"Ove sedmice na sceni Pozori\u0161ta mladih Tuzle premijera predstave \\\"Ho\u0107u ku\u0107i\\\" - TuzlaInfo.ba\",\"isPartOf\":{\"@id\":\"https:\/\/tuzlainfo.ba\/#website\"},\"primaryImageOfPage\":{\"@id\":\"https:\/\/tuzlainfo.ba\/index.php\/najava-dogadaja-2\/item\/205276-ove-sedmice-na-sceni-pozorista-mladih-tuzle-premijera-predstave-hocu-kuci\/#primaryimage\"},\"image\":{\"@id\":\"https:\/\/tuzlainfo.ba\/index.php\/najava-dogadaja-2\/item\/205276-ove-sedmice-na-sceni-pozorista-mladih-tuzle-premijera-predstave-hocu-kuci\/#primaryimage\"},\"thumbnailUrl\":\"https:\/\/tuzlainfo.ba\/wp-content\/uploads\/2023\/05\/Najava-Hocu-kuci-24.5.png\",\"datePublished\":\"2023-05-22T08:10:20+00:00\",\"dateModified\":\"2023-05-22T05:46:10+00:00\",\"breadcrumb\":{\"@id\":\"https:\/\/tuzlainfo.ba\/index.php\/najava-dogadaja-2\/item\/205276-ove-sedmice-na-sceni-pozorista-mladih-tuzle-premijera-predstave-hocu-kuci\/#breadcrumb\"},\"inLanguage\":\"bs-BA\",\"potentialAction\":[{\"@type\":\"ReadAction\",\"target\":[\"https:\/\/tuzlainfo.ba\/index.php\/najava-dogadaja-2\/item\/205276-ove-sedmice-na-sceni-pozorista-mladih-tuzle-premijera-predstave-hocu-kuci\/\"]}]},{\"@type\":\"ImageObject\",\"inLanguage\":\"bs-BA\",\"@id\":\"https:\/\/tuzlainfo.ba\/index.php\/najava-dogadaja-2\/item\/205276-ove-sedmice-na-sceni-pozorista-mladih-tuzle-premijera-predstave-hocu-kuci\/#primaryimage\",\"url\":\"https:\/\/tuzlainfo.ba\/wp-content\/uploads\/2023\/05\/Najava-Hocu-kuci-24.5.png\",\"contentUrl\":\"https:\/\/tuzlainfo.ba\/wp-content\/uploads\/2023\/05\/Najava-Hocu-kuci-24.5.png\",\"width\":3264,\"height\":2128},{\"@type\":\"BreadcrumbList\",\"@id\":\"https:\/\/tuzlainfo.ba\/index.php\/najava-dogadaja-2\/item\/205276-ove-sedmice-na-sceni-pozorista-mladih-tuzle-premijera-predstave-hocu-kuci\/#breadcrumb\",\"itemListElement\":[{\"@type\":\"ListItem\",\"position\":1,\"name\":\"Home\",\"item\":\"https:\/\/tuzlainfo.ba\/\"},{\"@type\":\"ListItem\",\"position\":2,\"name\":\"Ove sedmice na sceni Pozori\u0161ta mladih Tuzle premijera predstave &#8220;Ho\u0107u ku\u0107i&#8221;\"}]},{\"@type\":\"WebSite\",\"@id\":\"https:\/\/tuzlainfo.ba\/#website\",\"url\":\"https:\/\/tuzlainfo.ba\/\",\"name\":\"TuzlaInfo.ba\",\"description\":\"Tuzla info, gradski informator - Tuzla na dlanu\",\"publisher\":{\"@id\":\"https:\/\/tuzlainfo.ba\/#organization\"},\"potentialAction\":[{\"@type\":\"SearchAction\",\"target\":{\"@type\":\"EntryPoint\",\"urlTemplate\":\"https:\/\/tuzlainfo.ba\/?s={search_term_string}\"},\"query-input\":{\"@type\":\"PropertyValueSpecification\",\"valueRequired\":true,\"valueName\":\"search_term_string\"}}],\"inLanguage\":\"bs-BA\"},{\"@type\":\"Organization\",\"@id\":\"https:\/\/tuzlainfo.ba\/#organization\",\"name\":\"TuzlaInfo.ba\",\"url\":\"https:\/\/tuzlainfo.ba\/\",\"logo\":{\"@type\":\"ImageObject\",\"inLanguage\":\"bs-BA\",\"@id\":\"https:\/\/tuzlainfo.ba\/#\/schema\/logo\/image\/\",\"url\":\"https:\/\/tuzlainfo.ba\/wp-content\/uploads\/2021\/03\/logo-ver-3-1.png\",\"contentUrl\":\"https:\/\/tuzlainfo.ba\/wp-content\/uploads\/2021\/03\/logo-ver-3-1.png\",\"width\":350,\"height\":95,\"caption\":\"TuzlaInfo.ba\"},\"image\":{\"@id\":\"https:\/\/tuzlainfo.ba\/#\/schema\/logo\/image\/\"},\"sameAs\":[\"https:\/\/www.facebook.com\/tuzlainfo.ba\/\"]},{\"@type\":\"Person\",\"@id\":\"https:\/\/tuzlainfo.ba\/#\/schema\/person\/46cad4c57790cbc50781edd14870825a\",\"name\":\"Tuzla Info\",\"image\":{\"@type\":\"ImageObject\",\"inLanguage\":\"bs-BA\",\"@id\":\"https:\/\/tuzlainfo.ba\/#\/schema\/person\/image\/\",\"url\":\"https:\/\/tuzlainfo.ba\/wp-content\/litespeed\/avatar\/b6c453a6c38e3654f2e4416c643fc25c.jpg?ver=1777051911\",\"contentUrl\":\"https:\/\/tuzlainfo.ba\/wp-content\/litespeed\/avatar\/b6c453a6c38e3654f2e4416c643fc25c.jpg?ver=1777051911\",\"caption\":\"Tuzla Info\"}}]}<\/script>\n<!-- \/ Yoast SEO plugin. -->","yoast_head_json":{"title":"Ove sedmice na sceni Pozori\u0161ta mladih Tuzle premijera predstave \"Ho\u0107u ku\u0107i\" - TuzlaInfo.ba","robots":{"index":"index","follow":"follow","max-snippet":"max-snippet:-1","max-image-preview":"max-image-preview:large","max-video-preview":"max-video-preview:-1"},"canonical":"https:\/\/tuzlainfo.ba\/index.php\/najava-dogadaja-2\/item\/205276-ove-sedmice-na-sceni-pozorista-mladih-tuzle-premijera-predstave-hocu-kuci\/","og_locale":"bs_BA","og_type":"article","og_title":"Ove sedmice na sceni Pozori\u0161ta mladih Tuzle premijera predstave \"Ho\u0107u ku\u0107i\" - TuzlaInfo.ba","og_description":"Pozori\u0161te mladih Tuzle je ovogodi\u0161nji u\u010desnik festivala \u201eBalkantage 2023\u201c koji se ove godine realizuju od&hellip;","og_url":"https:\/\/tuzlainfo.ba\/index.php\/najava-dogadaja-2\/item\/205276-ove-sedmice-na-sceni-pozorista-mladih-tuzle-premijera-predstave-hocu-kuci\/","og_site_name":"TuzlaInfo.ba","article_publisher":"https:\/\/www.facebook.com\/tuzlainfo.ba\/","article_published_time":"2023-05-22T08:10:20+00:00","article_modified_time":"2023-05-22T05:46:10+00:00","og_image":[{"width":1024,"height":668,"url":"https:\/\/tuzlainfo.ba\/wp-content\/uploads\/2023\/05\/Najava-Hocu-kuci-24.5-1024x668.png","type":"image\/png"}],"author":"Tuzla Info","twitter_card":"summary_large_image","twitter_misc":{"Written by":"Tuzla Info","Est. reading time":"2 minute"},"schema":{"@context":"https:\/\/schema.org","@graph":[{"@type":"Article","@id":"https:\/\/tuzlainfo.ba\/index.php\/najava-dogadaja-2\/item\/205276-ove-sedmice-na-sceni-pozorista-mladih-tuzle-premijera-predstave-hocu-kuci\/#article","isPartOf":{"@id":"https:\/\/tuzlainfo.ba\/index.php\/najava-dogadaja-2\/item\/205276-ove-sedmice-na-sceni-pozorista-mladih-tuzle-premijera-predstave-hocu-kuci\/"},"author":{"name":"Tuzla Info","@id":"https:\/\/tuzlainfo.ba\/#\/schema\/person\/46cad4c57790cbc50781edd14870825a"},"headline":"Ove sedmice na sceni Pozori\u0161ta mladih Tuzle premijera predstave &#8220;Ho\u0107u ku\u0107i&#8221;","datePublished":"2023-05-22T08:10:20+00:00","dateModified":"2023-05-22T05:46:10+00:00","mainEntityOfPage":{"@id":"https:\/\/tuzlainfo.ba\/index.php\/najava-dogadaja-2\/item\/205276-ove-sedmice-na-sceni-pozorista-mladih-tuzle-premijera-predstave-hocu-kuci\/"},"wordCount":447,"commentCount":0,"publisher":{"@id":"https:\/\/tuzlainfo.ba\/#organization"},"image":{"@id":"https:\/\/tuzlainfo.ba\/index.php\/najava-dogadaja-2\/item\/205276-ove-sedmice-na-sceni-pozorista-mladih-tuzle-premijera-predstave-hocu-kuci\/#primaryimage"},"thumbnailUrl":"https:\/\/tuzlainfo.ba\/wp-content\/uploads\/2023\/05\/Najava-Hocu-kuci-24.5.png","keywords":["pozori\u0161te mladih tuzla","tuzla","tuzlanski portal"],"articleSection":["Najave i doga\u0111aji"],"inLanguage":"bs-BA"},{"@type":"WebPage","@id":"https:\/\/tuzlainfo.ba\/index.php\/najava-dogadaja-2\/item\/205276-ove-sedmice-na-sceni-pozorista-mladih-tuzle-premijera-predstave-hocu-kuci\/","url":"https:\/\/tuzlainfo.ba\/index.php\/najava-dogadaja-2\/item\/205276-ove-sedmice-na-sceni-pozorista-mladih-tuzle-premijera-predstave-hocu-kuci\/","name":"Ove sedmice na sceni Pozori\u0161ta mladih Tuzle premijera predstave \"Ho\u0107u ku\u0107i\" - TuzlaInfo.ba","isPartOf":{"@id":"https:\/\/tuzlainfo.ba\/#website"},"primaryImageOfPage":{"@id":"https:\/\/tuzlainfo.ba\/index.php\/najava-dogadaja-2\/item\/205276-ove-sedmice-na-sceni-pozorista-mladih-tuzle-premijera-predstave-hocu-kuci\/#primaryimage"},"image":{"@id":"https:\/\/tuzlainfo.ba\/index.php\/najava-dogadaja-2\/item\/205276-ove-sedmice-na-sceni-pozorista-mladih-tuzle-premijera-predstave-hocu-kuci\/#primaryimage"},"thumbnailUrl":"https:\/\/tuzlainfo.ba\/wp-content\/uploads\/2023\/05\/Najava-Hocu-kuci-24.5.png","datePublished":"2023-05-22T08:10:20+00:00","dateModified":"2023-05-22T05:46:10+00:00","breadcrumb":{"@id":"https:\/\/tuzlainfo.ba\/index.php\/najava-dogadaja-2\/item\/205276-ove-sedmice-na-sceni-pozorista-mladih-tuzle-premijera-predstave-hocu-kuci\/#breadcrumb"},"inLanguage":"bs-BA","potentialAction":[{"@type":"ReadAction","target":["https:\/\/tuzlainfo.ba\/index.php\/najava-dogadaja-2\/item\/205276-ove-sedmice-na-sceni-pozorista-mladih-tuzle-premijera-predstave-hocu-kuci\/"]}]},{"@type":"ImageObject","inLanguage":"bs-BA","@id":"https:\/\/tuzlainfo.ba\/index.php\/najava-dogadaja-2\/item\/205276-ove-sedmice-na-sceni-pozorista-mladih-tuzle-premijera-predstave-hocu-kuci\/#primaryimage","url":"https:\/\/tuzlainfo.ba\/wp-content\/uploads\/2023\/05\/Najava-Hocu-kuci-24.5.png","contentUrl":"https:\/\/tuzlainfo.ba\/wp-content\/uploads\/2023\/05\/Najava-Hocu-kuci-24.5.png","width":3264,"height":2128},{"@type":"BreadcrumbList","@id":"https:\/\/tuzlainfo.ba\/index.php\/najava-dogadaja-2\/item\/205276-ove-sedmice-na-sceni-pozorista-mladih-tuzle-premijera-predstave-hocu-kuci\/#breadcrumb","itemListElement":[{"@type":"ListItem","position":1,"name":"Home","item":"https:\/\/tuzlainfo.ba\/"},{"@type":"ListItem","position":2,"name":"Ove sedmice na sceni Pozori\u0161ta mladih Tuzle premijera predstave &#8220;Ho\u0107u ku\u0107i&#8221;"}]},{"@type":"WebSite","@id":"https:\/\/tuzlainfo.ba\/#website","url":"https:\/\/tuzlainfo.ba\/","name":"TuzlaInfo.ba","description":"Tuzla info, gradski informator - Tuzla na dlanu","publisher":{"@id":"https:\/\/tuzlainfo.ba\/#organization"},"potentialAction":[{"@type":"SearchAction","target":{"@type":"EntryPoint","urlTemplate":"https:\/\/tuzlainfo.ba\/?s={search_term_string}"},"query-input":{"@type":"PropertyValueSpecification","valueRequired":true,"valueName":"search_term_string"}}],"inLanguage":"bs-BA"},{"@type":"Organization","@id":"https:\/\/tuzlainfo.ba\/#organization","name":"TuzlaInfo.ba","url":"https:\/\/tuzlainfo.ba\/","logo":{"@type":"ImageObject","inLanguage":"bs-BA","@id":"https:\/\/tuzlainfo.ba\/#\/schema\/logo\/image\/","url":"https:\/\/tuzlainfo.ba\/wp-content\/uploads\/2021\/03\/logo-ver-3-1.png","contentUrl":"https:\/\/tuzlainfo.ba\/wp-content\/uploads\/2021\/03\/logo-ver-3-1.png","width":350,"height":95,"caption":"TuzlaInfo.ba"},"image":{"@id":"https:\/\/tuzlainfo.ba\/#\/schema\/logo\/image\/"},"sameAs":["https:\/\/www.facebook.com\/tuzlainfo.ba\/"]},{"@type":"Person","@id":"https:\/\/tuzlainfo.ba\/#\/schema\/person\/46cad4c57790cbc50781edd14870825a","name":"Tuzla Info","image":{"@type":"ImageObject","inLanguage":"bs-BA","@id":"https:\/\/tuzlainfo.ba\/#\/schema\/person\/image\/","url":"https:\/\/tuzlainfo.ba\/wp-content\/litespeed\/avatar\/b6c453a6c38e3654f2e4416c643fc25c.jpg?ver=1777051911","contentUrl":"https:\/\/tuzlainfo.ba\/wp-content\/litespeed\/avatar\/b6c453a6c38e3654f2e4416c643fc25c.jpg?ver=1777051911","caption":"Tuzla Info"}}]}},"_links":{"self":[{"href":"https:\/\/tuzlainfo.ba\/index.php\/wp-json\/wp\/v2\/posts\/205276"}],"collection":[{"href":"https:\/\/tuzlainfo.ba\/index.php\/wp-json\/wp\/v2\/posts"}],"about":[{"href":"https:\/\/tuzlainfo.ba\/index.php\/wp-json\/wp\/v2\/types\/post"}],"author":[{"embeddable":true,"href":"https:\/\/tuzlainfo.ba\/index.php\/wp-json\/wp\/v2\/users\/4"}],"replies":[{"embeddable":true,"href":"https:\/\/tuzlainfo.ba\/index.php\/wp-json\/wp\/v2\/comments?post=205276"}],"version-history":[{"count":0,"href":"https:\/\/tuzlainfo.ba\/index.php\/wp-json\/wp\/v2\/posts\/205276\/revisions"}],"wp:featuredmedia":[{"embeddable":true,"href":"https:\/\/tuzlainfo.ba\/index.php\/wp-json\/wp\/v2\/media\/205277"}],"wp:attachment":[{"href":"https:\/\/tuzlainfo.ba\/index.php\/wp-json\/wp\/v2\/media?parent=205276"}],"wp:term":[{"taxonomy":"category","embeddable":true,"href":"https:\/\/tuzlainfo.ba\/index.php\/wp-json\/wp\/v2\/categories?post=205276"},{"taxonomy":"post_tag","embeddable":true,"href":"https:\/\/tuzlainfo.ba\/index.php\/wp-json\/wp\/v2\/tags?post=205276"}],"curies":[{"name":"wp","href":"https:\/\/api.w.org\/{rel}","templated":true}]}}