{"id":204839,"date":"2023-05-17T10:01:29","date_gmt":"2023-05-17T08:01:29","guid":{"rendered":"https:\/\/tuzlainfo.ba\/?p=204839"},"modified":"2023-05-17T13:33:17","modified_gmt":"2023-05-17T11:33:17","slug":"kisa-poremetila-planove-tuzlanski-auto-show-week-u-novom-terminu","status":"publish","type":"post","link":"https:\/\/tuzlainfo.ba\/index.php\/novosti\/item\/204839-kisa-poremetila-planove-tuzlanski-auto-show-week-u-novom-terminu\/","title":{"rendered":"Ki\u0161a poremetila planove: Tuzlanski &#8220;Auto Show Week&#8221; u novom terminu"},"content":{"rendered":"<p>Auto Show Week, koji je trebao biti odr\u017ean u petak, 19.05. ispred BCC u Tuzli je odgo\u0111en.<\/p>\n<p>Kako nove orgnizator razlog su nepovoljne vremenske prognoze i mogu\u0107nost obilnih padavina.<\/p>\n<p>&#8211; Va\u0161a sigurnost i udobnost su nam uvijek na prvom mjestu, a na\u017ealost vremenski uslovi nisu u skladu za stvaranje optimalnog do\u017eivljaja Auto Show Weeka. Obzirom da ni Vi, a ni program ne zaslu\u017euje da ispa\u0161ta zbog namrgo\u0111enih oblaka, donijeli smo odluku da pomjerimo doga\u0111aj na novi datum kako bismo vam pru\u017eili najbolje mogu\u0107e iskustvo &#8211; istakli su organizatori ovog doga\u0111aja.<\/p>\n<p>Novi datum Auto Show Weeka je 16. juni ove godine.<\/p>\n<p>&#8211; Vjerujemo da \u0107e ova promjena biti samo korak unaprijed prema ovom jedinstvenom doga\u0111aju na\u00a0 kojem \u0107emo imat \u0107emo priliku vidjeti najnovije automobile, sudjelovati u testnim vo\u017enjama, u\u017eivati u atraktivnim prezentacijama i iskusiti sve \u010dari svijeta automobila. Nastavite pratiti na\u0161e slu\u017ebene kanale i web stranicu kako biste bili informisani o svim nadolaze\u0107im detaljima i novostima vezanim uz Auto Show Week &#8211; istakli su i Radio Kameleona i Colloseuma koji potpiuju ovaj doga\u0111aj.<\/p>\n","protected":false},"excerpt":{"rendered":"<p>Auto Show Week, koji je trebao biti odr\u017ean u petak, 19.05. ispred BCC u Tuzli&hellip;<\/p>\n","protected":false},"author":2,"featured_media":204475,"comment_status":"open","ping_status":"closed","sticky":false,"template":"","format":"standard","meta":{"_acf_changed":false,"footnotes":""},"categories":[304,12,306],"tags":[6955,5440],"acf":[],"yoast_head":"<!-- This site is optimized with the Yoast SEO plugin v23.5 - https:\/\/yoast.com\/wordpress\/plugins\/seo\/ -->\n<title>Ki\u0161a poremetila planove: Tuzlanski &quot;Auto Show Week&quot; u novom terminu - TuzlaInfo.ba<\/title>\n<meta name=\"robots\" content=\"index, follow, max-snippet:-1, max-image-preview:large, max-video-preview:-1\" \/>\n<link rel=\"canonical\" href=\"https:\/\/tuzlainfo.ba\/index.php\/novosti\/item\/204839-kisa-poremetila-planove-tuzlanski-auto-show-week-u-novom-terminu\/\" \/>\n<meta property=\"og:locale\" content=\"bs_BA\" \/>\n<meta property=\"og:type\" content=\"article\" \/>\n<meta property=\"og:title\" content=\"Ki\u0161a poremetila planove: Tuzlanski &quot;Auto Show Week&quot; u novom terminu - TuzlaInfo.ba\" \/>\n<meta property=\"og:description\" content=\"Auto Show Week, koji je trebao biti odr\u017ean u petak, 19.05. ispred BCC u Tuzli&hellip;\" \/>\n<meta property=\"og:url\" content=\"https:\/\/tuzlainfo.ba\/index.php\/novosti\/item\/204839-kisa-poremetila-planove-tuzlanski-auto-show-week-u-novom-terminu\/\" \/>\n<meta property=\"og:site_name\" content=\"TuzlaInfo.ba\" \/>\n<meta property=\"article:publisher\" content=\"https:\/\/www.facebook.com\/tuzlainfo.ba\/\" \/>\n<meta property=\"article:published_time\" content=\"2023-05-17T08:01:29+00:00\" \/>\n<meta property=\"article:modified_time\" content=\"2023-05-17T11:33:17+00:00\" \/>\n<meta property=\"og:image\" content=\"https:\/\/tuzlainfo.ba\/wp-content\/uploads\/2023\/05\/autoshow.jpg\" \/>\n\t<meta property=\"og:image:width\" content=\"1280\" \/>\n\t<meta property=\"og:image:height\" content=\"853\" \/>\n\t<meta property=\"og:image:type\" content=\"image\/jpeg\" \/>\n<meta name=\"author\" content=\"nedim\" \/>\n<meta name=\"twitter:card\" content=\"summary_large_image\" \/>\n<meta name=\"twitter:label1\" content=\"Written by\" \/>\n\t<meta name=\"twitter:data1\" content=\"nedim\" \/>\n\t<meta name=\"twitter:label2\" content=\"Est. reading time\" \/>\n\t<meta name=\"twitter:data2\" content=\"1 minuta\" \/>\n<script type=\"application\/ld+json\" class=\"yoast-schema-graph\">{\"@context\":\"https:\/\/schema.org\",\"@graph\":[{\"@type\":\"Article\",\"@id\":\"https:\/\/tuzlainfo.ba\/index.php\/novosti\/item\/204839-kisa-poremetila-planove-tuzlanski-auto-show-week-u-novom-terminu\/#article\",\"isPartOf\":{\"@id\":\"https:\/\/tuzlainfo.ba\/index.php\/novosti\/item\/204839-kisa-poremetila-planove-tuzlanski-auto-show-week-u-novom-terminu\/\"},\"author\":{\"name\":\"nedim\",\"@id\":\"https:\/\/tuzlainfo.ba\/#\/schema\/person\/f434e20dc27ea133923aab08451b7f7f\"},\"headline\":\"Ki\u0161a poremetila planove: Tuzlanski &#8220;Auto Show Week&#8221; u novom terminu\",\"datePublished\":\"2023-05-17T08:01:29+00:00\",\"dateModified\":\"2023-05-17T11:33:17+00:00\",\"mainEntityOfPage\":{\"@id\":\"https:\/\/tuzlainfo.ba\/index.php\/novosti\/item\/204839-kisa-poremetila-planove-tuzlanski-auto-show-week-u-novom-terminu\/\"},\"wordCount\":201,\"commentCount\":0,\"publisher\":{\"@id\":\"https:\/\/tuzlainfo.ba\/#organization\"},\"image\":{\"@id\":\"https:\/\/tuzlainfo.ba\/index.php\/novosti\/item\/204839-kisa-poremetila-planove-tuzlanski-auto-show-week-u-novom-terminu\/#primaryimage\"},\"thumbnailUrl\":\"https:\/\/tuzlainfo.ba\/wp-content\/uploads\/2023\/05\/autoshow.jpg\",\"keywords\":[\"Auto Show Week\",\"Tuzla auto show\"],\"articleSection\":[\"Istaknuto\",\"Novosti\",\"Preporu\u010dujemo\"],\"inLanguage\":\"bs-BA\"},{\"@type\":\"WebPage\",\"@id\":\"https:\/\/tuzlainfo.ba\/index.php\/novosti\/item\/204839-kisa-poremetila-planove-tuzlanski-auto-show-week-u-novom-terminu\/\",\"url\":\"https:\/\/tuzlainfo.ba\/index.php\/novosti\/item\/204839-kisa-poremetila-planove-tuzlanski-auto-show-week-u-novom-terminu\/\",\"name\":\"Ki\u0161a poremetila planove: Tuzlanski \\\"Auto Show Week\\\" u novom terminu - TuzlaInfo.ba\",\"isPartOf\":{\"@id\":\"https:\/\/tuzlainfo.ba\/#website\"},\"primaryImageOfPage\":{\"@id\":\"https:\/\/tuzlainfo.ba\/index.php\/novosti\/item\/204839-kisa-poremetila-planove-tuzlanski-auto-show-week-u-novom-terminu\/#primaryimage\"},\"image\":{\"@id\":\"https:\/\/tuzlainfo.ba\/index.php\/novosti\/item\/204839-kisa-poremetila-planove-tuzlanski-auto-show-week-u-novom-terminu\/#primaryimage\"},\"thumbnailUrl\":\"https:\/\/tuzlainfo.ba\/wp-content\/uploads\/2023\/05\/autoshow.jpg\",\"datePublished\":\"2023-05-17T08:01:29+00:00\",\"dateModified\":\"2023-05-17T11:33:17+00:00\",\"breadcrumb\":{\"@id\":\"https:\/\/tuzlainfo.ba\/index.php\/novosti\/item\/204839-kisa-poremetila-planove-tuzlanski-auto-show-week-u-novom-terminu\/#breadcrumb\"},\"inLanguage\":\"bs-BA\",\"potentialAction\":[{\"@type\":\"ReadAction\",\"target\":[\"https:\/\/tuzlainfo.ba\/index.php\/novosti\/item\/204839-kisa-poremetila-planove-tuzlanski-auto-show-week-u-novom-terminu\/\"]}]},{\"@type\":\"ImageObject\",\"inLanguage\":\"bs-BA\",\"@id\":\"https:\/\/tuzlainfo.ba\/index.php\/novosti\/item\/204839-kisa-poremetila-planove-tuzlanski-auto-show-week-u-novom-terminu\/#primaryimage\",\"url\":\"https:\/\/tuzlainfo.ba\/wp-content\/uploads\/2023\/05\/autoshow.jpg\",\"contentUrl\":\"https:\/\/tuzlainfo.ba\/wp-content\/uploads\/2023\/05\/autoshow.jpg\",\"width\":1280,\"height\":853},{\"@type\":\"BreadcrumbList\",\"@id\":\"https:\/\/tuzlainfo.ba\/index.php\/novosti\/item\/204839-kisa-poremetila-planove-tuzlanski-auto-show-week-u-novom-terminu\/#breadcrumb\",\"itemListElement\":[{\"@type\":\"ListItem\",\"position\":1,\"name\":\"Home\",\"item\":\"https:\/\/tuzlainfo.ba\/\"},{\"@type\":\"ListItem\",\"position\":2,\"name\":\"Ki\u0161a poremetila planove: Tuzlanski &#8220;Auto Show Week&#8221; u novom terminu\"}]},{\"@type\":\"WebSite\",\"@id\":\"https:\/\/tuzlainfo.ba\/#website\",\"url\":\"https:\/\/tuzlainfo.ba\/\",\"name\":\"TuzlaInfo.ba\",\"description\":\"Tuzla info, gradski informator - Tuzla na dlanu\",\"publisher\":{\"@id\":\"https:\/\/tuzlainfo.ba\/#organization\"},\"potentialAction\":[{\"@type\":\"SearchAction\",\"target\":{\"@type\":\"EntryPoint\",\"urlTemplate\":\"https:\/\/tuzlainfo.ba\/?s={search_term_string}\"},\"query-input\":{\"@type\":\"PropertyValueSpecification\",\"valueRequired\":true,\"valueName\":\"search_term_string\"}}],\"inLanguage\":\"bs-BA\"},{\"@type\":\"Organization\",\"@id\":\"https:\/\/tuzlainfo.ba\/#organization\",\"name\":\"TuzlaInfo.ba\",\"url\":\"https:\/\/tuzlainfo.ba\/\",\"logo\":{\"@type\":\"ImageObject\",\"inLanguage\":\"bs-BA\",\"@id\":\"https:\/\/tuzlainfo.ba\/#\/schema\/logo\/image\/\",\"url\":\"https:\/\/tuzlainfo.ba\/wp-content\/uploads\/2021\/03\/logo-ver-3-1.png\",\"contentUrl\":\"https:\/\/tuzlainfo.ba\/wp-content\/uploads\/2021\/03\/logo-ver-3-1.png\",\"width\":350,\"height\":95,\"caption\":\"TuzlaInfo.ba\"},\"image\":{\"@id\":\"https:\/\/tuzlainfo.ba\/#\/schema\/logo\/image\/\"},\"sameAs\":[\"https:\/\/www.facebook.com\/tuzlainfo.ba\/\"]},{\"@type\":\"Person\",\"@id\":\"https:\/\/tuzlainfo.ba\/#\/schema\/person\/f434e20dc27ea133923aab08451b7f7f\",\"name\":\"nedim\",\"image\":{\"@type\":\"ImageObject\",\"inLanguage\":\"bs-BA\",\"@id\":\"https:\/\/tuzlainfo.ba\/#\/schema\/person\/image\/\",\"url\":\"https:\/\/tuzlainfo.ba\/wp-content\/litespeed\/avatar\/aabad687af24844af817603ac1cbdc4f.jpg?ver=1777306975\",\"contentUrl\":\"https:\/\/tuzlainfo.ba\/wp-content\/litespeed\/avatar\/aabad687af24844af817603ac1cbdc4f.jpg?ver=1777306975\",\"caption\":\"nedim\"},\"description\":\"Tuzlainfo.ba pratite na dru\u0161tvenim mre\u017eama: Facebook, Instagram i Youtube. Svoje pri\u010de, upite i fotografije \u0161aljite na na\u0161u e-mail adresu.\"}]}<\/script>\n<!-- \/ Yoast SEO plugin. -->","yoast_head_json":{"title":"Ki\u0161a poremetila planove: Tuzlanski \"Auto Show Week\" u novom terminu - TuzlaInfo.ba","robots":{"index":"index","follow":"follow","max-snippet":"max-snippet:-1","max-image-preview":"max-image-preview:large","max-video-preview":"max-video-preview:-1"},"canonical":"https:\/\/tuzlainfo.ba\/index.php\/novosti\/item\/204839-kisa-poremetila-planove-tuzlanski-auto-show-week-u-novom-terminu\/","og_locale":"bs_BA","og_type":"article","og_title":"Ki\u0161a poremetila planove: Tuzlanski \"Auto Show Week\" u novom terminu - TuzlaInfo.ba","og_description":"Auto Show Week, koji je trebao biti odr\u017ean u petak, 19.05. ispred BCC u Tuzli&hellip;","og_url":"https:\/\/tuzlainfo.ba\/index.php\/novosti\/item\/204839-kisa-poremetila-planove-tuzlanski-auto-show-week-u-novom-terminu\/","og_site_name":"TuzlaInfo.ba","article_publisher":"https:\/\/www.facebook.com\/tuzlainfo.ba\/","article_published_time":"2023-05-17T08:01:29+00:00","article_modified_time":"2023-05-17T11:33:17+00:00","og_image":[{"width":1280,"height":853,"url":"https:\/\/tuzlainfo.ba\/wp-content\/uploads\/2023\/05\/autoshow.jpg","type":"image\/jpeg"}],"author":"nedim","twitter_card":"summary_large_image","twitter_misc":{"Written by":"nedim","Est. reading time":"1 minuta"},"schema":{"@context":"https:\/\/schema.org","@graph":[{"@type":"Article","@id":"https:\/\/tuzlainfo.ba\/index.php\/novosti\/item\/204839-kisa-poremetila-planove-tuzlanski-auto-show-week-u-novom-terminu\/#article","isPartOf":{"@id":"https:\/\/tuzlainfo.ba\/index.php\/novosti\/item\/204839-kisa-poremetila-planove-tuzlanski-auto-show-week-u-novom-terminu\/"},"author":{"name":"nedim","@id":"https:\/\/tuzlainfo.ba\/#\/schema\/person\/f434e20dc27ea133923aab08451b7f7f"},"headline":"Ki\u0161a poremetila planove: Tuzlanski &#8220;Auto Show Week&#8221; u novom terminu","datePublished":"2023-05-17T08:01:29+00:00","dateModified":"2023-05-17T11:33:17+00:00","mainEntityOfPage":{"@id":"https:\/\/tuzlainfo.ba\/index.php\/novosti\/item\/204839-kisa-poremetila-planove-tuzlanski-auto-show-week-u-novom-terminu\/"},"wordCount":201,"commentCount":0,"publisher":{"@id":"https:\/\/tuzlainfo.ba\/#organization"},"image":{"@id":"https:\/\/tuzlainfo.ba\/index.php\/novosti\/item\/204839-kisa-poremetila-planove-tuzlanski-auto-show-week-u-novom-terminu\/#primaryimage"},"thumbnailUrl":"https:\/\/tuzlainfo.ba\/wp-content\/uploads\/2023\/05\/autoshow.jpg","keywords":["Auto Show Week","Tuzla auto show"],"articleSection":["Istaknuto","Novosti","Preporu\u010dujemo"],"inLanguage":"bs-BA"},{"@type":"WebPage","@id":"https:\/\/tuzlainfo.ba\/index.php\/novosti\/item\/204839-kisa-poremetila-planove-tuzlanski-auto-show-week-u-novom-terminu\/","url":"https:\/\/tuzlainfo.ba\/index.php\/novosti\/item\/204839-kisa-poremetila-planove-tuzlanski-auto-show-week-u-novom-terminu\/","name":"Ki\u0161a poremetila planove: Tuzlanski \"Auto Show Week\" u novom terminu - TuzlaInfo.ba","isPartOf":{"@id":"https:\/\/tuzlainfo.ba\/#website"},"primaryImageOfPage":{"@id":"https:\/\/tuzlainfo.ba\/index.php\/novosti\/item\/204839-kisa-poremetila-planove-tuzlanski-auto-show-week-u-novom-terminu\/#primaryimage"},"image":{"@id":"https:\/\/tuzlainfo.ba\/index.php\/novosti\/item\/204839-kisa-poremetila-planove-tuzlanski-auto-show-week-u-novom-terminu\/#primaryimage"},"thumbnailUrl":"https:\/\/tuzlainfo.ba\/wp-content\/uploads\/2023\/05\/autoshow.jpg","datePublished":"2023-05-17T08:01:29+00:00","dateModified":"2023-05-17T11:33:17+00:00","breadcrumb":{"@id":"https:\/\/tuzlainfo.ba\/index.php\/novosti\/item\/204839-kisa-poremetila-planove-tuzlanski-auto-show-week-u-novom-terminu\/#breadcrumb"},"inLanguage":"bs-BA","potentialAction":[{"@type":"ReadAction","target":["https:\/\/tuzlainfo.ba\/index.php\/novosti\/item\/204839-kisa-poremetila-planove-tuzlanski-auto-show-week-u-novom-terminu\/"]}]},{"@type":"ImageObject","inLanguage":"bs-BA","@id":"https:\/\/tuzlainfo.ba\/index.php\/novosti\/item\/204839-kisa-poremetila-planove-tuzlanski-auto-show-week-u-novom-terminu\/#primaryimage","url":"https:\/\/tuzlainfo.ba\/wp-content\/uploads\/2023\/05\/autoshow.jpg","contentUrl":"https:\/\/tuzlainfo.ba\/wp-content\/uploads\/2023\/05\/autoshow.jpg","width":1280,"height":853},{"@type":"BreadcrumbList","@id":"https:\/\/tuzlainfo.ba\/index.php\/novosti\/item\/204839-kisa-poremetila-planove-tuzlanski-auto-show-week-u-novom-terminu\/#breadcrumb","itemListElement":[{"@type":"ListItem","position":1,"name":"Home","item":"https:\/\/tuzlainfo.ba\/"},{"@type":"ListItem","position":2,"name":"Ki\u0161a poremetila planove: Tuzlanski &#8220;Auto Show Week&#8221; u novom terminu"}]},{"@type":"WebSite","@id":"https:\/\/tuzlainfo.ba\/#website","url":"https:\/\/tuzlainfo.ba\/","name":"TuzlaInfo.ba","description":"Tuzla info, gradski informator - Tuzla na dlanu","publisher":{"@id":"https:\/\/tuzlainfo.ba\/#organization"},"potentialAction":[{"@type":"SearchAction","target":{"@type":"EntryPoint","urlTemplate":"https:\/\/tuzlainfo.ba\/?s={search_term_string}"},"query-input":{"@type":"PropertyValueSpecification","valueRequired":true,"valueName":"search_term_string"}}],"inLanguage":"bs-BA"},{"@type":"Organization","@id":"https:\/\/tuzlainfo.ba\/#organization","name":"TuzlaInfo.ba","url":"https:\/\/tuzlainfo.ba\/","logo":{"@type":"ImageObject","inLanguage":"bs-BA","@id":"https:\/\/tuzlainfo.ba\/#\/schema\/logo\/image\/","url":"https:\/\/tuzlainfo.ba\/wp-content\/uploads\/2021\/03\/logo-ver-3-1.png","contentUrl":"https:\/\/tuzlainfo.ba\/wp-content\/uploads\/2021\/03\/logo-ver-3-1.png","width":350,"height":95,"caption":"TuzlaInfo.ba"},"image":{"@id":"https:\/\/tuzlainfo.ba\/#\/schema\/logo\/image\/"},"sameAs":["https:\/\/www.facebook.com\/tuzlainfo.ba\/"]},{"@type":"Person","@id":"https:\/\/tuzlainfo.ba\/#\/schema\/person\/f434e20dc27ea133923aab08451b7f7f","name":"nedim","image":{"@type":"ImageObject","inLanguage":"bs-BA","@id":"https:\/\/tuzlainfo.ba\/#\/schema\/person\/image\/","url":"https:\/\/tuzlainfo.ba\/wp-content\/litespeed\/avatar\/aabad687af24844af817603ac1cbdc4f.jpg?ver=1777306975","contentUrl":"https:\/\/tuzlainfo.ba\/wp-content\/litespeed\/avatar\/aabad687af24844af817603ac1cbdc4f.jpg?ver=1777306975","caption":"nedim"},"description":"Tuzlainfo.ba pratite na dru\u0161tvenim mre\u017eama: Facebook, Instagram i Youtube. Svoje pri\u010de, upite i fotografije \u0161aljite na na\u0161u e-mail adresu."}]}},"_links":{"self":[{"href":"https:\/\/tuzlainfo.ba\/index.php\/wp-json\/wp\/v2\/posts\/204839"}],"collection":[{"href":"https:\/\/tuzlainfo.ba\/index.php\/wp-json\/wp\/v2\/posts"}],"about":[{"href":"https:\/\/tuzlainfo.ba\/index.php\/wp-json\/wp\/v2\/types\/post"}],"author":[{"embeddable":true,"href":"https:\/\/tuzlainfo.ba\/index.php\/wp-json\/wp\/v2\/users\/2"}],"replies":[{"embeddable":true,"href":"https:\/\/tuzlainfo.ba\/index.php\/wp-json\/wp\/v2\/comments?post=204839"}],"version-history":[{"count":0,"href":"https:\/\/tuzlainfo.ba\/index.php\/wp-json\/wp\/v2\/posts\/204839\/revisions"}],"wp:featuredmedia":[{"embeddable":true,"href":"https:\/\/tuzlainfo.ba\/index.php\/wp-json\/wp\/v2\/media\/204475"}],"wp:attachment":[{"href":"https:\/\/tuzlainfo.ba\/index.php\/wp-json\/wp\/v2\/media?parent=204839"}],"wp:term":[{"taxonomy":"category","embeddable":true,"href":"https:\/\/tuzlainfo.ba\/index.php\/wp-json\/wp\/v2\/categories?post=204839"},{"taxonomy":"post_tag","embeddable":true,"href":"https:\/\/tuzlainfo.ba\/index.php\/wp-json\/wp\/v2\/tags?post=204839"}],"curies":[{"name":"wp","href":"https:\/\/api.w.org\/{rel}","templated":true}]}}