{"id":204595,"date":"2023-05-14T14:21:55","date_gmt":"2023-05-14T12:21:55","guid":{"rendered":"https:\/\/tuzlainfo.ba\/?p=204595"},"modified":"2023-05-14T14:21:55","modified_gmt":"2023-05-14T12:21:55","slug":"ritmicka-gimnastika-clanice-krg-tuzla-iz-novog-sada-se-vratile-za-57-medalja","status":"publish","type":"post","link":"https:\/\/tuzlainfo.ba\/index.php\/novosti\/item\/204595-ritmicka-gimnastika-clanice-krg-tuzla-iz-novog-sada-se-vratile-za-57-medalja\/","title":{"rendered":"Ritmi\u010dka gimnastika: \u010clanice KRG Tuzla iz Novog Sada se vratile za 57 medalja"},"content":{"rendered":"<p dir=\"auto\">Ovog vikenda odr\u017ean je 13. internacionani turnir u ritmi\u010dkoj gimnastici pod nazivom\u00a0 &#8220;REVIJA ELIT PLUS&#8221; NOVI SAD, koji\u00a0 je odr\u017ean u velikoj dvorani &#8220;SPENS&#8221;. U\u010destvovalo je\u00a0 oko 1000 takmi\u010darki Srbije i regiona, a me\u0111u njima i Klub ritmi\u010dke gimnastike Tuzla koji je i pored izuzetno velike i jake konkurencije postigao odli\u010dne rezultate.<\/p>\n<p dir=\"auto\">Tuzlanske gimnasti\u010darke su se ku\u0107i vratila\u00a0 sa jo\u0161 57 medalja, od toga 17 medalja u individualnom nastupu a 41 medalja za grupne nastupe.<\/p>\n<p dir=\"auto\">Medalje su osvojile:<\/p>\n<p>PRVO MJESTO EGO grupa<\/p>\n<p>1.Maja D\u017eambi\u0107<br \/>\n2.Sarah Had\u017eimustafi\u0107<br \/>\n3.Lea Panteli\u0107<br \/>\n4.Delila D\u017eini\u0107<br \/>\n5.Lorena Sarafijanovi\u0107<br \/>\n6.Nejla Cipurkovi\u0107<\/p>\n<p>DRUGO MJESTO OBRU\u010c<\/p>\n<p>1.Asija Grada\u0161\u010devi\u0107<br \/>\n2.Elma Be\u0107irovi\u0107<br \/>\n3.Ema Alji\u0107<br \/>\n4.Majra Nurki\u0107<\/p>\n<p>DRUGO MJESTO ZOO GRUPA<\/p>\n<p>1.Ned\u017ela Kuni\u0107<br \/>\n2.Sarah Spahi\u0107<br \/>\n3.Vilma Bujakovi\u0107<br \/>\n4.Esma Ajdasli\u0107<\/p>\n<p>MJESTO EGO 2 GRUPA<\/p>\n<p>1.Lajna Hod\u017ei\u0107<br \/>\n2.Elma Kani\u0107<br \/>\n3.Lejla Kani\u0107<br \/>\n4.Andrea Trkulja<br \/>\n5.Adna \u0160abanovi\u0107<\/p>\n<p>TRE\u0106E MJESTO LOPTA<\/p>\n<p>1.Emina Omerovi\u0107<br \/>\n2.Tajra Peji\u0107<br \/>\n3.Lejla Beha<br \/>\n4.Dalia Adilovi\u0107<br \/>\n5.Asja Salkanovi\u0107<\/p>\n<p>TRE\u0106E MJESTO TUZLA1 GRUPA<\/p>\n<p>1.Dorotea \u017depi\u0107<br \/>\n2.Una Me\u0161kovi\u0107<br \/>\n3.Ajla Zoni\u0107<br \/>\n4.Ajla Muji\u0107<br \/>\n5.Mia Aljic<br \/>\n6.Una Salkanovi\u0107<br \/>\n7.Asja Be\u0107irovi\u0107<br \/>\n8.Sajra Omerovi\u0107<\/p>\n<p>TRE\u0106E MJESTO\u00a0 TUZLA 2 GRUPA<\/p>\n<p>1.Hana Muki\u0107<br \/>\n2.Ela Ni\u0161and\u017ei\u0107<br \/>\n3.Alejna \u0110ug<br \/>\n4.Asja Poljakovi\u0107<br \/>\n5.Ajla Poljakovi\u0107<br \/>\n6.Adna Suba\u0161i\u0107<br \/>\n7.Ajla Idriz<br \/>\n8.Emina Pjani\u0107<\/p>\n<div id=\"penci-post-gallery__2623\" class=\"penci-post-gallery-container justified column-3\" data-height=\"150\" data-margin=\"3\"><a class=\"item-gallery-justified\" href=\"https:\/\/tuzlainfo.ba\/wp-content\/uploads\/2023\/05\/1405_KRG_ritmicka-2.jpg\"><img decoding=\"async\" src=\"https:\/\/tuzlainfo.ba\/wp-content\/uploads\/2023\/05\/1405_KRG_ritmicka-2-585x329.jpg\" alt=\"\" title=\"1405_KRG_ritmicka (2)\"><\/a><a class=\"item-gallery-justified\" href=\"https:\/\/tuzlainfo.ba\/wp-content\/uploads\/2023\/05\/1405_KRG_ritmicka-3.jpg\"><img decoding=\"async\" src=\"https:\/\/tuzlainfo.ba\/wp-content\/uploads\/2023\/05\/1405_KRG_ritmicka-3-585x329.jpg\" alt=\"\" title=\"1405_KRG_ritmicka (3)\"><\/a><a class=\"item-gallery-justified\" href=\"https:\/\/tuzlainfo.ba\/wp-content\/uploads\/2023\/05\/1405_KRG_ritmicka-4.jpg\"><img decoding=\"async\" src=\"https:\/\/tuzlainfo.ba\/wp-content\/uploads\/2023\/05\/1405_KRG_ritmicka-4-585x329.jpg\" alt=\"\" title=\"1405_KRG_ritmicka (4)\"><\/a><a class=\"item-gallery-justified\" href=\"https:\/\/tuzlainfo.ba\/wp-content\/uploads\/2023\/05\/1405_KRG_ritmicka-5.jpg\"><img decoding=\"async\" src=\"https:\/\/tuzlainfo.ba\/wp-content\/uploads\/2023\/05\/1405_KRG_ritmicka-5-585x329.jpg\" alt=\"\" title=\"1405_KRG_ritmicka (5)\"><\/a><a class=\"item-gallery-justified\" href=\"https:\/\/tuzlainfo.ba\/wp-content\/uploads\/2023\/05\/1405_KRG_ritmicka-6.jpg\"><img decoding=\"async\" src=\"https:\/\/tuzlainfo.ba\/wp-content\/uploads\/2023\/05\/1405_KRG_ritmicka-6-585x1039.jpg\" alt=\"\" title=\"1405_KRG_ritmicka (6)\"><\/a><a class=\"item-gallery-justified\" href=\"https:\/\/tuzlainfo.ba\/wp-content\/uploads\/2023\/05\/1405_KRG_ritmicka-7.jpg\"><img decoding=\"async\" src=\"https:\/\/tuzlainfo.ba\/wp-content\/uploads\/2023\/05\/1405_KRG_ritmicka-7-585x329.jpg\" alt=\"\" title=\"1405_KRG_ritmicka (7)\"><\/a><a class=\"item-gallery-justified\" href=\"https:\/\/tuzlainfo.ba\/wp-content\/uploads\/2023\/05\/1405_KRG_ritmicka-8.jpg\"><img decoding=\"async\" src=\"https:\/\/tuzlainfo.ba\/wp-content\/uploads\/2023\/05\/1405_KRG_ritmicka-8-585x1039.jpg\" alt=\"\" title=\"1405_KRG_ritmicka (8)\"><\/a><a class=\"item-gallery-justified\" href=\"https:\/\/tuzlainfo.ba\/wp-content\/uploads\/2023\/05\/1405_KRG_ritmicka-9.jpg\"><img decoding=\"async\" src=\"https:\/\/tuzlainfo.ba\/wp-content\/uploads\/2023\/05\/1405_KRG_ritmicka-9-585x329.jpg\" alt=\"\" title=\"1405_KRG_ritmicka (9)\"><\/a><a class=\"item-gallery-justified\" href=\"https:\/\/tuzlainfo.ba\/wp-content\/uploads\/2023\/05\/1405_KRG_ritmicka-1.jpg\"><img decoding=\"async\" src=\"https:\/\/tuzlainfo.ba\/wp-content\/uploads\/2023\/05\/1405_KRG_ritmicka-1-585x329.jpg\" alt=\"\" title=\"1405_KRG_ritmicka (1)\"><\/a><\/div>\n<p>&nbsp;<\/p>\n<p dir=\"auto\"><strong>MEDALJE U INDIVIDUALNOM PROGRAMU SU OSVOJILE:<\/strong><\/p>\n<p>PRVO MJESTO I ZLATNE MEDALJE<\/p>\n<p>1.Nadja \u010comi\u0107-LOPTA 1. mjesto<\/p>\n<p>2.Ena Omera\u0161evi\u0107-vija\u010da 1. mjesto<\/p>\n<p>3.Dalia Adilovi\u0107- obru\u010d 1. mjesto<\/p>\n<p>4.Asja Salkanovi\u0107-lopta 1. mjesto<\/p>\n<p>5.Sumaja Avdi\u0107-vija\u010da 1. mjesto<\/p>\n<p>6.Ema Uvali\u0107- lopta 1. mjesto<\/p>\n<p>7.Ned\u017ela Kuni\u0107 &#8211; vijaca 1. mjesto<\/p>\n<p>DRUGO MJESTO I BRONZA:<\/p>\n<p>1.Amina Ibri\u0161kovi\u0107-obru\u010d 2. mjesto<\/p>\n<p>2.Jasmina Jovanovi\u0107-vija\u010da 2. mjesto<\/p>\n<p>3.Semina Bajri\u0107-lopta 2. mjesto<\/p>\n<p>4.Elma Kani\u0107-bez rekvizita 2. mjesto<\/p>\n<p>5.Elma Be\u0107irovi\u0107-obru\u010d 2. mjesto<\/p>\n<p>TRE\u0106A MJESTA SU OSVOJILE:<\/p>\n<p>1.Lejla Beha-lopta<\/p>\n<p>2.Lamija \u0160ehi\u0107-obru\u010d<\/p>\n<p>3.Amila Buli\u0107 bez rekvizita<\/p>\n<p>4.Tajra Peji\u0107-obru\u010d<\/p>\n","protected":false},"excerpt":{"rendered":"<p>Ovog vikenda odr\u017ean je 13. internacionani turnir u ritmi\u010dkoj gimnastici pod nazivom\u00a0 &#8220;REVIJA ELIT PLUS&#8221;&hellip;<\/p>\n","protected":false},"author":2,"featured_media":204604,"comment_status":"open","ping_status":"closed","sticky":false,"template":"","format":"standard","meta":{"_acf_changed":false,"footnotes":""},"categories":[304,12],"tags":[3641,3169,915],"acf":[],"yoast_head":"<!-- This site is optimized with the Yoast SEO plugin v23.5 - https:\/\/yoast.com\/wordpress\/plugins\/seo\/ -->\n<title>Ritmi\u010dka gimnastika: \u010clanice KRG Tuzla iz Novog Sada se vratile za 57 medalja - TuzlaInfo.ba<\/title>\n<meta name=\"robots\" content=\"index, follow, max-snippet:-1, max-image-preview:large, max-video-preview:-1\" \/>\n<link rel=\"canonical\" href=\"https:\/\/tuzlainfo.ba\/index.php\/novosti\/item\/204595-ritmicka-gimnastika-clanice-krg-tuzla-iz-novog-sada-se-vratile-za-57-medalja\/\" \/>\n<meta property=\"og:locale\" content=\"bs_BA\" \/>\n<meta property=\"og:type\" content=\"article\" \/>\n<meta property=\"og:title\" content=\"Ritmi\u010dka gimnastika: \u010clanice KRG Tuzla iz Novog Sada se vratile za 57 medalja - TuzlaInfo.ba\" \/>\n<meta property=\"og:description\" content=\"Ovog vikenda odr\u017ean je 13. internacionani turnir u ritmi\u010dkoj gimnastici pod nazivom\u00a0 &#8220;REVIJA ELIT PLUS&#8221;&hellip;\" \/>\n<meta property=\"og:url\" content=\"https:\/\/tuzlainfo.ba\/index.php\/novosti\/item\/204595-ritmicka-gimnastika-clanice-krg-tuzla-iz-novog-sada-se-vratile-za-57-medalja\/\" \/>\n<meta property=\"og:site_name\" content=\"TuzlaInfo.ba\" \/>\n<meta property=\"article:publisher\" content=\"https:\/\/www.facebook.com\/tuzlainfo.ba\/\" \/>\n<meta property=\"article:published_time\" content=\"2023-05-14T12:21:55+00:00\" \/>\n<meta property=\"og:image\" content=\"https:\/\/tuzlainfo.ba\/wp-content\/uploads\/2023\/05\/1405_KRG_ritmicka-10.jpg\" \/>\n\t<meta property=\"og:image:width\" content=\"1600\" \/>\n\t<meta property=\"og:image:height\" content=\"1200\" \/>\n\t<meta property=\"og:image:type\" content=\"image\/jpeg\" \/>\n<meta name=\"author\" content=\"nedim\" \/>\n<meta name=\"twitter:card\" content=\"summary_large_image\" \/>\n<meta name=\"twitter:label1\" content=\"Written by\" \/>\n\t<meta name=\"twitter:data1\" content=\"nedim\" \/>\n\t<meta name=\"twitter:label2\" content=\"Est. reading time\" \/>\n\t<meta name=\"twitter:data2\" content=\"1 minuta\" \/>\n<script type=\"application\/ld+json\" class=\"yoast-schema-graph\">{\"@context\":\"https:\/\/schema.org\",\"@graph\":[{\"@type\":\"Article\",\"@id\":\"https:\/\/tuzlainfo.ba\/index.php\/novosti\/item\/204595-ritmicka-gimnastika-clanice-krg-tuzla-iz-novog-sada-se-vratile-za-57-medalja\/#article\",\"isPartOf\":{\"@id\":\"https:\/\/tuzlainfo.ba\/index.php\/novosti\/item\/204595-ritmicka-gimnastika-clanice-krg-tuzla-iz-novog-sada-se-vratile-za-57-medalja\/\"},\"author\":{\"name\":\"nedim\",\"@id\":\"https:\/\/tuzlainfo.ba\/#\/schema\/person\/f434e20dc27ea133923aab08451b7f7f\"},\"headline\":\"Ritmi\u010dka gimnastika: \u010clanice KRG Tuzla iz Novog Sada se vratile za 57 medalja\",\"datePublished\":\"2023-05-14T12:21:55+00:00\",\"dateModified\":\"2023-05-14T12:21:55+00:00\",\"mainEntityOfPage\":{\"@id\":\"https:\/\/tuzlainfo.ba\/index.php\/novosti\/item\/204595-ritmicka-gimnastika-clanice-krg-tuzla-iz-novog-sada-se-vratile-za-57-medalja\/\"},\"wordCount\":311,\"commentCount\":0,\"publisher\":{\"@id\":\"https:\/\/tuzlainfo.ba\/#organization\"},\"image\":{\"@id\":\"https:\/\/tuzlainfo.ba\/index.php\/novosti\/item\/204595-ritmicka-gimnastika-clanice-krg-tuzla-iz-novog-sada-se-vratile-za-57-medalja\/#primaryimage\"},\"thumbnailUrl\":\"https:\/\/tuzlainfo.ba\/wp-content\/uploads\/2023\/05\/1405_KRG_ritmicka-10.jpg\",\"keywords\":[\"KRG Tuzla\",\"ritmi\u010dka gimnastika\",\"sport\"],\"articleSection\":[\"Istaknuto\",\"Novosti\"],\"inLanguage\":\"bs-BA\"},{\"@type\":\"WebPage\",\"@id\":\"https:\/\/tuzlainfo.ba\/index.php\/novosti\/item\/204595-ritmicka-gimnastika-clanice-krg-tuzla-iz-novog-sada-se-vratile-za-57-medalja\/\",\"url\":\"https:\/\/tuzlainfo.ba\/index.php\/novosti\/item\/204595-ritmicka-gimnastika-clanice-krg-tuzla-iz-novog-sada-se-vratile-za-57-medalja\/\",\"name\":\"Ritmi\u010dka gimnastika: \u010clanice KRG Tuzla iz Novog Sada se vratile za 57 medalja - TuzlaInfo.ba\",\"isPartOf\":{\"@id\":\"https:\/\/tuzlainfo.ba\/#website\"},\"primaryImageOfPage\":{\"@id\":\"https:\/\/tuzlainfo.ba\/index.php\/novosti\/item\/204595-ritmicka-gimnastika-clanice-krg-tuzla-iz-novog-sada-se-vratile-za-57-medalja\/#primaryimage\"},\"image\":{\"@id\":\"https:\/\/tuzlainfo.ba\/index.php\/novosti\/item\/204595-ritmicka-gimnastika-clanice-krg-tuzla-iz-novog-sada-se-vratile-za-57-medalja\/#primaryimage\"},\"thumbnailUrl\":\"https:\/\/tuzlainfo.ba\/wp-content\/uploads\/2023\/05\/1405_KRG_ritmicka-10.jpg\",\"datePublished\":\"2023-05-14T12:21:55+00:00\",\"dateModified\":\"2023-05-14T12:21:55+00:00\",\"breadcrumb\":{\"@id\":\"https:\/\/tuzlainfo.ba\/index.php\/novosti\/item\/204595-ritmicka-gimnastika-clanice-krg-tuzla-iz-novog-sada-se-vratile-za-57-medalja\/#breadcrumb\"},\"inLanguage\":\"bs-BA\",\"potentialAction\":[{\"@type\":\"ReadAction\",\"target\":[\"https:\/\/tuzlainfo.ba\/index.php\/novosti\/item\/204595-ritmicka-gimnastika-clanice-krg-tuzla-iz-novog-sada-se-vratile-za-57-medalja\/\"]}]},{\"@type\":\"ImageObject\",\"inLanguage\":\"bs-BA\",\"@id\":\"https:\/\/tuzlainfo.ba\/index.php\/novosti\/item\/204595-ritmicka-gimnastika-clanice-krg-tuzla-iz-novog-sada-se-vratile-za-57-medalja\/#primaryimage\",\"url\":\"https:\/\/tuzlainfo.ba\/wp-content\/uploads\/2023\/05\/1405_KRG_ritmicka-10.jpg\",\"contentUrl\":\"https:\/\/tuzlainfo.ba\/wp-content\/uploads\/2023\/05\/1405_KRG_ritmicka-10.jpg\",\"width\":1600,\"height\":1200},{\"@type\":\"BreadcrumbList\",\"@id\":\"https:\/\/tuzlainfo.ba\/index.php\/novosti\/item\/204595-ritmicka-gimnastika-clanice-krg-tuzla-iz-novog-sada-se-vratile-za-57-medalja\/#breadcrumb\",\"itemListElement\":[{\"@type\":\"ListItem\",\"position\":1,\"name\":\"Home\",\"item\":\"https:\/\/tuzlainfo.ba\/\"},{\"@type\":\"ListItem\",\"position\":2,\"name\":\"Ritmi\u010dka gimnastika: \u010clanice KRG Tuzla iz Novog Sada se vratile za 57 medalja\"}]},{\"@type\":\"WebSite\",\"@id\":\"https:\/\/tuzlainfo.ba\/#website\",\"url\":\"https:\/\/tuzlainfo.ba\/\",\"name\":\"TuzlaInfo.ba\",\"description\":\"Tuzla info, gradski informator - Tuzla na dlanu\",\"publisher\":{\"@id\":\"https:\/\/tuzlainfo.ba\/#organization\"},\"potentialAction\":[{\"@type\":\"SearchAction\",\"target\":{\"@type\":\"EntryPoint\",\"urlTemplate\":\"https:\/\/tuzlainfo.ba\/?s={search_term_string}\"},\"query-input\":{\"@type\":\"PropertyValueSpecification\",\"valueRequired\":true,\"valueName\":\"search_term_string\"}}],\"inLanguage\":\"bs-BA\"},{\"@type\":\"Organization\",\"@id\":\"https:\/\/tuzlainfo.ba\/#organization\",\"name\":\"TuzlaInfo.ba\",\"url\":\"https:\/\/tuzlainfo.ba\/\",\"logo\":{\"@type\":\"ImageObject\",\"inLanguage\":\"bs-BA\",\"@id\":\"https:\/\/tuzlainfo.ba\/#\/schema\/logo\/image\/\",\"url\":\"https:\/\/tuzlainfo.ba\/wp-content\/uploads\/2021\/03\/logo-ver-3-1.png\",\"contentUrl\":\"https:\/\/tuzlainfo.ba\/wp-content\/uploads\/2021\/03\/logo-ver-3-1.png\",\"width\":350,\"height\":95,\"caption\":\"TuzlaInfo.ba\"},\"image\":{\"@id\":\"https:\/\/tuzlainfo.ba\/#\/schema\/logo\/image\/\"},\"sameAs\":[\"https:\/\/www.facebook.com\/tuzlainfo.ba\/\"]},{\"@type\":\"Person\",\"@id\":\"https:\/\/tuzlainfo.ba\/#\/schema\/person\/f434e20dc27ea133923aab08451b7f7f\",\"name\":\"nedim\",\"image\":{\"@type\":\"ImageObject\",\"inLanguage\":\"bs-BA\",\"@id\":\"https:\/\/tuzlainfo.ba\/#\/schema\/person\/image\/\",\"url\":\"https:\/\/tuzlainfo.ba\/wp-content\/litespeed\/avatar\/aabad687af24844af817603ac1cbdc4f.jpg?ver=1777306975\",\"contentUrl\":\"https:\/\/tuzlainfo.ba\/wp-content\/litespeed\/avatar\/aabad687af24844af817603ac1cbdc4f.jpg?ver=1777306975\",\"caption\":\"nedim\"},\"description\":\"Tuzlainfo.ba pratite na dru\u0161tvenim mre\u017eama: Facebook, Instagram i Youtube. Svoje pri\u010de, upite i fotografije \u0161aljite na na\u0161u e-mail adresu.\"}]}<\/script>\n<!-- \/ Yoast SEO plugin. -->","yoast_head_json":{"title":"Ritmi\u010dka gimnastika: \u010clanice KRG Tuzla iz Novog Sada se vratile za 57 medalja - TuzlaInfo.ba","robots":{"index":"index","follow":"follow","max-snippet":"max-snippet:-1","max-image-preview":"max-image-preview:large","max-video-preview":"max-video-preview:-1"},"canonical":"https:\/\/tuzlainfo.ba\/index.php\/novosti\/item\/204595-ritmicka-gimnastika-clanice-krg-tuzla-iz-novog-sada-se-vratile-za-57-medalja\/","og_locale":"bs_BA","og_type":"article","og_title":"Ritmi\u010dka gimnastika: \u010clanice KRG Tuzla iz Novog Sada se vratile za 57 medalja - TuzlaInfo.ba","og_description":"Ovog vikenda odr\u017ean je 13. internacionani turnir u ritmi\u010dkoj gimnastici pod nazivom\u00a0 &#8220;REVIJA ELIT PLUS&#8221;&hellip;","og_url":"https:\/\/tuzlainfo.ba\/index.php\/novosti\/item\/204595-ritmicka-gimnastika-clanice-krg-tuzla-iz-novog-sada-se-vratile-za-57-medalja\/","og_site_name":"TuzlaInfo.ba","article_publisher":"https:\/\/www.facebook.com\/tuzlainfo.ba\/","article_published_time":"2023-05-14T12:21:55+00:00","og_image":[{"width":1600,"height":1200,"url":"https:\/\/tuzlainfo.ba\/wp-content\/uploads\/2023\/05\/1405_KRG_ritmicka-10.jpg","type":"image\/jpeg"}],"author":"nedim","twitter_card":"summary_large_image","twitter_misc":{"Written by":"nedim","Est. reading time":"1 minuta"},"schema":{"@context":"https:\/\/schema.org","@graph":[{"@type":"Article","@id":"https:\/\/tuzlainfo.ba\/index.php\/novosti\/item\/204595-ritmicka-gimnastika-clanice-krg-tuzla-iz-novog-sada-se-vratile-za-57-medalja\/#article","isPartOf":{"@id":"https:\/\/tuzlainfo.ba\/index.php\/novosti\/item\/204595-ritmicka-gimnastika-clanice-krg-tuzla-iz-novog-sada-se-vratile-za-57-medalja\/"},"author":{"name":"nedim","@id":"https:\/\/tuzlainfo.ba\/#\/schema\/person\/f434e20dc27ea133923aab08451b7f7f"},"headline":"Ritmi\u010dka gimnastika: \u010clanice KRG Tuzla iz Novog Sada se vratile za 57 medalja","datePublished":"2023-05-14T12:21:55+00:00","dateModified":"2023-05-14T12:21:55+00:00","mainEntityOfPage":{"@id":"https:\/\/tuzlainfo.ba\/index.php\/novosti\/item\/204595-ritmicka-gimnastika-clanice-krg-tuzla-iz-novog-sada-se-vratile-za-57-medalja\/"},"wordCount":311,"commentCount":0,"publisher":{"@id":"https:\/\/tuzlainfo.ba\/#organization"},"image":{"@id":"https:\/\/tuzlainfo.ba\/index.php\/novosti\/item\/204595-ritmicka-gimnastika-clanice-krg-tuzla-iz-novog-sada-se-vratile-za-57-medalja\/#primaryimage"},"thumbnailUrl":"https:\/\/tuzlainfo.ba\/wp-content\/uploads\/2023\/05\/1405_KRG_ritmicka-10.jpg","keywords":["KRG Tuzla","ritmi\u010dka gimnastika","sport"],"articleSection":["Istaknuto","Novosti"],"inLanguage":"bs-BA"},{"@type":"WebPage","@id":"https:\/\/tuzlainfo.ba\/index.php\/novosti\/item\/204595-ritmicka-gimnastika-clanice-krg-tuzla-iz-novog-sada-se-vratile-za-57-medalja\/","url":"https:\/\/tuzlainfo.ba\/index.php\/novosti\/item\/204595-ritmicka-gimnastika-clanice-krg-tuzla-iz-novog-sada-se-vratile-za-57-medalja\/","name":"Ritmi\u010dka gimnastika: \u010clanice KRG Tuzla iz Novog Sada se vratile za 57 medalja - TuzlaInfo.ba","isPartOf":{"@id":"https:\/\/tuzlainfo.ba\/#website"},"primaryImageOfPage":{"@id":"https:\/\/tuzlainfo.ba\/index.php\/novosti\/item\/204595-ritmicka-gimnastika-clanice-krg-tuzla-iz-novog-sada-se-vratile-za-57-medalja\/#primaryimage"},"image":{"@id":"https:\/\/tuzlainfo.ba\/index.php\/novosti\/item\/204595-ritmicka-gimnastika-clanice-krg-tuzla-iz-novog-sada-se-vratile-za-57-medalja\/#primaryimage"},"thumbnailUrl":"https:\/\/tuzlainfo.ba\/wp-content\/uploads\/2023\/05\/1405_KRG_ritmicka-10.jpg","datePublished":"2023-05-14T12:21:55+00:00","dateModified":"2023-05-14T12:21:55+00:00","breadcrumb":{"@id":"https:\/\/tuzlainfo.ba\/index.php\/novosti\/item\/204595-ritmicka-gimnastika-clanice-krg-tuzla-iz-novog-sada-se-vratile-za-57-medalja\/#breadcrumb"},"inLanguage":"bs-BA","potentialAction":[{"@type":"ReadAction","target":["https:\/\/tuzlainfo.ba\/index.php\/novosti\/item\/204595-ritmicka-gimnastika-clanice-krg-tuzla-iz-novog-sada-se-vratile-za-57-medalja\/"]}]},{"@type":"ImageObject","inLanguage":"bs-BA","@id":"https:\/\/tuzlainfo.ba\/index.php\/novosti\/item\/204595-ritmicka-gimnastika-clanice-krg-tuzla-iz-novog-sada-se-vratile-za-57-medalja\/#primaryimage","url":"https:\/\/tuzlainfo.ba\/wp-content\/uploads\/2023\/05\/1405_KRG_ritmicka-10.jpg","contentUrl":"https:\/\/tuzlainfo.ba\/wp-content\/uploads\/2023\/05\/1405_KRG_ritmicka-10.jpg","width":1600,"height":1200},{"@type":"BreadcrumbList","@id":"https:\/\/tuzlainfo.ba\/index.php\/novosti\/item\/204595-ritmicka-gimnastika-clanice-krg-tuzla-iz-novog-sada-se-vratile-za-57-medalja\/#breadcrumb","itemListElement":[{"@type":"ListItem","position":1,"name":"Home","item":"https:\/\/tuzlainfo.ba\/"},{"@type":"ListItem","position":2,"name":"Ritmi\u010dka gimnastika: \u010clanice KRG Tuzla iz Novog Sada se vratile za 57 medalja"}]},{"@type":"WebSite","@id":"https:\/\/tuzlainfo.ba\/#website","url":"https:\/\/tuzlainfo.ba\/","name":"TuzlaInfo.ba","description":"Tuzla info, gradski informator - Tuzla na dlanu","publisher":{"@id":"https:\/\/tuzlainfo.ba\/#organization"},"potentialAction":[{"@type":"SearchAction","target":{"@type":"EntryPoint","urlTemplate":"https:\/\/tuzlainfo.ba\/?s={search_term_string}"},"query-input":{"@type":"PropertyValueSpecification","valueRequired":true,"valueName":"search_term_string"}}],"inLanguage":"bs-BA"},{"@type":"Organization","@id":"https:\/\/tuzlainfo.ba\/#organization","name":"TuzlaInfo.ba","url":"https:\/\/tuzlainfo.ba\/","logo":{"@type":"ImageObject","inLanguage":"bs-BA","@id":"https:\/\/tuzlainfo.ba\/#\/schema\/logo\/image\/","url":"https:\/\/tuzlainfo.ba\/wp-content\/uploads\/2021\/03\/logo-ver-3-1.png","contentUrl":"https:\/\/tuzlainfo.ba\/wp-content\/uploads\/2021\/03\/logo-ver-3-1.png","width":350,"height":95,"caption":"TuzlaInfo.ba"},"image":{"@id":"https:\/\/tuzlainfo.ba\/#\/schema\/logo\/image\/"},"sameAs":["https:\/\/www.facebook.com\/tuzlainfo.ba\/"]},{"@type":"Person","@id":"https:\/\/tuzlainfo.ba\/#\/schema\/person\/f434e20dc27ea133923aab08451b7f7f","name":"nedim","image":{"@type":"ImageObject","inLanguage":"bs-BA","@id":"https:\/\/tuzlainfo.ba\/#\/schema\/person\/image\/","url":"https:\/\/tuzlainfo.ba\/wp-content\/litespeed\/avatar\/aabad687af24844af817603ac1cbdc4f.jpg?ver=1777306975","contentUrl":"https:\/\/tuzlainfo.ba\/wp-content\/litespeed\/avatar\/aabad687af24844af817603ac1cbdc4f.jpg?ver=1777306975","caption":"nedim"},"description":"Tuzlainfo.ba pratite na dru\u0161tvenim mre\u017eama: Facebook, Instagram i Youtube. Svoje pri\u010de, upite i fotografije \u0161aljite na na\u0161u e-mail adresu."}]}},"_links":{"self":[{"href":"https:\/\/tuzlainfo.ba\/index.php\/wp-json\/wp\/v2\/posts\/204595"}],"collection":[{"href":"https:\/\/tuzlainfo.ba\/index.php\/wp-json\/wp\/v2\/posts"}],"about":[{"href":"https:\/\/tuzlainfo.ba\/index.php\/wp-json\/wp\/v2\/types\/post"}],"author":[{"embeddable":true,"href":"https:\/\/tuzlainfo.ba\/index.php\/wp-json\/wp\/v2\/users\/2"}],"replies":[{"embeddable":true,"href":"https:\/\/tuzlainfo.ba\/index.php\/wp-json\/wp\/v2\/comments?post=204595"}],"version-history":[{"count":0,"href":"https:\/\/tuzlainfo.ba\/index.php\/wp-json\/wp\/v2\/posts\/204595\/revisions"}],"wp:featuredmedia":[{"embeddable":true,"href":"https:\/\/tuzlainfo.ba\/index.php\/wp-json\/wp\/v2\/media\/204604"}],"wp:attachment":[{"href":"https:\/\/tuzlainfo.ba\/index.php\/wp-json\/wp\/v2\/media?parent=204595"}],"wp:term":[{"taxonomy":"category","embeddable":true,"href":"https:\/\/tuzlainfo.ba\/index.php\/wp-json\/wp\/v2\/categories?post=204595"},{"taxonomy":"post_tag","embeddable":true,"href":"https:\/\/tuzlainfo.ba\/index.php\/wp-json\/wp\/v2\/tags?post=204595"}],"curies":[{"name":"wp","href":"https:\/\/api.w.org\/{rel}","templated":true}]}}