{"id":204507,"date":"2023-05-13T12:47:57","date_gmt":"2023-05-13T10:47:57","guid":{"rendered":"https:\/\/tuzlainfo.ba\/?p=204507"},"modified":"2023-05-13T12:47:57","modified_gmt":"2023-05-13T10:47:57","slug":"ukc-tuzla-danas-pocinje-tecaj-ultrazvucne-dijagnostike-vratne-regije","status":"publish","type":"post","link":"https:\/\/tuzlainfo.ba\/index.php\/novosti\/item\/204507-ukc-tuzla-danas-pocinje-tecaj-ultrazvucne-dijagnostike-vratne-regije\/","title":{"rendered":"UKC Tuzla: Danas po\u010dinje te\u010daj ultrazvu\u010dne dijagnostike vratne regije"},"content":{"rendered":"<p>U organizaciji JZU UKC Tuzla i Ljekarske komore Tuzlanskog kantona, u periodu od 12. do 19. maja 2023. godine, u prostorijama Univerzitetskog klini\u010dkog centru Tuzla, odr\u017eat \u0107e se postdiplomski te\u010daj stalnog medicinskog usavr\u0161avanja iz oblasti ultrazvu\u010dne dijagnostike prednje vratne regije.<\/p>\n<p>Voditelj te\u010daja je prim. dr. sc. Belkisa Izi\u0107, dr. med. prim, specijalista nuklearne medicine, a predava\u010di su specijalisti iz oblasti nuklearne medicine sa dugogodi\u0161njim iskustvom u oblasti ultrasonografije.<\/p>\n<p>Polaznici te\u010daja pro\u0107i \u0107e teorijsku, a potom i prakti\u010dnu obuku, nakon \u010dega \u0107e biti osposobljeni za samostalni rad.<\/p>\n<p>Cilj organizatora te\u010daja ultrazvu\u010dne dijagnostike vrata je da se osavremeni i pobolj\u0161a nivo ultrasonografije, kao i da se omogu\u0107i kvalitetnija edukacija ljekara.<\/p>\n","protected":false},"excerpt":{"rendered":"<p>U organizaciji JZU UKC Tuzla i Ljekarske komore Tuzlanskog kantona, u periodu od 12. do&hellip;<\/p>\n","protected":false},"author":2,"featured_media":204508,"comment_status":"open","ping_status":"closed","sticky":false,"template":"","format":"standard","meta":{"_acf_changed":false,"footnotes":""},"categories":[304,12],"tags":[5630,458,6919],"acf":[],"yoast_head":"<!-- This site is optimized with the Yoast SEO plugin v23.5 - https:\/\/yoast.com\/wordpress\/plugins\/seo\/ -->\n<title>UKC Tuzla: Danas po\u010dinje te\u010daj ultrazvu\u010dne dijagnostike vratne regije - TuzlaInfo.ba<\/title>\n<meta name=\"robots\" content=\"index, follow, max-snippet:-1, max-image-preview:large, max-video-preview:-1\" \/>\n<link rel=\"canonical\" href=\"https:\/\/tuzlainfo.ba\/index.php\/novosti\/item\/204507-ukc-tuzla-danas-pocinje-tecaj-ultrazvucne-dijagnostike-vratne-regije\/\" \/>\n<meta property=\"og:locale\" content=\"bs_BA\" \/>\n<meta property=\"og:type\" content=\"article\" \/>\n<meta property=\"og:title\" content=\"UKC Tuzla: Danas po\u010dinje te\u010daj ultrazvu\u010dne dijagnostike vratne regije - TuzlaInfo.ba\" \/>\n<meta property=\"og:description\" content=\"U organizaciji JZU UKC Tuzla i Ljekarske komore Tuzlanskog kantona, u periodu od 12. do&hellip;\" \/>\n<meta property=\"og:url\" content=\"https:\/\/tuzlainfo.ba\/index.php\/novosti\/item\/204507-ukc-tuzla-danas-pocinje-tecaj-ultrazvucne-dijagnostike-vratne-regije\/\" \/>\n<meta property=\"og:site_name\" content=\"TuzlaInfo.ba\" \/>\n<meta property=\"article:publisher\" content=\"https:\/\/www.facebook.com\/tuzlainfo.ba\/\" \/>\n<meta property=\"article:published_time\" content=\"2023-05-13T10:47:57+00:00\" \/>\n<meta property=\"og:image\" content=\"https:\/\/tuzlainfo.ba\/wp-content\/uploads\/2023\/05\/1305_ultrazvuk.jpg\" \/>\n\t<meta property=\"og:image:width\" content=\"800\" \/>\n\t<meta property=\"og:image:height\" content=\"445\" \/>\n\t<meta property=\"og:image:type\" content=\"image\/jpeg\" \/>\n<meta name=\"author\" content=\"nedim\" \/>\n<meta name=\"twitter:card\" content=\"summary_large_image\" \/>\n<meta name=\"twitter:label1\" content=\"Written by\" \/>\n\t<meta name=\"twitter:data1\" content=\"nedim\" \/>\n\t<meta name=\"twitter:label2\" content=\"Est. reading time\" \/>\n\t<meta name=\"twitter:data2\" content=\"1 minuta\" \/>\n<script type=\"application\/ld+json\" class=\"yoast-schema-graph\">{\"@context\":\"https:\/\/schema.org\",\"@graph\":[{\"@type\":\"Article\",\"@id\":\"https:\/\/tuzlainfo.ba\/index.php\/novosti\/item\/204507-ukc-tuzla-danas-pocinje-tecaj-ultrazvucne-dijagnostike-vratne-regije\/#article\",\"isPartOf\":{\"@id\":\"https:\/\/tuzlainfo.ba\/index.php\/novosti\/item\/204507-ukc-tuzla-danas-pocinje-tecaj-ultrazvucne-dijagnostike-vratne-regije\/\"},\"author\":{\"name\":\"nedim\",\"@id\":\"https:\/\/tuzlainfo.ba\/#\/schema\/person\/f434e20dc27ea133923aab08451b7f7f\"},\"headline\":\"UKC Tuzla: Danas po\u010dinje te\u010daj ultrazvu\u010dne dijagnostike vratne regije\",\"datePublished\":\"2023-05-13T10:47:57+00:00\",\"dateModified\":\"2023-05-13T10:47:57+00:00\",\"mainEntityOfPage\":{\"@id\":\"https:\/\/tuzlainfo.ba\/index.php\/novosti\/item\/204507-ukc-tuzla-danas-pocinje-tecaj-ultrazvucne-dijagnostike-vratne-regije\/\"},\"wordCount\":132,\"commentCount\":0,\"publisher\":{\"@id\":\"https:\/\/tuzlainfo.ba\/#organization\"},\"image\":{\"@id\":\"https:\/\/tuzlainfo.ba\/index.php\/novosti\/item\/204507-ukc-tuzla-danas-pocinje-tecaj-ultrazvucne-dijagnostike-vratne-regije\/#primaryimage\"},\"thumbnailUrl\":\"https:\/\/tuzlainfo.ba\/wp-content\/uploads\/2023\/05\/1305_ultrazvuk.jpg\",\"keywords\":[\"Belkisa Izi\u0107\",\"ukc tuzla\",\"ultrazvu\u010dna djagnostika\"],\"articleSection\":[\"Istaknuto\",\"Novosti\"],\"inLanguage\":\"bs-BA\"},{\"@type\":\"WebPage\",\"@id\":\"https:\/\/tuzlainfo.ba\/index.php\/novosti\/item\/204507-ukc-tuzla-danas-pocinje-tecaj-ultrazvucne-dijagnostike-vratne-regije\/\",\"url\":\"https:\/\/tuzlainfo.ba\/index.php\/novosti\/item\/204507-ukc-tuzla-danas-pocinje-tecaj-ultrazvucne-dijagnostike-vratne-regije\/\",\"name\":\"UKC Tuzla: Danas po\u010dinje te\u010daj ultrazvu\u010dne dijagnostike vratne regije - TuzlaInfo.ba\",\"isPartOf\":{\"@id\":\"https:\/\/tuzlainfo.ba\/#website\"},\"primaryImageOfPage\":{\"@id\":\"https:\/\/tuzlainfo.ba\/index.php\/novosti\/item\/204507-ukc-tuzla-danas-pocinje-tecaj-ultrazvucne-dijagnostike-vratne-regije\/#primaryimage\"},\"image\":{\"@id\":\"https:\/\/tuzlainfo.ba\/index.php\/novosti\/item\/204507-ukc-tuzla-danas-pocinje-tecaj-ultrazvucne-dijagnostike-vratne-regije\/#primaryimage\"},\"thumbnailUrl\":\"https:\/\/tuzlainfo.ba\/wp-content\/uploads\/2023\/05\/1305_ultrazvuk.jpg\",\"datePublished\":\"2023-05-13T10:47:57+00:00\",\"dateModified\":\"2023-05-13T10:47:57+00:00\",\"breadcrumb\":{\"@id\":\"https:\/\/tuzlainfo.ba\/index.php\/novosti\/item\/204507-ukc-tuzla-danas-pocinje-tecaj-ultrazvucne-dijagnostike-vratne-regije\/#breadcrumb\"},\"inLanguage\":\"bs-BA\",\"potentialAction\":[{\"@type\":\"ReadAction\",\"target\":[\"https:\/\/tuzlainfo.ba\/index.php\/novosti\/item\/204507-ukc-tuzla-danas-pocinje-tecaj-ultrazvucne-dijagnostike-vratne-regije\/\"]}]},{\"@type\":\"ImageObject\",\"inLanguage\":\"bs-BA\",\"@id\":\"https:\/\/tuzlainfo.ba\/index.php\/novosti\/item\/204507-ukc-tuzla-danas-pocinje-tecaj-ultrazvucne-dijagnostike-vratne-regije\/#primaryimage\",\"url\":\"https:\/\/tuzlainfo.ba\/wp-content\/uploads\/2023\/05\/1305_ultrazvuk.jpg\",\"contentUrl\":\"https:\/\/tuzlainfo.ba\/wp-content\/uploads\/2023\/05\/1305_ultrazvuk.jpg\",\"width\":800,\"height\":445},{\"@type\":\"BreadcrumbList\",\"@id\":\"https:\/\/tuzlainfo.ba\/index.php\/novosti\/item\/204507-ukc-tuzla-danas-pocinje-tecaj-ultrazvucne-dijagnostike-vratne-regije\/#breadcrumb\",\"itemListElement\":[{\"@type\":\"ListItem\",\"position\":1,\"name\":\"Home\",\"item\":\"https:\/\/tuzlainfo.ba\/\"},{\"@type\":\"ListItem\",\"position\":2,\"name\":\"UKC Tuzla: Danas po\u010dinje te\u010daj ultrazvu\u010dne dijagnostike vratne regije\"}]},{\"@type\":\"WebSite\",\"@id\":\"https:\/\/tuzlainfo.ba\/#website\",\"url\":\"https:\/\/tuzlainfo.ba\/\",\"name\":\"TuzlaInfo.ba\",\"description\":\"Tuzla info, gradski informator - Tuzla na dlanu\",\"publisher\":{\"@id\":\"https:\/\/tuzlainfo.ba\/#organization\"},\"potentialAction\":[{\"@type\":\"SearchAction\",\"target\":{\"@type\":\"EntryPoint\",\"urlTemplate\":\"https:\/\/tuzlainfo.ba\/?s={search_term_string}\"},\"query-input\":{\"@type\":\"PropertyValueSpecification\",\"valueRequired\":true,\"valueName\":\"search_term_string\"}}],\"inLanguage\":\"bs-BA\"},{\"@type\":\"Organization\",\"@id\":\"https:\/\/tuzlainfo.ba\/#organization\",\"name\":\"TuzlaInfo.ba\",\"url\":\"https:\/\/tuzlainfo.ba\/\",\"logo\":{\"@type\":\"ImageObject\",\"inLanguage\":\"bs-BA\",\"@id\":\"https:\/\/tuzlainfo.ba\/#\/schema\/logo\/image\/\",\"url\":\"https:\/\/tuzlainfo.ba\/wp-content\/uploads\/2021\/03\/logo-ver-3-1.png\",\"contentUrl\":\"https:\/\/tuzlainfo.ba\/wp-content\/uploads\/2021\/03\/logo-ver-3-1.png\",\"width\":350,\"height\":95,\"caption\":\"TuzlaInfo.ba\"},\"image\":{\"@id\":\"https:\/\/tuzlainfo.ba\/#\/schema\/logo\/image\/\"},\"sameAs\":[\"https:\/\/www.facebook.com\/tuzlainfo.ba\/\"]},{\"@type\":\"Person\",\"@id\":\"https:\/\/tuzlainfo.ba\/#\/schema\/person\/f434e20dc27ea133923aab08451b7f7f\",\"name\":\"nedim\",\"image\":{\"@type\":\"ImageObject\",\"inLanguage\":\"bs-BA\",\"@id\":\"https:\/\/tuzlainfo.ba\/#\/schema\/person\/image\/\",\"url\":\"https:\/\/tuzlainfo.ba\/wp-content\/litespeed\/avatar\/aabad687af24844af817603ac1cbdc4f.jpg?ver=1777306975\",\"contentUrl\":\"https:\/\/tuzlainfo.ba\/wp-content\/litespeed\/avatar\/aabad687af24844af817603ac1cbdc4f.jpg?ver=1777306975\",\"caption\":\"nedim\"},\"description\":\"Tuzlainfo.ba pratite na dru\u0161tvenim mre\u017eama: Facebook, Instagram i Youtube. Svoje pri\u010de, upite i fotografije \u0161aljite na na\u0161u e-mail adresu.\"}]}<\/script>\n<!-- \/ Yoast SEO plugin. -->","yoast_head_json":{"title":"UKC Tuzla: Danas po\u010dinje te\u010daj ultrazvu\u010dne dijagnostike vratne regije - TuzlaInfo.ba","robots":{"index":"index","follow":"follow","max-snippet":"max-snippet:-1","max-image-preview":"max-image-preview:large","max-video-preview":"max-video-preview:-1"},"canonical":"https:\/\/tuzlainfo.ba\/index.php\/novosti\/item\/204507-ukc-tuzla-danas-pocinje-tecaj-ultrazvucne-dijagnostike-vratne-regije\/","og_locale":"bs_BA","og_type":"article","og_title":"UKC Tuzla: Danas po\u010dinje te\u010daj ultrazvu\u010dne dijagnostike vratne regije - TuzlaInfo.ba","og_description":"U organizaciji JZU UKC Tuzla i Ljekarske komore Tuzlanskog kantona, u periodu od 12. do&hellip;","og_url":"https:\/\/tuzlainfo.ba\/index.php\/novosti\/item\/204507-ukc-tuzla-danas-pocinje-tecaj-ultrazvucne-dijagnostike-vratne-regije\/","og_site_name":"TuzlaInfo.ba","article_publisher":"https:\/\/www.facebook.com\/tuzlainfo.ba\/","article_published_time":"2023-05-13T10:47:57+00:00","og_image":[{"width":800,"height":445,"url":"https:\/\/tuzlainfo.ba\/wp-content\/uploads\/2023\/05\/1305_ultrazvuk.jpg","type":"image\/jpeg"}],"author":"nedim","twitter_card":"summary_large_image","twitter_misc":{"Written by":"nedim","Est. reading time":"1 minuta"},"schema":{"@context":"https:\/\/schema.org","@graph":[{"@type":"Article","@id":"https:\/\/tuzlainfo.ba\/index.php\/novosti\/item\/204507-ukc-tuzla-danas-pocinje-tecaj-ultrazvucne-dijagnostike-vratne-regije\/#article","isPartOf":{"@id":"https:\/\/tuzlainfo.ba\/index.php\/novosti\/item\/204507-ukc-tuzla-danas-pocinje-tecaj-ultrazvucne-dijagnostike-vratne-regije\/"},"author":{"name":"nedim","@id":"https:\/\/tuzlainfo.ba\/#\/schema\/person\/f434e20dc27ea133923aab08451b7f7f"},"headline":"UKC Tuzla: Danas po\u010dinje te\u010daj ultrazvu\u010dne dijagnostike vratne regije","datePublished":"2023-05-13T10:47:57+00:00","dateModified":"2023-05-13T10:47:57+00:00","mainEntityOfPage":{"@id":"https:\/\/tuzlainfo.ba\/index.php\/novosti\/item\/204507-ukc-tuzla-danas-pocinje-tecaj-ultrazvucne-dijagnostike-vratne-regije\/"},"wordCount":132,"commentCount":0,"publisher":{"@id":"https:\/\/tuzlainfo.ba\/#organization"},"image":{"@id":"https:\/\/tuzlainfo.ba\/index.php\/novosti\/item\/204507-ukc-tuzla-danas-pocinje-tecaj-ultrazvucne-dijagnostike-vratne-regije\/#primaryimage"},"thumbnailUrl":"https:\/\/tuzlainfo.ba\/wp-content\/uploads\/2023\/05\/1305_ultrazvuk.jpg","keywords":["Belkisa Izi\u0107","ukc tuzla","ultrazvu\u010dna djagnostika"],"articleSection":["Istaknuto","Novosti"],"inLanguage":"bs-BA"},{"@type":"WebPage","@id":"https:\/\/tuzlainfo.ba\/index.php\/novosti\/item\/204507-ukc-tuzla-danas-pocinje-tecaj-ultrazvucne-dijagnostike-vratne-regije\/","url":"https:\/\/tuzlainfo.ba\/index.php\/novosti\/item\/204507-ukc-tuzla-danas-pocinje-tecaj-ultrazvucne-dijagnostike-vratne-regije\/","name":"UKC Tuzla: Danas po\u010dinje te\u010daj ultrazvu\u010dne dijagnostike vratne regije - TuzlaInfo.ba","isPartOf":{"@id":"https:\/\/tuzlainfo.ba\/#website"},"primaryImageOfPage":{"@id":"https:\/\/tuzlainfo.ba\/index.php\/novosti\/item\/204507-ukc-tuzla-danas-pocinje-tecaj-ultrazvucne-dijagnostike-vratne-regije\/#primaryimage"},"image":{"@id":"https:\/\/tuzlainfo.ba\/index.php\/novosti\/item\/204507-ukc-tuzla-danas-pocinje-tecaj-ultrazvucne-dijagnostike-vratne-regije\/#primaryimage"},"thumbnailUrl":"https:\/\/tuzlainfo.ba\/wp-content\/uploads\/2023\/05\/1305_ultrazvuk.jpg","datePublished":"2023-05-13T10:47:57+00:00","dateModified":"2023-05-13T10:47:57+00:00","breadcrumb":{"@id":"https:\/\/tuzlainfo.ba\/index.php\/novosti\/item\/204507-ukc-tuzla-danas-pocinje-tecaj-ultrazvucne-dijagnostike-vratne-regije\/#breadcrumb"},"inLanguage":"bs-BA","potentialAction":[{"@type":"ReadAction","target":["https:\/\/tuzlainfo.ba\/index.php\/novosti\/item\/204507-ukc-tuzla-danas-pocinje-tecaj-ultrazvucne-dijagnostike-vratne-regije\/"]}]},{"@type":"ImageObject","inLanguage":"bs-BA","@id":"https:\/\/tuzlainfo.ba\/index.php\/novosti\/item\/204507-ukc-tuzla-danas-pocinje-tecaj-ultrazvucne-dijagnostike-vratne-regije\/#primaryimage","url":"https:\/\/tuzlainfo.ba\/wp-content\/uploads\/2023\/05\/1305_ultrazvuk.jpg","contentUrl":"https:\/\/tuzlainfo.ba\/wp-content\/uploads\/2023\/05\/1305_ultrazvuk.jpg","width":800,"height":445},{"@type":"BreadcrumbList","@id":"https:\/\/tuzlainfo.ba\/index.php\/novosti\/item\/204507-ukc-tuzla-danas-pocinje-tecaj-ultrazvucne-dijagnostike-vratne-regije\/#breadcrumb","itemListElement":[{"@type":"ListItem","position":1,"name":"Home","item":"https:\/\/tuzlainfo.ba\/"},{"@type":"ListItem","position":2,"name":"UKC Tuzla: Danas po\u010dinje te\u010daj ultrazvu\u010dne dijagnostike vratne regije"}]},{"@type":"WebSite","@id":"https:\/\/tuzlainfo.ba\/#website","url":"https:\/\/tuzlainfo.ba\/","name":"TuzlaInfo.ba","description":"Tuzla info, gradski informator - Tuzla na dlanu","publisher":{"@id":"https:\/\/tuzlainfo.ba\/#organization"},"potentialAction":[{"@type":"SearchAction","target":{"@type":"EntryPoint","urlTemplate":"https:\/\/tuzlainfo.ba\/?s={search_term_string}"},"query-input":{"@type":"PropertyValueSpecification","valueRequired":true,"valueName":"search_term_string"}}],"inLanguage":"bs-BA"},{"@type":"Organization","@id":"https:\/\/tuzlainfo.ba\/#organization","name":"TuzlaInfo.ba","url":"https:\/\/tuzlainfo.ba\/","logo":{"@type":"ImageObject","inLanguage":"bs-BA","@id":"https:\/\/tuzlainfo.ba\/#\/schema\/logo\/image\/","url":"https:\/\/tuzlainfo.ba\/wp-content\/uploads\/2021\/03\/logo-ver-3-1.png","contentUrl":"https:\/\/tuzlainfo.ba\/wp-content\/uploads\/2021\/03\/logo-ver-3-1.png","width":350,"height":95,"caption":"TuzlaInfo.ba"},"image":{"@id":"https:\/\/tuzlainfo.ba\/#\/schema\/logo\/image\/"},"sameAs":["https:\/\/www.facebook.com\/tuzlainfo.ba\/"]},{"@type":"Person","@id":"https:\/\/tuzlainfo.ba\/#\/schema\/person\/f434e20dc27ea133923aab08451b7f7f","name":"nedim","image":{"@type":"ImageObject","inLanguage":"bs-BA","@id":"https:\/\/tuzlainfo.ba\/#\/schema\/person\/image\/","url":"https:\/\/tuzlainfo.ba\/wp-content\/litespeed\/avatar\/aabad687af24844af817603ac1cbdc4f.jpg?ver=1777306975","contentUrl":"https:\/\/tuzlainfo.ba\/wp-content\/litespeed\/avatar\/aabad687af24844af817603ac1cbdc4f.jpg?ver=1777306975","caption":"nedim"},"description":"Tuzlainfo.ba pratite na dru\u0161tvenim mre\u017eama: Facebook, Instagram i Youtube. Svoje pri\u010de, upite i fotografije \u0161aljite na na\u0161u e-mail adresu."}]}},"_links":{"self":[{"href":"https:\/\/tuzlainfo.ba\/index.php\/wp-json\/wp\/v2\/posts\/204507"}],"collection":[{"href":"https:\/\/tuzlainfo.ba\/index.php\/wp-json\/wp\/v2\/posts"}],"about":[{"href":"https:\/\/tuzlainfo.ba\/index.php\/wp-json\/wp\/v2\/types\/post"}],"author":[{"embeddable":true,"href":"https:\/\/tuzlainfo.ba\/index.php\/wp-json\/wp\/v2\/users\/2"}],"replies":[{"embeddable":true,"href":"https:\/\/tuzlainfo.ba\/index.php\/wp-json\/wp\/v2\/comments?post=204507"}],"version-history":[{"count":0,"href":"https:\/\/tuzlainfo.ba\/index.php\/wp-json\/wp\/v2\/posts\/204507\/revisions"}],"wp:featuredmedia":[{"embeddable":true,"href":"https:\/\/tuzlainfo.ba\/index.php\/wp-json\/wp\/v2\/media\/204508"}],"wp:attachment":[{"href":"https:\/\/tuzlainfo.ba\/index.php\/wp-json\/wp\/v2\/media?parent=204507"}],"wp:term":[{"taxonomy":"category","embeddable":true,"href":"https:\/\/tuzlainfo.ba\/index.php\/wp-json\/wp\/v2\/categories?post=204507"},{"taxonomy":"post_tag","embeddable":true,"href":"https:\/\/tuzlainfo.ba\/index.php\/wp-json\/wp\/v2\/tags?post=204507"}],"curies":[{"name":"wp","href":"https:\/\/api.w.org\/{rel}","templated":true}]}}