{"id":204274,"date":"2023-05-10T20:55:32","date_gmt":"2023-05-10T18:55:32","guid":{"rendered":"https:\/\/tuzlainfo.ba\/?p=204274"},"modified":"2023-05-10T20:33:15","modified_gmt":"2023-05-10T18:33:15","slug":"obiljezavanje-dana-odbrane-sapne-tradicionalno-prisjecanje-na-heroje-odbrambeno-oslobodilackog-rata","status":"publish","type":"post","link":"https:\/\/tuzlainfo.ba\/index.php\/novosti\/item\/204274-obiljezavanje-dana-odbrane-sapne-tradicionalno-prisjecanje-na-heroje-odbrambeno-oslobodilackog-rata\/","title":{"rendered":"Obilje\u017eavanje Dana odbrane Sapne: Tradicionalno prisje\u0107anje na heroje odbrambeno \u2013 oslobodila\u010dkog rata"},"content":{"rendered":"<p>Premijer Tuzlanskog kantona Irfan Halilagi\u0107 i delegacija Vlade Tuzlanskog kantona prisustvovala je danas obilje\u017eavanju zavr\u0161noj manifestaciji \u201eDani odbrane Sapne\u201c.<\/p>\n<p>U okvirima ove manifestacije, koja traje od 5. maja, brojni zvani\u010dnici, biv\u0161i komandanti i borci odali su po\u010dast poginulim suborcima i prisjetili se ratnih de\u0161avanja na ovom podru\u010dju na\u0161eg kantona. Dani odbrane sapne dani su prisje\u0107anja na herojske podvige mje\u0161tana Sapne prije svih, koji su stali na bedem odbrane Bosne i Hercegovine i taj bedem odr\u017eali kao nepremostivu prepreku znatno bolje naoru\u017eanom i znatno brojnijem agresoru.<\/p>\n<p>Podsje\u0107amo, neprijateljska ofanziva \u201e\u010ceki\u0107 i nakovanj\u201c, koja je po\u010dela 06. maja 1995. godine, do\u017eivjela je svoj potpuni neuspjeh i krah, kada su jedinice Armije RBiH, na podru\u010dju Visoke glavice, porazile agresora. Tako\u0111er,\u00a0 istog datuma ali 1992. godine, na po\u010detku ratnih de\u0161avanja, slabo naoru\u017eane jedinice Teritorijalne odbrane RBiH su sa ovih prostora, u \u017eestokom protiv udaru, otjerale jake snage JNA, srpskih dobrovolja\u010dkih jedinica i lokalnih srpskih formacija, koje su, potpomognute tenkovskim jedinicama, iz pravca Zvornika, zaposjele polo\u017eaje u Kraljevi\u0107ima, Sapni i na Gaju. Tog 6. maja 1992. godine, srpske snage su, i pored ogromne nadmo\u0107i u tehnici i ljudstvu, do\u017eivjele poraz i primorane su na povla\u010denje. Time je Teritorijalna odbrana oslobodila Sapnu, Gaj, Kraljevi\u0107e i druga privremeno okupirana naselja, te sprije\u010dila potpunu okupaciju slobodne sapanjske teritorije.<\/p>\n<p>Dani odbrane Sapne prilika su i da se prisjeti heroja odbrambeno \u2013 oslobodila\u010dkog rata Mehdina Hod\u017ei\u0107a, Kapetana Senada ili nadaleko poznatog Crnog labuda, koji je poginuo prilikom zarobljavanja prvog tenka i samohotke za potrebe Armije RBiH.<\/p>\n<p>Delegacije Vlade i Skup\u0161tine Tuzlanskog kantona predvo\u0111ene premijerom Halilagi\u0107em i predsjednikom Skup\u0161tine \u017darkom Vujovi\u0107em, danas su polo\u017eile cvije\u0107e i odale po\u010dast na spomen obilje\u017eju Heroju i poginulim pripadnicima Armije RBiH u Zaseoku kod Sapne, Centralnom spomen obilje\u017eju u MZ Zaseok, te Centralnom spomen obilje\u017eju poginulim pripadnicima Armije RBiH u Sapni.<\/p>\n<p>U svom obra\u0107anju prisutnima premijer Halilagi\u0107 je akcentirao potrebu da mlade osobe, nove generacije dobro poznaju svoju historiju, kako bi sprije\u010dili da im se ona cikli\u010dno ponavlja.<\/p>\n<p>\u201eNa\u017ealost mnoge generacije nisu poznavale bitne \u010dinjenice iz odbrambeno oslobodila\u010dkog rata. Zbog toga smo pro\u0161le godine u ud\u017ebenike historije za IX razred osnovnih \u0161kola uveli ovu tematiku, i od pro\u0161le godine pa ubudu\u0107e niko nam ne\u0107e braniti da izu\u010davamo svoju historiju, da je dobro poznajemo, da ne dozvolimo da nam je falsifikuju i da se njome ponosimo, jer imamo \u010dime. To je na\u0161a i du\u017enost i obaveza spram ljudi i \u017ertve koju su nam heroji poput Mehdina ostavili u amanet. Tako\u0111er, danas u ovom turbulentnom politi\u010dkom vremenu moramo zauzeti stavove, povu\u0107i crvene linije ispod kojih ne smijemo i\u0107i u smislu odr\u017eavanja stabilnosti i opstojnosti Bosne i Hercegovine, te ne smijemo dozvoljavati da zbog sitnih li\u010dnih interesa pojedinaca izdajemo dr\u017eavne interese. I danas dr\u017eavni\u010dkim potezima moramo se boriti za istu onu ideju za koju su na\u0161i heroji, kojih se danas i posebno ovih dana sje\u0107amo, dali svoje \u017eivote. Zbog toga mi je posebno drago \u0161to dana\u0161njem obilje\u017eavanju prisustvuje veliki broj mladih. Od njih o\u010dekujemo da gaje patriotski duh i da, poznaju\u0107i historijske \u010dinjenice, svojim rije\u010dima i djelima brane cjelovitu, suverenu i jedinstvenu, na\u0161u jedinu domovinu Bosnu i Hercegovinu\u201c, kazao je premijer Halilagi\u0107 i jo\u0161 jednom izrazio zahvalnost svim pripadnicima bora\u010dke populacije za njihov doprinos u o\u010duvanju slobode u kojoj danas imamo priliku u\u017eivati.<\/p>\n<p>U okviru dana\u0161njeg, centralnog doga\u0111aja cijele manifestacije pro\u010ditan je referat o liku i djelu heroja odbrambeno-oslobodila\u010dkog rata Mehdina Hod\u017ei\u0107a Senada i historijski \u010das o ratnim de\u0161avanjima na ovom podru\u010dju i zna\u010daju odbrane ovog podru\u010dja za Tuzlansku regiju i Bosnu i Hercegovinu u cjelini.<\/p>\n","protected":false},"excerpt":{"rendered":"<p>Premijer Tuzlanskog kantona Irfan Halilagi\u0107 i delegacija Vlade Tuzlanskog kantona prisustvovala je danas obilje\u017eavanju zavr\u0161noj&hellip;<\/p>\n","protected":false},"author":2,"featured_media":204276,"comment_status":"open","ping_status":"closed","sticky":false,"template":"","format":"standard","meta":{"_acf_changed":false,"footnotes":""},"categories":[304,12],"tags":[856,336],"acf":[],"yoast_head":"<!-- This site is optimized with the Yoast SEO plugin v23.5 - https:\/\/yoast.com\/wordpress\/plugins\/seo\/ -->\n<title>Obilje\u017eavanje Dana odbrane Sapne: Tradicionalno prisje\u0107anje na heroje odbrambeno \u2013 oslobodila\u010dkog rata - TuzlaInfo.ba<\/title>\n<meta name=\"robots\" content=\"index, follow, max-snippet:-1, max-image-preview:large, max-video-preview:-1\" \/>\n<link rel=\"canonical\" href=\"https:\/\/tuzlainfo.ba\/index.php\/novosti\/item\/204274-obiljezavanje-dana-odbrane-sapne-tradicionalno-prisjecanje-na-heroje-odbrambeno-oslobodilackog-rata\/\" \/>\n<meta property=\"og:locale\" content=\"bs_BA\" \/>\n<meta property=\"og:type\" content=\"article\" \/>\n<meta property=\"og:title\" content=\"Obilje\u017eavanje Dana odbrane Sapne: Tradicionalno prisje\u0107anje na heroje odbrambeno \u2013 oslobodila\u010dkog rata - TuzlaInfo.ba\" \/>\n<meta property=\"og:description\" content=\"Premijer Tuzlanskog kantona Irfan Halilagi\u0107 i delegacija Vlade Tuzlanskog kantona prisustvovala je danas obilje\u017eavanju zavr\u0161noj&hellip;\" \/>\n<meta property=\"og:url\" content=\"https:\/\/tuzlainfo.ba\/index.php\/novosti\/item\/204274-obiljezavanje-dana-odbrane-sapne-tradicionalno-prisjecanje-na-heroje-odbrambeno-oslobodilackog-rata\/\" \/>\n<meta property=\"og:site_name\" content=\"TuzlaInfo.ba\" \/>\n<meta property=\"article:publisher\" content=\"https:\/\/www.facebook.com\/tuzlainfo.ba\/\" \/>\n<meta property=\"article:published_time\" content=\"2023-05-10T18:55:32+00:00\" \/>\n<meta property=\"article:modified_time\" content=\"2023-05-10T18:33:15+00:00\" \/>\n<meta property=\"og:image\" content=\"https:\/\/tuzlainfo.ba\/wp-content\/uploads\/2023\/05\/1005_sapna.jpg\" \/>\n\t<meta property=\"og:image:width\" content=\"800\" \/>\n\t<meta property=\"og:image:height\" content=\"450\" \/>\n\t<meta property=\"og:image:type\" content=\"image\/jpeg\" \/>\n<meta name=\"author\" content=\"nedim\" \/>\n<meta name=\"twitter:card\" content=\"summary_large_image\" \/>\n<meta name=\"twitter:label1\" content=\"Written by\" \/>\n\t<meta name=\"twitter:data1\" content=\"nedim\" \/>\n\t<meta name=\"twitter:label2\" content=\"Est. reading time\" \/>\n\t<meta name=\"twitter:data2\" content=\"3 minute\" \/>\n<script type=\"application\/ld+json\" class=\"yoast-schema-graph\">{\"@context\":\"https:\/\/schema.org\",\"@graph\":[{\"@type\":\"Article\",\"@id\":\"https:\/\/tuzlainfo.ba\/index.php\/novosti\/item\/204274-obiljezavanje-dana-odbrane-sapne-tradicionalno-prisjecanje-na-heroje-odbrambeno-oslobodilackog-rata\/#article\",\"isPartOf\":{\"@id\":\"https:\/\/tuzlainfo.ba\/index.php\/novosti\/item\/204274-obiljezavanje-dana-odbrane-sapne-tradicionalno-prisjecanje-na-heroje-odbrambeno-oslobodilackog-rata\/\"},\"author\":{\"name\":\"nedim\",\"@id\":\"https:\/\/tuzlainfo.ba\/#\/schema\/person\/f434e20dc27ea133923aab08451b7f7f\"},\"headline\":\"Obilje\u017eavanje Dana odbrane Sapne: Tradicionalno prisje\u0107anje na heroje odbrambeno \u2013 oslobodila\u010dkog rata\",\"datePublished\":\"2023-05-10T18:55:32+00:00\",\"dateModified\":\"2023-05-10T18:33:15+00:00\",\"mainEntityOfPage\":{\"@id\":\"https:\/\/tuzlainfo.ba\/index.php\/novosti\/item\/204274-obiljezavanje-dana-odbrane-sapne-tradicionalno-prisjecanje-na-heroje-odbrambeno-oslobodilackog-rata\/\"},\"wordCount\":670,\"commentCount\":0,\"publisher\":{\"@id\":\"https:\/\/tuzlainfo.ba\/#organization\"},\"image\":{\"@id\":\"https:\/\/tuzlainfo.ba\/index.php\/novosti\/item\/204274-obiljezavanje-dana-odbrane-sapne-tradicionalno-prisjecanje-na-heroje-odbrambeno-oslobodilackog-rata\/#primaryimage\"},\"thumbnailUrl\":\"https:\/\/tuzlainfo.ba\/wp-content\/uploads\/2023\/05\/1005_sapna.jpg\",\"keywords\":[\"sapna\",\"vlada tk\"],\"articleSection\":[\"Istaknuto\",\"Novosti\"],\"inLanguage\":\"bs-BA\"},{\"@type\":\"WebPage\",\"@id\":\"https:\/\/tuzlainfo.ba\/index.php\/novosti\/item\/204274-obiljezavanje-dana-odbrane-sapne-tradicionalno-prisjecanje-na-heroje-odbrambeno-oslobodilackog-rata\/\",\"url\":\"https:\/\/tuzlainfo.ba\/index.php\/novosti\/item\/204274-obiljezavanje-dana-odbrane-sapne-tradicionalno-prisjecanje-na-heroje-odbrambeno-oslobodilackog-rata\/\",\"name\":\"Obilje\u017eavanje Dana odbrane Sapne: Tradicionalno prisje\u0107anje na heroje odbrambeno \u2013 oslobodila\u010dkog rata - TuzlaInfo.ba\",\"isPartOf\":{\"@id\":\"https:\/\/tuzlainfo.ba\/#website\"},\"primaryImageOfPage\":{\"@id\":\"https:\/\/tuzlainfo.ba\/index.php\/novosti\/item\/204274-obiljezavanje-dana-odbrane-sapne-tradicionalno-prisjecanje-na-heroje-odbrambeno-oslobodilackog-rata\/#primaryimage\"},\"image\":{\"@id\":\"https:\/\/tuzlainfo.ba\/index.php\/novosti\/item\/204274-obiljezavanje-dana-odbrane-sapne-tradicionalno-prisjecanje-na-heroje-odbrambeno-oslobodilackog-rata\/#primaryimage\"},\"thumbnailUrl\":\"https:\/\/tuzlainfo.ba\/wp-content\/uploads\/2023\/05\/1005_sapna.jpg\",\"datePublished\":\"2023-05-10T18:55:32+00:00\",\"dateModified\":\"2023-05-10T18:33:15+00:00\",\"breadcrumb\":{\"@id\":\"https:\/\/tuzlainfo.ba\/index.php\/novosti\/item\/204274-obiljezavanje-dana-odbrane-sapne-tradicionalno-prisjecanje-na-heroje-odbrambeno-oslobodilackog-rata\/#breadcrumb\"},\"inLanguage\":\"bs-BA\",\"potentialAction\":[{\"@type\":\"ReadAction\",\"target\":[\"https:\/\/tuzlainfo.ba\/index.php\/novosti\/item\/204274-obiljezavanje-dana-odbrane-sapne-tradicionalno-prisjecanje-na-heroje-odbrambeno-oslobodilackog-rata\/\"]}]},{\"@type\":\"ImageObject\",\"inLanguage\":\"bs-BA\",\"@id\":\"https:\/\/tuzlainfo.ba\/index.php\/novosti\/item\/204274-obiljezavanje-dana-odbrane-sapne-tradicionalno-prisjecanje-na-heroje-odbrambeno-oslobodilackog-rata\/#primaryimage\",\"url\":\"https:\/\/tuzlainfo.ba\/wp-content\/uploads\/2023\/05\/1005_sapna.jpg\",\"contentUrl\":\"https:\/\/tuzlainfo.ba\/wp-content\/uploads\/2023\/05\/1005_sapna.jpg\",\"width\":800,\"height\":450},{\"@type\":\"BreadcrumbList\",\"@id\":\"https:\/\/tuzlainfo.ba\/index.php\/novosti\/item\/204274-obiljezavanje-dana-odbrane-sapne-tradicionalno-prisjecanje-na-heroje-odbrambeno-oslobodilackog-rata\/#breadcrumb\",\"itemListElement\":[{\"@type\":\"ListItem\",\"position\":1,\"name\":\"Home\",\"item\":\"https:\/\/tuzlainfo.ba\/\"},{\"@type\":\"ListItem\",\"position\":2,\"name\":\"Obilje\u017eavanje Dana odbrane Sapne: Tradicionalno prisje\u0107anje na heroje odbrambeno \u2013 oslobodila\u010dkog rata\"}]},{\"@type\":\"WebSite\",\"@id\":\"https:\/\/tuzlainfo.ba\/#website\",\"url\":\"https:\/\/tuzlainfo.ba\/\",\"name\":\"TuzlaInfo.ba\",\"description\":\"Tuzla info, gradski informator - Tuzla na dlanu\",\"publisher\":{\"@id\":\"https:\/\/tuzlainfo.ba\/#organization\"},\"potentialAction\":[{\"@type\":\"SearchAction\",\"target\":{\"@type\":\"EntryPoint\",\"urlTemplate\":\"https:\/\/tuzlainfo.ba\/?s={search_term_string}\"},\"query-input\":{\"@type\":\"PropertyValueSpecification\",\"valueRequired\":true,\"valueName\":\"search_term_string\"}}],\"inLanguage\":\"bs-BA\"},{\"@type\":\"Organization\",\"@id\":\"https:\/\/tuzlainfo.ba\/#organization\",\"name\":\"TuzlaInfo.ba\",\"url\":\"https:\/\/tuzlainfo.ba\/\",\"logo\":{\"@type\":\"ImageObject\",\"inLanguage\":\"bs-BA\",\"@id\":\"https:\/\/tuzlainfo.ba\/#\/schema\/logo\/image\/\",\"url\":\"https:\/\/tuzlainfo.ba\/wp-content\/uploads\/2021\/03\/logo-ver-3-1.png\",\"contentUrl\":\"https:\/\/tuzlainfo.ba\/wp-content\/uploads\/2021\/03\/logo-ver-3-1.png\",\"width\":350,\"height\":95,\"caption\":\"TuzlaInfo.ba\"},\"image\":{\"@id\":\"https:\/\/tuzlainfo.ba\/#\/schema\/logo\/image\/\"},\"sameAs\":[\"https:\/\/www.facebook.com\/tuzlainfo.ba\/\"]},{\"@type\":\"Person\",\"@id\":\"https:\/\/tuzlainfo.ba\/#\/schema\/person\/f434e20dc27ea133923aab08451b7f7f\",\"name\":\"nedim\",\"image\":{\"@type\":\"ImageObject\",\"inLanguage\":\"bs-BA\",\"@id\":\"https:\/\/tuzlainfo.ba\/#\/schema\/person\/image\/\",\"url\":\"https:\/\/tuzlainfo.ba\/wp-content\/litespeed\/avatar\/aabad687af24844af817603ac1cbdc4f.jpg?ver=1776702173\",\"contentUrl\":\"https:\/\/tuzlainfo.ba\/wp-content\/litespeed\/avatar\/aabad687af24844af817603ac1cbdc4f.jpg?ver=1776702173\",\"caption\":\"nedim\"},\"description\":\"Tuzlainfo.ba pratite na dru\u0161tvenim mre\u017eama: Facebook, Instagram i Youtube. Svoje pri\u010de, upite i fotografije \u0161aljite na na\u0161u e-mail adresu.\"}]}<\/script>\n<!-- \/ Yoast SEO plugin. -->","yoast_head_json":{"title":"Obilje\u017eavanje Dana odbrane Sapne: Tradicionalno prisje\u0107anje na heroje odbrambeno \u2013 oslobodila\u010dkog rata - TuzlaInfo.ba","robots":{"index":"index","follow":"follow","max-snippet":"max-snippet:-1","max-image-preview":"max-image-preview:large","max-video-preview":"max-video-preview:-1"},"canonical":"https:\/\/tuzlainfo.ba\/index.php\/novosti\/item\/204274-obiljezavanje-dana-odbrane-sapne-tradicionalno-prisjecanje-na-heroje-odbrambeno-oslobodilackog-rata\/","og_locale":"bs_BA","og_type":"article","og_title":"Obilje\u017eavanje Dana odbrane Sapne: Tradicionalno prisje\u0107anje na heroje odbrambeno \u2013 oslobodila\u010dkog rata - TuzlaInfo.ba","og_description":"Premijer Tuzlanskog kantona Irfan Halilagi\u0107 i delegacija Vlade Tuzlanskog kantona prisustvovala je danas obilje\u017eavanju zavr\u0161noj&hellip;","og_url":"https:\/\/tuzlainfo.ba\/index.php\/novosti\/item\/204274-obiljezavanje-dana-odbrane-sapne-tradicionalno-prisjecanje-na-heroje-odbrambeno-oslobodilackog-rata\/","og_site_name":"TuzlaInfo.ba","article_publisher":"https:\/\/www.facebook.com\/tuzlainfo.ba\/","article_published_time":"2023-05-10T18:55:32+00:00","article_modified_time":"2023-05-10T18:33:15+00:00","og_image":[{"width":800,"height":450,"url":"https:\/\/tuzlainfo.ba\/wp-content\/uploads\/2023\/05\/1005_sapna.jpg","type":"image\/jpeg"}],"author":"nedim","twitter_card":"summary_large_image","twitter_misc":{"Written by":"nedim","Est. reading time":"3 minute"},"schema":{"@context":"https:\/\/schema.org","@graph":[{"@type":"Article","@id":"https:\/\/tuzlainfo.ba\/index.php\/novosti\/item\/204274-obiljezavanje-dana-odbrane-sapne-tradicionalno-prisjecanje-na-heroje-odbrambeno-oslobodilackog-rata\/#article","isPartOf":{"@id":"https:\/\/tuzlainfo.ba\/index.php\/novosti\/item\/204274-obiljezavanje-dana-odbrane-sapne-tradicionalno-prisjecanje-na-heroje-odbrambeno-oslobodilackog-rata\/"},"author":{"name":"nedim","@id":"https:\/\/tuzlainfo.ba\/#\/schema\/person\/f434e20dc27ea133923aab08451b7f7f"},"headline":"Obilje\u017eavanje Dana odbrane Sapne: Tradicionalno prisje\u0107anje na heroje odbrambeno \u2013 oslobodila\u010dkog rata","datePublished":"2023-05-10T18:55:32+00:00","dateModified":"2023-05-10T18:33:15+00:00","mainEntityOfPage":{"@id":"https:\/\/tuzlainfo.ba\/index.php\/novosti\/item\/204274-obiljezavanje-dana-odbrane-sapne-tradicionalno-prisjecanje-na-heroje-odbrambeno-oslobodilackog-rata\/"},"wordCount":670,"commentCount":0,"publisher":{"@id":"https:\/\/tuzlainfo.ba\/#organization"},"image":{"@id":"https:\/\/tuzlainfo.ba\/index.php\/novosti\/item\/204274-obiljezavanje-dana-odbrane-sapne-tradicionalno-prisjecanje-na-heroje-odbrambeno-oslobodilackog-rata\/#primaryimage"},"thumbnailUrl":"https:\/\/tuzlainfo.ba\/wp-content\/uploads\/2023\/05\/1005_sapna.jpg","keywords":["sapna","vlada tk"],"articleSection":["Istaknuto","Novosti"],"inLanguage":"bs-BA"},{"@type":"WebPage","@id":"https:\/\/tuzlainfo.ba\/index.php\/novosti\/item\/204274-obiljezavanje-dana-odbrane-sapne-tradicionalno-prisjecanje-na-heroje-odbrambeno-oslobodilackog-rata\/","url":"https:\/\/tuzlainfo.ba\/index.php\/novosti\/item\/204274-obiljezavanje-dana-odbrane-sapne-tradicionalno-prisjecanje-na-heroje-odbrambeno-oslobodilackog-rata\/","name":"Obilje\u017eavanje Dana odbrane Sapne: Tradicionalno prisje\u0107anje na heroje odbrambeno \u2013 oslobodila\u010dkog rata - TuzlaInfo.ba","isPartOf":{"@id":"https:\/\/tuzlainfo.ba\/#website"},"primaryImageOfPage":{"@id":"https:\/\/tuzlainfo.ba\/index.php\/novosti\/item\/204274-obiljezavanje-dana-odbrane-sapne-tradicionalno-prisjecanje-na-heroje-odbrambeno-oslobodilackog-rata\/#primaryimage"},"image":{"@id":"https:\/\/tuzlainfo.ba\/index.php\/novosti\/item\/204274-obiljezavanje-dana-odbrane-sapne-tradicionalno-prisjecanje-na-heroje-odbrambeno-oslobodilackog-rata\/#primaryimage"},"thumbnailUrl":"https:\/\/tuzlainfo.ba\/wp-content\/uploads\/2023\/05\/1005_sapna.jpg","datePublished":"2023-05-10T18:55:32+00:00","dateModified":"2023-05-10T18:33:15+00:00","breadcrumb":{"@id":"https:\/\/tuzlainfo.ba\/index.php\/novosti\/item\/204274-obiljezavanje-dana-odbrane-sapne-tradicionalno-prisjecanje-na-heroje-odbrambeno-oslobodilackog-rata\/#breadcrumb"},"inLanguage":"bs-BA","potentialAction":[{"@type":"ReadAction","target":["https:\/\/tuzlainfo.ba\/index.php\/novosti\/item\/204274-obiljezavanje-dana-odbrane-sapne-tradicionalno-prisjecanje-na-heroje-odbrambeno-oslobodilackog-rata\/"]}]},{"@type":"ImageObject","inLanguage":"bs-BA","@id":"https:\/\/tuzlainfo.ba\/index.php\/novosti\/item\/204274-obiljezavanje-dana-odbrane-sapne-tradicionalno-prisjecanje-na-heroje-odbrambeno-oslobodilackog-rata\/#primaryimage","url":"https:\/\/tuzlainfo.ba\/wp-content\/uploads\/2023\/05\/1005_sapna.jpg","contentUrl":"https:\/\/tuzlainfo.ba\/wp-content\/uploads\/2023\/05\/1005_sapna.jpg","width":800,"height":450},{"@type":"BreadcrumbList","@id":"https:\/\/tuzlainfo.ba\/index.php\/novosti\/item\/204274-obiljezavanje-dana-odbrane-sapne-tradicionalno-prisjecanje-na-heroje-odbrambeno-oslobodilackog-rata\/#breadcrumb","itemListElement":[{"@type":"ListItem","position":1,"name":"Home","item":"https:\/\/tuzlainfo.ba\/"},{"@type":"ListItem","position":2,"name":"Obilje\u017eavanje Dana odbrane Sapne: Tradicionalno prisje\u0107anje na heroje odbrambeno \u2013 oslobodila\u010dkog rata"}]},{"@type":"WebSite","@id":"https:\/\/tuzlainfo.ba\/#website","url":"https:\/\/tuzlainfo.ba\/","name":"TuzlaInfo.ba","description":"Tuzla info, gradski informator - Tuzla na dlanu","publisher":{"@id":"https:\/\/tuzlainfo.ba\/#organization"},"potentialAction":[{"@type":"SearchAction","target":{"@type":"EntryPoint","urlTemplate":"https:\/\/tuzlainfo.ba\/?s={search_term_string}"},"query-input":{"@type":"PropertyValueSpecification","valueRequired":true,"valueName":"search_term_string"}}],"inLanguage":"bs-BA"},{"@type":"Organization","@id":"https:\/\/tuzlainfo.ba\/#organization","name":"TuzlaInfo.ba","url":"https:\/\/tuzlainfo.ba\/","logo":{"@type":"ImageObject","inLanguage":"bs-BA","@id":"https:\/\/tuzlainfo.ba\/#\/schema\/logo\/image\/","url":"https:\/\/tuzlainfo.ba\/wp-content\/uploads\/2021\/03\/logo-ver-3-1.png","contentUrl":"https:\/\/tuzlainfo.ba\/wp-content\/uploads\/2021\/03\/logo-ver-3-1.png","width":350,"height":95,"caption":"TuzlaInfo.ba"},"image":{"@id":"https:\/\/tuzlainfo.ba\/#\/schema\/logo\/image\/"},"sameAs":["https:\/\/www.facebook.com\/tuzlainfo.ba\/"]},{"@type":"Person","@id":"https:\/\/tuzlainfo.ba\/#\/schema\/person\/f434e20dc27ea133923aab08451b7f7f","name":"nedim","image":{"@type":"ImageObject","inLanguage":"bs-BA","@id":"https:\/\/tuzlainfo.ba\/#\/schema\/person\/image\/","url":"https:\/\/tuzlainfo.ba\/wp-content\/litespeed\/avatar\/aabad687af24844af817603ac1cbdc4f.jpg?ver=1776702173","contentUrl":"https:\/\/tuzlainfo.ba\/wp-content\/litespeed\/avatar\/aabad687af24844af817603ac1cbdc4f.jpg?ver=1776702173","caption":"nedim"},"description":"Tuzlainfo.ba pratite na dru\u0161tvenim mre\u017eama: Facebook, Instagram i Youtube. Svoje pri\u010de, upite i fotografije \u0161aljite na na\u0161u e-mail adresu."}]}},"_links":{"self":[{"href":"https:\/\/tuzlainfo.ba\/index.php\/wp-json\/wp\/v2\/posts\/204274"}],"collection":[{"href":"https:\/\/tuzlainfo.ba\/index.php\/wp-json\/wp\/v2\/posts"}],"about":[{"href":"https:\/\/tuzlainfo.ba\/index.php\/wp-json\/wp\/v2\/types\/post"}],"author":[{"embeddable":true,"href":"https:\/\/tuzlainfo.ba\/index.php\/wp-json\/wp\/v2\/users\/2"}],"replies":[{"embeddable":true,"href":"https:\/\/tuzlainfo.ba\/index.php\/wp-json\/wp\/v2\/comments?post=204274"}],"version-history":[{"count":0,"href":"https:\/\/tuzlainfo.ba\/index.php\/wp-json\/wp\/v2\/posts\/204274\/revisions"}],"wp:featuredmedia":[{"embeddable":true,"href":"https:\/\/tuzlainfo.ba\/index.php\/wp-json\/wp\/v2\/media\/204276"}],"wp:attachment":[{"href":"https:\/\/tuzlainfo.ba\/index.php\/wp-json\/wp\/v2\/media?parent=204274"}],"wp:term":[{"taxonomy":"category","embeddable":true,"href":"https:\/\/tuzlainfo.ba\/index.php\/wp-json\/wp\/v2\/categories?post=204274"},{"taxonomy":"post_tag","embeddable":true,"href":"https:\/\/tuzlainfo.ba\/index.php\/wp-json\/wp\/v2\/tags?post=204274"}],"curies":[{"name":"wp","href":"https:\/\/api.w.org\/{rel}","templated":true}]}}