{"id":204244,"date":"2023-05-10T14:04:36","date_gmt":"2023-05-10T12:04:36","guid":{"rendered":"https:\/\/tuzlainfo.ba\/?p=204244"},"modified":"2023-05-10T14:04:36","modified_gmt":"2023-05-10T12:04:36","slug":"reakcija-bh-novinara-konakovic-koristi-drustvene-mreze-za-obracun-sa-novinarima-krseci-njihova-prava","status":"publish","type":"post","link":"https:\/\/tuzlainfo.ba\/index.php\/bosna-i-hercegovina\/item\/204244-reakcija-bh-novinara-konakovic-koristi-drustvene-mreze-za-obracun-sa-novinarima-krseci-njihova-prava\/","title":{"rendered":"Reakcija BH novinara: Konakovi\u0107 koristi dru\u0161tvene mre\u017ee za obra\u010dun sa novinarima kr\u0161e\u0107i njihova prava"},"content":{"rendered":"<p>Upravni odbor Udru\u017eenja BH novinari poziva Elmedina Konakovi\u0107a, ministra vanskih poslova Bosne i Hercegovine i predsjednika stranke Narod i pravda (NiP) da prestane sa prozivanjem, etiketiranjem i verbalnim napadima na novinare\/ke, te da svoje javne reakcije na medijske sadr\u017eaje vrati zakonskim sredstvima pravnog sistema BiH i pravilima kodeksa novinarske etike.<\/p>\n<p>Konakovi\u0107 je na svom Facebook profilu na neprimjerne na\u010din reagirao na kolumnu novinara Dragana Bursa\u0107a, objavljenu na portalu Radiosarajevo.ba u kojoj se ovaj kolumnist kriti\u010dki osvrnuo na izjave i postupke ministra. Istovremeno, Konakovi\u0107 je ponovo u negativnom kontekstu pomenuo novinara Avdu Avdi\u0107a, kojeg sustavno i godinama polit\u010dki i verbalno napada radi njegovog novinarskog rada &#8211; navodi se u saop\u0107enju iz Udru\u017eenja BH novinari.<\/p>\n<p>Dalje se navodi, da je simptomati\u010dno da &#8220;Konakovi\u0107 gotovo nikada ne reagira demantijem, ispravkom neta\u010dnih navoda ili tu\u017ebom za klevetu, kao legalnim i legitimnim na\u010dinima javnog i argumentiranog suprotstavljanja medijskim sadr\u017eajima kojima nije zadovoljan ili u kojima se iznose neistine!&#8221;<\/p>\n<p>&#8211; Naprotiv, Konakovi\u0107 godinama koristi dru\u0161tvene mre\u017ee za obra\u010dun sa novinarima i novinarska, brutalno kr\u0161e\u0107i njihova prava na slobodu mi\u0161ljenja i slobodu kritike javnih zvani\u010dnika. Osim \u0161to su takve reakcije neprimjerene s obzirom na dvije javne funkcije koje obna\u0161a u stranci NiP i Ministarstvu vanjskih poslova BiH, Konakovi\u0107 omogu\u0107ava hiljadama svojih pratitelja na dru\u0161tvenim mre\u017eama \u0161irenje hu\u0161ka\u010dke retorike i govora mr\u017enje prema novinarima\/kama i medijima &#8211; navode iz Udru\u017eenja BH novinari.<\/p>\n<p>Upravni odbor Udru\u017eenja BH novinari nagla\u0161ava kako je posebno zabrinjavaju\u0107a \u010dinjenica \u0161to su verbalni napadi i la\u017ene optu\u017ebe na ra\u010dun novinara\/ki, uklju\u010duju\u0107i i poku\u0161aje ograni\u010davanja slobode izra\u017eavanja i kritike javne vlasti, sve intenzivniji i agresivniji iz redova vladaju\u0107e koalicije na dr\u017eavnom nivou i u entitetima, \u010dije \u010dlanice deklarativno podr\u017eavaju slobodu medija i sigurnost novinara kao jedan od uvjeta pristupanja Bosne i Hercegovine Evropskoj uniji.<\/p>\n<p>&#8211; Krajnje je vrijeme da \u010dlanice vladaju\u0107e kolicije u BiH, uklju\u010duju\u0107i i straku NiP i njenog predsjednika Elmedina Konakovi\u0107a, u praksi i svakodnevnom javnom djelovanju po\u010dnu po\u0161tovati medijske slobode i pravo novinara na slobodan i siguran rad &#8211; poru\u010dili su iz Udru\u017eenja BH novinari.<\/p>\n","protected":false},"excerpt":{"rendered":"<p>Upravni odbor Udru\u017eenja BH novinari poziva Elmedina Konakovi\u0107a, ministra vanskih poslova Bosne i Hercegovine i predsjednika stranke Narod i pravda (NiP) da prestane sa prozivanjem, etiketiranjem i verbalnim napadima na novinare\/ke, te da svoje javne reakcije na medijske sadr\u017eaje vrati zakonskim sredstvima pravnog sistema BiH i pravilima kodeksa novinarske etike. Konakovi\u0107 je na svom Facebook [&hellip;]<\/p>\n","protected":false},"author":2,"featured_media":196826,"comment_status":"open","ping_status":"closed","sticky":false,"template":"","format":"standard","meta":{"footnotes":""},"categories":[291],"tags":[4158,1832],"class_list":["post-204244","post","type-post","status-publish","format-standard","has-post-thumbnail","hentry","category-bosna-i-hercegovina","tag-bh-novinari","tag-elmedin-konakovic"],"yoast_head":"<!-- This site is optimized with the Yoast SEO plugin v28.3 - https:\/\/yoast.com\/product\/yoast-seo-wordpress\/ -->\n<title>Reakcija BH novinara: Konakovi\u0107 koristi dru\u0161tvene mre\u017ee za obra\u010dun sa novinarima kr\u0161e\u0107i njihova prava<\/title>\n<meta name=\"robots\" content=\"index, follow, max-snippet:-1, max-image-preview:large, max-video-preview:-1\" \/>\n<link rel=\"canonical\" href=\"https:\/\/tuzlainfo.ba\/index.php\/bosna-i-hercegovina\/item\/204244-reakcija-bh-novinara-konakovic-koristi-drustvene-mreze-za-obracun-sa-novinarima-krseci-njihova-prava\/\" \/>\n<meta property=\"og:locale\" content=\"bs_BA\" \/>\n<meta property=\"og:type\" content=\"article\" \/>\n<meta property=\"og:title\" content=\"Reakcija BH novinara: Konakovi\u0107 koristi dru\u0161tvene mre\u017ee za obra\u010dun sa novinarima kr\u0161e\u0107i njihova prava\" \/>\n<meta property=\"og:description\" content=\"Upravni odbor Udru\u017eenja BH novinari poziva Elmedina Konakovi\u0107a, ministra vanskih poslova Bosne i Hercegovine i predsjednika stranke Narod i pravda (NiP) da prestane sa prozivanjem, etiketiranjem i verbalnim napadima na novinare\/ke, te da svoje javne reakcije na medijske sadr\u017eaje vrati zakonskim sredstvima pravnog sistema BiH i pravilima kodeksa novinarske etike. Konakovi\u0107 je na svom Facebook [&hellip;]\" \/>\n<meta property=\"og:url\" content=\"https:\/\/tuzlainfo.ba\/index.php\/bosna-i-hercegovina\/item\/204244-reakcija-bh-novinara-konakovic-koristi-drustvene-mreze-za-obracun-sa-novinarima-krseci-njihova-prava\/\" \/>\n<meta property=\"og:site_name\" content=\"TuzlaInfo.ba\" \/>\n<meta property=\"article:publisher\" content=\"https:\/\/www.facebook.com\/tuzlainfo.ba\/\" \/>\n<meta property=\"article:published_time\" content=\"2023-05-10T12:04:36+00:00\" \/>\n<meta property=\"og:image\" content=\"https:\/\/tuzlainfo.ba\/wp-content\/uploads\/2023\/02\/0902_dino_konakovic.jpg\" \/>\n\t<meta property=\"og:image:width\" content=\"839\" \/>\n\t<meta property=\"og:image:height\" content=\"556\" \/>\n\t<meta property=\"og:image:type\" content=\"image\/jpeg\" \/>\n<meta name=\"author\" content=\"nedim\" \/>\n<meta name=\"twitter:card\" content=\"summary_large_image\" \/>\n<meta name=\"twitter:label1\" content=\"Written by\" \/>\n\t<meta name=\"twitter:data1\" content=\"nedim\" \/>\n\t<meta name=\"twitter:label2\" content=\"Est. reading time\" \/>\n\t<meta name=\"twitter:data2\" content=\"2 minute\" \/>\n<script type=\"application\/ld+json\" class=\"yoast-schema-graph\">{\"@context\":\"https:\\\/\\\/schema.org\",\"@graph\":[{\"@type\":\"Article\",\"@id\":\"https:\\\/\\\/tuzlainfo.ba\\\/index.php\\\/bosna-i-hercegovina\\\/item\\\/204244-reakcija-bh-novinara-konakovic-koristi-drustvene-mreze-za-obracun-sa-novinarima-krseci-njihova-prava\\\/#article\",\"isPartOf\":{\"@id\":\"https:\\\/\\\/tuzlainfo.ba\\\/index.php\\\/bosna-i-hercegovina\\\/item\\\/204244-reakcija-bh-novinara-konakovic-koristi-drustvene-mreze-za-obracun-sa-novinarima-krseci-njihova-prava\\\/\"},\"author\":{\"name\":\"nedim\",\"@id\":\"https:\\\/\\\/tuzlainfo.ba\\\/#\\\/schema\\\/person\\\/f434e20dc27ea133923aab08451b7f7f\"},\"headline\":\"Reakcija BH novinara: Konakovi\u0107 koristi dru\u0161tvene mre\u017ee za obra\u010dun sa novinarima kr\u0161e\u0107i njihova prava\",\"datePublished\":\"2023-05-10T12:04:36+00:00\",\"mainEntityOfPage\":{\"@id\":\"https:\\\/\\\/tuzlainfo.ba\\\/index.php\\\/bosna-i-hercegovina\\\/item\\\/204244-reakcija-bh-novinara-konakovic-koristi-drustvene-mreze-za-obracun-sa-novinarima-krseci-njihova-prava\\\/\"},\"wordCount\":407,\"commentCount\":0,\"publisher\":{\"@id\":\"https:\\\/\\\/tuzlainfo.ba\\\/#organization\"},\"image\":{\"@id\":\"https:\\\/\\\/tuzlainfo.ba\\\/index.php\\\/bosna-i-hercegovina\\\/item\\\/204244-reakcija-bh-novinara-konakovic-koristi-drustvene-mreze-za-obracun-sa-novinarima-krseci-njihova-prava\\\/#primaryimage\"},\"thumbnailUrl\":\"https:\\\/\\\/tuzlainfo.ba\\\/wp-content\\\/uploads\\\/2023\\\/02\\\/0902_dino_konakovic.jpg\",\"keywords\":[\"bh novinari\",\"elmedin konakovi\u0107\"],\"articleSection\":[\"Bosna i Hercegovina\"],\"inLanguage\":\"bs-BA\",\"copyrightYear\":\"2023\",\"copyrightHolder\":{\"@id\":\"https:\\\/\\\/tuzlainfo.ba\\\/#organization\"}},{\"@type\":\"WebPage\",\"@id\":\"https:\\\/\\\/tuzlainfo.ba\\\/index.php\\\/bosna-i-hercegovina\\\/item\\\/204244-reakcija-bh-novinara-konakovic-koristi-drustvene-mreze-za-obracun-sa-novinarima-krseci-njihova-prava\\\/\",\"url\":\"https:\\\/\\\/tuzlainfo.ba\\\/index.php\\\/bosna-i-hercegovina\\\/item\\\/204244-reakcija-bh-novinara-konakovic-koristi-drustvene-mreze-za-obracun-sa-novinarima-krseci-njihova-prava\\\/\",\"name\":\"Reakcija BH novinara: Konakovi\u0107 koristi dru\u0161tvene mre\u017ee za obra\u010dun sa novinarima kr\u0161e\u0107i njihova prava\",\"isPartOf\":{\"@id\":\"https:\\\/\\\/tuzlainfo.ba\\\/#website\"},\"primaryImageOfPage\":{\"@id\":\"https:\\\/\\\/tuzlainfo.ba\\\/index.php\\\/bosna-i-hercegovina\\\/item\\\/204244-reakcija-bh-novinara-konakovic-koristi-drustvene-mreze-za-obracun-sa-novinarima-krseci-njihova-prava\\\/#primaryimage\"},\"image\":{\"@id\":\"https:\\\/\\\/tuzlainfo.ba\\\/index.php\\\/bosna-i-hercegovina\\\/item\\\/204244-reakcija-bh-novinara-konakovic-koristi-drustvene-mreze-za-obracun-sa-novinarima-krseci-njihova-prava\\\/#primaryimage\"},\"thumbnailUrl\":\"https:\\\/\\\/tuzlainfo.ba\\\/wp-content\\\/uploads\\\/2023\\\/02\\\/0902_dino_konakovic.jpg\",\"datePublished\":\"2023-05-10T12:04:36+00:00\",\"breadcrumb\":{\"@id\":\"https:\\\/\\\/tuzlainfo.ba\\\/index.php\\\/bosna-i-hercegovina\\\/item\\\/204244-reakcija-bh-novinara-konakovic-koristi-drustvene-mreze-za-obracun-sa-novinarima-krseci-njihova-prava\\\/#breadcrumb\"},\"inLanguage\":\"bs-BA\",\"potentialAction\":[{\"@type\":\"ReadAction\",\"target\":[\"https:\\\/\\\/tuzlainfo.ba\\\/index.php\\\/bosna-i-hercegovina\\\/item\\\/204244-reakcija-bh-novinara-konakovic-koristi-drustvene-mreze-za-obracun-sa-novinarima-krseci-njihova-prava\\\/\"]}]},{\"@type\":\"ImageObject\",\"inLanguage\":\"bs-BA\",\"@id\":\"https:\\\/\\\/tuzlainfo.ba\\\/index.php\\\/bosna-i-hercegovina\\\/item\\\/204244-reakcija-bh-novinara-konakovic-koristi-drustvene-mreze-za-obracun-sa-novinarima-krseci-njihova-prava\\\/#primaryimage\",\"url\":\"https:\\\/\\\/tuzlainfo.ba\\\/wp-content\\\/uploads\\\/2023\\\/02\\\/0902_dino_konakovic.jpg\",\"contentUrl\":\"https:\\\/\\\/tuzlainfo.ba\\\/wp-content\\\/uploads\\\/2023\\\/02\\\/0902_dino_konakovic.jpg\",\"width\":839,\"height\":556},{\"@type\":\"BreadcrumbList\",\"@id\":\"https:\\\/\\\/tuzlainfo.ba\\\/index.php\\\/bosna-i-hercegovina\\\/item\\\/204244-reakcija-bh-novinara-konakovic-koristi-drustvene-mreze-za-obracun-sa-novinarima-krseci-njihova-prava\\\/#breadcrumb\",\"itemListElement\":[{\"@type\":\"ListItem\",\"position\":1,\"name\":\"Home\",\"item\":\"https:\\\/\\\/tuzlainfo.ba\\\/\"},{\"@type\":\"ListItem\",\"position\":2,\"name\":\"Reakcija BH novinara: Konakovi\u0107 koristi dru\u0161tvene mre\u017ee za obra\u010dun sa novinarima kr\u0161e\u0107i njihova prava\"}]},{\"@type\":\"WebSite\",\"@id\":\"https:\\\/\\\/tuzlainfo.ba\\\/#website\",\"url\":\"https:\\\/\\\/tuzlainfo.ba\\\/\",\"name\":\"TuzlaInfo.ba\",\"description\":\"Tuzla info, gradski informator - Tuzla na dlanu\",\"publisher\":{\"@id\":\"https:\\\/\\\/tuzlainfo.ba\\\/#organization\"},\"potentialAction\":[{\"@type\":\"SearchAction\",\"target\":{\"@type\":\"EntryPoint\",\"urlTemplate\":\"https:\\\/\\\/tuzlainfo.ba\\\/?s={search_term_string}\"},\"query-input\":{\"@type\":\"PropertyValueSpecification\",\"valueRequired\":true,\"valueName\":\"search_term_string\"}}],\"inLanguage\":\"bs-BA\"},{\"@type\":\"Organization\",\"@id\":\"https:\\\/\\\/tuzlainfo.ba\\\/#organization\",\"name\":\"TuzlaInfo.ba\",\"url\":\"https:\\\/\\\/tuzlainfo.ba\\\/\",\"logo\":{\"@type\":\"ImageObject\",\"inLanguage\":\"bs-BA\",\"@id\":\"https:\\\/\\\/tuzlainfo.ba\\\/#\\\/schema\\\/logo\\\/image\\\/\",\"url\":\"https:\\\/\\\/tuzlainfo.ba\\\/wp-content\\\/uploads\\\/2021\\\/03\\\/logo-ver-3-1.png\",\"contentUrl\":\"https:\\\/\\\/tuzlainfo.ba\\\/wp-content\\\/uploads\\\/2021\\\/03\\\/logo-ver-3-1.png\",\"width\":350,\"height\":95,\"caption\":\"TuzlaInfo.ba\"},\"image\":{\"@id\":\"https:\\\/\\\/tuzlainfo.ba\\\/#\\\/schema\\\/logo\\\/image\\\/\"},\"sameAs\":[\"https:\\\/\\\/www.facebook.com\\\/tuzlainfo.ba\\\/\"]},{\"@type\":\"Person\",\"@id\":\"https:\\\/\\\/tuzlainfo.ba\\\/#\\\/schema\\\/person\\\/f434e20dc27ea133923aab08451b7f7f\",\"name\":\"nedim\",\"image\":{\"@type\":\"ImageObject\",\"inLanguage\":\"bs-BA\",\"@id\":\"https:\\\/\\\/secure.gravatar.com\\\/avatar\\\/5b928a2e7e70a54208d2eb6c1edcb75a5350d6ae97d5f0a701203d456823f6f3?s=96&d=mm&r=g\",\"url\":\"https:\\\/\\\/secure.gravatar.com\\\/avatar\\\/5b928a2e7e70a54208d2eb6c1edcb75a5350d6ae97d5f0a701203d456823f6f3?s=96&d=mm&r=g\",\"contentUrl\":\"https:\\\/\\\/secure.gravatar.com\\\/avatar\\\/5b928a2e7e70a54208d2eb6c1edcb75a5350d6ae97d5f0a701203d456823f6f3?s=96&d=mm&r=g\",\"caption\":\"nedim\"},\"description\":\"Tuzlainfo.ba pratite na dru\u0161tvenim mre\u017eama: Facebook, Instagram i Youtube. Svoje pri\u010de, upite i fotografije \u0161aljite na na\u0161u e-mail adresu.\"}]}<\/script>\n<!-- \/ Yoast SEO plugin. -->","yoast_head_json":{"title":"Reakcija BH novinara: Konakovi\u0107 koristi dru\u0161tvene mre\u017ee za obra\u010dun sa novinarima kr\u0161e\u0107i njihova prava","robots":{"index":"index","follow":"follow","max-snippet":"max-snippet:-1","max-image-preview":"max-image-preview:large","max-video-preview":"max-video-preview:-1"},"canonical":"https:\/\/tuzlainfo.ba\/index.php\/bosna-i-hercegovina\/item\/204244-reakcija-bh-novinara-konakovic-koristi-drustvene-mreze-za-obracun-sa-novinarima-krseci-njihova-prava\/","og_locale":"bs_BA","og_type":"article","og_title":"Reakcija BH novinara: Konakovi\u0107 koristi dru\u0161tvene mre\u017ee za obra\u010dun sa novinarima kr\u0161e\u0107i njihova prava","og_description":"Upravni odbor Udru\u017eenja BH novinari poziva Elmedina Konakovi\u0107a, ministra vanskih poslova Bosne i Hercegovine i predsjednika stranke Narod i pravda (NiP) da prestane sa prozivanjem, etiketiranjem i verbalnim napadima na novinare\/ke, te da svoje javne reakcije na medijske sadr\u017eaje vrati zakonskim sredstvima pravnog sistema BiH i pravilima kodeksa novinarske etike. Konakovi\u0107 je na svom Facebook [&hellip;]","og_url":"https:\/\/tuzlainfo.ba\/index.php\/bosna-i-hercegovina\/item\/204244-reakcija-bh-novinara-konakovic-koristi-drustvene-mreze-za-obracun-sa-novinarima-krseci-njihova-prava\/","og_site_name":"TuzlaInfo.ba","article_publisher":"https:\/\/www.facebook.com\/tuzlainfo.ba\/","article_published_time":"2023-05-10T12:04:36+00:00","og_image":[{"width":839,"height":556,"url":"https:\/\/tuzlainfo.ba\/wp-content\/uploads\/2023\/02\/0902_dino_konakovic.jpg","type":"image\/jpeg"}],"author":"nedim","twitter_card":"summary_large_image","twitter_misc":{"Written by":"nedim","Est. reading time":"2 minute"},"schema":{"@context":"https:\/\/schema.org","@graph":[{"@type":"Article","@id":"https:\/\/tuzlainfo.ba\/index.php\/bosna-i-hercegovina\/item\/204244-reakcija-bh-novinara-konakovic-koristi-drustvene-mreze-za-obracun-sa-novinarima-krseci-njihova-prava\/#article","isPartOf":{"@id":"https:\/\/tuzlainfo.ba\/index.php\/bosna-i-hercegovina\/item\/204244-reakcija-bh-novinara-konakovic-koristi-drustvene-mreze-za-obracun-sa-novinarima-krseci-njihova-prava\/"},"author":{"name":"nedim","@id":"https:\/\/tuzlainfo.ba\/#\/schema\/person\/f434e20dc27ea133923aab08451b7f7f"},"headline":"Reakcija BH novinara: Konakovi\u0107 koristi dru\u0161tvene mre\u017ee za obra\u010dun sa novinarima kr\u0161e\u0107i njihova prava","datePublished":"2023-05-10T12:04:36+00:00","mainEntityOfPage":{"@id":"https:\/\/tuzlainfo.ba\/index.php\/bosna-i-hercegovina\/item\/204244-reakcija-bh-novinara-konakovic-koristi-drustvene-mreze-za-obracun-sa-novinarima-krseci-njihova-prava\/"},"wordCount":407,"commentCount":0,"publisher":{"@id":"https:\/\/tuzlainfo.ba\/#organization"},"image":{"@id":"https:\/\/tuzlainfo.ba\/index.php\/bosna-i-hercegovina\/item\/204244-reakcija-bh-novinara-konakovic-koristi-drustvene-mreze-za-obracun-sa-novinarima-krseci-njihova-prava\/#primaryimage"},"thumbnailUrl":"https:\/\/tuzlainfo.ba\/wp-content\/uploads\/2023\/02\/0902_dino_konakovic.jpg","keywords":["bh novinari","elmedin konakovi\u0107"],"articleSection":["Bosna i Hercegovina"],"inLanguage":"bs-BA","copyrightYear":"2023","copyrightHolder":{"@id":"https:\/\/tuzlainfo.ba\/#organization"}},{"@type":"WebPage","@id":"https:\/\/tuzlainfo.ba\/index.php\/bosna-i-hercegovina\/item\/204244-reakcija-bh-novinara-konakovic-koristi-drustvene-mreze-za-obracun-sa-novinarima-krseci-njihova-prava\/","url":"https:\/\/tuzlainfo.ba\/index.php\/bosna-i-hercegovina\/item\/204244-reakcija-bh-novinara-konakovic-koristi-drustvene-mreze-za-obracun-sa-novinarima-krseci-njihova-prava\/","name":"Reakcija BH novinara: Konakovi\u0107 koristi dru\u0161tvene mre\u017ee za obra\u010dun sa novinarima kr\u0161e\u0107i njihova prava","isPartOf":{"@id":"https:\/\/tuzlainfo.ba\/#website"},"primaryImageOfPage":{"@id":"https:\/\/tuzlainfo.ba\/index.php\/bosna-i-hercegovina\/item\/204244-reakcija-bh-novinara-konakovic-koristi-drustvene-mreze-za-obracun-sa-novinarima-krseci-njihova-prava\/#primaryimage"},"image":{"@id":"https:\/\/tuzlainfo.ba\/index.php\/bosna-i-hercegovina\/item\/204244-reakcija-bh-novinara-konakovic-koristi-drustvene-mreze-za-obracun-sa-novinarima-krseci-njihova-prava\/#primaryimage"},"thumbnailUrl":"https:\/\/tuzlainfo.ba\/wp-content\/uploads\/2023\/02\/0902_dino_konakovic.jpg","datePublished":"2023-05-10T12:04:36+00:00","breadcrumb":{"@id":"https:\/\/tuzlainfo.ba\/index.php\/bosna-i-hercegovina\/item\/204244-reakcija-bh-novinara-konakovic-koristi-drustvene-mreze-za-obracun-sa-novinarima-krseci-njihova-prava\/#breadcrumb"},"inLanguage":"bs-BA","potentialAction":[{"@type":"ReadAction","target":["https:\/\/tuzlainfo.ba\/index.php\/bosna-i-hercegovina\/item\/204244-reakcija-bh-novinara-konakovic-koristi-drustvene-mreze-za-obracun-sa-novinarima-krseci-njihova-prava\/"]}]},{"@type":"ImageObject","inLanguage":"bs-BA","@id":"https:\/\/tuzlainfo.ba\/index.php\/bosna-i-hercegovina\/item\/204244-reakcija-bh-novinara-konakovic-koristi-drustvene-mreze-za-obracun-sa-novinarima-krseci-njihova-prava\/#primaryimage","url":"https:\/\/tuzlainfo.ba\/wp-content\/uploads\/2023\/02\/0902_dino_konakovic.jpg","contentUrl":"https:\/\/tuzlainfo.ba\/wp-content\/uploads\/2023\/02\/0902_dino_konakovic.jpg","width":839,"height":556},{"@type":"BreadcrumbList","@id":"https:\/\/tuzlainfo.ba\/index.php\/bosna-i-hercegovina\/item\/204244-reakcija-bh-novinara-konakovic-koristi-drustvene-mreze-za-obracun-sa-novinarima-krseci-njihova-prava\/#breadcrumb","itemListElement":[{"@type":"ListItem","position":1,"name":"Home","item":"https:\/\/tuzlainfo.ba\/"},{"@type":"ListItem","position":2,"name":"Reakcija BH novinara: Konakovi\u0107 koristi dru\u0161tvene mre\u017ee za obra\u010dun sa novinarima kr\u0161e\u0107i njihova prava"}]},{"@type":"WebSite","@id":"https:\/\/tuzlainfo.ba\/#website","url":"https:\/\/tuzlainfo.ba\/","name":"TuzlaInfo.ba","description":"Tuzla info, gradski informator - Tuzla na dlanu","publisher":{"@id":"https:\/\/tuzlainfo.ba\/#organization"},"potentialAction":[{"@type":"SearchAction","target":{"@type":"EntryPoint","urlTemplate":"https:\/\/tuzlainfo.ba\/?s={search_term_string}"},"query-input":{"@type":"PropertyValueSpecification","valueRequired":true,"valueName":"search_term_string"}}],"inLanguage":"bs-BA"},{"@type":"Organization","@id":"https:\/\/tuzlainfo.ba\/#organization","name":"TuzlaInfo.ba","url":"https:\/\/tuzlainfo.ba\/","logo":{"@type":"ImageObject","inLanguage":"bs-BA","@id":"https:\/\/tuzlainfo.ba\/#\/schema\/logo\/image\/","url":"https:\/\/tuzlainfo.ba\/wp-content\/uploads\/2021\/03\/logo-ver-3-1.png","contentUrl":"https:\/\/tuzlainfo.ba\/wp-content\/uploads\/2021\/03\/logo-ver-3-1.png","width":350,"height":95,"caption":"TuzlaInfo.ba"},"image":{"@id":"https:\/\/tuzlainfo.ba\/#\/schema\/logo\/image\/"},"sameAs":["https:\/\/www.facebook.com\/tuzlainfo.ba\/"]},{"@type":"Person","@id":"https:\/\/tuzlainfo.ba\/#\/schema\/person\/f434e20dc27ea133923aab08451b7f7f","name":"nedim","image":{"@type":"ImageObject","inLanguage":"bs-BA","@id":"https:\/\/secure.gravatar.com\/avatar\/5b928a2e7e70a54208d2eb6c1edcb75a5350d6ae97d5f0a701203d456823f6f3?s=96&d=mm&r=g","url":"https:\/\/secure.gravatar.com\/avatar\/5b928a2e7e70a54208d2eb6c1edcb75a5350d6ae97d5f0a701203d456823f6f3?s=96&d=mm&r=g","contentUrl":"https:\/\/secure.gravatar.com\/avatar\/5b928a2e7e70a54208d2eb6c1edcb75a5350d6ae97d5f0a701203d456823f6f3?s=96&d=mm&r=g","caption":"nedim"},"description":"Tuzlainfo.ba pratite na dru\u0161tvenim mre\u017eama: Facebook, Instagram i Youtube. Svoje pri\u010de, upite i fotografije \u0161aljite na na\u0161u e-mail adresu."}]}},"_links":{"self":[{"href":"https:\/\/tuzlainfo.ba\/index.php\/wp-json\/wp\/v2\/posts\/204244","targetHints":{"allow":["GET"]}}],"collection":[{"href":"https:\/\/tuzlainfo.ba\/index.php\/wp-json\/wp\/v2\/posts"}],"about":[{"href":"https:\/\/tuzlainfo.ba\/index.php\/wp-json\/wp\/v2\/types\/post"}],"author":[{"embeddable":true,"href":"https:\/\/tuzlainfo.ba\/index.php\/wp-json\/wp\/v2\/users\/2"}],"replies":[{"embeddable":true,"href":"https:\/\/tuzlainfo.ba\/index.php\/wp-json\/wp\/v2\/comments?post=204244"}],"version-history":[{"count":0,"href":"https:\/\/tuzlainfo.ba\/index.php\/wp-json\/wp\/v2\/posts\/204244\/revisions"}],"wp:featuredmedia":[{"embeddable":true,"href":"https:\/\/tuzlainfo.ba\/index.php\/wp-json\/wp\/v2\/media\/196826"}],"wp:attachment":[{"href":"https:\/\/tuzlainfo.ba\/index.php\/wp-json\/wp\/v2\/media?parent=204244"}],"wp:term":[{"taxonomy":"category","embeddable":true,"href":"https:\/\/tuzlainfo.ba\/index.php\/wp-json\/wp\/v2\/categories?post=204244"},{"taxonomy":"post_tag","embeddable":true,"href":"https:\/\/tuzlainfo.ba\/index.php\/wp-json\/wp\/v2\/tags?post=204244"}],"curies":[{"name":"wp","href":"https:\/\/api.w.org\/{rel}","templated":true}]}}