{"id":203415,"date":"2023-04-30T19:30:36","date_gmt":"2023-04-30T17:30:36","guid":{"rendered":"https:\/\/tuzlainfo.ba\/?p=203415"},"modified":"2023-04-30T15:20:07","modified_gmt":"2023-04-30T13:20:07","slug":"sve-vise-zrtava-nasilja-sigurna-kuca-u-tuzli-utociste-za-zene-i-djecu","status":"publish","type":"post","link":"https:\/\/tuzlainfo.ba\/index.php\/novosti\/item\/203415-sve-vise-zrtava-nasilja-sigurna-kuca-u-tuzli-utociste-za-zene-i-djecu\/","title":{"rendered":"Sve vi\u0161e \u017ertava nasilja: Sigurna ku\u0107a u Tuzli uto\u010di\u0161te za \u017eene i djecu"},"content":{"rendered":"<p>Bosna i Hercegovina broji sve vi\u0161e \u017ertava porodi\u010dnog nasilja, koje pomo\u0107 tra\u017ee pod krovom sigurnih ku\u0107a, \u010dije finansiranje jo\u0161 uvijek nije potpuno definisano.<\/p>\n<p>&nbsp;<\/p>\n<p>U na\u0161oj zemlji postoji nekoliko sigurnih ku\u0107a za smje\u0161taj \u017ertava nasilja. Uglavnom su naslonjene na finansijsku potporu ni\u017eih nivoa vlasti ili inozemnih finansijera, od kojih novac dobijaju posredstvom realizacije projekata.<\/p>\n<p>&nbsp;<\/p>\n<p>Jedna od takvih se nalazi u Tuzli, djeluje pod okriljem Centra za terapiju i rehabilitaciju Vive \u017eene, a prema tamo\u0161njim iskustvima broj \u017ertava kontinuirano raste, posebno od perioda pandemije koronaviursa.<\/p>\n<p>&nbsp;<\/p>\n<p>&#8220;Od 2020. godine mi imamo okvirno 30 posto vi\u0161e korisnika. Godi\u0161nje je u prosjeku rije\u010d o 100 novih \u017ertava koje trebaju smje\u0161taj. S druge strane, ve\u0107ina \u017eena ne tra\u017ei smje\u0161taj i mi trenutno imamo njih vi\u0161e od 280 koje se nalaze u takozvanom ambulantnom tretmanu. One dolaze na terapiju i pravno savjetovali\u0161te zbog nasilja&#8221;, ka\u017ee za Klix.ba direktorica Centra za terapiju i rehabilitaciju Vive \u017eene Jasna Ze\u010devi\u0107.<\/p>\n<div id=\"text\" class=\"break-words mt-3 text-lg lg:text-xl space-y-4 mb-3 leading-6 md:leading-8 dark:text-gray-200\">\n<p>U tuzlanskoj sigurnoj ku\u0107i trenutno boravi \u0161est \u017eena i \u010detvero djece, tehni\u010dki kapaciteti mogu zadovoljiti potrebe, dok su oni kadrovski u deficitu. Problem finansiraja ove, ali i ostalih sigurnih ku\u0107a u na\u0161oj zemlji jo\u0161 uvijek nije rije\u0161en.<\/p>\n<p>&#8220;Kanton je obezbijedio svojih 30 posto sredstava od na\u0161eg ukupnog finansiranja, a poma\u017eu nam i odre\u0111eni gradovi i op\u0107ine kroz socijalnu za\u0161titu, iako nisu u obavezi. Kada je rije\u010d o Federaciji BiH, ona ne po\u0161tuje zakon ve\u0107 raspisuje javne pozive&#8221;, navodi Ze\u010devi\u0107.<\/p>\n<\/div>\n<div class=\"bg-gray-100 dark:bg-gray-700 text-center py-0\"><\/div>\n<div class=\"lg:max-w-2xl lg:mx-auto mt-3 text-lg md:text-xl mb-3 leading-6 md:leading-8 dark:text-gray-200\">\n<p>Uz pomo\u0107 stru\u010dnog tima koji djeluje u tuzlanskoj sigurnoj ku\u0107i, odnosno socijalnih radnika, psiho terapeuta i pravnika, \u0161ti\u0107enice po\u010dinju kora\u010dati novim \u017eivotnim putem. On je \u010desto posut trnjem, posebno u kontekstu nove integracije u dru\u0161tvo.<\/p>\n<p>&#8220;Zahvaljuju\u0107i saradnji s institucijama u 20 posto slu\u010dajeva uspjevamo ekonomski osna\u017eiti \u017ertve nasilja. Me\u0111utim, te\u0161ko ih je integrirati zbog stanovanja. Sada se sa Gradskom upravom Tuzle i jo\u0161 nekoliko lokalnih zajednica razgovara o realizaciji velikog projekta koji se odnosi na socijalno stanovanje. Nastojat \u0107emo obezbijediti barem po jedan privremeni stan za \u017eene koje odlaze iz sigurne ku\u0107e&#8221;, isti\u010de Ze\u010devi\u0107.<\/p>\n<p>Tuzlanska sigurna ku\u0107a izgra\u0111ena je prije 22 godine, a Vive \u017eene novca za njenu adaptaciju nisu imale. Prijeku potrebu za tim prepoznali su u UNHCR-u i CRS-u koji su ovu te jo\u0161 \u010detiri sigurne ku\u0107e obnovili kroz projekat.<\/p>\n<p>&nbsp;<\/p>\n<p>&#8220;Jedna od bitnih stvari za nas je da ljudi koji bje\u017ee iz svoje ku\u0107e zbog neke traume, imaju sigurnu ku\u0107u gdje \u0107e se smjestiti. Udru\u017eenje Vive \u017eene uvijek ima otvorena vrata za izbjeglice, ali i raseljena lica koja su bje\u017eala od trauma i koji su imali pristup njihovim uslugama&#8221;, kazala je predstavnica UNHCR-a u BiH Lucie Gagne.<\/p>\n<p>Renoviranjem vanjskog prilaza i unutra\u0161njih prostrija, konkretno u tuzlanskoj sigurnoj ku\u0107i se pobolj\u0161ala sigurnost svih korisnica.<\/p>\n<p>&nbsp;<\/p>\n<p>&#8220;Kao Vive \u017eene ne bismo imali drugu mogu\u0107nost za renoviranje jer mi jedva uspjevamo na\u0161e redovne aktivnosti finansirati. Svi drugi projekti koje pravimo uglavnom se odnose na korisnice. Te\u0161ko je dobiti sredstva za renoviranje, a to je na\u0161oj ku\u0107i bilo neophodno. Nadam se da \u0107e i druge organizacije obratiti pa\u017enju na to&#8221;, navodi Ze\u010devi\u0107.<\/p>\n<p>&nbsp;<\/p>\n<p>Manje gra\u0111evinske intervencije ko\u0161tale su 38.000 KM.<\/p>\n<p>&nbsp;<\/p>\n<p>&#8220;CRS je uz podr\u0161ku UNHCR-a radio na fizi\u010dkom pobolj\u0161anju uslova i smje\u0161taja boravka u pet sigurnih ku\u0107a u BiH. Zahvalio bih se direktorici i osoblju koji su bili veoma strpljivi tokom izvgo\u0111enja radova. Korisnice su bile tu jer nisu imale gdje oti\u0107i i bile su na usluzi&#8221;, navodi menad\u017eer projekta pri CRS-u Samir Softi\u0107.<\/p>\n<p>Dugogodi\u0161nje nasilje u porodici mo\u017ee ostaviti izuzetno te\u0161ke psihi\u010dke posljedice na \u017ertvu, a kroz boravak u ovoj ku\u0107i, ona prolazi kroz grupne i individualne psiho-socijalne i body terapije putem kojih se osloba\u0111a svih posljedica koje su nastale.<\/p>\n<p>&nbsp;<\/p>\n<p>\u0160ti\u0107enice tako\u0111er imaju i radno-okupacionu terapiju, a po potrebi i savjetodavne razgovore koji slu\u017ee i u svrhu planiranja boravka u ku\u0107i, kontakata s nadle\u017enim institucijama te davanja informacija o porocesu, odnosno postupku nakon prijave nasilja.<\/p>\n<\/div>\n","protected":false},"excerpt":{"rendered":"<p>Bosna i Hercegovina broji sve vi\u0161e \u017ertava porodi\u010dnog nasilja, koje pomo\u0107 tra\u017ee pod krovom sigurnih&hellip;<\/p>\n","protected":false},"author":4,"featured_media":203416,"comment_status":"open","ping_status":"closed","sticky":false,"template":"","format":"standard","meta":{"_acf_changed":false,"footnotes":""},"categories":[304,12],"tags":[6041,42,6647,2889],"acf":[],"yoast_head":"<!-- This site is optimized with the Yoast SEO plugin v23.5 - https:\/\/yoast.com\/wordpress\/plugins\/seo\/ -->\n<title>Sve vi\u0161e \u017ertava nasilja: Sigurna ku\u0107a u Tuzli uto\u010di\u0161te za \u017eene i djecu - TuzlaInfo.ba<\/title>\n<meta name=\"robots\" content=\"index, follow, max-snippet:-1, max-image-preview:large, max-video-preview:-1\" \/>\n<link rel=\"canonical\" href=\"https:\/\/tuzlainfo.ba\/index.php\/novosti\/item\/203415-sve-vise-zrtava-nasilja-sigurna-kuca-u-tuzli-utociste-za-zene-i-djecu\/\" \/>\n<meta property=\"og:locale\" content=\"bs_BA\" \/>\n<meta property=\"og:type\" content=\"article\" \/>\n<meta property=\"og:title\" content=\"Sve vi\u0161e \u017ertava nasilja: Sigurna ku\u0107a u Tuzli uto\u010di\u0161te za \u017eene i djecu - TuzlaInfo.ba\" \/>\n<meta property=\"og:description\" content=\"Bosna i Hercegovina broji sve vi\u0161e \u017ertava porodi\u010dnog nasilja, koje pomo\u0107 tra\u017ee pod krovom sigurnih&hellip;\" \/>\n<meta property=\"og:url\" content=\"https:\/\/tuzlainfo.ba\/index.php\/novosti\/item\/203415-sve-vise-zrtava-nasilja-sigurna-kuca-u-tuzli-utociste-za-zene-i-djecu\/\" \/>\n<meta property=\"og:site_name\" content=\"TuzlaInfo.ba\" \/>\n<meta property=\"article:publisher\" content=\"https:\/\/www.facebook.com\/tuzlainfo.ba\/\" \/>\n<meta property=\"article:published_time\" content=\"2023-04-30T17:30:36+00:00\" \/>\n<meta property=\"article:modified_time\" content=\"2023-04-30T13:20:07+00:00\" \/>\n<meta property=\"og:image\" content=\"https:\/\/tuzlainfo.ba\/wp-content\/uploads\/2023\/04\/inbound1603091989242137697.jpg\" \/>\n\t<meta property=\"og:image:width\" content=\"1012\" \/>\n\t<meta property=\"og:image:height\" content=\"682\" \/>\n\t<meta property=\"og:image:type\" content=\"image\/jpeg\" \/>\n<meta name=\"author\" content=\"Tuzla Info\" \/>\n<meta name=\"twitter:card\" content=\"summary_large_image\" \/>\n<meta name=\"twitter:label1\" content=\"Written by\" \/>\n\t<meta name=\"twitter:data1\" content=\"Tuzla Info\" \/>\n\t<meta name=\"twitter:label2\" content=\"Est. reading time\" \/>\n\t<meta name=\"twitter:data2\" content=\"4 minute\" \/>\n<script type=\"application\/ld+json\" class=\"yoast-schema-graph\">{\"@context\":\"https:\/\/schema.org\",\"@graph\":[{\"@type\":\"Article\",\"@id\":\"https:\/\/tuzlainfo.ba\/index.php\/novosti\/item\/203415-sve-vise-zrtava-nasilja-sigurna-kuca-u-tuzli-utociste-za-zene-i-djecu\/#article\",\"isPartOf\":{\"@id\":\"https:\/\/tuzlainfo.ba\/index.php\/novosti\/item\/203415-sve-vise-zrtava-nasilja-sigurna-kuca-u-tuzli-utociste-za-zene-i-djecu\/\"},\"author\":{\"name\":\"Tuzla Info\",\"@id\":\"https:\/\/tuzlainfo.ba\/#\/schema\/person\/46cad4c57790cbc50781edd14870825a\"},\"headline\":\"Sve vi\u0161e \u017ertava nasilja: Sigurna ku\u0107a u Tuzli uto\u010di\u0161te za \u017eene i djecu\",\"datePublished\":\"2023-04-30T17:30:36+00:00\",\"dateModified\":\"2023-04-30T13:20:07+00:00\",\"mainEntityOfPage\":{\"@id\":\"https:\/\/tuzlainfo.ba\/index.php\/novosti\/item\/203415-sve-vise-zrtava-nasilja-sigurna-kuca-u-tuzli-utociste-za-zene-i-djecu\/\"},\"wordCount\":723,\"commentCount\":0,\"publisher\":{\"@id\":\"https:\/\/tuzlainfo.ba\/#organization\"},\"image\":{\"@id\":\"https:\/\/tuzlainfo.ba\/index.php\/novosti\/item\/203415-sve-vise-zrtava-nasilja-sigurna-kuca-u-tuzli-utociste-za-zene-i-djecu\/#primaryimage\"},\"thumbnailUrl\":\"https:\/\/tuzlainfo.ba\/wp-content\/uploads\/2023\/04\/inbound1603091989242137697.jpg\",\"keywords\":[\"Sigurna ku\u0107a\",\"tuzla\",\"tuzlanski portal\",\"vive \u017eene\"],\"articleSection\":[\"Istaknuto\",\"Novosti\"],\"inLanguage\":\"bs-BA\"},{\"@type\":\"WebPage\",\"@id\":\"https:\/\/tuzlainfo.ba\/index.php\/novosti\/item\/203415-sve-vise-zrtava-nasilja-sigurna-kuca-u-tuzli-utociste-za-zene-i-djecu\/\",\"url\":\"https:\/\/tuzlainfo.ba\/index.php\/novosti\/item\/203415-sve-vise-zrtava-nasilja-sigurna-kuca-u-tuzli-utociste-za-zene-i-djecu\/\",\"name\":\"Sve vi\u0161e \u017ertava nasilja: Sigurna ku\u0107a u Tuzli uto\u010di\u0161te za \u017eene i djecu - TuzlaInfo.ba\",\"isPartOf\":{\"@id\":\"https:\/\/tuzlainfo.ba\/#website\"},\"primaryImageOfPage\":{\"@id\":\"https:\/\/tuzlainfo.ba\/index.php\/novosti\/item\/203415-sve-vise-zrtava-nasilja-sigurna-kuca-u-tuzli-utociste-za-zene-i-djecu\/#primaryimage\"},\"image\":{\"@id\":\"https:\/\/tuzlainfo.ba\/index.php\/novosti\/item\/203415-sve-vise-zrtava-nasilja-sigurna-kuca-u-tuzli-utociste-za-zene-i-djecu\/#primaryimage\"},\"thumbnailUrl\":\"https:\/\/tuzlainfo.ba\/wp-content\/uploads\/2023\/04\/inbound1603091989242137697.jpg\",\"datePublished\":\"2023-04-30T17:30:36+00:00\",\"dateModified\":\"2023-04-30T13:20:07+00:00\",\"breadcrumb\":{\"@id\":\"https:\/\/tuzlainfo.ba\/index.php\/novosti\/item\/203415-sve-vise-zrtava-nasilja-sigurna-kuca-u-tuzli-utociste-za-zene-i-djecu\/#breadcrumb\"},\"inLanguage\":\"bs-BA\",\"potentialAction\":[{\"@type\":\"ReadAction\",\"target\":[\"https:\/\/tuzlainfo.ba\/index.php\/novosti\/item\/203415-sve-vise-zrtava-nasilja-sigurna-kuca-u-tuzli-utociste-za-zene-i-djecu\/\"]}]},{\"@type\":\"ImageObject\",\"inLanguage\":\"bs-BA\",\"@id\":\"https:\/\/tuzlainfo.ba\/index.php\/novosti\/item\/203415-sve-vise-zrtava-nasilja-sigurna-kuca-u-tuzli-utociste-za-zene-i-djecu\/#primaryimage\",\"url\":\"https:\/\/tuzlainfo.ba\/wp-content\/uploads\/2023\/04\/inbound1603091989242137697.jpg\",\"contentUrl\":\"https:\/\/tuzlainfo.ba\/wp-content\/uploads\/2023\/04\/inbound1603091989242137697.jpg\",\"width\":1012,\"height\":682},{\"@type\":\"BreadcrumbList\",\"@id\":\"https:\/\/tuzlainfo.ba\/index.php\/novosti\/item\/203415-sve-vise-zrtava-nasilja-sigurna-kuca-u-tuzli-utociste-za-zene-i-djecu\/#breadcrumb\",\"itemListElement\":[{\"@type\":\"ListItem\",\"position\":1,\"name\":\"Home\",\"item\":\"https:\/\/tuzlainfo.ba\/\"},{\"@type\":\"ListItem\",\"position\":2,\"name\":\"Sve vi\u0161e \u017ertava nasilja: Sigurna ku\u0107a u Tuzli uto\u010di\u0161te za \u017eene i djecu\"}]},{\"@type\":\"WebSite\",\"@id\":\"https:\/\/tuzlainfo.ba\/#website\",\"url\":\"https:\/\/tuzlainfo.ba\/\",\"name\":\"TuzlaInfo.ba\",\"description\":\"Tuzla info, gradski informator - Tuzla na dlanu\",\"publisher\":{\"@id\":\"https:\/\/tuzlainfo.ba\/#organization\"},\"potentialAction\":[{\"@type\":\"SearchAction\",\"target\":{\"@type\":\"EntryPoint\",\"urlTemplate\":\"https:\/\/tuzlainfo.ba\/?s={search_term_string}\"},\"query-input\":{\"@type\":\"PropertyValueSpecification\",\"valueRequired\":true,\"valueName\":\"search_term_string\"}}],\"inLanguage\":\"bs-BA\"},{\"@type\":\"Organization\",\"@id\":\"https:\/\/tuzlainfo.ba\/#organization\",\"name\":\"TuzlaInfo.ba\",\"url\":\"https:\/\/tuzlainfo.ba\/\",\"logo\":{\"@type\":\"ImageObject\",\"inLanguage\":\"bs-BA\",\"@id\":\"https:\/\/tuzlainfo.ba\/#\/schema\/logo\/image\/\",\"url\":\"https:\/\/tuzlainfo.ba\/wp-content\/uploads\/2021\/03\/logo-ver-3-1.png\",\"contentUrl\":\"https:\/\/tuzlainfo.ba\/wp-content\/uploads\/2021\/03\/logo-ver-3-1.png\",\"width\":350,\"height\":95,\"caption\":\"TuzlaInfo.ba\"},\"image\":{\"@id\":\"https:\/\/tuzlainfo.ba\/#\/schema\/logo\/image\/\"},\"sameAs\":[\"https:\/\/www.facebook.com\/tuzlainfo.ba\/\"]},{\"@type\":\"Person\",\"@id\":\"https:\/\/tuzlainfo.ba\/#\/schema\/person\/46cad4c57790cbc50781edd14870825a\",\"name\":\"Tuzla Info\",\"image\":{\"@type\":\"ImageObject\",\"inLanguage\":\"bs-BA\",\"@id\":\"https:\/\/tuzlainfo.ba\/#\/schema\/person\/image\/\",\"url\":\"https:\/\/tuzlainfo.ba\/wp-content\/litespeed\/avatar\/b6c453a6c38e3654f2e4416c643fc25c.jpg?ver=1777051911\",\"contentUrl\":\"https:\/\/tuzlainfo.ba\/wp-content\/litespeed\/avatar\/b6c453a6c38e3654f2e4416c643fc25c.jpg?ver=1777051911\",\"caption\":\"Tuzla Info\"}}]}<\/script>\n<!-- \/ Yoast SEO plugin. -->","yoast_head_json":{"title":"Sve vi\u0161e \u017ertava nasilja: Sigurna ku\u0107a u Tuzli uto\u010di\u0161te za \u017eene i djecu - TuzlaInfo.ba","robots":{"index":"index","follow":"follow","max-snippet":"max-snippet:-1","max-image-preview":"max-image-preview:large","max-video-preview":"max-video-preview:-1"},"canonical":"https:\/\/tuzlainfo.ba\/index.php\/novosti\/item\/203415-sve-vise-zrtava-nasilja-sigurna-kuca-u-tuzli-utociste-za-zene-i-djecu\/","og_locale":"bs_BA","og_type":"article","og_title":"Sve vi\u0161e \u017ertava nasilja: Sigurna ku\u0107a u Tuzli uto\u010di\u0161te za \u017eene i djecu - TuzlaInfo.ba","og_description":"Bosna i Hercegovina broji sve vi\u0161e \u017ertava porodi\u010dnog nasilja, koje pomo\u0107 tra\u017ee pod krovom sigurnih&hellip;","og_url":"https:\/\/tuzlainfo.ba\/index.php\/novosti\/item\/203415-sve-vise-zrtava-nasilja-sigurna-kuca-u-tuzli-utociste-za-zene-i-djecu\/","og_site_name":"TuzlaInfo.ba","article_publisher":"https:\/\/www.facebook.com\/tuzlainfo.ba\/","article_published_time":"2023-04-30T17:30:36+00:00","article_modified_time":"2023-04-30T13:20:07+00:00","og_image":[{"width":1012,"height":682,"url":"https:\/\/tuzlainfo.ba\/wp-content\/uploads\/2023\/04\/inbound1603091989242137697.jpg","type":"image\/jpeg"}],"author":"Tuzla Info","twitter_card":"summary_large_image","twitter_misc":{"Written by":"Tuzla Info","Est. reading time":"4 minute"},"schema":{"@context":"https:\/\/schema.org","@graph":[{"@type":"Article","@id":"https:\/\/tuzlainfo.ba\/index.php\/novosti\/item\/203415-sve-vise-zrtava-nasilja-sigurna-kuca-u-tuzli-utociste-za-zene-i-djecu\/#article","isPartOf":{"@id":"https:\/\/tuzlainfo.ba\/index.php\/novosti\/item\/203415-sve-vise-zrtava-nasilja-sigurna-kuca-u-tuzli-utociste-za-zene-i-djecu\/"},"author":{"name":"Tuzla Info","@id":"https:\/\/tuzlainfo.ba\/#\/schema\/person\/46cad4c57790cbc50781edd14870825a"},"headline":"Sve vi\u0161e \u017ertava nasilja: Sigurna ku\u0107a u Tuzli uto\u010di\u0161te za \u017eene i djecu","datePublished":"2023-04-30T17:30:36+00:00","dateModified":"2023-04-30T13:20:07+00:00","mainEntityOfPage":{"@id":"https:\/\/tuzlainfo.ba\/index.php\/novosti\/item\/203415-sve-vise-zrtava-nasilja-sigurna-kuca-u-tuzli-utociste-za-zene-i-djecu\/"},"wordCount":723,"commentCount":0,"publisher":{"@id":"https:\/\/tuzlainfo.ba\/#organization"},"image":{"@id":"https:\/\/tuzlainfo.ba\/index.php\/novosti\/item\/203415-sve-vise-zrtava-nasilja-sigurna-kuca-u-tuzli-utociste-za-zene-i-djecu\/#primaryimage"},"thumbnailUrl":"https:\/\/tuzlainfo.ba\/wp-content\/uploads\/2023\/04\/inbound1603091989242137697.jpg","keywords":["Sigurna ku\u0107a","tuzla","tuzlanski portal","vive \u017eene"],"articleSection":["Istaknuto","Novosti"],"inLanguage":"bs-BA"},{"@type":"WebPage","@id":"https:\/\/tuzlainfo.ba\/index.php\/novosti\/item\/203415-sve-vise-zrtava-nasilja-sigurna-kuca-u-tuzli-utociste-za-zene-i-djecu\/","url":"https:\/\/tuzlainfo.ba\/index.php\/novosti\/item\/203415-sve-vise-zrtava-nasilja-sigurna-kuca-u-tuzli-utociste-za-zene-i-djecu\/","name":"Sve vi\u0161e \u017ertava nasilja: Sigurna ku\u0107a u Tuzli uto\u010di\u0161te za \u017eene i djecu - TuzlaInfo.ba","isPartOf":{"@id":"https:\/\/tuzlainfo.ba\/#website"},"primaryImageOfPage":{"@id":"https:\/\/tuzlainfo.ba\/index.php\/novosti\/item\/203415-sve-vise-zrtava-nasilja-sigurna-kuca-u-tuzli-utociste-za-zene-i-djecu\/#primaryimage"},"image":{"@id":"https:\/\/tuzlainfo.ba\/index.php\/novosti\/item\/203415-sve-vise-zrtava-nasilja-sigurna-kuca-u-tuzli-utociste-za-zene-i-djecu\/#primaryimage"},"thumbnailUrl":"https:\/\/tuzlainfo.ba\/wp-content\/uploads\/2023\/04\/inbound1603091989242137697.jpg","datePublished":"2023-04-30T17:30:36+00:00","dateModified":"2023-04-30T13:20:07+00:00","breadcrumb":{"@id":"https:\/\/tuzlainfo.ba\/index.php\/novosti\/item\/203415-sve-vise-zrtava-nasilja-sigurna-kuca-u-tuzli-utociste-za-zene-i-djecu\/#breadcrumb"},"inLanguage":"bs-BA","potentialAction":[{"@type":"ReadAction","target":["https:\/\/tuzlainfo.ba\/index.php\/novosti\/item\/203415-sve-vise-zrtava-nasilja-sigurna-kuca-u-tuzli-utociste-za-zene-i-djecu\/"]}]},{"@type":"ImageObject","inLanguage":"bs-BA","@id":"https:\/\/tuzlainfo.ba\/index.php\/novosti\/item\/203415-sve-vise-zrtava-nasilja-sigurna-kuca-u-tuzli-utociste-za-zene-i-djecu\/#primaryimage","url":"https:\/\/tuzlainfo.ba\/wp-content\/uploads\/2023\/04\/inbound1603091989242137697.jpg","contentUrl":"https:\/\/tuzlainfo.ba\/wp-content\/uploads\/2023\/04\/inbound1603091989242137697.jpg","width":1012,"height":682},{"@type":"BreadcrumbList","@id":"https:\/\/tuzlainfo.ba\/index.php\/novosti\/item\/203415-sve-vise-zrtava-nasilja-sigurna-kuca-u-tuzli-utociste-za-zene-i-djecu\/#breadcrumb","itemListElement":[{"@type":"ListItem","position":1,"name":"Home","item":"https:\/\/tuzlainfo.ba\/"},{"@type":"ListItem","position":2,"name":"Sve vi\u0161e \u017ertava nasilja: Sigurna ku\u0107a u Tuzli uto\u010di\u0161te za \u017eene i djecu"}]},{"@type":"WebSite","@id":"https:\/\/tuzlainfo.ba\/#website","url":"https:\/\/tuzlainfo.ba\/","name":"TuzlaInfo.ba","description":"Tuzla info, gradski informator - Tuzla na dlanu","publisher":{"@id":"https:\/\/tuzlainfo.ba\/#organization"},"potentialAction":[{"@type":"SearchAction","target":{"@type":"EntryPoint","urlTemplate":"https:\/\/tuzlainfo.ba\/?s={search_term_string}"},"query-input":{"@type":"PropertyValueSpecification","valueRequired":true,"valueName":"search_term_string"}}],"inLanguage":"bs-BA"},{"@type":"Organization","@id":"https:\/\/tuzlainfo.ba\/#organization","name":"TuzlaInfo.ba","url":"https:\/\/tuzlainfo.ba\/","logo":{"@type":"ImageObject","inLanguage":"bs-BA","@id":"https:\/\/tuzlainfo.ba\/#\/schema\/logo\/image\/","url":"https:\/\/tuzlainfo.ba\/wp-content\/uploads\/2021\/03\/logo-ver-3-1.png","contentUrl":"https:\/\/tuzlainfo.ba\/wp-content\/uploads\/2021\/03\/logo-ver-3-1.png","width":350,"height":95,"caption":"TuzlaInfo.ba"},"image":{"@id":"https:\/\/tuzlainfo.ba\/#\/schema\/logo\/image\/"},"sameAs":["https:\/\/www.facebook.com\/tuzlainfo.ba\/"]},{"@type":"Person","@id":"https:\/\/tuzlainfo.ba\/#\/schema\/person\/46cad4c57790cbc50781edd14870825a","name":"Tuzla Info","image":{"@type":"ImageObject","inLanguage":"bs-BA","@id":"https:\/\/tuzlainfo.ba\/#\/schema\/person\/image\/","url":"https:\/\/tuzlainfo.ba\/wp-content\/litespeed\/avatar\/b6c453a6c38e3654f2e4416c643fc25c.jpg?ver=1777051911","contentUrl":"https:\/\/tuzlainfo.ba\/wp-content\/litespeed\/avatar\/b6c453a6c38e3654f2e4416c643fc25c.jpg?ver=1777051911","caption":"Tuzla Info"}}]}},"_links":{"self":[{"href":"https:\/\/tuzlainfo.ba\/index.php\/wp-json\/wp\/v2\/posts\/203415"}],"collection":[{"href":"https:\/\/tuzlainfo.ba\/index.php\/wp-json\/wp\/v2\/posts"}],"about":[{"href":"https:\/\/tuzlainfo.ba\/index.php\/wp-json\/wp\/v2\/types\/post"}],"author":[{"embeddable":true,"href":"https:\/\/tuzlainfo.ba\/index.php\/wp-json\/wp\/v2\/users\/4"}],"replies":[{"embeddable":true,"href":"https:\/\/tuzlainfo.ba\/index.php\/wp-json\/wp\/v2\/comments?post=203415"}],"version-history":[{"count":0,"href":"https:\/\/tuzlainfo.ba\/index.php\/wp-json\/wp\/v2\/posts\/203415\/revisions"}],"wp:featuredmedia":[{"embeddable":true,"href":"https:\/\/tuzlainfo.ba\/index.php\/wp-json\/wp\/v2\/media\/203416"}],"wp:attachment":[{"href":"https:\/\/tuzlainfo.ba\/index.php\/wp-json\/wp\/v2\/media?parent=203415"}],"wp:term":[{"taxonomy":"category","embeddable":true,"href":"https:\/\/tuzlainfo.ba\/index.php\/wp-json\/wp\/v2\/categories?post=203415"},{"taxonomy":"post_tag","embeddable":true,"href":"https:\/\/tuzlainfo.ba\/index.php\/wp-json\/wp\/v2\/tags?post=203415"}],"curies":[{"name":"wp","href":"https:\/\/api.w.org\/{rel}","templated":true}]}}