{"id":203308,"date":"2023-04-28T17:43:12","date_gmt":"2023-04-28T15:43:12","guid":{"rendered":"https:\/\/tuzlainfo.ba\/?p=203308"},"modified":"2023-04-28T17:44:24","modified_gmt":"2023-04-28T15:44:24","slug":"protesti-zarseni-okupljeninapadali-zastupnike-pri-izlasku-iz-parlamenta-fbih","status":"publish","type":"post","link":"https:\/\/tuzlainfo.ba\/index.php\/bosna-i-hercegovina\/item\/203308-protesti-zarseni-okupljeninapadali-zastupnike-pri-izlasku-iz-parlamenta-fbih\/","title":{"rendered":"Protesti zavr\u0161eni: Okupljeni napadali zastupnike pri izlasku iz Parlamenta FBiH"},"content":{"rendered":"<p>Demonstrantima ispred Parlamenta FBiH je saop\u0107ena informacija o formiranju nove Vlade FBiH pa je nervoza nakratko porasla, no zastupnici SDA su do\u010dekani uz aplauz.<\/p>\n<p>&nbsp;<\/p>\n<p>Ostalim zastupnicima koji su ostali u zgradi Parlamenta, okupljeni su uzvikivali &#8220;Izdaja&#8221; i &#8220;Usta\u0161e&#8221;, me\u0111utim vrlo brzo je krenulo razila\u017eenje okupljenih.<\/p>\n<p>Nakon \u0161to je zastupnik Kenan Uzunovi\u0107 napustio sjednicu i iza\u0161ao iz zgrade Parlamenta FBiH, okupljeni su nasrnuli na njega, a policija je hitno reagovala.<\/p>\n<p>&nbsp;<\/p>\n<p>Kako prenose reporteri Klix.ba s mjesta doga\u0111aja, prisutni su pljuvali i prijetili Uzunovi\u0107u te su ga polili vodom, a policija nije odmah bila tu kako bi reagovala.<\/p>\n<p>Osim zastupnika, napadnuti su i novi ministar Ramo Isak i Adnan Deli\u0107.<\/p>\n<p>Kenan Uzunovi\u0107 nije jedini zastupnik koji je danas napadnut. Naime, i ostali zastupnici koji su iza\u0161li iz zgrade, a glasali su za novu Vladu FBiH, su bili na neki na\u010din napadnuti.<\/p>\n<p>&nbsp;<\/p>\n<p>Iako su SDA i DF pozvali prisutne da mirno napuste prostor ispred zgrade Parlamenta FBiH, nekolicina gra\u0111ana je ipak ostala i pravi probleme.<\/p>\n<p>&nbsp;<\/p>\n<p>Specijalci su do\u0161li tek kasnije, nakon \u0161to je sukob uveliko nastao, a brojni zastupnici su zbog toga bili direktno izlo\u017eeni nekolicini gra\u0111ana koji se nalaze na platou.<\/p>\n<p>Nakon fizi\u010dkih i verbalnih sukoba ispred Parlamenta FBiH, demonstranti su se razi\u0161li, a protesti su definitivno zavr\u0161eni za danas.<\/p>\n<p>&nbsp;<\/p>\n","protected":false},"excerpt":{"rendered":"<p>Demonstrantima ispred Parlamenta FBiH je saop\u0107ena informacija o formiranju nove Vlade FBiH pa je nervoza&hellip;<\/p>\n","protected":false},"author":4,"featured_media":203309,"comment_status":"open","ping_status":"closed","sticky":false,"template":"","format":"standard","meta":{"_acf_changed":false,"footnotes":""},"categories":[291],"tags":[3045,320,2107],"acf":[],"yoast_head":"<!-- This site is optimized with the Yoast SEO plugin v23.5 - https:\/\/yoast.com\/wordpress\/plugins\/seo\/ -->\n<title>Protesti zavr\u0161eni: Okupljeni napadali zastupnike pri izlasku iz Parlamenta FBiH - TuzlaInfo.ba<\/title>\n<meta name=\"robots\" content=\"index, follow, max-snippet:-1, max-image-preview:large, max-video-preview:-1\" \/>\n<link rel=\"canonical\" href=\"https:\/\/tuzlainfo.ba\/index.php\/bosna-i-hercegovina\/item\/203308-protesti-zarseni-okupljeninapadali-zastupnike-pri-izlasku-iz-parlamenta-fbih\/\" \/>\n<meta property=\"og:locale\" content=\"bs_BA\" \/>\n<meta property=\"og:type\" content=\"article\" \/>\n<meta property=\"og:title\" content=\"Protesti zavr\u0161eni: Okupljeni napadali zastupnike pri izlasku iz Parlamenta FBiH - TuzlaInfo.ba\" \/>\n<meta property=\"og:description\" content=\"Demonstrantima ispred Parlamenta FBiH je saop\u0107ena informacija o formiranju nove Vlade FBiH pa je nervoza&hellip;\" \/>\n<meta property=\"og:url\" content=\"https:\/\/tuzlainfo.ba\/index.php\/bosna-i-hercegovina\/item\/203308-protesti-zarseni-okupljeninapadali-zastupnike-pri-izlasku-iz-parlamenta-fbih\/\" \/>\n<meta property=\"og:site_name\" content=\"TuzlaInfo.ba\" \/>\n<meta property=\"article:publisher\" content=\"https:\/\/www.facebook.com\/tuzlainfo.ba\/\" \/>\n<meta property=\"article:published_time\" content=\"2023-04-28T15:43:12+00:00\" \/>\n<meta property=\"article:modified_time\" content=\"2023-04-28T15:44:24+00:00\" \/>\n<meta property=\"og:image\" content=\"https:\/\/tuzlainfo.ba\/wp-content\/uploads\/2023\/04\/inbound2556985751713793589.jpg\" \/>\n\t<meta property=\"og:image:width\" content=\"1080\" \/>\n\t<meta property=\"og:image:height\" content=\"718\" \/>\n\t<meta property=\"og:image:type\" content=\"image\/jpeg\" \/>\n<meta name=\"author\" content=\"Tuzla Info\" \/>\n<meta name=\"twitter:card\" content=\"summary_large_image\" \/>\n<meta name=\"twitter:label1\" content=\"Written by\" \/>\n\t<meta name=\"twitter:data1\" content=\"Tuzla Info\" \/>\n\t<meta name=\"twitter:label2\" content=\"Est. reading time\" \/>\n\t<meta name=\"twitter:data2\" content=\"1 minuta\" \/>\n<script type=\"application\/ld+json\" class=\"yoast-schema-graph\">{\"@context\":\"https:\/\/schema.org\",\"@graph\":[{\"@type\":\"Article\",\"@id\":\"https:\/\/tuzlainfo.ba\/index.php\/bosna-i-hercegovina\/item\/203308-protesti-zarseni-okupljeninapadali-zastupnike-pri-izlasku-iz-parlamenta-fbih\/#article\",\"isPartOf\":{\"@id\":\"https:\/\/tuzlainfo.ba\/index.php\/bosna-i-hercegovina\/item\/203308-protesti-zarseni-okupljeninapadali-zastupnike-pri-izlasku-iz-parlamenta-fbih\/\"},\"author\":{\"name\":\"Tuzla Info\",\"@id\":\"https:\/\/tuzlainfo.ba\/#\/schema\/person\/46cad4c57790cbc50781edd14870825a\"},\"headline\":\"Protesti zavr\u0161eni: Okupljeni napadali zastupnike pri izlasku iz Parlamenta FBiH\",\"datePublished\":\"2023-04-28T15:43:12+00:00\",\"dateModified\":\"2023-04-28T15:44:24+00:00\",\"mainEntityOfPage\":{\"@id\":\"https:\/\/tuzlainfo.ba\/index.php\/bosna-i-hercegovina\/item\/203308-protesti-zarseni-okupljeninapadali-zastupnike-pri-izlasku-iz-parlamenta-fbih\/\"},\"wordCount\":242,\"commentCount\":0,\"publisher\":{\"@id\":\"https:\/\/tuzlainfo.ba\/#organization\"},\"image\":{\"@id\":\"https:\/\/tuzlainfo.ba\/index.php\/bosna-i-hercegovina\/item\/203308-protesti-zarseni-okupljeninapadali-zastupnike-pri-izlasku-iz-parlamenta-fbih\/#primaryimage\"},\"thumbnailUrl\":\"https:\/\/tuzlainfo.ba\/wp-content\/uploads\/2023\/04\/inbound2556985751713793589.jpg\",\"keywords\":[\"parlament fbih\",\"protesti\",\"Vlada federacije\"],\"articleSection\":[\"Bosna i Hercegovina\"],\"inLanguage\":\"bs-BA\"},{\"@type\":\"WebPage\",\"@id\":\"https:\/\/tuzlainfo.ba\/index.php\/bosna-i-hercegovina\/item\/203308-protesti-zarseni-okupljeninapadali-zastupnike-pri-izlasku-iz-parlamenta-fbih\/\",\"url\":\"https:\/\/tuzlainfo.ba\/index.php\/bosna-i-hercegovina\/item\/203308-protesti-zarseni-okupljeninapadali-zastupnike-pri-izlasku-iz-parlamenta-fbih\/\",\"name\":\"Protesti zavr\u0161eni: Okupljeni napadali zastupnike pri izlasku iz Parlamenta FBiH - TuzlaInfo.ba\",\"isPartOf\":{\"@id\":\"https:\/\/tuzlainfo.ba\/#website\"},\"primaryImageOfPage\":{\"@id\":\"https:\/\/tuzlainfo.ba\/index.php\/bosna-i-hercegovina\/item\/203308-protesti-zarseni-okupljeninapadali-zastupnike-pri-izlasku-iz-parlamenta-fbih\/#primaryimage\"},\"image\":{\"@id\":\"https:\/\/tuzlainfo.ba\/index.php\/bosna-i-hercegovina\/item\/203308-protesti-zarseni-okupljeninapadali-zastupnike-pri-izlasku-iz-parlamenta-fbih\/#primaryimage\"},\"thumbnailUrl\":\"https:\/\/tuzlainfo.ba\/wp-content\/uploads\/2023\/04\/inbound2556985751713793589.jpg\",\"datePublished\":\"2023-04-28T15:43:12+00:00\",\"dateModified\":\"2023-04-28T15:44:24+00:00\",\"breadcrumb\":{\"@id\":\"https:\/\/tuzlainfo.ba\/index.php\/bosna-i-hercegovina\/item\/203308-protesti-zarseni-okupljeninapadali-zastupnike-pri-izlasku-iz-parlamenta-fbih\/#breadcrumb\"},\"inLanguage\":\"bs-BA\",\"potentialAction\":[{\"@type\":\"ReadAction\",\"target\":[\"https:\/\/tuzlainfo.ba\/index.php\/bosna-i-hercegovina\/item\/203308-protesti-zarseni-okupljeninapadali-zastupnike-pri-izlasku-iz-parlamenta-fbih\/\"]}]},{\"@type\":\"ImageObject\",\"inLanguage\":\"bs-BA\",\"@id\":\"https:\/\/tuzlainfo.ba\/index.php\/bosna-i-hercegovina\/item\/203308-protesti-zarseni-okupljeninapadali-zastupnike-pri-izlasku-iz-parlamenta-fbih\/#primaryimage\",\"url\":\"https:\/\/tuzlainfo.ba\/wp-content\/uploads\/2023\/04\/inbound2556985751713793589.jpg\",\"contentUrl\":\"https:\/\/tuzlainfo.ba\/wp-content\/uploads\/2023\/04\/inbound2556985751713793589.jpg\",\"width\":1080,\"height\":718},{\"@type\":\"BreadcrumbList\",\"@id\":\"https:\/\/tuzlainfo.ba\/index.php\/bosna-i-hercegovina\/item\/203308-protesti-zarseni-okupljeninapadali-zastupnike-pri-izlasku-iz-parlamenta-fbih\/#breadcrumb\",\"itemListElement\":[{\"@type\":\"ListItem\",\"position\":1,\"name\":\"Home\",\"item\":\"https:\/\/tuzlainfo.ba\/\"},{\"@type\":\"ListItem\",\"position\":2,\"name\":\"Protesti zavr\u0161eni: Okupljeni napadali zastupnike pri izlasku iz Parlamenta FBiH\"}]},{\"@type\":\"WebSite\",\"@id\":\"https:\/\/tuzlainfo.ba\/#website\",\"url\":\"https:\/\/tuzlainfo.ba\/\",\"name\":\"TuzlaInfo.ba\",\"description\":\"Tuzla info, gradski informator - Tuzla na dlanu\",\"publisher\":{\"@id\":\"https:\/\/tuzlainfo.ba\/#organization\"},\"potentialAction\":[{\"@type\":\"SearchAction\",\"target\":{\"@type\":\"EntryPoint\",\"urlTemplate\":\"https:\/\/tuzlainfo.ba\/?s={search_term_string}\"},\"query-input\":{\"@type\":\"PropertyValueSpecification\",\"valueRequired\":true,\"valueName\":\"search_term_string\"}}],\"inLanguage\":\"bs-BA\"},{\"@type\":\"Organization\",\"@id\":\"https:\/\/tuzlainfo.ba\/#organization\",\"name\":\"TuzlaInfo.ba\",\"url\":\"https:\/\/tuzlainfo.ba\/\",\"logo\":{\"@type\":\"ImageObject\",\"inLanguage\":\"bs-BA\",\"@id\":\"https:\/\/tuzlainfo.ba\/#\/schema\/logo\/image\/\",\"url\":\"https:\/\/tuzlainfo.ba\/wp-content\/uploads\/2021\/03\/logo-ver-3-1.png\",\"contentUrl\":\"https:\/\/tuzlainfo.ba\/wp-content\/uploads\/2021\/03\/logo-ver-3-1.png\",\"width\":350,\"height\":95,\"caption\":\"TuzlaInfo.ba\"},\"image\":{\"@id\":\"https:\/\/tuzlainfo.ba\/#\/schema\/logo\/image\/\"},\"sameAs\":[\"https:\/\/www.facebook.com\/tuzlainfo.ba\/\"]},{\"@type\":\"Person\",\"@id\":\"https:\/\/tuzlainfo.ba\/#\/schema\/person\/46cad4c57790cbc50781edd14870825a\",\"name\":\"Tuzla Info\",\"image\":{\"@type\":\"ImageObject\",\"inLanguage\":\"bs-BA\",\"@id\":\"https:\/\/tuzlainfo.ba\/#\/schema\/person\/image\/\",\"url\":\"https:\/\/tuzlainfo.ba\/wp-content\/litespeed\/avatar\/b6c453a6c38e3654f2e4416c643fc25c.jpg?ver=1777051911\",\"contentUrl\":\"https:\/\/tuzlainfo.ba\/wp-content\/litespeed\/avatar\/b6c453a6c38e3654f2e4416c643fc25c.jpg?ver=1777051911\",\"caption\":\"Tuzla Info\"}}]}<\/script>\n<!-- \/ Yoast SEO plugin. -->","yoast_head_json":{"title":"Protesti zavr\u0161eni: Okupljeni napadali zastupnike pri izlasku iz Parlamenta FBiH - TuzlaInfo.ba","robots":{"index":"index","follow":"follow","max-snippet":"max-snippet:-1","max-image-preview":"max-image-preview:large","max-video-preview":"max-video-preview:-1"},"canonical":"https:\/\/tuzlainfo.ba\/index.php\/bosna-i-hercegovina\/item\/203308-protesti-zarseni-okupljeninapadali-zastupnike-pri-izlasku-iz-parlamenta-fbih\/","og_locale":"bs_BA","og_type":"article","og_title":"Protesti zavr\u0161eni: Okupljeni napadali zastupnike pri izlasku iz Parlamenta FBiH - TuzlaInfo.ba","og_description":"Demonstrantima ispred Parlamenta FBiH je saop\u0107ena informacija o formiranju nove Vlade FBiH pa je nervoza&hellip;","og_url":"https:\/\/tuzlainfo.ba\/index.php\/bosna-i-hercegovina\/item\/203308-protesti-zarseni-okupljeninapadali-zastupnike-pri-izlasku-iz-parlamenta-fbih\/","og_site_name":"TuzlaInfo.ba","article_publisher":"https:\/\/www.facebook.com\/tuzlainfo.ba\/","article_published_time":"2023-04-28T15:43:12+00:00","article_modified_time":"2023-04-28T15:44:24+00:00","og_image":[{"width":1080,"height":718,"url":"https:\/\/tuzlainfo.ba\/wp-content\/uploads\/2023\/04\/inbound2556985751713793589.jpg","type":"image\/jpeg"}],"author":"Tuzla Info","twitter_card":"summary_large_image","twitter_misc":{"Written by":"Tuzla Info","Est. reading time":"1 minuta"},"schema":{"@context":"https:\/\/schema.org","@graph":[{"@type":"Article","@id":"https:\/\/tuzlainfo.ba\/index.php\/bosna-i-hercegovina\/item\/203308-protesti-zarseni-okupljeninapadali-zastupnike-pri-izlasku-iz-parlamenta-fbih\/#article","isPartOf":{"@id":"https:\/\/tuzlainfo.ba\/index.php\/bosna-i-hercegovina\/item\/203308-protesti-zarseni-okupljeninapadali-zastupnike-pri-izlasku-iz-parlamenta-fbih\/"},"author":{"name":"Tuzla Info","@id":"https:\/\/tuzlainfo.ba\/#\/schema\/person\/46cad4c57790cbc50781edd14870825a"},"headline":"Protesti zavr\u0161eni: Okupljeni napadali zastupnike pri izlasku iz Parlamenta FBiH","datePublished":"2023-04-28T15:43:12+00:00","dateModified":"2023-04-28T15:44:24+00:00","mainEntityOfPage":{"@id":"https:\/\/tuzlainfo.ba\/index.php\/bosna-i-hercegovina\/item\/203308-protesti-zarseni-okupljeninapadali-zastupnike-pri-izlasku-iz-parlamenta-fbih\/"},"wordCount":242,"commentCount":0,"publisher":{"@id":"https:\/\/tuzlainfo.ba\/#organization"},"image":{"@id":"https:\/\/tuzlainfo.ba\/index.php\/bosna-i-hercegovina\/item\/203308-protesti-zarseni-okupljeninapadali-zastupnike-pri-izlasku-iz-parlamenta-fbih\/#primaryimage"},"thumbnailUrl":"https:\/\/tuzlainfo.ba\/wp-content\/uploads\/2023\/04\/inbound2556985751713793589.jpg","keywords":["parlament fbih","protesti","Vlada federacije"],"articleSection":["Bosna i Hercegovina"],"inLanguage":"bs-BA"},{"@type":"WebPage","@id":"https:\/\/tuzlainfo.ba\/index.php\/bosna-i-hercegovina\/item\/203308-protesti-zarseni-okupljeninapadali-zastupnike-pri-izlasku-iz-parlamenta-fbih\/","url":"https:\/\/tuzlainfo.ba\/index.php\/bosna-i-hercegovina\/item\/203308-protesti-zarseni-okupljeninapadali-zastupnike-pri-izlasku-iz-parlamenta-fbih\/","name":"Protesti zavr\u0161eni: Okupljeni napadali zastupnike pri izlasku iz Parlamenta FBiH - TuzlaInfo.ba","isPartOf":{"@id":"https:\/\/tuzlainfo.ba\/#website"},"primaryImageOfPage":{"@id":"https:\/\/tuzlainfo.ba\/index.php\/bosna-i-hercegovina\/item\/203308-protesti-zarseni-okupljeninapadali-zastupnike-pri-izlasku-iz-parlamenta-fbih\/#primaryimage"},"image":{"@id":"https:\/\/tuzlainfo.ba\/index.php\/bosna-i-hercegovina\/item\/203308-protesti-zarseni-okupljeninapadali-zastupnike-pri-izlasku-iz-parlamenta-fbih\/#primaryimage"},"thumbnailUrl":"https:\/\/tuzlainfo.ba\/wp-content\/uploads\/2023\/04\/inbound2556985751713793589.jpg","datePublished":"2023-04-28T15:43:12+00:00","dateModified":"2023-04-28T15:44:24+00:00","breadcrumb":{"@id":"https:\/\/tuzlainfo.ba\/index.php\/bosna-i-hercegovina\/item\/203308-protesti-zarseni-okupljeninapadali-zastupnike-pri-izlasku-iz-parlamenta-fbih\/#breadcrumb"},"inLanguage":"bs-BA","potentialAction":[{"@type":"ReadAction","target":["https:\/\/tuzlainfo.ba\/index.php\/bosna-i-hercegovina\/item\/203308-protesti-zarseni-okupljeninapadali-zastupnike-pri-izlasku-iz-parlamenta-fbih\/"]}]},{"@type":"ImageObject","inLanguage":"bs-BA","@id":"https:\/\/tuzlainfo.ba\/index.php\/bosna-i-hercegovina\/item\/203308-protesti-zarseni-okupljeninapadali-zastupnike-pri-izlasku-iz-parlamenta-fbih\/#primaryimage","url":"https:\/\/tuzlainfo.ba\/wp-content\/uploads\/2023\/04\/inbound2556985751713793589.jpg","contentUrl":"https:\/\/tuzlainfo.ba\/wp-content\/uploads\/2023\/04\/inbound2556985751713793589.jpg","width":1080,"height":718},{"@type":"BreadcrumbList","@id":"https:\/\/tuzlainfo.ba\/index.php\/bosna-i-hercegovina\/item\/203308-protesti-zarseni-okupljeninapadali-zastupnike-pri-izlasku-iz-parlamenta-fbih\/#breadcrumb","itemListElement":[{"@type":"ListItem","position":1,"name":"Home","item":"https:\/\/tuzlainfo.ba\/"},{"@type":"ListItem","position":2,"name":"Protesti zavr\u0161eni: Okupljeni napadali zastupnike pri izlasku iz Parlamenta FBiH"}]},{"@type":"WebSite","@id":"https:\/\/tuzlainfo.ba\/#website","url":"https:\/\/tuzlainfo.ba\/","name":"TuzlaInfo.ba","description":"Tuzla info, gradski informator - Tuzla na dlanu","publisher":{"@id":"https:\/\/tuzlainfo.ba\/#organization"},"potentialAction":[{"@type":"SearchAction","target":{"@type":"EntryPoint","urlTemplate":"https:\/\/tuzlainfo.ba\/?s={search_term_string}"},"query-input":{"@type":"PropertyValueSpecification","valueRequired":true,"valueName":"search_term_string"}}],"inLanguage":"bs-BA"},{"@type":"Organization","@id":"https:\/\/tuzlainfo.ba\/#organization","name":"TuzlaInfo.ba","url":"https:\/\/tuzlainfo.ba\/","logo":{"@type":"ImageObject","inLanguage":"bs-BA","@id":"https:\/\/tuzlainfo.ba\/#\/schema\/logo\/image\/","url":"https:\/\/tuzlainfo.ba\/wp-content\/uploads\/2021\/03\/logo-ver-3-1.png","contentUrl":"https:\/\/tuzlainfo.ba\/wp-content\/uploads\/2021\/03\/logo-ver-3-1.png","width":350,"height":95,"caption":"TuzlaInfo.ba"},"image":{"@id":"https:\/\/tuzlainfo.ba\/#\/schema\/logo\/image\/"},"sameAs":["https:\/\/www.facebook.com\/tuzlainfo.ba\/"]},{"@type":"Person","@id":"https:\/\/tuzlainfo.ba\/#\/schema\/person\/46cad4c57790cbc50781edd14870825a","name":"Tuzla Info","image":{"@type":"ImageObject","inLanguage":"bs-BA","@id":"https:\/\/tuzlainfo.ba\/#\/schema\/person\/image\/","url":"https:\/\/tuzlainfo.ba\/wp-content\/litespeed\/avatar\/b6c453a6c38e3654f2e4416c643fc25c.jpg?ver=1777051911","contentUrl":"https:\/\/tuzlainfo.ba\/wp-content\/litespeed\/avatar\/b6c453a6c38e3654f2e4416c643fc25c.jpg?ver=1777051911","caption":"Tuzla Info"}}]}},"_links":{"self":[{"href":"https:\/\/tuzlainfo.ba\/index.php\/wp-json\/wp\/v2\/posts\/203308"}],"collection":[{"href":"https:\/\/tuzlainfo.ba\/index.php\/wp-json\/wp\/v2\/posts"}],"about":[{"href":"https:\/\/tuzlainfo.ba\/index.php\/wp-json\/wp\/v2\/types\/post"}],"author":[{"embeddable":true,"href":"https:\/\/tuzlainfo.ba\/index.php\/wp-json\/wp\/v2\/users\/4"}],"replies":[{"embeddable":true,"href":"https:\/\/tuzlainfo.ba\/index.php\/wp-json\/wp\/v2\/comments?post=203308"}],"version-history":[{"count":0,"href":"https:\/\/tuzlainfo.ba\/index.php\/wp-json\/wp\/v2\/posts\/203308\/revisions"}],"wp:featuredmedia":[{"embeddable":true,"href":"https:\/\/tuzlainfo.ba\/index.php\/wp-json\/wp\/v2\/media\/203309"}],"wp:attachment":[{"href":"https:\/\/tuzlainfo.ba\/index.php\/wp-json\/wp\/v2\/media?parent=203308"}],"wp:term":[{"taxonomy":"category","embeddable":true,"href":"https:\/\/tuzlainfo.ba\/index.php\/wp-json\/wp\/v2\/categories?post=203308"},{"taxonomy":"post_tag","embeddable":true,"href":"https:\/\/tuzlainfo.ba\/index.php\/wp-json\/wp\/v2\/tags?post=203308"}],"curies":[{"name":"wp","href":"https:\/\/api.w.org\/{rel}","templated":true}]}}