{"id":203294,"date":"2023-04-29T12:08:47","date_gmt":"2023-04-29T10:08:47","guid":{"rendered":"https:\/\/tuzlainfo.ba\/?p=203294"},"modified":"2023-04-29T08:56:04","modified_gmt":"2023-04-29T06:56:04","slug":"pocelo-deminiranje-u-seljublju-uklanjanje-mina-ce-trajati-cijelu-godinu","status":"publish","type":"post","link":"https:\/\/tuzlainfo.ba\/index.php\/novosti\/item\/203294-pocelo-deminiranje-u-seljublju-uklanjanje-mina-ce-trajati-cijelu-godinu\/","title":{"rendered":"Po\u010delo deminiranje u Seljublju, uklanjanje mina \u0107e trajati cijelu godinu"},"content":{"rendered":"<p>Oru\u017eane snage Bosne i Hercegovine zajedno sa predstavnicima Op\u0107ine Kalesija danas su otvorile deminersko radili\u0161te u naselju Seljublje.<\/p>\n<p>Rije\u010d je o povr\u0161ini od 1.380.931 m2 i \u010di\u0161\u0107enje \u0107e trajati cijelu kalendarsku godinu.<\/p>\n<p>&#8211; Prema prikupljenim informacijama na ovom potezu ima oko 37 minskih polja, ali taj broj je sigurno znatno ve\u0107i jer su ovdje vo\u0111ene borbe tokom proteklog rata &#8211; kazao je Edin Sejdinovi\u0107, oficir za operacije deminiranja.<\/p>\n<p>Prema njegovim rije\u010dima na ovom potezu se o\u010dekuje najvi\u0161e nagaznih i poteznih mina ali i drugih minsko-eksplozivnih naprava.<\/p>\n<p>&#8211; Ovo je va\u017ean deminerski projekat za podru\u010dje op\u0107ine Kalesija. Rije\u010d je o nastavku projekta u kojem Op\u0107ina Kalesija aktivno u\u010destvuje i pru\u017ea i logisti\u010dku podr\u0161ku. Mi smo kandidirali jo\u0161 odre\u0111eni broj povr\u0161ina za koje znamo da su zaga\u0111ene minama te se nadamo da \u0107e se prona\u0107i sredstva kako bi bilo to o\u010di\u0161\u0107eno i kako bi Kalesiju proglasili op\u0107inom bez mina &#8211; rekao je \u0161ef Slu\u017ebe za komunalne poslove i civilnu za\u0161titu Ismet Me\u0161i\u0107 koji je prisustvovao po\u010detku radova zajedno sa savjetnikom op\u0107inskog na\u010delnika Alijom D\u017eafi\u0107em i koordinatorom za deminiranje Fikretom Kri\u017eevcem.<\/p>\n<p>Iz Oru\u017eanih snaga BiH apeliraju na gra\u0111ane da smanje kretanje na dijelu gdje se izvodi deminiranje i da ukoliko imaju bilo kakava saznanja o minama da to prijave deminerskom timu, saop\u0107eno je iz Op\u0107ine Kalesija.<\/p>\n","protected":false},"excerpt":{"rendered":"<p>Oru\u017eane snage Bosne i Hercegovine zajedno sa predstavnicima Op\u0107ine Kalesija danas su otvorile deminersko radili\u0161te&hellip;<\/p>\n","protected":false},"author":4,"featured_media":203295,"comment_status":"open","ping_status":"closed","sticky":false,"template":"","format":"standard","meta":{"_acf_changed":false,"footnotes":""},"categories":[304,12],"tags":[3508,1290,6804],"acf":[],"yoast_head":"<!-- This site is optimized with the Yoast SEO plugin v23.5 - https:\/\/yoast.com\/wordpress\/plugins\/seo\/ -->\n<title>Po\u010delo deminiranje u Seljublju, uklanjanje mina \u0107e trajati cijelu godinu - TuzlaInfo.ba<\/title>\n<meta name=\"robots\" content=\"index, follow, max-snippet:-1, max-image-preview:large, max-video-preview:-1\" \/>\n<link rel=\"canonical\" href=\"https:\/\/tuzlainfo.ba\/index.php\/novosti\/item\/203294-pocelo-deminiranje-u-seljublju-uklanjanje-mina-ce-trajati-cijelu-godinu\/\" \/>\n<meta property=\"og:locale\" content=\"bs_BA\" \/>\n<meta property=\"og:type\" content=\"article\" \/>\n<meta property=\"og:title\" content=\"Po\u010delo deminiranje u Seljublju, uklanjanje mina \u0107e trajati cijelu godinu - TuzlaInfo.ba\" \/>\n<meta property=\"og:description\" content=\"Oru\u017eane snage Bosne i Hercegovine zajedno sa predstavnicima Op\u0107ine Kalesija danas su otvorile deminersko radili\u0161te&hellip;\" \/>\n<meta property=\"og:url\" content=\"https:\/\/tuzlainfo.ba\/index.php\/novosti\/item\/203294-pocelo-deminiranje-u-seljublju-uklanjanje-mina-ce-trajati-cijelu-godinu\/\" \/>\n<meta property=\"og:site_name\" content=\"TuzlaInfo.ba\" \/>\n<meta property=\"article:publisher\" content=\"https:\/\/www.facebook.com\/tuzlainfo.ba\/\" \/>\n<meta property=\"article:published_time\" content=\"2023-04-29T10:08:47+00:00\" \/>\n<meta property=\"article:modified_time\" content=\"2023-04-29T06:56:04+00:00\" \/>\n<meta property=\"og:image\" content=\"https:\/\/tuzlainfo.ba\/wp-content\/uploads\/2023\/04\/2804_seljublje-deminiranje.jpg\" \/>\n\t<meta property=\"og:image:width\" content=\"1024\" \/>\n\t<meta property=\"og:image:height\" content=\"768\" \/>\n\t<meta property=\"og:image:type\" content=\"image\/jpeg\" \/>\n<meta name=\"author\" content=\"Tuzla Info\" \/>\n<meta name=\"twitter:card\" content=\"summary_large_image\" \/>\n<meta name=\"twitter:label1\" content=\"Written by\" \/>\n\t<meta name=\"twitter:data1\" content=\"Tuzla Info\" \/>\n\t<meta name=\"twitter:label2\" content=\"Est. reading time\" \/>\n\t<meta name=\"twitter:data2\" content=\"1 minuta\" \/>\n<script type=\"application\/ld+json\" class=\"yoast-schema-graph\">{\"@context\":\"https:\/\/schema.org\",\"@graph\":[{\"@type\":\"Article\",\"@id\":\"https:\/\/tuzlainfo.ba\/index.php\/novosti\/item\/203294-pocelo-deminiranje-u-seljublju-uklanjanje-mina-ce-trajati-cijelu-godinu\/#article\",\"isPartOf\":{\"@id\":\"https:\/\/tuzlainfo.ba\/index.php\/novosti\/item\/203294-pocelo-deminiranje-u-seljublju-uklanjanje-mina-ce-trajati-cijelu-godinu\/\"},\"author\":{\"name\":\"Tuzla Info\",\"@id\":\"https:\/\/tuzlainfo.ba\/#\/schema\/person\/46cad4c57790cbc50781edd14870825a\"},\"headline\":\"Po\u010delo deminiranje u Seljublju, uklanjanje mina \u0107e trajati cijelu godinu\",\"datePublished\":\"2023-04-29T10:08:47+00:00\",\"dateModified\":\"2023-04-29T06:56:04+00:00\",\"mainEntityOfPage\":{\"@id\":\"https:\/\/tuzlainfo.ba\/index.php\/novosti\/item\/203294-pocelo-deminiranje-u-seljublju-uklanjanje-mina-ce-trajati-cijelu-godinu\/\"},\"wordCount\":260,\"commentCount\":0,\"publisher\":{\"@id\":\"https:\/\/tuzlainfo.ba\/#organization\"},\"image\":{\"@id\":\"https:\/\/tuzlainfo.ba\/index.php\/novosti\/item\/203294-pocelo-deminiranje-u-seljublju-uklanjanje-mina-ce-trajati-cijelu-godinu\/#primaryimage\"},\"thumbnailUrl\":\"https:\/\/tuzlainfo.ba\/wp-content\/uploads\/2023\/04\/2804_seljublje-deminiranje.jpg\",\"keywords\":[\"deminiranje\",\"kalesija\",\"seljublje\"],\"articleSection\":[\"Istaknuto\",\"Novosti\"],\"inLanguage\":\"bs-BA\"},{\"@type\":\"WebPage\",\"@id\":\"https:\/\/tuzlainfo.ba\/index.php\/novosti\/item\/203294-pocelo-deminiranje-u-seljublju-uklanjanje-mina-ce-trajati-cijelu-godinu\/\",\"url\":\"https:\/\/tuzlainfo.ba\/index.php\/novosti\/item\/203294-pocelo-deminiranje-u-seljublju-uklanjanje-mina-ce-trajati-cijelu-godinu\/\",\"name\":\"Po\u010delo deminiranje u Seljublju, uklanjanje mina \u0107e trajati cijelu godinu - TuzlaInfo.ba\",\"isPartOf\":{\"@id\":\"https:\/\/tuzlainfo.ba\/#website\"},\"primaryImageOfPage\":{\"@id\":\"https:\/\/tuzlainfo.ba\/index.php\/novosti\/item\/203294-pocelo-deminiranje-u-seljublju-uklanjanje-mina-ce-trajati-cijelu-godinu\/#primaryimage\"},\"image\":{\"@id\":\"https:\/\/tuzlainfo.ba\/index.php\/novosti\/item\/203294-pocelo-deminiranje-u-seljublju-uklanjanje-mina-ce-trajati-cijelu-godinu\/#primaryimage\"},\"thumbnailUrl\":\"https:\/\/tuzlainfo.ba\/wp-content\/uploads\/2023\/04\/2804_seljublje-deminiranje.jpg\",\"datePublished\":\"2023-04-29T10:08:47+00:00\",\"dateModified\":\"2023-04-29T06:56:04+00:00\",\"breadcrumb\":{\"@id\":\"https:\/\/tuzlainfo.ba\/index.php\/novosti\/item\/203294-pocelo-deminiranje-u-seljublju-uklanjanje-mina-ce-trajati-cijelu-godinu\/#breadcrumb\"},\"inLanguage\":\"bs-BA\",\"potentialAction\":[{\"@type\":\"ReadAction\",\"target\":[\"https:\/\/tuzlainfo.ba\/index.php\/novosti\/item\/203294-pocelo-deminiranje-u-seljublju-uklanjanje-mina-ce-trajati-cijelu-godinu\/\"]}]},{\"@type\":\"ImageObject\",\"inLanguage\":\"bs-BA\",\"@id\":\"https:\/\/tuzlainfo.ba\/index.php\/novosti\/item\/203294-pocelo-deminiranje-u-seljublju-uklanjanje-mina-ce-trajati-cijelu-godinu\/#primaryimage\",\"url\":\"https:\/\/tuzlainfo.ba\/wp-content\/uploads\/2023\/04\/2804_seljublje-deminiranje.jpg\",\"contentUrl\":\"https:\/\/tuzlainfo.ba\/wp-content\/uploads\/2023\/04\/2804_seljublje-deminiranje.jpg\",\"width\":1024,\"height\":768},{\"@type\":\"BreadcrumbList\",\"@id\":\"https:\/\/tuzlainfo.ba\/index.php\/novosti\/item\/203294-pocelo-deminiranje-u-seljublju-uklanjanje-mina-ce-trajati-cijelu-godinu\/#breadcrumb\",\"itemListElement\":[{\"@type\":\"ListItem\",\"position\":1,\"name\":\"Home\",\"item\":\"https:\/\/tuzlainfo.ba\/\"},{\"@type\":\"ListItem\",\"position\":2,\"name\":\"Po\u010delo deminiranje u Seljublju, uklanjanje mina \u0107e trajati cijelu godinu\"}]},{\"@type\":\"WebSite\",\"@id\":\"https:\/\/tuzlainfo.ba\/#website\",\"url\":\"https:\/\/tuzlainfo.ba\/\",\"name\":\"TuzlaInfo.ba\",\"description\":\"Tuzla info, gradski informator - Tuzla na dlanu\",\"publisher\":{\"@id\":\"https:\/\/tuzlainfo.ba\/#organization\"},\"potentialAction\":[{\"@type\":\"SearchAction\",\"target\":{\"@type\":\"EntryPoint\",\"urlTemplate\":\"https:\/\/tuzlainfo.ba\/?s={search_term_string}\"},\"query-input\":{\"@type\":\"PropertyValueSpecification\",\"valueRequired\":true,\"valueName\":\"search_term_string\"}}],\"inLanguage\":\"bs-BA\"},{\"@type\":\"Organization\",\"@id\":\"https:\/\/tuzlainfo.ba\/#organization\",\"name\":\"TuzlaInfo.ba\",\"url\":\"https:\/\/tuzlainfo.ba\/\",\"logo\":{\"@type\":\"ImageObject\",\"inLanguage\":\"bs-BA\",\"@id\":\"https:\/\/tuzlainfo.ba\/#\/schema\/logo\/image\/\",\"url\":\"https:\/\/tuzlainfo.ba\/wp-content\/uploads\/2021\/03\/logo-ver-3-1.png\",\"contentUrl\":\"https:\/\/tuzlainfo.ba\/wp-content\/uploads\/2021\/03\/logo-ver-3-1.png\",\"width\":350,\"height\":95,\"caption\":\"TuzlaInfo.ba\"},\"image\":{\"@id\":\"https:\/\/tuzlainfo.ba\/#\/schema\/logo\/image\/\"},\"sameAs\":[\"https:\/\/www.facebook.com\/tuzlainfo.ba\/\"]},{\"@type\":\"Person\",\"@id\":\"https:\/\/tuzlainfo.ba\/#\/schema\/person\/46cad4c57790cbc50781edd14870825a\",\"name\":\"Tuzla Info\",\"image\":{\"@type\":\"ImageObject\",\"inLanguage\":\"bs-BA\",\"@id\":\"https:\/\/tuzlainfo.ba\/#\/schema\/person\/image\/\",\"url\":\"https:\/\/tuzlainfo.ba\/wp-content\/litespeed\/avatar\/b6c453a6c38e3654f2e4416c643fc25c.jpg?ver=1777051911\",\"contentUrl\":\"https:\/\/tuzlainfo.ba\/wp-content\/litespeed\/avatar\/b6c453a6c38e3654f2e4416c643fc25c.jpg?ver=1777051911\",\"caption\":\"Tuzla Info\"}}]}<\/script>\n<!-- \/ Yoast SEO plugin. -->","yoast_head_json":{"title":"Po\u010delo deminiranje u Seljublju, uklanjanje mina \u0107e trajati cijelu godinu - TuzlaInfo.ba","robots":{"index":"index","follow":"follow","max-snippet":"max-snippet:-1","max-image-preview":"max-image-preview:large","max-video-preview":"max-video-preview:-1"},"canonical":"https:\/\/tuzlainfo.ba\/index.php\/novosti\/item\/203294-pocelo-deminiranje-u-seljublju-uklanjanje-mina-ce-trajati-cijelu-godinu\/","og_locale":"bs_BA","og_type":"article","og_title":"Po\u010delo deminiranje u Seljublju, uklanjanje mina \u0107e trajati cijelu godinu - TuzlaInfo.ba","og_description":"Oru\u017eane snage Bosne i Hercegovine zajedno sa predstavnicima Op\u0107ine Kalesija danas su otvorile deminersko radili\u0161te&hellip;","og_url":"https:\/\/tuzlainfo.ba\/index.php\/novosti\/item\/203294-pocelo-deminiranje-u-seljublju-uklanjanje-mina-ce-trajati-cijelu-godinu\/","og_site_name":"TuzlaInfo.ba","article_publisher":"https:\/\/www.facebook.com\/tuzlainfo.ba\/","article_published_time":"2023-04-29T10:08:47+00:00","article_modified_time":"2023-04-29T06:56:04+00:00","og_image":[{"width":1024,"height":768,"url":"https:\/\/tuzlainfo.ba\/wp-content\/uploads\/2023\/04\/2804_seljublje-deminiranje.jpg","type":"image\/jpeg"}],"author":"Tuzla Info","twitter_card":"summary_large_image","twitter_misc":{"Written by":"Tuzla Info","Est. reading time":"1 minuta"},"schema":{"@context":"https:\/\/schema.org","@graph":[{"@type":"Article","@id":"https:\/\/tuzlainfo.ba\/index.php\/novosti\/item\/203294-pocelo-deminiranje-u-seljublju-uklanjanje-mina-ce-trajati-cijelu-godinu\/#article","isPartOf":{"@id":"https:\/\/tuzlainfo.ba\/index.php\/novosti\/item\/203294-pocelo-deminiranje-u-seljublju-uklanjanje-mina-ce-trajati-cijelu-godinu\/"},"author":{"name":"Tuzla Info","@id":"https:\/\/tuzlainfo.ba\/#\/schema\/person\/46cad4c57790cbc50781edd14870825a"},"headline":"Po\u010delo deminiranje u Seljublju, uklanjanje mina \u0107e trajati cijelu godinu","datePublished":"2023-04-29T10:08:47+00:00","dateModified":"2023-04-29T06:56:04+00:00","mainEntityOfPage":{"@id":"https:\/\/tuzlainfo.ba\/index.php\/novosti\/item\/203294-pocelo-deminiranje-u-seljublju-uklanjanje-mina-ce-trajati-cijelu-godinu\/"},"wordCount":260,"commentCount":0,"publisher":{"@id":"https:\/\/tuzlainfo.ba\/#organization"},"image":{"@id":"https:\/\/tuzlainfo.ba\/index.php\/novosti\/item\/203294-pocelo-deminiranje-u-seljublju-uklanjanje-mina-ce-trajati-cijelu-godinu\/#primaryimage"},"thumbnailUrl":"https:\/\/tuzlainfo.ba\/wp-content\/uploads\/2023\/04\/2804_seljublje-deminiranje.jpg","keywords":["deminiranje","kalesija","seljublje"],"articleSection":["Istaknuto","Novosti"],"inLanguage":"bs-BA"},{"@type":"WebPage","@id":"https:\/\/tuzlainfo.ba\/index.php\/novosti\/item\/203294-pocelo-deminiranje-u-seljublju-uklanjanje-mina-ce-trajati-cijelu-godinu\/","url":"https:\/\/tuzlainfo.ba\/index.php\/novosti\/item\/203294-pocelo-deminiranje-u-seljublju-uklanjanje-mina-ce-trajati-cijelu-godinu\/","name":"Po\u010delo deminiranje u Seljublju, uklanjanje mina \u0107e trajati cijelu godinu - TuzlaInfo.ba","isPartOf":{"@id":"https:\/\/tuzlainfo.ba\/#website"},"primaryImageOfPage":{"@id":"https:\/\/tuzlainfo.ba\/index.php\/novosti\/item\/203294-pocelo-deminiranje-u-seljublju-uklanjanje-mina-ce-trajati-cijelu-godinu\/#primaryimage"},"image":{"@id":"https:\/\/tuzlainfo.ba\/index.php\/novosti\/item\/203294-pocelo-deminiranje-u-seljublju-uklanjanje-mina-ce-trajati-cijelu-godinu\/#primaryimage"},"thumbnailUrl":"https:\/\/tuzlainfo.ba\/wp-content\/uploads\/2023\/04\/2804_seljublje-deminiranje.jpg","datePublished":"2023-04-29T10:08:47+00:00","dateModified":"2023-04-29T06:56:04+00:00","breadcrumb":{"@id":"https:\/\/tuzlainfo.ba\/index.php\/novosti\/item\/203294-pocelo-deminiranje-u-seljublju-uklanjanje-mina-ce-trajati-cijelu-godinu\/#breadcrumb"},"inLanguage":"bs-BA","potentialAction":[{"@type":"ReadAction","target":["https:\/\/tuzlainfo.ba\/index.php\/novosti\/item\/203294-pocelo-deminiranje-u-seljublju-uklanjanje-mina-ce-trajati-cijelu-godinu\/"]}]},{"@type":"ImageObject","inLanguage":"bs-BA","@id":"https:\/\/tuzlainfo.ba\/index.php\/novosti\/item\/203294-pocelo-deminiranje-u-seljublju-uklanjanje-mina-ce-trajati-cijelu-godinu\/#primaryimage","url":"https:\/\/tuzlainfo.ba\/wp-content\/uploads\/2023\/04\/2804_seljublje-deminiranje.jpg","contentUrl":"https:\/\/tuzlainfo.ba\/wp-content\/uploads\/2023\/04\/2804_seljublje-deminiranje.jpg","width":1024,"height":768},{"@type":"BreadcrumbList","@id":"https:\/\/tuzlainfo.ba\/index.php\/novosti\/item\/203294-pocelo-deminiranje-u-seljublju-uklanjanje-mina-ce-trajati-cijelu-godinu\/#breadcrumb","itemListElement":[{"@type":"ListItem","position":1,"name":"Home","item":"https:\/\/tuzlainfo.ba\/"},{"@type":"ListItem","position":2,"name":"Po\u010delo deminiranje u Seljublju, uklanjanje mina \u0107e trajati cijelu godinu"}]},{"@type":"WebSite","@id":"https:\/\/tuzlainfo.ba\/#website","url":"https:\/\/tuzlainfo.ba\/","name":"TuzlaInfo.ba","description":"Tuzla info, gradski informator - Tuzla na dlanu","publisher":{"@id":"https:\/\/tuzlainfo.ba\/#organization"},"potentialAction":[{"@type":"SearchAction","target":{"@type":"EntryPoint","urlTemplate":"https:\/\/tuzlainfo.ba\/?s={search_term_string}"},"query-input":{"@type":"PropertyValueSpecification","valueRequired":true,"valueName":"search_term_string"}}],"inLanguage":"bs-BA"},{"@type":"Organization","@id":"https:\/\/tuzlainfo.ba\/#organization","name":"TuzlaInfo.ba","url":"https:\/\/tuzlainfo.ba\/","logo":{"@type":"ImageObject","inLanguage":"bs-BA","@id":"https:\/\/tuzlainfo.ba\/#\/schema\/logo\/image\/","url":"https:\/\/tuzlainfo.ba\/wp-content\/uploads\/2021\/03\/logo-ver-3-1.png","contentUrl":"https:\/\/tuzlainfo.ba\/wp-content\/uploads\/2021\/03\/logo-ver-3-1.png","width":350,"height":95,"caption":"TuzlaInfo.ba"},"image":{"@id":"https:\/\/tuzlainfo.ba\/#\/schema\/logo\/image\/"},"sameAs":["https:\/\/www.facebook.com\/tuzlainfo.ba\/"]},{"@type":"Person","@id":"https:\/\/tuzlainfo.ba\/#\/schema\/person\/46cad4c57790cbc50781edd14870825a","name":"Tuzla Info","image":{"@type":"ImageObject","inLanguage":"bs-BA","@id":"https:\/\/tuzlainfo.ba\/#\/schema\/person\/image\/","url":"https:\/\/tuzlainfo.ba\/wp-content\/litespeed\/avatar\/b6c453a6c38e3654f2e4416c643fc25c.jpg?ver=1777051911","contentUrl":"https:\/\/tuzlainfo.ba\/wp-content\/litespeed\/avatar\/b6c453a6c38e3654f2e4416c643fc25c.jpg?ver=1777051911","caption":"Tuzla Info"}}]}},"_links":{"self":[{"href":"https:\/\/tuzlainfo.ba\/index.php\/wp-json\/wp\/v2\/posts\/203294"}],"collection":[{"href":"https:\/\/tuzlainfo.ba\/index.php\/wp-json\/wp\/v2\/posts"}],"about":[{"href":"https:\/\/tuzlainfo.ba\/index.php\/wp-json\/wp\/v2\/types\/post"}],"author":[{"embeddable":true,"href":"https:\/\/tuzlainfo.ba\/index.php\/wp-json\/wp\/v2\/users\/4"}],"replies":[{"embeddable":true,"href":"https:\/\/tuzlainfo.ba\/index.php\/wp-json\/wp\/v2\/comments?post=203294"}],"version-history":[{"count":0,"href":"https:\/\/tuzlainfo.ba\/index.php\/wp-json\/wp\/v2\/posts\/203294\/revisions"}],"wp:featuredmedia":[{"embeddable":true,"href":"https:\/\/tuzlainfo.ba\/index.php\/wp-json\/wp\/v2\/media\/203295"}],"wp:attachment":[{"href":"https:\/\/tuzlainfo.ba\/index.php\/wp-json\/wp\/v2\/media?parent=203294"}],"wp:term":[{"taxonomy":"category","embeddable":true,"href":"https:\/\/tuzlainfo.ba\/index.php\/wp-json\/wp\/v2\/categories?post=203294"},{"taxonomy":"post_tag","embeddable":true,"href":"https:\/\/tuzlainfo.ba\/index.php\/wp-json\/wp\/v2\/tags?post=203294"}],"curies":[{"name":"wp","href":"https:\/\/api.w.org\/{rel}","templated":true}]}}