{"id":203213,"date":"2023-04-28T08:05:08","date_gmt":"2023-04-28T06:05:08","guid":{"rendered":"https:\/\/tuzlainfo.ba\/?p=203213"},"modified":"2023-04-28T08:05:08","modified_gmt":"2023-04-28T06:05:08","slug":"za-danas-zakazani-protesti-ispred-parlamenta-fbih","status":"publish","type":"post","link":"https:\/\/tuzlainfo.ba\/index.php\/uncategorized\/item\/203213-za-danas-zakazani-protesti-ispred-parlamenta-fbih\/","title":{"rendered":"Za danas zakazani protesti ispred Parlamenta FBiH"},"content":{"rendered":"<p>Federacija BiH danas bi trebala dobiti novu entitetsku vladu, a sjednica Predstavni\u010dkog doma Parlamenta FBiH je zakazana u 14:00 sati. Pola sata ranije zakazani su protesti.<\/p>\n<p>&nbsp;<\/p>\n<p>Za sada nije poznato ko je organizator protesta pod nazivom &#8220;Odbrana BiH&#8221;, ali se mo\u017ee pretpostaviti da se radi o istomi\u0161ljenicima SDA i DF-a koji su se \u017eestoko protivili nametanju izmjena Ustava FBiH na na\u010din kako je u \u010detvrtak poslijepodne uradio visoki predstavnik Christian Schmidt, pi\u0161e Klix.<\/p>\n<p>Poziv o protestima se od \u010detvrtka nave\u010der \u0161iri dru\u0161tvenim mre\u017eama.<\/p>\n<p>&nbsp;<\/p>\n<p>Demonstracije \u0107e biti i veliki sigurnosni izazov s obzirom da bi se u tom terminu trebala odr\u017eati i sjednica Predstavni\u010dkog doma Federalnog parlamenta na kojoj treba biti potvr\u0111en novi saziv Vlade FBiH, \u0161to je i jedina ta\u010dka dnevnog reda, pi\u0161e Klix.<\/p>\n<p>Schmidtovom kratkoro\u010dnom odlukom ukinuta je obaveza da izbor vlade podr\u017ee potpredsjednici Federacije BiH. Podsjetimo da je potpredsjednik iz reda bo\u0161nja\u010dkog naroda, Refik Lendo, to odbio u\u010diniti.<\/p>\n<p>&nbsp;<\/p>\n<p>Koalicija koju \u010dine stranke Trojke i HDZ dogovorile su u \u010detvrtak novu raspodjelu ministarstava u Vladi Federacije BiH u kojoj ne\u0107e biti NES-a i Stranke za BiH. Njima \u0107e se u Vladi pridru\u017eiti HDZ 1990 i Ramo Isak, biv\u0161i \u010dlan NES-a.<\/p>\n","protected":false},"excerpt":{"rendered":"<p>Federacija BiH danas bi trebala dobiti novu entitetsku vladu, a sjednica Predstavni\u010dkog doma Parlamenta FBiH&hellip;<\/p>\n","protected":false},"author":4,"featured_media":203214,"comment_status":"open","ping_status":"closed","sticky":false,"template":"","format":"standard","meta":{"_acf_changed":false,"footnotes":""},"categories":[291,304,1],"tags":[320,2107],"acf":[],"yoast_head":"<!-- This site is optimized with the Yoast SEO plugin v23.5 - https:\/\/yoast.com\/wordpress\/plugins\/seo\/ -->\n<title>Za danas zakazani protesti ispred Parlamenta FBiH - TuzlaInfo.ba<\/title>\n<meta name=\"robots\" content=\"index, follow, max-snippet:-1, max-image-preview:large, max-video-preview:-1\" \/>\n<link rel=\"canonical\" href=\"https:\/\/tuzlainfo.ba\/index.php\/uncategorized\/item\/203213-za-danas-zakazani-protesti-ispred-parlamenta-fbih\/\" \/>\n<meta property=\"og:locale\" content=\"bs_BA\" \/>\n<meta property=\"og:type\" content=\"article\" \/>\n<meta property=\"og:title\" content=\"Za danas zakazani protesti ispred Parlamenta FBiH - TuzlaInfo.ba\" \/>\n<meta property=\"og:description\" content=\"Federacija BiH danas bi trebala dobiti novu entitetsku vladu, a sjednica Predstavni\u010dkog doma Parlamenta FBiH&hellip;\" \/>\n<meta property=\"og:url\" content=\"https:\/\/tuzlainfo.ba\/index.php\/uncategorized\/item\/203213-za-danas-zakazani-protesti-ispred-parlamenta-fbih\/\" \/>\n<meta property=\"og:site_name\" content=\"TuzlaInfo.ba\" \/>\n<meta property=\"article:publisher\" content=\"https:\/\/www.facebook.com\/tuzlainfo.ba\/\" \/>\n<meta property=\"article:published_time\" content=\"2023-04-28T06:05:08+00:00\" \/>\n<meta property=\"og:image\" content=\"https:\/\/tuzlainfo.ba\/wp-content\/uploads\/2023\/04\/inbound4501489710334400869.jpg\" \/>\n\t<meta property=\"og:image:width\" content=\"1600\" \/>\n\t<meta property=\"og:image:height\" content=\"1066\" \/>\n\t<meta property=\"og:image:type\" content=\"image\/jpeg\" \/>\n<meta name=\"author\" content=\"Tuzla Info\" \/>\n<meta name=\"twitter:card\" content=\"summary_large_image\" \/>\n<meta name=\"twitter:label1\" content=\"Written by\" \/>\n\t<meta name=\"twitter:data1\" content=\"Tuzla Info\" \/>\n\t<meta name=\"twitter:label2\" content=\"Est. reading time\" \/>\n\t<meta name=\"twitter:data2\" content=\"1 minuta\" \/>\n<script type=\"application\/ld+json\" class=\"yoast-schema-graph\">{\"@context\":\"https:\/\/schema.org\",\"@graph\":[{\"@type\":\"Article\",\"@id\":\"https:\/\/tuzlainfo.ba\/index.php\/uncategorized\/item\/203213-za-danas-zakazani-protesti-ispred-parlamenta-fbih\/#article\",\"isPartOf\":{\"@id\":\"https:\/\/tuzlainfo.ba\/index.php\/uncategorized\/item\/203213-za-danas-zakazani-protesti-ispred-parlamenta-fbih\/\"},\"author\":{\"name\":\"Tuzla Info\",\"@id\":\"https:\/\/tuzlainfo.ba\/#\/schema\/person\/46cad4c57790cbc50781edd14870825a\"},\"headline\":\"Za danas zakazani protesti ispred Parlamenta FBiH\",\"datePublished\":\"2023-04-28T06:05:08+00:00\",\"dateModified\":\"2023-04-28T06:05:08+00:00\",\"mainEntityOfPage\":{\"@id\":\"https:\/\/tuzlainfo.ba\/index.php\/uncategorized\/item\/203213-za-danas-zakazani-protesti-ispred-parlamenta-fbih\/\"},\"wordCount\":220,\"commentCount\":0,\"publisher\":{\"@id\":\"https:\/\/tuzlainfo.ba\/#organization\"},\"image\":{\"@id\":\"https:\/\/tuzlainfo.ba\/index.php\/uncategorized\/item\/203213-za-danas-zakazani-protesti-ispred-parlamenta-fbih\/#primaryimage\"},\"thumbnailUrl\":\"https:\/\/tuzlainfo.ba\/wp-content\/uploads\/2023\/04\/inbound4501489710334400869.jpg\",\"keywords\":[\"protesti\",\"Vlada federacije\"],\"articleSection\":[\"Bosna i Hercegovina\",\"Istaknuto\",\"Uncategorized\"],\"inLanguage\":\"bs-BA\"},{\"@type\":\"WebPage\",\"@id\":\"https:\/\/tuzlainfo.ba\/index.php\/uncategorized\/item\/203213-za-danas-zakazani-protesti-ispred-parlamenta-fbih\/\",\"url\":\"https:\/\/tuzlainfo.ba\/index.php\/uncategorized\/item\/203213-za-danas-zakazani-protesti-ispred-parlamenta-fbih\/\",\"name\":\"Za danas zakazani protesti ispred Parlamenta FBiH - TuzlaInfo.ba\",\"isPartOf\":{\"@id\":\"https:\/\/tuzlainfo.ba\/#website\"},\"primaryImageOfPage\":{\"@id\":\"https:\/\/tuzlainfo.ba\/index.php\/uncategorized\/item\/203213-za-danas-zakazani-protesti-ispred-parlamenta-fbih\/#primaryimage\"},\"image\":{\"@id\":\"https:\/\/tuzlainfo.ba\/index.php\/uncategorized\/item\/203213-za-danas-zakazani-protesti-ispred-parlamenta-fbih\/#primaryimage\"},\"thumbnailUrl\":\"https:\/\/tuzlainfo.ba\/wp-content\/uploads\/2023\/04\/inbound4501489710334400869.jpg\",\"datePublished\":\"2023-04-28T06:05:08+00:00\",\"dateModified\":\"2023-04-28T06:05:08+00:00\",\"breadcrumb\":{\"@id\":\"https:\/\/tuzlainfo.ba\/index.php\/uncategorized\/item\/203213-za-danas-zakazani-protesti-ispred-parlamenta-fbih\/#breadcrumb\"},\"inLanguage\":\"bs-BA\",\"potentialAction\":[{\"@type\":\"ReadAction\",\"target\":[\"https:\/\/tuzlainfo.ba\/index.php\/uncategorized\/item\/203213-za-danas-zakazani-protesti-ispred-parlamenta-fbih\/\"]}]},{\"@type\":\"ImageObject\",\"inLanguage\":\"bs-BA\",\"@id\":\"https:\/\/tuzlainfo.ba\/index.php\/uncategorized\/item\/203213-za-danas-zakazani-protesti-ispred-parlamenta-fbih\/#primaryimage\",\"url\":\"https:\/\/tuzlainfo.ba\/wp-content\/uploads\/2023\/04\/inbound4501489710334400869.jpg\",\"contentUrl\":\"https:\/\/tuzlainfo.ba\/wp-content\/uploads\/2023\/04\/inbound4501489710334400869.jpg\",\"width\":1600,\"height\":1066},{\"@type\":\"BreadcrumbList\",\"@id\":\"https:\/\/tuzlainfo.ba\/index.php\/uncategorized\/item\/203213-za-danas-zakazani-protesti-ispred-parlamenta-fbih\/#breadcrumb\",\"itemListElement\":[{\"@type\":\"ListItem\",\"position\":1,\"name\":\"Home\",\"item\":\"https:\/\/tuzlainfo.ba\/\"},{\"@type\":\"ListItem\",\"position\":2,\"name\":\"Za danas zakazani protesti ispred Parlamenta FBiH\"}]},{\"@type\":\"WebSite\",\"@id\":\"https:\/\/tuzlainfo.ba\/#website\",\"url\":\"https:\/\/tuzlainfo.ba\/\",\"name\":\"TuzlaInfo.ba\",\"description\":\"Tuzla info, gradski informator - Tuzla na dlanu\",\"publisher\":{\"@id\":\"https:\/\/tuzlainfo.ba\/#organization\"},\"potentialAction\":[{\"@type\":\"SearchAction\",\"target\":{\"@type\":\"EntryPoint\",\"urlTemplate\":\"https:\/\/tuzlainfo.ba\/?s={search_term_string}\"},\"query-input\":{\"@type\":\"PropertyValueSpecification\",\"valueRequired\":true,\"valueName\":\"search_term_string\"}}],\"inLanguage\":\"bs-BA\"},{\"@type\":\"Organization\",\"@id\":\"https:\/\/tuzlainfo.ba\/#organization\",\"name\":\"TuzlaInfo.ba\",\"url\":\"https:\/\/tuzlainfo.ba\/\",\"logo\":{\"@type\":\"ImageObject\",\"inLanguage\":\"bs-BA\",\"@id\":\"https:\/\/tuzlainfo.ba\/#\/schema\/logo\/image\/\",\"url\":\"https:\/\/tuzlainfo.ba\/wp-content\/uploads\/2021\/03\/logo-ver-3-1.png\",\"contentUrl\":\"https:\/\/tuzlainfo.ba\/wp-content\/uploads\/2021\/03\/logo-ver-3-1.png\",\"width\":350,\"height\":95,\"caption\":\"TuzlaInfo.ba\"},\"image\":{\"@id\":\"https:\/\/tuzlainfo.ba\/#\/schema\/logo\/image\/\"},\"sameAs\":[\"https:\/\/www.facebook.com\/tuzlainfo.ba\/\"]},{\"@type\":\"Person\",\"@id\":\"https:\/\/tuzlainfo.ba\/#\/schema\/person\/46cad4c57790cbc50781edd14870825a\",\"name\":\"Tuzla Info\",\"image\":{\"@type\":\"ImageObject\",\"inLanguage\":\"bs-BA\",\"@id\":\"https:\/\/tuzlainfo.ba\/#\/schema\/person\/image\/\",\"url\":\"https:\/\/tuzlainfo.ba\/wp-content\/litespeed\/avatar\/b6c453a6c38e3654f2e4416c643fc25c.jpg?ver=1777051911\",\"contentUrl\":\"https:\/\/tuzlainfo.ba\/wp-content\/litespeed\/avatar\/b6c453a6c38e3654f2e4416c643fc25c.jpg?ver=1777051911\",\"caption\":\"Tuzla Info\"}}]}<\/script>\n<!-- \/ Yoast SEO plugin. -->","yoast_head_json":{"title":"Za danas zakazani protesti ispred Parlamenta FBiH - TuzlaInfo.ba","robots":{"index":"index","follow":"follow","max-snippet":"max-snippet:-1","max-image-preview":"max-image-preview:large","max-video-preview":"max-video-preview:-1"},"canonical":"https:\/\/tuzlainfo.ba\/index.php\/uncategorized\/item\/203213-za-danas-zakazani-protesti-ispred-parlamenta-fbih\/","og_locale":"bs_BA","og_type":"article","og_title":"Za danas zakazani protesti ispred Parlamenta FBiH - TuzlaInfo.ba","og_description":"Federacija BiH danas bi trebala dobiti novu entitetsku vladu, a sjednica Predstavni\u010dkog doma Parlamenta FBiH&hellip;","og_url":"https:\/\/tuzlainfo.ba\/index.php\/uncategorized\/item\/203213-za-danas-zakazani-protesti-ispred-parlamenta-fbih\/","og_site_name":"TuzlaInfo.ba","article_publisher":"https:\/\/www.facebook.com\/tuzlainfo.ba\/","article_published_time":"2023-04-28T06:05:08+00:00","og_image":[{"width":1600,"height":1066,"url":"https:\/\/tuzlainfo.ba\/wp-content\/uploads\/2023\/04\/inbound4501489710334400869.jpg","type":"image\/jpeg"}],"author":"Tuzla Info","twitter_card":"summary_large_image","twitter_misc":{"Written by":"Tuzla Info","Est. reading time":"1 minuta"},"schema":{"@context":"https:\/\/schema.org","@graph":[{"@type":"Article","@id":"https:\/\/tuzlainfo.ba\/index.php\/uncategorized\/item\/203213-za-danas-zakazani-protesti-ispred-parlamenta-fbih\/#article","isPartOf":{"@id":"https:\/\/tuzlainfo.ba\/index.php\/uncategorized\/item\/203213-za-danas-zakazani-protesti-ispred-parlamenta-fbih\/"},"author":{"name":"Tuzla Info","@id":"https:\/\/tuzlainfo.ba\/#\/schema\/person\/46cad4c57790cbc50781edd14870825a"},"headline":"Za danas zakazani protesti ispred Parlamenta FBiH","datePublished":"2023-04-28T06:05:08+00:00","dateModified":"2023-04-28T06:05:08+00:00","mainEntityOfPage":{"@id":"https:\/\/tuzlainfo.ba\/index.php\/uncategorized\/item\/203213-za-danas-zakazani-protesti-ispred-parlamenta-fbih\/"},"wordCount":220,"commentCount":0,"publisher":{"@id":"https:\/\/tuzlainfo.ba\/#organization"},"image":{"@id":"https:\/\/tuzlainfo.ba\/index.php\/uncategorized\/item\/203213-za-danas-zakazani-protesti-ispred-parlamenta-fbih\/#primaryimage"},"thumbnailUrl":"https:\/\/tuzlainfo.ba\/wp-content\/uploads\/2023\/04\/inbound4501489710334400869.jpg","keywords":["protesti","Vlada federacije"],"articleSection":["Bosna i Hercegovina","Istaknuto","Uncategorized"],"inLanguage":"bs-BA"},{"@type":"WebPage","@id":"https:\/\/tuzlainfo.ba\/index.php\/uncategorized\/item\/203213-za-danas-zakazani-protesti-ispred-parlamenta-fbih\/","url":"https:\/\/tuzlainfo.ba\/index.php\/uncategorized\/item\/203213-za-danas-zakazani-protesti-ispred-parlamenta-fbih\/","name":"Za danas zakazani protesti ispred Parlamenta FBiH - TuzlaInfo.ba","isPartOf":{"@id":"https:\/\/tuzlainfo.ba\/#website"},"primaryImageOfPage":{"@id":"https:\/\/tuzlainfo.ba\/index.php\/uncategorized\/item\/203213-za-danas-zakazani-protesti-ispred-parlamenta-fbih\/#primaryimage"},"image":{"@id":"https:\/\/tuzlainfo.ba\/index.php\/uncategorized\/item\/203213-za-danas-zakazani-protesti-ispred-parlamenta-fbih\/#primaryimage"},"thumbnailUrl":"https:\/\/tuzlainfo.ba\/wp-content\/uploads\/2023\/04\/inbound4501489710334400869.jpg","datePublished":"2023-04-28T06:05:08+00:00","dateModified":"2023-04-28T06:05:08+00:00","breadcrumb":{"@id":"https:\/\/tuzlainfo.ba\/index.php\/uncategorized\/item\/203213-za-danas-zakazani-protesti-ispred-parlamenta-fbih\/#breadcrumb"},"inLanguage":"bs-BA","potentialAction":[{"@type":"ReadAction","target":["https:\/\/tuzlainfo.ba\/index.php\/uncategorized\/item\/203213-za-danas-zakazani-protesti-ispred-parlamenta-fbih\/"]}]},{"@type":"ImageObject","inLanguage":"bs-BA","@id":"https:\/\/tuzlainfo.ba\/index.php\/uncategorized\/item\/203213-za-danas-zakazani-protesti-ispred-parlamenta-fbih\/#primaryimage","url":"https:\/\/tuzlainfo.ba\/wp-content\/uploads\/2023\/04\/inbound4501489710334400869.jpg","contentUrl":"https:\/\/tuzlainfo.ba\/wp-content\/uploads\/2023\/04\/inbound4501489710334400869.jpg","width":1600,"height":1066},{"@type":"BreadcrumbList","@id":"https:\/\/tuzlainfo.ba\/index.php\/uncategorized\/item\/203213-za-danas-zakazani-protesti-ispred-parlamenta-fbih\/#breadcrumb","itemListElement":[{"@type":"ListItem","position":1,"name":"Home","item":"https:\/\/tuzlainfo.ba\/"},{"@type":"ListItem","position":2,"name":"Za danas zakazani protesti ispred Parlamenta FBiH"}]},{"@type":"WebSite","@id":"https:\/\/tuzlainfo.ba\/#website","url":"https:\/\/tuzlainfo.ba\/","name":"TuzlaInfo.ba","description":"Tuzla info, gradski informator - Tuzla na dlanu","publisher":{"@id":"https:\/\/tuzlainfo.ba\/#organization"},"potentialAction":[{"@type":"SearchAction","target":{"@type":"EntryPoint","urlTemplate":"https:\/\/tuzlainfo.ba\/?s={search_term_string}"},"query-input":{"@type":"PropertyValueSpecification","valueRequired":true,"valueName":"search_term_string"}}],"inLanguage":"bs-BA"},{"@type":"Organization","@id":"https:\/\/tuzlainfo.ba\/#organization","name":"TuzlaInfo.ba","url":"https:\/\/tuzlainfo.ba\/","logo":{"@type":"ImageObject","inLanguage":"bs-BA","@id":"https:\/\/tuzlainfo.ba\/#\/schema\/logo\/image\/","url":"https:\/\/tuzlainfo.ba\/wp-content\/uploads\/2021\/03\/logo-ver-3-1.png","contentUrl":"https:\/\/tuzlainfo.ba\/wp-content\/uploads\/2021\/03\/logo-ver-3-1.png","width":350,"height":95,"caption":"TuzlaInfo.ba"},"image":{"@id":"https:\/\/tuzlainfo.ba\/#\/schema\/logo\/image\/"},"sameAs":["https:\/\/www.facebook.com\/tuzlainfo.ba\/"]},{"@type":"Person","@id":"https:\/\/tuzlainfo.ba\/#\/schema\/person\/46cad4c57790cbc50781edd14870825a","name":"Tuzla Info","image":{"@type":"ImageObject","inLanguage":"bs-BA","@id":"https:\/\/tuzlainfo.ba\/#\/schema\/person\/image\/","url":"https:\/\/tuzlainfo.ba\/wp-content\/litespeed\/avatar\/b6c453a6c38e3654f2e4416c643fc25c.jpg?ver=1777051911","contentUrl":"https:\/\/tuzlainfo.ba\/wp-content\/litespeed\/avatar\/b6c453a6c38e3654f2e4416c643fc25c.jpg?ver=1777051911","caption":"Tuzla Info"}}]}},"_links":{"self":[{"href":"https:\/\/tuzlainfo.ba\/index.php\/wp-json\/wp\/v2\/posts\/203213"}],"collection":[{"href":"https:\/\/tuzlainfo.ba\/index.php\/wp-json\/wp\/v2\/posts"}],"about":[{"href":"https:\/\/tuzlainfo.ba\/index.php\/wp-json\/wp\/v2\/types\/post"}],"author":[{"embeddable":true,"href":"https:\/\/tuzlainfo.ba\/index.php\/wp-json\/wp\/v2\/users\/4"}],"replies":[{"embeddable":true,"href":"https:\/\/tuzlainfo.ba\/index.php\/wp-json\/wp\/v2\/comments?post=203213"}],"version-history":[{"count":0,"href":"https:\/\/tuzlainfo.ba\/index.php\/wp-json\/wp\/v2\/posts\/203213\/revisions"}],"wp:featuredmedia":[{"embeddable":true,"href":"https:\/\/tuzlainfo.ba\/index.php\/wp-json\/wp\/v2\/media\/203214"}],"wp:attachment":[{"href":"https:\/\/tuzlainfo.ba\/index.php\/wp-json\/wp\/v2\/media?parent=203213"}],"wp:term":[{"taxonomy":"category","embeddable":true,"href":"https:\/\/tuzlainfo.ba\/index.php\/wp-json\/wp\/v2\/categories?post=203213"},{"taxonomy":"post_tag","embeddable":true,"href":"https:\/\/tuzlainfo.ba\/index.php\/wp-json\/wp\/v2\/tags?post=203213"}],"curies":[{"name":"wp","href":"https:\/\/api.w.org\/{rel}","templated":true}]}}