{"id":202408,"date":"2023-04-17T09:09:46","date_gmt":"2023-04-17T07:09:46","guid":{"rendered":"https:\/\/tuzlainfo.ba\/?p=202408"},"modified":"2023-04-17T08:12:25","modified_gmt":"2023-04-17T06:12:25","slug":"hoce-li-u-bih-biti-uvecane-kazne-za-parkiranje-na-mjestu-za-osobe-sa-invaliditetom","status":"publish","type":"post","link":"https:\/\/tuzlainfo.ba\/index.php\/bosna-i-hercegovina\/item\/202408-hoce-li-u-bih-biti-uvecane-kazne-za-parkiranje-na-mjestu-za-osobe-sa-invaliditetom\/","title":{"rendered":"Ho\u0107e li u BiH biti uve\u0107ane kazne za parkiranje na mjestu za osobe sa invaliditetom?"},"content":{"rendered":"<p>Dom naroda Parlamentarne skup\u0161tine Bosne i Hercegovine\u00a0 (PSBiH) na sjednici zakazanoj za utorak, 18. aprila, trebalo bi da razmatra Prijedlog zakona o dopuni Zakona o osnovama sigurnosti saobra\u0107aja na putevima u BiH, \u010diji je predlaga\u010d Predstavni\u010dki dom dr\u017eavnog parlamenta.<\/p>\n<p>Komisija za vanjsku i trgovinsku politiku, carine, saobra\u0107aj i komunikacije Doma naroda podr\u017eala je predlo\u017eeni zakon, koji predvi\u0111a da \u0107e se za prekr\u0161aj kada je prefarban ili na drugi na\u010din prekriven natpis na jednom od dva prisutna pisma (latini\u010dnom, odnosno \u0107irili\u010dnom), kazniti po\u010dinilac nov\u010danom kaznom u iznosu od 400 do 1.000 KM.<\/p>\n<p>Pred delegatima bi se trebao na\u0107i i Prijedlog zakona o dopuni Zakona o osnovama sigurnosti saobra\u0107aja na putevima u BiH, koji je tako\u0111er predlo\u017eio Predstavni\u010dki dom, a kojim se uvodi zasebna, uve\u0107ana nov\u010dana kazna za parkiranje na mjestu za osobe sa invaliditetom. Predvi\u0111eno je da kazna iznosi 200 KM.<\/p>\n<p>Predlo\u017eeni zakon podr\u017eala je Komisija za vanjsku i trgovinsku politiku, carine, saobra\u0107aj i komunikacije Doma naroda.<\/p>\n<p>S obzirom na to da je do sada bilo deset izmjena Zakona o osnovama sigurnosti s\u0430\u043ebr\u0430\u0107\u0430\u0458\u0430 n\u0430 put\u0435vim\u0430 u BiH, Komisija je predlo\u017eila Domu naroda zaklju\u010dak kojim se od Ministarstva saobra\u0107aja i komunikacija BiH tra\u017ei da u roku od 90 dana pripremi i u zakonodavnu proceduru dostavi prijedlog potpuno novog zakona.<\/p>\n<p>Pred delegatima bi se, izme\u0111u ostalog, trebali na\u0107i Izvje\u0161taj komisije Kolegija o nastojanju za postizanje saglasnosti o Finansijskom planu BHRT-a za 2022. godinu s prate\u0107im mjerama i efektima tih mjera, kao i Izvje\u0161taj komisije Kolegija o nastojanju za postizanje saglasnosti o Izvje\u0161taju o realizaciji programa BHRT-a za 2021. godinu i Programskim planovima BHRT-a za 2022. godinu.<\/p>\n<p>Predvi\u0111eno je i davanje saglasnosti za nekoliko me\u0111unarodnih sporazuma i memoranduma.<\/p>\n","protected":false},"excerpt":{"rendered":"<p>Dom naroda Parlamentarne skup\u0161tine Bosne i Hercegovine\u00a0 (PSBiH) na sjednici zakazanoj za utorak, 18. aprila,&hellip;<\/p>\n","protected":false},"author":4,"featured_media":170793,"comment_status":"open","ping_status":"closed","sticky":false,"template":"","format":"standard","meta":{"_acf_changed":false,"footnotes":""},"categories":[291,304],"tags":[4631],"acf":[],"yoast_head":"<!-- This site is optimized with the Yoast SEO plugin v23.5 - https:\/\/yoast.com\/wordpress\/plugins\/seo\/ -->\n<title>Ho\u0107e li u BiH biti uve\u0107ane kazne za parkiranje na mjestu za osobe sa invaliditetom? - TuzlaInfo.ba<\/title>\n<meta name=\"robots\" content=\"index, follow, max-snippet:-1, max-image-preview:large, max-video-preview:-1\" \/>\n<link rel=\"canonical\" href=\"https:\/\/tuzlainfo.ba\/index.php\/bosna-i-hercegovina\/item\/202408-hoce-li-u-bih-biti-uvecane-kazne-za-parkiranje-na-mjestu-za-osobe-sa-invaliditetom\/\" \/>\n<meta property=\"og:locale\" content=\"bs_BA\" \/>\n<meta property=\"og:type\" content=\"article\" \/>\n<meta property=\"og:title\" content=\"Ho\u0107e li u BiH biti uve\u0107ane kazne za parkiranje na mjestu za osobe sa invaliditetom? - TuzlaInfo.ba\" \/>\n<meta property=\"og:description\" content=\"Dom naroda Parlamentarne skup\u0161tine Bosne i Hercegovine\u00a0 (PSBiH) na sjednici zakazanoj za utorak, 18. aprila,&hellip;\" \/>\n<meta property=\"og:url\" content=\"https:\/\/tuzlainfo.ba\/index.php\/bosna-i-hercegovina\/item\/202408-hoce-li-u-bih-biti-uvecane-kazne-za-parkiranje-na-mjestu-za-osobe-sa-invaliditetom\/\" \/>\n<meta property=\"og:site_name\" content=\"TuzlaInfo.ba\" \/>\n<meta property=\"article:publisher\" content=\"https:\/\/www.facebook.com\/tuzlainfo.ba\/\" \/>\n<meta property=\"article:published_time\" content=\"2023-04-17T07:09:46+00:00\" \/>\n<meta property=\"article:modified_time\" content=\"2023-04-17T06:12:25+00:00\" \/>\n<meta property=\"og:image\" content=\"https:\/\/tuzlainfo.ba\/wp-content\/uploads\/2022\/04\/2904_parking_invalid.jpg\" \/>\n\t<meta property=\"og:image:width\" content=\"800\" \/>\n\t<meta property=\"og:image:height\" content=\"577\" \/>\n\t<meta property=\"og:image:type\" content=\"image\/jpeg\" \/>\n<meta name=\"author\" content=\"Tuzla Info\" \/>\n<meta name=\"twitter:card\" content=\"summary_large_image\" \/>\n<meta name=\"twitter:label1\" content=\"Written by\" \/>\n\t<meta name=\"twitter:data1\" content=\"Tuzla Info\" \/>\n\t<meta name=\"twitter:label2\" content=\"Est. reading time\" \/>\n\t<meta name=\"twitter:data2\" content=\"2 minute\" \/>\n<script type=\"application\/ld+json\" class=\"yoast-schema-graph\">{\"@context\":\"https:\/\/schema.org\",\"@graph\":[{\"@type\":\"Article\",\"@id\":\"https:\/\/tuzlainfo.ba\/index.php\/bosna-i-hercegovina\/item\/202408-hoce-li-u-bih-biti-uvecane-kazne-za-parkiranje-na-mjestu-za-osobe-sa-invaliditetom\/#article\",\"isPartOf\":{\"@id\":\"https:\/\/tuzlainfo.ba\/index.php\/bosna-i-hercegovina\/item\/202408-hoce-li-u-bih-biti-uvecane-kazne-za-parkiranje-na-mjestu-za-osobe-sa-invaliditetom\/\"},\"author\":{\"name\":\"Tuzla Info\",\"@id\":\"https:\/\/tuzlainfo.ba\/#\/schema\/person\/46cad4c57790cbc50781edd14870825a\"},\"headline\":\"Ho\u0107e li u BiH biti uve\u0107ane kazne za parkiranje na mjestu za osobe sa invaliditetom?\",\"datePublished\":\"2023-04-17T07:09:46+00:00\",\"dateModified\":\"2023-04-17T06:12:25+00:00\",\"mainEntityOfPage\":{\"@id\":\"https:\/\/tuzlainfo.ba\/index.php\/bosna-i-hercegovina\/item\/202408-hoce-li-u-bih-biti-uvecane-kazne-za-parkiranje-na-mjestu-za-osobe-sa-invaliditetom\/\"},\"wordCount\":322,\"commentCount\":0,\"publisher\":{\"@id\":\"https:\/\/tuzlainfo.ba\/#organization\"},\"image\":{\"@id\":\"https:\/\/tuzlainfo.ba\/index.php\/bosna-i-hercegovina\/item\/202408-hoce-li-u-bih-biti-uvecane-kazne-za-parkiranje-na-mjestu-za-osobe-sa-invaliditetom\/#primaryimage\"},\"thumbnailUrl\":\"https:\/\/tuzlainfo.ba\/wp-content\/uploads\/2022\/04\/2904_parking_invalid.jpg\",\"keywords\":[\"dom naroda psbih\"],\"articleSection\":[\"Bosna i Hercegovina\",\"Istaknuto\"],\"inLanguage\":\"bs-BA\"},{\"@type\":\"WebPage\",\"@id\":\"https:\/\/tuzlainfo.ba\/index.php\/bosna-i-hercegovina\/item\/202408-hoce-li-u-bih-biti-uvecane-kazne-za-parkiranje-na-mjestu-za-osobe-sa-invaliditetom\/\",\"url\":\"https:\/\/tuzlainfo.ba\/index.php\/bosna-i-hercegovina\/item\/202408-hoce-li-u-bih-biti-uvecane-kazne-za-parkiranje-na-mjestu-za-osobe-sa-invaliditetom\/\",\"name\":\"Ho\u0107e li u BiH biti uve\u0107ane kazne za parkiranje na mjestu za osobe sa invaliditetom? - TuzlaInfo.ba\",\"isPartOf\":{\"@id\":\"https:\/\/tuzlainfo.ba\/#website\"},\"primaryImageOfPage\":{\"@id\":\"https:\/\/tuzlainfo.ba\/index.php\/bosna-i-hercegovina\/item\/202408-hoce-li-u-bih-biti-uvecane-kazne-za-parkiranje-na-mjestu-za-osobe-sa-invaliditetom\/#primaryimage\"},\"image\":{\"@id\":\"https:\/\/tuzlainfo.ba\/index.php\/bosna-i-hercegovina\/item\/202408-hoce-li-u-bih-biti-uvecane-kazne-za-parkiranje-na-mjestu-za-osobe-sa-invaliditetom\/#primaryimage\"},\"thumbnailUrl\":\"https:\/\/tuzlainfo.ba\/wp-content\/uploads\/2022\/04\/2904_parking_invalid.jpg\",\"datePublished\":\"2023-04-17T07:09:46+00:00\",\"dateModified\":\"2023-04-17T06:12:25+00:00\",\"breadcrumb\":{\"@id\":\"https:\/\/tuzlainfo.ba\/index.php\/bosna-i-hercegovina\/item\/202408-hoce-li-u-bih-biti-uvecane-kazne-za-parkiranje-na-mjestu-za-osobe-sa-invaliditetom\/#breadcrumb\"},\"inLanguage\":\"bs-BA\",\"potentialAction\":[{\"@type\":\"ReadAction\",\"target\":[\"https:\/\/tuzlainfo.ba\/index.php\/bosna-i-hercegovina\/item\/202408-hoce-li-u-bih-biti-uvecane-kazne-za-parkiranje-na-mjestu-za-osobe-sa-invaliditetom\/\"]}]},{\"@type\":\"ImageObject\",\"inLanguage\":\"bs-BA\",\"@id\":\"https:\/\/tuzlainfo.ba\/index.php\/bosna-i-hercegovina\/item\/202408-hoce-li-u-bih-biti-uvecane-kazne-za-parkiranje-na-mjestu-za-osobe-sa-invaliditetom\/#primaryimage\",\"url\":\"https:\/\/tuzlainfo.ba\/wp-content\/uploads\/2022\/04\/2904_parking_invalid.jpg\",\"contentUrl\":\"https:\/\/tuzlainfo.ba\/wp-content\/uploads\/2022\/04\/2904_parking_invalid.jpg\",\"width\":800,\"height\":577},{\"@type\":\"BreadcrumbList\",\"@id\":\"https:\/\/tuzlainfo.ba\/index.php\/bosna-i-hercegovina\/item\/202408-hoce-li-u-bih-biti-uvecane-kazne-za-parkiranje-na-mjestu-za-osobe-sa-invaliditetom\/#breadcrumb\",\"itemListElement\":[{\"@type\":\"ListItem\",\"position\":1,\"name\":\"Home\",\"item\":\"https:\/\/tuzlainfo.ba\/\"},{\"@type\":\"ListItem\",\"position\":2,\"name\":\"Ho\u0107e li u BiH biti uve\u0107ane kazne za parkiranje na mjestu za osobe sa invaliditetom?\"}]},{\"@type\":\"WebSite\",\"@id\":\"https:\/\/tuzlainfo.ba\/#website\",\"url\":\"https:\/\/tuzlainfo.ba\/\",\"name\":\"TuzlaInfo.ba\",\"description\":\"Tuzla info, gradski informator - Tuzla na dlanu\",\"publisher\":{\"@id\":\"https:\/\/tuzlainfo.ba\/#organization\"},\"potentialAction\":[{\"@type\":\"SearchAction\",\"target\":{\"@type\":\"EntryPoint\",\"urlTemplate\":\"https:\/\/tuzlainfo.ba\/?s={search_term_string}\"},\"query-input\":{\"@type\":\"PropertyValueSpecification\",\"valueRequired\":true,\"valueName\":\"search_term_string\"}}],\"inLanguage\":\"bs-BA\"},{\"@type\":\"Organization\",\"@id\":\"https:\/\/tuzlainfo.ba\/#organization\",\"name\":\"TuzlaInfo.ba\",\"url\":\"https:\/\/tuzlainfo.ba\/\",\"logo\":{\"@type\":\"ImageObject\",\"inLanguage\":\"bs-BA\",\"@id\":\"https:\/\/tuzlainfo.ba\/#\/schema\/logo\/image\/\",\"url\":\"https:\/\/tuzlainfo.ba\/wp-content\/uploads\/2021\/03\/logo-ver-3-1.png\",\"contentUrl\":\"https:\/\/tuzlainfo.ba\/wp-content\/uploads\/2021\/03\/logo-ver-3-1.png\",\"width\":350,\"height\":95,\"caption\":\"TuzlaInfo.ba\"},\"image\":{\"@id\":\"https:\/\/tuzlainfo.ba\/#\/schema\/logo\/image\/\"},\"sameAs\":[\"https:\/\/www.facebook.com\/tuzlainfo.ba\/\"]},{\"@type\":\"Person\",\"@id\":\"https:\/\/tuzlainfo.ba\/#\/schema\/person\/46cad4c57790cbc50781edd14870825a\",\"name\":\"Tuzla Info\",\"image\":{\"@type\":\"ImageObject\",\"inLanguage\":\"bs-BA\",\"@id\":\"https:\/\/tuzlainfo.ba\/#\/schema\/person\/image\/\",\"url\":\"https:\/\/tuzlainfo.ba\/wp-content\/litespeed\/avatar\/b6c453a6c38e3654f2e4416c643fc25c.jpg?ver=1777051911\",\"contentUrl\":\"https:\/\/tuzlainfo.ba\/wp-content\/litespeed\/avatar\/b6c453a6c38e3654f2e4416c643fc25c.jpg?ver=1777051911\",\"caption\":\"Tuzla Info\"}}]}<\/script>\n<!-- \/ Yoast SEO plugin. -->","yoast_head_json":{"title":"Ho\u0107e li u BiH biti uve\u0107ane kazne za parkiranje na mjestu za osobe sa invaliditetom? - TuzlaInfo.ba","robots":{"index":"index","follow":"follow","max-snippet":"max-snippet:-1","max-image-preview":"max-image-preview:large","max-video-preview":"max-video-preview:-1"},"canonical":"https:\/\/tuzlainfo.ba\/index.php\/bosna-i-hercegovina\/item\/202408-hoce-li-u-bih-biti-uvecane-kazne-za-parkiranje-na-mjestu-za-osobe-sa-invaliditetom\/","og_locale":"bs_BA","og_type":"article","og_title":"Ho\u0107e li u BiH biti uve\u0107ane kazne za parkiranje na mjestu za osobe sa invaliditetom? - TuzlaInfo.ba","og_description":"Dom naroda Parlamentarne skup\u0161tine Bosne i Hercegovine\u00a0 (PSBiH) na sjednici zakazanoj za utorak, 18. aprila,&hellip;","og_url":"https:\/\/tuzlainfo.ba\/index.php\/bosna-i-hercegovina\/item\/202408-hoce-li-u-bih-biti-uvecane-kazne-za-parkiranje-na-mjestu-za-osobe-sa-invaliditetom\/","og_site_name":"TuzlaInfo.ba","article_publisher":"https:\/\/www.facebook.com\/tuzlainfo.ba\/","article_published_time":"2023-04-17T07:09:46+00:00","article_modified_time":"2023-04-17T06:12:25+00:00","og_image":[{"width":800,"height":577,"url":"https:\/\/tuzlainfo.ba\/wp-content\/uploads\/2022\/04\/2904_parking_invalid.jpg","type":"image\/jpeg"}],"author":"Tuzla Info","twitter_card":"summary_large_image","twitter_misc":{"Written by":"Tuzla Info","Est. reading time":"2 minute"},"schema":{"@context":"https:\/\/schema.org","@graph":[{"@type":"Article","@id":"https:\/\/tuzlainfo.ba\/index.php\/bosna-i-hercegovina\/item\/202408-hoce-li-u-bih-biti-uvecane-kazne-za-parkiranje-na-mjestu-za-osobe-sa-invaliditetom\/#article","isPartOf":{"@id":"https:\/\/tuzlainfo.ba\/index.php\/bosna-i-hercegovina\/item\/202408-hoce-li-u-bih-biti-uvecane-kazne-za-parkiranje-na-mjestu-za-osobe-sa-invaliditetom\/"},"author":{"name":"Tuzla Info","@id":"https:\/\/tuzlainfo.ba\/#\/schema\/person\/46cad4c57790cbc50781edd14870825a"},"headline":"Ho\u0107e li u BiH biti uve\u0107ane kazne za parkiranje na mjestu za osobe sa invaliditetom?","datePublished":"2023-04-17T07:09:46+00:00","dateModified":"2023-04-17T06:12:25+00:00","mainEntityOfPage":{"@id":"https:\/\/tuzlainfo.ba\/index.php\/bosna-i-hercegovina\/item\/202408-hoce-li-u-bih-biti-uvecane-kazne-za-parkiranje-na-mjestu-za-osobe-sa-invaliditetom\/"},"wordCount":322,"commentCount":0,"publisher":{"@id":"https:\/\/tuzlainfo.ba\/#organization"},"image":{"@id":"https:\/\/tuzlainfo.ba\/index.php\/bosna-i-hercegovina\/item\/202408-hoce-li-u-bih-biti-uvecane-kazne-za-parkiranje-na-mjestu-za-osobe-sa-invaliditetom\/#primaryimage"},"thumbnailUrl":"https:\/\/tuzlainfo.ba\/wp-content\/uploads\/2022\/04\/2904_parking_invalid.jpg","keywords":["dom naroda psbih"],"articleSection":["Bosna i Hercegovina","Istaknuto"],"inLanguage":"bs-BA"},{"@type":"WebPage","@id":"https:\/\/tuzlainfo.ba\/index.php\/bosna-i-hercegovina\/item\/202408-hoce-li-u-bih-biti-uvecane-kazne-za-parkiranje-na-mjestu-za-osobe-sa-invaliditetom\/","url":"https:\/\/tuzlainfo.ba\/index.php\/bosna-i-hercegovina\/item\/202408-hoce-li-u-bih-biti-uvecane-kazne-za-parkiranje-na-mjestu-za-osobe-sa-invaliditetom\/","name":"Ho\u0107e li u BiH biti uve\u0107ane kazne za parkiranje na mjestu za osobe sa invaliditetom? - TuzlaInfo.ba","isPartOf":{"@id":"https:\/\/tuzlainfo.ba\/#website"},"primaryImageOfPage":{"@id":"https:\/\/tuzlainfo.ba\/index.php\/bosna-i-hercegovina\/item\/202408-hoce-li-u-bih-biti-uvecane-kazne-za-parkiranje-na-mjestu-za-osobe-sa-invaliditetom\/#primaryimage"},"image":{"@id":"https:\/\/tuzlainfo.ba\/index.php\/bosna-i-hercegovina\/item\/202408-hoce-li-u-bih-biti-uvecane-kazne-za-parkiranje-na-mjestu-za-osobe-sa-invaliditetom\/#primaryimage"},"thumbnailUrl":"https:\/\/tuzlainfo.ba\/wp-content\/uploads\/2022\/04\/2904_parking_invalid.jpg","datePublished":"2023-04-17T07:09:46+00:00","dateModified":"2023-04-17T06:12:25+00:00","breadcrumb":{"@id":"https:\/\/tuzlainfo.ba\/index.php\/bosna-i-hercegovina\/item\/202408-hoce-li-u-bih-biti-uvecane-kazne-za-parkiranje-na-mjestu-za-osobe-sa-invaliditetom\/#breadcrumb"},"inLanguage":"bs-BA","potentialAction":[{"@type":"ReadAction","target":["https:\/\/tuzlainfo.ba\/index.php\/bosna-i-hercegovina\/item\/202408-hoce-li-u-bih-biti-uvecane-kazne-za-parkiranje-na-mjestu-za-osobe-sa-invaliditetom\/"]}]},{"@type":"ImageObject","inLanguage":"bs-BA","@id":"https:\/\/tuzlainfo.ba\/index.php\/bosna-i-hercegovina\/item\/202408-hoce-li-u-bih-biti-uvecane-kazne-za-parkiranje-na-mjestu-za-osobe-sa-invaliditetom\/#primaryimage","url":"https:\/\/tuzlainfo.ba\/wp-content\/uploads\/2022\/04\/2904_parking_invalid.jpg","contentUrl":"https:\/\/tuzlainfo.ba\/wp-content\/uploads\/2022\/04\/2904_parking_invalid.jpg","width":800,"height":577},{"@type":"BreadcrumbList","@id":"https:\/\/tuzlainfo.ba\/index.php\/bosna-i-hercegovina\/item\/202408-hoce-li-u-bih-biti-uvecane-kazne-za-parkiranje-na-mjestu-za-osobe-sa-invaliditetom\/#breadcrumb","itemListElement":[{"@type":"ListItem","position":1,"name":"Home","item":"https:\/\/tuzlainfo.ba\/"},{"@type":"ListItem","position":2,"name":"Ho\u0107e li u BiH biti uve\u0107ane kazne za parkiranje na mjestu za osobe sa invaliditetom?"}]},{"@type":"WebSite","@id":"https:\/\/tuzlainfo.ba\/#website","url":"https:\/\/tuzlainfo.ba\/","name":"TuzlaInfo.ba","description":"Tuzla info, gradski informator - Tuzla na dlanu","publisher":{"@id":"https:\/\/tuzlainfo.ba\/#organization"},"potentialAction":[{"@type":"SearchAction","target":{"@type":"EntryPoint","urlTemplate":"https:\/\/tuzlainfo.ba\/?s={search_term_string}"},"query-input":{"@type":"PropertyValueSpecification","valueRequired":true,"valueName":"search_term_string"}}],"inLanguage":"bs-BA"},{"@type":"Organization","@id":"https:\/\/tuzlainfo.ba\/#organization","name":"TuzlaInfo.ba","url":"https:\/\/tuzlainfo.ba\/","logo":{"@type":"ImageObject","inLanguage":"bs-BA","@id":"https:\/\/tuzlainfo.ba\/#\/schema\/logo\/image\/","url":"https:\/\/tuzlainfo.ba\/wp-content\/uploads\/2021\/03\/logo-ver-3-1.png","contentUrl":"https:\/\/tuzlainfo.ba\/wp-content\/uploads\/2021\/03\/logo-ver-3-1.png","width":350,"height":95,"caption":"TuzlaInfo.ba"},"image":{"@id":"https:\/\/tuzlainfo.ba\/#\/schema\/logo\/image\/"},"sameAs":["https:\/\/www.facebook.com\/tuzlainfo.ba\/"]},{"@type":"Person","@id":"https:\/\/tuzlainfo.ba\/#\/schema\/person\/46cad4c57790cbc50781edd14870825a","name":"Tuzla Info","image":{"@type":"ImageObject","inLanguage":"bs-BA","@id":"https:\/\/tuzlainfo.ba\/#\/schema\/person\/image\/","url":"https:\/\/tuzlainfo.ba\/wp-content\/litespeed\/avatar\/b6c453a6c38e3654f2e4416c643fc25c.jpg?ver=1777051911","contentUrl":"https:\/\/tuzlainfo.ba\/wp-content\/litespeed\/avatar\/b6c453a6c38e3654f2e4416c643fc25c.jpg?ver=1777051911","caption":"Tuzla Info"}}]}},"_links":{"self":[{"href":"https:\/\/tuzlainfo.ba\/index.php\/wp-json\/wp\/v2\/posts\/202408"}],"collection":[{"href":"https:\/\/tuzlainfo.ba\/index.php\/wp-json\/wp\/v2\/posts"}],"about":[{"href":"https:\/\/tuzlainfo.ba\/index.php\/wp-json\/wp\/v2\/types\/post"}],"author":[{"embeddable":true,"href":"https:\/\/tuzlainfo.ba\/index.php\/wp-json\/wp\/v2\/users\/4"}],"replies":[{"embeddable":true,"href":"https:\/\/tuzlainfo.ba\/index.php\/wp-json\/wp\/v2\/comments?post=202408"}],"version-history":[{"count":0,"href":"https:\/\/tuzlainfo.ba\/index.php\/wp-json\/wp\/v2\/posts\/202408\/revisions"}],"wp:featuredmedia":[{"embeddable":true,"href":"https:\/\/tuzlainfo.ba\/index.php\/wp-json\/wp\/v2\/media\/170793"}],"wp:attachment":[{"href":"https:\/\/tuzlainfo.ba\/index.php\/wp-json\/wp\/v2\/media?parent=202408"}],"wp:term":[{"taxonomy":"category","embeddable":true,"href":"https:\/\/tuzlainfo.ba\/index.php\/wp-json\/wp\/v2\/categories?post=202408"},{"taxonomy":"post_tag","embeddable":true,"href":"https:\/\/tuzlainfo.ba\/index.php\/wp-json\/wp\/v2\/tags?post=202408"}],"curies":[{"name":"wp","href":"https:\/\/api.w.org\/{rel}","templated":true}]}}