{"id":202059,"date":"2023-04-12T14:35:43","date_gmt":"2023-04-12T12:35:43","guid":{"rendered":"https:\/\/tuzlainfo.ba\/?p=202059"},"modified":"2023-04-12T14:15:22","modified_gmt":"2023-04-12T12:15:22","slug":"gradonacelnici-tuzle-i-lukavca-razgovarali-o-buducoj-saradnji-dva-grada","status":"publish","type":"post","link":"https:\/\/tuzlainfo.ba\/index.php\/novosti\/item\/202059-gradonacelnici-tuzle-i-lukavca-razgovarali-o-buducoj-saradnji-dva-grada\/","title":{"rendered":"Gradona\u010delnici Tuzle i Lukavca razgovarali o budu\u0107oj saradnji dva grada"},"content":{"rendered":"<p>Gradona\u010delnik Grada Tuzle dr.sc. Zijad Lugavi\u0107, sa saradnicima, ugostio je danas gradona\u010delnika Grada Lukavca dr.sc.Edina Deli\u0107a i njegove saradnike.<\/p>\n<p>Tokom ovog prvog zvani\u010dnog susreta razgovaralo se o aktuelnoj problematici lokalnih samouprava kao o saradnji dva grada. Razmjenjena su iskustva o aktivnostima gradskih uprava, koje provode u cilju unapre\u0111enja kvaliteta \u017eivota gra\u0111ana.<\/p>\n<p>Pored toga, teme dana\u0161njeg susreta u Gradskoj upravi Tuzle bile su putna i komunalna infrastruktura, \u00a0privreda i saradnja na mnogim drugim poljima, od koje \u0107e gra\u0111ani dva grada imati koristi. U narednom periodu \u0107e biti konkretizovani pravci i oblasti saradnje gradskih uprava.<\/p>\n<p>Gradona\u010delnik Lugavi\u0107 kazao je da je ovo bio efikasan radni sastanak sa ciljem razmjene iskustava i dobre prakse, uz ostvarenje saradnje na realizaciji konkretnih projektnih ciljeva za dobrobit na\u0161ih gra\u0111ana.<\/p>\n<p>Gradona\u010delnik Deli\u0107, zahvalio se na gostoprimstvu gradona\u010delniku Lugavi\u0107u, te kazao da vrlo brzo o\u010dekuje uzvratnu posjetu, jer je ovo bio izuzetno koristan sastanak u kome su dogovorene dalji koraci na realizaciji konkretnih aktivnosti saradnje dva susjedna grada.<\/p>\n","protected":false},"excerpt":{"rendered":"<p>Gradona\u010delnik Grada Tuzle dr.sc. Zijad Lugavi\u0107, sa saradnicima, ugostio je danas gradona\u010delnika Grada Lukavca dr.sc.Edina&hellip;<\/p>\n","protected":false},"author":2,"featured_media":202061,"comment_status":"open","ping_status":"closed","sticky":false,"template":"","format":"standard","meta":{"_acf_changed":false,"footnotes":""},"categories":[304,12],"tags":[331,30,461,42,6647],"acf":[],"yoast_head":"<!-- This site is optimized with the Yoast SEO plugin v23.5 - https:\/\/yoast.com\/wordpress\/plugins\/seo\/ -->\n<title>Gradona\u010delnici Tuzle i Lukavca razgovarali o budu\u0107oj saradnji dva grada - TuzlaInfo.ba<\/title>\n<meta name=\"robots\" content=\"index, follow, max-snippet:-1, max-image-preview:large, max-video-preview:-1\" \/>\n<link rel=\"canonical\" href=\"https:\/\/tuzlainfo.ba\/index.php\/novosti\/item\/202059-gradonacelnici-tuzle-i-lukavca-razgovarali-o-buducoj-saradnji-dva-grada\/\" \/>\n<meta property=\"og:locale\" content=\"bs_BA\" \/>\n<meta property=\"og:type\" content=\"article\" \/>\n<meta property=\"og:title\" content=\"Gradona\u010delnici Tuzle i Lukavca razgovarali o budu\u0107oj saradnji dva grada - TuzlaInfo.ba\" \/>\n<meta property=\"og:description\" content=\"Gradona\u010delnik Grada Tuzle dr.sc. Zijad Lugavi\u0107, sa saradnicima, ugostio je danas gradona\u010delnika Grada Lukavca dr.sc.Edina&hellip;\" \/>\n<meta property=\"og:url\" content=\"https:\/\/tuzlainfo.ba\/index.php\/novosti\/item\/202059-gradonacelnici-tuzle-i-lukavca-razgovarali-o-buducoj-saradnji-dva-grada\/\" \/>\n<meta property=\"og:site_name\" content=\"TuzlaInfo.ba\" \/>\n<meta property=\"article:publisher\" content=\"https:\/\/www.facebook.com\/tuzlainfo.ba\/\" \/>\n<meta property=\"article:published_time\" content=\"2023-04-12T12:35:43+00:00\" \/>\n<meta property=\"article:modified_time\" content=\"2023-04-12T12:15:22+00:00\" \/>\n<meta property=\"og:image\" content=\"https:\/\/tuzlainfo.ba\/wp-content\/uploads\/2023\/04\/1204_tuz_luk.jpg\" \/>\n\t<meta property=\"og:image:width\" content=\"800\" \/>\n\t<meta property=\"og:image:height\" content=\"465\" \/>\n\t<meta property=\"og:image:type\" content=\"image\/jpeg\" \/>\n<meta name=\"author\" content=\"nedim\" \/>\n<meta name=\"twitter:card\" content=\"summary_large_image\" \/>\n<meta name=\"twitter:label1\" content=\"Written by\" \/>\n\t<meta name=\"twitter:data1\" content=\"nedim\" \/>\n\t<meta name=\"twitter:label2\" content=\"Est. reading time\" \/>\n\t<meta name=\"twitter:data2\" content=\"1 minuta\" \/>\n<script type=\"application\/ld+json\" class=\"yoast-schema-graph\">{\"@context\":\"https:\/\/schema.org\",\"@graph\":[{\"@type\":\"Article\",\"@id\":\"https:\/\/tuzlainfo.ba\/index.php\/novosti\/item\/202059-gradonacelnici-tuzle-i-lukavca-razgovarali-o-buducoj-saradnji-dva-grada\/#article\",\"isPartOf\":{\"@id\":\"https:\/\/tuzlainfo.ba\/index.php\/novosti\/item\/202059-gradonacelnici-tuzle-i-lukavca-razgovarali-o-buducoj-saradnji-dva-grada\/\"},\"author\":{\"name\":\"nedim\",\"@id\":\"https:\/\/tuzlainfo.ba\/#\/schema\/person\/f434e20dc27ea133923aab08451b7f7f\"},\"headline\":\"Gradona\u010delnici Tuzle i Lukavca razgovarali o budu\u0107oj saradnji dva grada\",\"datePublished\":\"2023-04-12T12:35:43+00:00\",\"dateModified\":\"2023-04-12T12:15:22+00:00\",\"mainEntityOfPage\":{\"@id\":\"https:\/\/tuzlainfo.ba\/index.php\/novosti\/item\/202059-gradonacelnici-tuzle-i-lukavca-razgovarali-o-buducoj-saradnji-dva-grada\/\"},\"wordCount\":190,\"commentCount\":0,\"publisher\":{\"@id\":\"https:\/\/tuzlainfo.ba\/#organization\"},\"image\":{\"@id\":\"https:\/\/tuzlainfo.ba\/index.php\/novosti\/item\/202059-gradonacelnici-tuzle-i-lukavca-razgovarali-o-buducoj-saradnji-dva-grada\/#primaryimage\"},\"thumbnailUrl\":\"https:\/\/tuzlainfo.ba\/wp-content\/uploads\/2023\/04\/1204_tuz_luk.jpg\",\"keywords\":[\"grad tuzla\",\"gradska uprava\",\"lukavac\",\"tuzla\",\"tuzlanski portal\"],\"articleSection\":[\"Istaknuto\",\"Novosti\"],\"inLanguage\":\"bs-BA\"},{\"@type\":\"WebPage\",\"@id\":\"https:\/\/tuzlainfo.ba\/index.php\/novosti\/item\/202059-gradonacelnici-tuzle-i-lukavca-razgovarali-o-buducoj-saradnji-dva-grada\/\",\"url\":\"https:\/\/tuzlainfo.ba\/index.php\/novosti\/item\/202059-gradonacelnici-tuzle-i-lukavca-razgovarali-o-buducoj-saradnji-dva-grada\/\",\"name\":\"Gradona\u010delnici Tuzle i Lukavca razgovarali o budu\u0107oj saradnji dva grada - TuzlaInfo.ba\",\"isPartOf\":{\"@id\":\"https:\/\/tuzlainfo.ba\/#website\"},\"primaryImageOfPage\":{\"@id\":\"https:\/\/tuzlainfo.ba\/index.php\/novosti\/item\/202059-gradonacelnici-tuzle-i-lukavca-razgovarali-o-buducoj-saradnji-dva-grada\/#primaryimage\"},\"image\":{\"@id\":\"https:\/\/tuzlainfo.ba\/index.php\/novosti\/item\/202059-gradonacelnici-tuzle-i-lukavca-razgovarali-o-buducoj-saradnji-dva-grada\/#primaryimage\"},\"thumbnailUrl\":\"https:\/\/tuzlainfo.ba\/wp-content\/uploads\/2023\/04\/1204_tuz_luk.jpg\",\"datePublished\":\"2023-04-12T12:35:43+00:00\",\"dateModified\":\"2023-04-12T12:15:22+00:00\",\"breadcrumb\":{\"@id\":\"https:\/\/tuzlainfo.ba\/index.php\/novosti\/item\/202059-gradonacelnici-tuzle-i-lukavca-razgovarali-o-buducoj-saradnji-dva-grada\/#breadcrumb\"},\"inLanguage\":\"bs-BA\",\"potentialAction\":[{\"@type\":\"ReadAction\",\"target\":[\"https:\/\/tuzlainfo.ba\/index.php\/novosti\/item\/202059-gradonacelnici-tuzle-i-lukavca-razgovarali-o-buducoj-saradnji-dva-grada\/\"]}]},{\"@type\":\"ImageObject\",\"inLanguage\":\"bs-BA\",\"@id\":\"https:\/\/tuzlainfo.ba\/index.php\/novosti\/item\/202059-gradonacelnici-tuzle-i-lukavca-razgovarali-o-buducoj-saradnji-dva-grada\/#primaryimage\",\"url\":\"https:\/\/tuzlainfo.ba\/wp-content\/uploads\/2023\/04\/1204_tuz_luk.jpg\",\"contentUrl\":\"https:\/\/tuzlainfo.ba\/wp-content\/uploads\/2023\/04\/1204_tuz_luk.jpg\",\"width\":800,\"height\":465},{\"@type\":\"BreadcrumbList\",\"@id\":\"https:\/\/tuzlainfo.ba\/index.php\/novosti\/item\/202059-gradonacelnici-tuzle-i-lukavca-razgovarali-o-buducoj-saradnji-dva-grada\/#breadcrumb\",\"itemListElement\":[{\"@type\":\"ListItem\",\"position\":1,\"name\":\"Home\",\"item\":\"https:\/\/tuzlainfo.ba\/\"},{\"@type\":\"ListItem\",\"position\":2,\"name\":\"Gradona\u010delnici Tuzle i Lukavca razgovarali o budu\u0107oj saradnji dva grada\"}]},{\"@type\":\"WebSite\",\"@id\":\"https:\/\/tuzlainfo.ba\/#website\",\"url\":\"https:\/\/tuzlainfo.ba\/\",\"name\":\"TuzlaInfo.ba\",\"description\":\"Tuzla info, gradski informator - Tuzla na dlanu\",\"publisher\":{\"@id\":\"https:\/\/tuzlainfo.ba\/#organization\"},\"potentialAction\":[{\"@type\":\"SearchAction\",\"target\":{\"@type\":\"EntryPoint\",\"urlTemplate\":\"https:\/\/tuzlainfo.ba\/?s={search_term_string}\"},\"query-input\":{\"@type\":\"PropertyValueSpecification\",\"valueRequired\":true,\"valueName\":\"search_term_string\"}}],\"inLanguage\":\"bs-BA\"},{\"@type\":\"Organization\",\"@id\":\"https:\/\/tuzlainfo.ba\/#organization\",\"name\":\"TuzlaInfo.ba\",\"url\":\"https:\/\/tuzlainfo.ba\/\",\"logo\":{\"@type\":\"ImageObject\",\"inLanguage\":\"bs-BA\",\"@id\":\"https:\/\/tuzlainfo.ba\/#\/schema\/logo\/image\/\",\"url\":\"https:\/\/tuzlainfo.ba\/wp-content\/uploads\/2021\/03\/logo-ver-3-1.png\",\"contentUrl\":\"https:\/\/tuzlainfo.ba\/wp-content\/uploads\/2021\/03\/logo-ver-3-1.png\",\"width\":350,\"height\":95,\"caption\":\"TuzlaInfo.ba\"},\"image\":{\"@id\":\"https:\/\/tuzlainfo.ba\/#\/schema\/logo\/image\/\"},\"sameAs\":[\"https:\/\/www.facebook.com\/tuzlainfo.ba\/\"]},{\"@type\":\"Person\",\"@id\":\"https:\/\/tuzlainfo.ba\/#\/schema\/person\/f434e20dc27ea133923aab08451b7f7f\",\"name\":\"nedim\",\"image\":{\"@type\":\"ImageObject\",\"inLanguage\":\"bs-BA\",\"@id\":\"https:\/\/tuzlainfo.ba\/#\/schema\/person\/image\/\",\"url\":\"https:\/\/tuzlainfo.ba\/wp-content\/litespeed\/avatar\/aabad687af24844af817603ac1cbdc4f.jpg?ver=1777306975\",\"contentUrl\":\"https:\/\/tuzlainfo.ba\/wp-content\/litespeed\/avatar\/aabad687af24844af817603ac1cbdc4f.jpg?ver=1777306975\",\"caption\":\"nedim\"},\"description\":\"Tuzlainfo.ba pratite na dru\u0161tvenim mre\u017eama: Facebook, Instagram i Youtube. Svoje pri\u010de, upite i fotografije \u0161aljite na na\u0161u e-mail adresu.\"}]}<\/script>\n<!-- \/ Yoast SEO plugin. -->","yoast_head_json":{"title":"Gradona\u010delnici Tuzle i Lukavca razgovarali o budu\u0107oj saradnji dva grada - TuzlaInfo.ba","robots":{"index":"index","follow":"follow","max-snippet":"max-snippet:-1","max-image-preview":"max-image-preview:large","max-video-preview":"max-video-preview:-1"},"canonical":"https:\/\/tuzlainfo.ba\/index.php\/novosti\/item\/202059-gradonacelnici-tuzle-i-lukavca-razgovarali-o-buducoj-saradnji-dva-grada\/","og_locale":"bs_BA","og_type":"article","og_title":"Gradona\u010delnici Tuzle i Lukavca razgovarali o budu\u0107oj saradnji dva grada - TuzlaInfo.ba","og_description":"Gradona\u010delnik Grada Tuzle dr.sc. Zijad Lugavi\u0107, sa saradnicima, ugostio je danas gradona\u010delnika Grada Lukavca dr.sc.Edina&hellip;","og_url":"https:\/\/tuzlainfo.ba\/index.php\/novosti\/item\/202059-gradonacelnici-tuzle-i-lukavca-razgovarali-o-buducoj-saradnji-dva-grada\/","og_site_name":"TuzlaInfo.ba","article_publisher":"https:\/\/www.facebook.com\/tuzlainfo.ba\/","article_published_time":"2023-04-12T12:35:43+00:00","article_modified_time":"2023-04-12T12:15:22+00:00","og_image":[{"width":800,"height":465,"url":"https:\/\/tuzlainfo.ba\/wp-content\/uploads\/2023\/04\/1204_tuz_luk.jpg","type":"image\/jpeg"}],"author":"nedim","twitter_card":"summary_large_image","twitter_misc":{"Written by":"nedim","Est. reading time":"1 minuta"},"schema":{"@context":"https:\/\/schema.org","@graph":[{"@type":"Article","@id":"https:\/\/tuzlainfo.ba\/index.php\/novosti\/item\/202059-gradonacelnici-tuzle-i-lukavca-razgovarali-o-buducoj-saradnji-dva-grada\/#article","isPartOf":{"@id":"https:\/\/tuzlainfo.ba\/index.php\/novosti\/item\/202059-gradonacelnici-tuzle-i-lukavca-razgovarali-o-buducoj-saradnji-dva-grada\/"},"author":{"name":"nedim","@id":"https:\/\/tuzlainfo.ba\/#\/schema\/person\/f434e20dc27ea133923aab08451b7f7f"},"headline":"Gradona\u010delnici Tuzle i Lukavca razgovarali o budu\u0107oj saradnji dva grada","datePublished":"2023-04-12T12:35:43+00:00","dateModified":"2023-04-12T12:15:22+00:00","mainEntityOfPage":{"@id":"https:\/\/tuzlainfo.ba\/index.php\/novosti\/item\/202059-gradonacelnici-tuzle-i-lukavca-razgovarali-o-buducoj-saradnji-dva-grada\/"},"wordCount":190,"commentCount":0,"publisher":{"@id":"https:\/\/tuzlainfo.ba\/#organization"},"image":{"@id":"https:\/\/tuzlainfo.ba\/index.php\/novosti\/item\/202059-gradonacelnici-tuzle-i-lukavca-razgovarali-o-buducoj-saradnji-dva-grada\/#primaryimage"},"thumbnailUrl":"https:\/\/tuzlainfo.ba\/wp-content\/uploads\/2023\/04\/1204_tuz_luk.jpg","keywords":["grad tuzla","gradska uprava","lukavac","tuzla","tuzlanski portal"],"articleSection":["Istaknuto","Novosti"],"inLanguage":"bs-BA"},{"@type":"WebPage","@id":"https:\/\/tuzlainfo.ba\/index.php\/novosti\/item\/202059-gradonacelnici-tuzle-i-lukavca-razgovarali-o-buducoj-saradnji-dva-grada\/","url":"https:\/\/tuzlainfo.ba\/index.php\/novosti\/item\/202059-gradonacelnici-tuzle-i-lukavca-razgovarali-o-buducoj-saradnji-dva-grada\/","name":"Gradona\u010delnici Tuzle i Lukavca razgovarali o budu\u0107oj saradnji dva grada - TuzlaInfo.ba","isPartOf":{"@id":"https:\/\/tuzlainfo.ba\/#website"},"primaryImageOfPage":{"@id":"https:\/\/tuzlainfo.ba\/index.php\/novosti\/item\/202059-gradonacelnici-tuzle-i-lukavca-razgovarali-o-buducoj-saradnji-dva-grada\/#primaryimage"},"image":{"@id":"https:\/\/tuzlainfo.ba\/index.php\/novosti\/item\/202059-gradonacelnici-tuzle-i-lukavca-razgovarali-o-buducoj-saradnji-dva-grada\/#primaryimage"},"thumbnailUrl":"https:\/\/tuzlainfo.ba\/wp-content\/uploads\/2023\/04\/1204_tuz_luk.jpg","datePublished":"2023-04-12T12:35:43+00:00","dateModified":"2023-04-12T12:15:22+00:00","breadcrumb":{"@id":"https:\/\/tuzlainfo.ba\/index.php\/novosti\/item\/202059-gradonacelnici-tuzle-i-lukavca-razgovarali-o-buducoj-saradnji-dva-grada\/#breadcrumb"},"inLanguage":"bs-BA","potentialAction":[{"@type":"ReadAction","target":["https:\/\/tuzlainfo.ba\/index.php\/novosti\/item\/202059-gradonacelnici-tuzle-i-lukavca-razgovarali-o-buducoj-saradnji-dva-grada\/"]}]},{"@type":"ImageObject","inLanguage":"bs-BA","@id":"https:\/\/tuzlainfo.ba\/index.php\/novosti\/item\/202059-gradonacelnici-tuzle-i-lukavca-razgovarali-o-buducoj-saradnji-dva-grada\/#primaryimage","url":"https:\/\/tuzlainfo.ba\/wp-content\/uploads\/2023\/04\/1204_tuz_luk.jpg","contentUrl":"https:\/\/tuzlainfo.ba\/wp-content\/uploads\/2023\/04\/1204_tuz_luk.jpg","width":800,"height":465},{"@type":"BreadcrumbList","@id":"https:\/\/tuzlainfo.ba\/index.php\/novosti\/item\/202059-gradonacelnici-tuzle-i-lukavca-razgovarali-o-buducoj-saradnji-dva-grada\/#breadcrumb","itemListElement":[{"@type":"ListItem","position":1,"name":"Home","item":"https:\/\/tuzlainfo.ba\/"},{"@type":"ListItem","position":2,"name":"Gradona\u010delnici Tuzle i Lukavca razgovarali o budu\u0107oj saradnji dva grada"}]},{"@type":"WebSite","@id":"https:\/\/tuzlainfo.ba\/#website","url":"https:\/\/tuzlainfo.ba\/","name":"TuzlaInfo.ba","description":"Tuzla info, gradski informator - Tuzla na dlanu","publisher":{"@id":"https:\/\/tuzlainfo.ba\/#organization"},"potentialAction":[{"@type":"SearchAction","target":{"@type":"EntryPoint","urlTemplate":"https:\/\/tuzlainfo.ba\/?s={search_term_string}"},"query-input":{"@type":"PropertyValueSpecification","valueRequired":true,"valueName":"search_term_string"}}],"inLanguage":"bs-BA"},{"@type":"Organization","@id":"https:\/\/tuzlainfo.ba\/#organization","name":"TuzlaInfo.ba","url":"https:\/\/tuzlainfo.ba\/","logo":{"@type":"ImageObject","inLanguage":"bs-BA","@id":"https:\/\/tuzlainfo.ba\/#\/schema\/logo\/image\/","url":"https:\/\/tuzlainfo.ba\/wp-content\/uploads\/2021\/03\/logo-ver-3-1.png","contentUrl":"https:\/\/tuzlainfo.ba\/wp-content\/uploads\/2021\/03\/logo-ver-3-1.png","width":350,"height":95,"caption":"TuzlaInfo.ba"},"image":{"@id":"https:\/\/tuzlainfo.ba\/#\/schema\/logo\/image\/"},"sameAs":["https:\/\/www.facebook.com\/tuzlainfo.ba\/"]},{"@type":"Person","@id":"https:\/\/tuzlainfo.ba\/#\/schema\/person\/f434e20dc27ea133923aab08451b7f7f","name":"nedim","image":{"@type":"ImageObject","inLanguage":"bs-BA","@id":"https:\/\/tuzlainfo.ba\/#\/schema\/person\/image\/","url":"https:\/\/tuzlainfo.ba\/wp-content\/litespeed\/avatar\/aabad687af24844af817603ac1cbdc4f.jpg?ver=1777306975","contentUrl":"https:\/\/tuzlainfo.ba\/wp-content\/litespeed\/avatar\/aabad687af24844af817603ac1cbdc4f.jpg?ver=1777306975","caption":"nedim"},"description":"Tuzlainfo.ba pratite na dru\u0161tvenim mre\u017eama: Facebook, Instagram i Youtube. Svoje pri\u010de, upite i fotografije \u0161aljite na na\u0161u e-mail adresu."}]}},"_links":{"self":[{"href":"https:\/\/tuzlainfo.ba\/index.php\/wp-json\/wp\/v2\/posts\/202059"}],"collection":[{"href":"https:\/\/tuzlainfo.ba\/index.php\/wp-json\/wp\/v2\/posts"}],"about":[{"href":"https:\/\/tuzlainfo.ba\/index.php\/wp-json\/wp\/v2\/types\/post"}],"author":[{"embeddable":true,"href":"https:\/\/tuzlainfo.ba\/index.php\/wp-json\/wp\/v2\/users\/2"}],"replies":[{"embeddable":true,"href":"https:\/\/tuzlainfo.ba\/index.php\/wp-json\/wp\/v2\/comments?post=202059"}],"version-history":[{"count":0,"href":"https:\/\/tuzlainfo.ba\/index.php\/wp-json\/wp\/v2\/posts\/202059\/revisions"}],"wp:featuredmedia":[{"embeddable":true,"href":"https:\/\/tuzlainfo.ba\/index.php\/wp-json\/wp\/v2\/media\/202061"}],"wp:attachment":[{"href":"https:\/\/tuzlainfo.ba\/index.php\/wp-json\/wp\/v2\/media?parent=202059"}],"wp:term":[{"taxonomy":"category","embeddable":true,"href":"https:\/\/tuzlainfo.ba\/index.php\/wp-json\/wp\/v2\/categories?post=202059"},{"taxonomy":"post_tag","embeddable":true,"href":"https:\/\/tuzlainfo.ba\/index.php\/wp-json\/wp\/v2\/tags?post=202059"}],"curies":[{"name":"wp","href":"https:\/\/api.w.org\/{rel}","templated":true}]}}