{"id":201890,"date":"2023-04-10T17:18:09","date_gmt":"2023-04-10T15:18:09","guid":{"rendered":"https:\/\/tuzlainfo.ba\/?p=201890"},"modified":"2023-04-10T17:19:10","modified_gmt":"2023-04-10T15:19:10","slug":"mirjana-marinkovic-lepic-za-koju-cestu-sarajevo-tuzla-je-vlada-fbih-izdvojila-45-milona-km","status":"publish","type":"post","link":"https:\/\/tuzlainfo.ba\/index.php\/novosti\/item\/201890-mirjana-marinkovic-lepic-za-koju-cestu-sarajevo-tuzla-je-vlada-fbih-izdvojila-45-milona-km\/","title":{"rendered":"Mirjana Marinkovi\u0107-Lepi\u0107: Za koju cestu Sarajevo \u2013 Tuzla je Vlada FBiH izdvojila 4,5 milona KM?"},"content":{"rendered":"<p style=\"font-weight: 400;\">Na Bud\u017eet Federacije BiH za 2023. godinu usvojen je amandman kojim se za izradu glavnog projekta za izgradnju brze ceste Sarajevo \u2013 Tuzla tra\u017ei 4.500.000 KM.<\/p>\n<p style=\"font-weight: 400;\">Vlada FBiH je na sjednici odr\u017eanoj 6. aprila izdvojila pomenuti iznos Cestama Federacije BiH za brzu cestu Sarajevo &#8211; Tuzla, izradu glavnog projekta i eksproprijaciju, na ovoj brzoj cesti, poddionica Vitalj &#8211; Gojakovi\u0107i.<\/p>\n<p style=\"font-weight: 400;\">Mirjana Marinkovi\u0107-Lepi\u0107, predsjedavaju\u0107a Zastupni\u010dkog doma Parlamenta FBiH, upozorava da se tu ne radi o istom projektu.<\/p>\n<p style=\"font-weight: 400;\">\u201cAmandman na bud\u017eet odnosio se na izradu glavnog projekta za novu trasu brze ceste Sarajevo \u2013 Tuzla. Ni na \u0161ta drugo. Izdvajanjem sredstava kojim se Novali\u0107eva vlada hvali nije jasno \u0161ta je predvi\u0111eno. Spominje se izrada glavnog projekta, ali pitanje je na kojoj dionici. Da li na cjelokupnoj, od Sarajeva do Tuzle, ili na relaciji Vitalj \u2013 Gojakovi\u0107i. Dalje, nije jasno kako je mogu\u0107e planirati eksproprijaciju zemlji\u0161ta na samo jednom dijelu ako glavni projekt nije gotov te se fakti\u010dki pouzdano ne mo\u017ee ni znati gdje je eksproprijacija potrebna. I ono, \u0161to je mo\u017eda i naj\u010dudnije, jeste da je Vlada FBiH prebacila novac Cestama Federacije a trebala je, ako joj je u planu brza cesta, ta sredstva prebaciti Autocestama Federacije BiH.<\/p>\n<p style=\"font-weight: 400;\">Ne isklju\u010dujem mogu\u0107nost da postoje dva razli\u010dita projekta po mnogo \u010demu sli\u010dna i s istim planiranim iznosom te da ovaj za koji je Vlada FBiH izdvojila novac nije ustvari isti kao onaj na koji se odnosi bud\u017eetski amandman a koji su predlo\u017eile stranke Osmorke i HDZ.<\/p>\n<p style=\"font-weight: 400;\">S tim u vezi, tra\u017eila sam od Vlade FBiH, u formi poslani\u010dkog pitanja, da razjasni ovu situaciju i da odgovore po kojem su osnovu, odluci, prijedlogu ili amandmanu izdvojili spomenuta sredstva.\u201d<\/p>\n","protected":false},"excerpt":{"rendered":"<p>Na Bud\u017eet Federacije BiH za 2023. godinu usvojen je amandman kojim se za izradu glavnog&hellip;<\/p>\n","protected":false},"author":2,"featured_media":195761,"comment_status":"open","ping_status":"closed","sticky":false,"template":"","format":"standard","meta":{"_acf_changed":false,"footnotes":""},"categories":[304,12],"tags":[6177],"acf":[],"yoast_head":"<!-- This site is optimized with the Yoast SEO plugin v23.5 - https:\/\/yoast.com\/wordpress\/plugins\/seo\/ -->\n<title>Mirjana Marinkovi\u0107-Lepi\u0107: Za koju cestu Sarajevo \u2013 Tuzla je Vlada FBiH izdvojila 4,5 milona KM? - TuzlaInfo.ba<\/title>\n<meta name=\"robots\" content=\"index, follow, max-snippet:-1, max-image-preview:large, max-video-preview:-1\" \/>\n<link rel=\"canonical\" href=\"https:\/\/tuzlainfo.ba\/index.php\/novosti\/item\/201890-mirjana-marinkovic-lepic-za-koju-cestu-sarajevo-tuzla-je-vlada-fbih-izdvojila-45-milona-km\/\" \/>\n<meta property=\"og:locale\" content=\"bs_BA\" \/>\n<meta property=\"og:type\" content=\"article\" \/>\n<meta property=\"og:title\" content=\"Mirjana Marinkovi\u0107-Lepi\u0107: Za koju cestu Sarajevo \u2013 Tuzla je Vlada FBiH izdvojila 4,5 milona KM? - TuzlaInfo.ba\" \/>\n<meta property=\"og:description\" content=\"Na Bud\u017eet Federacije BiH za 2023. godinu usvojen je amandman kojim se za izradu glavnog&hellip;\" \/>\n<meta property=\"og:url\" content=\"https:\/\/tuzlainfo.ba\/index.php\/novosti\/item\/201890-mirjana-marinkovic-lepic-za-koju-cestu-sarajevo-tuzla-je-vlada-fbih-izdvojila-45-milona-km\/\" \/>\n<meta property=\"og:site_name\" content=\"TuzlaInfo.ba\" \/>\n<meta property=\"article:publisher\" content=\"https:\/\/www.facebook.com\/tuzlainfo.ba\/\" \/>\n<meta property=\"article:published_time\" content=\"2023-04-10T15:18:09+00:00\" \/>\n<meta property=\"article:modified_time\" content=\"2023-04-10T15:19:10+00:00\" \/>\n<meta property=\"og:image\" content=\"https:\/\/tuzlainfo.ba\/wp-content\/uploads\/2023\/01\/2801_mirjana_marinkovic_lepic.jpg\" \/>\n\t<meta property=\"og:image:width\" content=\"800\" \/>\n\t<meta property=\"og:image:height\" content=\"538\" \/>\n\t<meta property=\"og:image:type\" content=\"image\/jpeg\" \/>\n<meta name=\"author\" content=\"nedim\" \/>\n<meta name=\"twitter:card\" content=\"summary_large_image\" \/>\n<meta name=\"twitter:label1\" content=\"Written by\" \/>\n\t<meta name=\"twitter:data1\" content=\"nedim\" \/>\n\t<meta name=\"twitter:label2\" content=\"Est. reading time\" \/>\n\t<meta name=\"twitter:data2\" content=\"1 minuta\" \/>\n<script type=\"application\/ld+json\" class=\"yoast-schema-graph\">{\"@context\":\"https:\/\/schema.org\",\"@graph\":[{\"@type\":\"Article\",\"@id\":\"https:\/\/tuzlainfo.ba\/index.php\/novosti\/item\/201890-mirjana-marinkovic-lepic-za-koju-cestu-sarajevo-tuzla-je-vlada-fbih-izdvojila-45-milona-km\/#article\",\"isPartOf\":{\"@id\":\"https:\/\/tuzlainfo.ba\/index.php\/novosti\/item\/201890-mirjana-marinkovic-lepic-za-koju-cestu-sarajevo-tuzla-je-vlada-fbih-izdvojila-45-milona-km\/\"},\"author\":{\"name\":\"nedim\",\"@id\":\"https:\/\/tuzlainfo.ba\/#\/schema\/person\/f434e20dc27ea133923aab08451b7f7f\"},\"headline\":\"Mirjana Marinkovi\u0107-Lepi\u0107: Za koju cestu Sarajevo \u2013 Tuzla je Vlada FBiH izdvojila 4,5 milona KM?\",\"datePublished\":\"2023-04-10T15:18:09+00:00\",\"dateModified\":\"2023-04-10T15:19:10+00:00\",\"mainEntityOfPage\":{\"@id\":\"https:\/\/tuzlainfo.ba\/index.php\/novosti\/item\/201890-mirjana-marinkovic-lepic-za-koju-cestu-sarajevo-tuzla-je-vlada-fbih-izdvojila-45-milona-km\/\"},\"wordCount\":305,\"commentCount\":0,\"publisher\":{\"@id\":\"https:\/\/tuzlainfo.ba\/#organization\"},\"image\":{\"@id\":\"https:\/\/tuzlainfo.ba\/index.php\/novosti\/item\/201890-mirjana-marinkovic-lepic-za-koju-cestu-sarajevo-tuzla-je-vlada-fbih-izdvojila-45-milona-km\/#primaryimage\"},\"thumbnailUrl\":\"https:\/\/tuzlainfo.ba\/wp-content\/uploads\/2023\/01\/2801_mirjana_marinkovic_lepic.jpg\",\"keywords\":[\"Mirjana Marinkovi\u0107 Lepi\u0107\"],\"articleSection\":[\"Istaknuto\",\"Novosti\"],\"inLanguage\":\"bs-BA\"},{\"@type\":\"WebPage\",\"@id\":\"https:\/\/tuzlainfo.ba\/index.php\/novosti\/item\/201890-mirjana-marinkovic-lepic-za-koju-cestu-sarajevo-tuzla-je-vlada-fbih-izdvojila-45-milona-km\/\",\"url\":\"https:\/\/tuzlainfo.ba\/index.php\/novosti\/item\/201890-mirjana-marinkovic-lepic-za-koju-cestu-sarajevo-tuzla-je-vlada-fbih-izdvojila-45-milona-km\/\",\"name\":\"Mirjana Marinkovi\u0107-Lepi\u0107: Za koju cestu Sarajevo \u2013 Tuzla je Vlada FBiH izdvojila 4,5 milona KM? - TuzlaInfo.ba\",\"isPartOf\":{\"@id\":\"https:\/\/tuzlainfo.ba\/#website\"},\"primaryImageOfPage\":{\"@id\":\"https:\/\/tuzlainfo.ba\/index.php\/novosti\/item\/201890-mirjana-marinkovic-lepic-za-koju-cestu-sarajevo-tuzla-je-vlada-fbih-izdvojila-45-milona-km\/#primaryimage\"},\"image\":{\"@id\":\"https:\/\/tuzlainfo.ba\/index.php\/novosti\/item\/201890-mirjana-marinkovic-lepic-za-koju-cestu-sarajevo-tuzla-je-vlada-fbih-izdvojila-45-milona-km\/#primaryimage\"},\"thumbnailUrl\":\"https:\/\/tuzlainfo.ba\/wp-content\/uploads\/2023\/01\/2801_mirjana_marinkovic_lepic.jpg\",\"datePublished\":\"2023-04-10T15:18:09+00:00\",\"dateModified\":\"2023-04-10T15:19:10+00:00\",\"breadcrumb\":{\"@id\":\"https:\/\/tuzlainfo.ba\/index.php\/novosti\/item\/201890-mirjana-marinkovic-lepic-za-koju-cestu-sarajevo-tuzla-je-vlada-fbih-izdvojila-45-milona-km\/#breadcrumb\"},\"inLanguage\":\"bs-BA\",\"potentialAction\":[{\"@type\":\"ReadAction\",\"target\":[\"https:\/\/tuzlainfo.ba\/index.php\/novosti\/item\/201890-mirjana-marinkovic-lepic-za-koju-cestu-sarajevo-tuzla-je-vlada-fbih-izdvojila-45-milona-km\/\"]}]},{\"@type\":\"ImageObject\",\"inLanguage\":\"bs-BA\",\"@id\":\"https:\/\/tuzlainfo.ba\/index.php\/novosti\/item\/201890-mirjana-marinkovic-lepic-za-koju-cestu-sarajevo-tuzla-je-vlada-fbih-izdvojila-45-milona-km\/#primaryimage\",\"url\":\"https:\/\/tuzlainfo.ba\/wp-content\/uploads\/2023\/01\/2801_mirjana_marinkovic_lepic.jpg\",\"contentUrl\":\"https:\/\/tuzlainfo.ba\/wp-content\/uploads\/2023\/01\/2801_mirjana_marinkovic_lepic.jpg\",\"width\":800,\"height\":538},{\"@type\":\"BreadcrumbList\",\"@id\":\"https:\/\/tuzlainfo.ba\/index.php\/novosti\/item\/201890-mirjana-marinkovic-lepic-za-koju-cestu-sarajevo-tuzla-je-vlada-fbih-izdvojila-45-milona-km\/#breadcrumb\",\"itemListElement\":[{\"@type\":\"ListItem\",\"position\":1,\"name\":\"Home\",\"item\":\"https:\/\/tuzlainfo.ba\/\"},{\"@type\":\"ListItem\",\"position\":2,\"name\":\"Mirjana Marinkovi\u0107-Lepi\u0107: Za koju cestu Sarajevo \u2013 Tuzla je Vlada FBiH izdvojila 4,5 milona KM?\"}]},{\"@type\":\"WebSite\",\"@id\":\"https:\/\/tuzlainfo.ba\/#website\",\"url\":\"https:\/\/tuzlainfo.ba\/\",\"name\":\"TuzlaInfo.ba\",\"description\":\"Tuzla info, gradski informator - Tuzla na dlanu\",\"publisher\":{\"@id\":\"https:\/\/tuzlainfo.ba\/#organization\"},\"potentialAction\":[{\"@type\":\"SearchAction\",\"target\":{\"@type\":\"EntryPoint\",\"urlTemplate\":\"https:\/\/tuzlainfo.ba\/?s={search_term_string}\"},\"query-input\":{\"@type\":\"PropertyValueSpecification\",\"valueRequired\":true,\"valueName\":\"search_term_string\"}}],\"inLanguage\":\"bs-BA\"},{\"@type\":\"Organization\",\"@id\":\"https:\/\/tuzlainfo.ba\/#organization\",\"name\":\"TuzlaInfo.ba\",\"url\":\"https:\/\/tuzlainfo.ba\/\",\"logo\":{\"@type\":\"ImageObject\",\"inLanguage\":\"bs-BA\",\"@id\":\"https:\/\/tuzlainfo.ba\/#\/schema\/logo\/image\/\",\"url\":\"https:\/\/tuzlainfo.ba\/wp-content\/uploads\/2021\/03\/logo-ver-3-1.png\",\"contentUrl\":\"https:\/\/tuzlainfo.ba\/wp-content\/uploads\/2021\/03\/logo-ver-3-1.png\",\"width\":350,\"height\":95,\"caption\":\"TuzlaInfo.ba\"},\"image\":{\"@id\":\"https:\/\/tuzlainfo.ba\/#\/schema\/logo\/image\/\"},\"sameAs\":[\"https:\/\/www.facebook.com\/tuzlainfo.ba\/\"]},{\"@type\":\"Person\",\"@id\":\"https:\/\/tuzlainfo.ba\/#\/schema\/person\/f434e20dc27ea133923aab08451b7f7f\",\"name\":\"nedim\",\"image\":{\"@type\":\"ImageObject\",\"inLanguage\":\"bs-BA\",\"@id\":\"https:\/\/tuzlainfo.ba\/#\/schema\/person\/image\/\",\"url\":\"https:\/\/tuzlainfo.ba\/wp-content\/litespeed\/avatar\/aabad687af24844af817603ac1cbdc4f.jpg?ver=1776702173\",\"contentUrl\":\"https:\/\/tuzlainfo.ba\/wp-content\/litespeed\/avatar\/aabad687af24844af817603ac1cbdc4f.jpg?ver=1776702173\",\"caption\":\"nedim\"},\"description\":\"Tuzlainfo.ba pratite na dru\u0161tvenim mre\u017eama: Facebook, Instagram i Youtube. Svoje pri\u010de, upite i fotografije \u0161aljite na na\u0161u e-mail adresu.\"}]}<\/script>\n<!-- \/ Yoast SEO plugin. -->","yoast_head_json":{"title":"Mirjana Marinkovi\u0107-Lepi\u0107: Za koju cestu Sarajevo \u2013 Tuzla je Vlada FBiH izdvojila 4,5 milona KM? - TuzlaInfo.ba","robots":{"index":"index","follow":"follow","max-snippet":"max-snippet:-1","max-image-preview":"max-image-preview:large","max-video-preview":"max-video-preview:-1"},"canonical":"https:\/\/tuzlainfo.ba\/index.php\/novosti\/item\/201890-mirjana-marinkovic-lepic-za-koju-cestu-sarajevo-tuzla-je-vlada-fbih-izdvojila-45-milona-km\/","og_locale":"bs_BA","og_type":"article","og_title":"Mirjana Marinkovi\u0107-Lepi\u0107: Za koju cestu Sarajevo \u2013 Tuzla je Vlada FBiH izdvojila 4,5 milona KM? - TuzlaInfo.ba","og_description":"Na Bud\u017eet Federacije BiH za 2023. godinu usvojen je amandman kojim se za izradu glavnog&hellip;","og_url":"https:\/\/tuzlainfo.ba\/index.php\/novosti\/item\/201890-mirjana-marinkovic-lepic-za-koju-cestu-sarajevo-tuzla-je-vlada-fbih-izdvojila-45-milona-km\/","og_site_name":"TuzlaInfo.ba","article_publisher":"https:\/\/www.facebook.com\/tuzlainfo.ba\/","article_published_time":"2023-04-10T15:18:09+00:00","article_modified_time":"2023-04-10T15:19:10+00:00","og_image":[{"width":800,"height":538,"url":"https:\/\/tuzlainfo.ba\/wp-content\/uploads\/2023\/01\/2801_mirjana_marinkovic_lepic.jpg","type":"image\/jpeg"}],"author":"nedim","twitter_card":"summary_large_image","twitter_misc":{"Written by":"nedim","Est. reading time":"1 minuta"},"schema":{"@context":"https:\/\/schema.org","@graph":[{"@type":"Article","@id":"https:\/\/tuzlainfo.ba\/index.php\/novosti\/item\/201890-mirjana-marinkovic-lepic-za-koju-cestu-sarajevo-tuzla-je-vlada-fbih-izdvojila-45-milona-km\/#article","isPartOf":{"@id":"https:\/\/tuzlainfo.ba\/index.php\/novosti\/item\/201890-mirjana-marinkovic-lepic-za-koju-cestu-sarajevo-tuzla-je-vlada-fbih-izdvojila-45-milona-km\/"},"author":{"name":"nedim","@id":"https:\/\/tuzlainfo.ba\/#\/schema\/person\/f434e20dc27ea133923aab08451b7f7f"},"headline":"Mirjana Marinkovi\u0107-Lepi\u0107: Za koju cestu Sarajevo \u2013 Tuzla je Vlada FBiH izdvojila 4,5 milona KM?","datePublished":"2023-04-10T15:18:09+00:00","dateModified":"2023-04-10T15:19:10+00:00","mainEntityOfPage":{"@id":"https:\/\/tuzlainfo.ba\/index.php\/novosti\/item\/201890-mirjana-marinkovic-lepic-za-koju-cestu-sarajevo-tuzla-je-vlada-fbih-izdvojila-45-milona-km\/"},"wordCount":305,"commentCount":0,"publisher":{"@id":"https:\/\/tuzlainfo.ba\/#organization"},"image":{"@id":"https:\/\/tuzlainfo.ba\/index.php\/novosti\/item\/201890-mirjana-marinkovic-lepic-za-koju-cestu-sarajevo-tuzla-je-vlada-fbih-izdvojila-45-milona-km\/#primaryimage"},"thumbnailUrl":"https:\/\/tuzlainfo.ba\/wp-content\/uploads\/2023\/01\/2801_mirjana_marinkovic_lepic.jpg","keywords":["Mirjana Marinkovi\u0107 Lepi\u0107"],"articleSection":["Istaknuto","Novosti"],"inLanguage":"bs-BA"},{"@type":"WebPage","@id":"https:\/\/tuzlainfo.ba\/index.php\/novosti\/item\/201890-mirjana-marinkovic-lepic-za-koju-cestu-sarajevo-tuzla-je-vlada-fbih-izdvojila-45-milona-km\/","url":"https:\/\/tuzlainfo.ba\/index.php\/novosti\/item\/201890-mirjana-marinkovic-lepic-za-koju-cestu-sarajevo-tuzla-je-vlada-fbih-izdvojila-45-milona-km\/","name":"Mirjana Marinkovi\u0107-Lepi\u0107: Za koju cestu Sarajevo \u2013 Tuzla je Vlada FBiH izdvojila 4,5 milona KM? - TuzlaInfo.ba","isPartOf":{"@id":"https:\/\/tuzlainfo.ba\/#website"},"primaryImageOfPage":{"@id":"https:\/\/tuzlainfo.ba\/index.php\/novosti\/item\/201890-mirjana-marinkovic-lepic-za-koju-cestu-sarajevo-tuzla-je-vlada-fbih-izdvojila-45-milona-km\/#primaryimage"},"image":{"@id":"https:\/\/tuzlainfo.ba\/index.php\/novosti\/item\/201890-mirjana-marinkovic-lepic-za-koju-cestu-sarajevo-tuzla-je-vlada-fbih-izdvojila-45-milona-km\/#primaryimage"},"thumbnailUrl":"https:\/\/tuzlainfo.ba\/wp-content\/uploads\/2023\/01\/2801_mirjana_marinkovic_lepic.jpg","datePublished":"2023-04-10T15:18:09+00:00","dateModified":"2023-04-10T15:19:10+00:00","breadcrumb":{"@id":"https:\/\/tuzlainfo.ba\/index.php\/novosti\/item\/201890-mirjana-marinkovic-lepic-za-koju-cestu-sarajevo-tuzla-je-vlada-fbih-izdvojila-45-milona-km\/#breadcrumb"},"inLanguage":"bs-BA","potentialAction":[{"@type":"ReadAction","target":["https:\/\/tuzlainfo.ba\/index.php\/novosti\/item\/201890-mirjana-marinkovic-lepic-za-koju-cestu-sarajevo-tuzla-je-vlada-fbih-izdvojila-45-milona-km\/"]}]},{"@type":"ImageObject","inLanguage":"bs-BA","@id":"https:\/\/tuzlainfo.ba\/index.php\/novosti\/item\/201890-mirjana-marinkovic-lepic-za-koju-cestu-sarajevo-tuzla-je-vlada-fbih-izdvojila-45-milona-km\/#primaryimage","url":"https:\/\/tuzlainfo.ba\/wp-content\/uploads\/2023\/01\/2801_mirjana_marinkovic_lepic.jpg","contentUrl":"https:\/\/tuzlainfo.ba\/wp-content\/uploads\/2023\/01\/2801_mirjana_marinkovic_lepic.jpg","width":800,"height":538},{"@type":"BreadcrumbList","@id":"https:\/\/tuzlainfo.ba\/index.php\/novosti\/item\/201890-mirjana-marinkovic-lepic-za-koju-cestu-sarajevo-tuzla-je-vlada-fbih-izdvojila-45-milona-km\/#breadcrumb","itemListElement":[{"@type":"ListItem","position":1,"name":"Home","item":"https:\/\/tuzlainfo.ba\/"},{"@type":"ListItem","position":2,"name":"Mirjana Marinkovi\u0107-Lepi\u0107: Za koju cestu Sarajevo \u2013 Tuzla je Vlada FBiH izdvojila 4,5 milona KM?"}]},{"@type":"WebSite","@id":"https:\/\/tuzlainfo.ba\/#website","url":"https:\/\/tuzlainfo.ba\/","name":"TuzlaInfo.ba","description":"Tuzla info, gradski informator - Tuzla na dlanu","publisher":{"@id":"https:\/\/tuzlainfo.ba\/#organization"},"potentialAction":[{"@type":"SearchAction","target":{"@type":"EntryPoint","urlTemplate":"https:\/\/tuzlainfo.ba\/?s={search_term_string}"},"query-input":{"@type":"PropertyValueSpecification","valueRequired":true,"valueName":"search_term_string"}}],"inLanguage":"bs-BA"},{"@type":"Organization","@id":"https:\/\/tuzlainfo.ba\/#organization","name":"TuzlaInfo.ba","url":"https:\/\/tuzlainfo.ba\/","logo":{"@type":"ImageObject","inLanguage":"bs-BA","@id":"https:\/\/tuzlainfo.ba\/#\/schema\/logo\/image\/","url":"https:\/\/tuzlainfo.ba\/wp-content\/uploads\/2021\/03\/logo-ver-3-1.png","contentUrl":"https:\/\/tuzlainfo.ba\/wp-content\/uploads\/2021\/03\/logo-ver-3-1.png","width":350,"height":95,"caption":"TuzlaInfo.ba"},"image":{"@id":"https:\/\/tuzlainfo.ba\/#\/schema\/logo\/image\/"},"sameAs":["https:\/\/www.facebook.com\/tuzlainfo.ba\/"]},{"@type":"Person","@id":"https:\/\/tuzlainfo.ba\/#\/schema\/person\/f434e20dc27ea133923aab08451b7f7f","name":"nedim","image":{"@type":"ImageObject","inLanguage":"bs-BA","@id":"https:\/\/tuzlainfo.ba\/#\/schema\/person\/image\/","url":"https:\/\/tuzlainfo.ba\/wp-content\/litespeed\/avatar\/aabad687af24844af817603ac1cbdc4f.jpg?ver=1776702173","contentUrl":"https:\/\/tuzlainfo.ba\/wp-content\/litespeed\/avatar\/aabad687af24844af817603ac1cbdc4f.jpg?ver=1776702173","caption":"nedim"},"description":"Tuzlainfo.ba pratite na dru\u0161tvenim mre\u017eama: Facebook, Instagram i Youtube. Svoje pri\u010de, upite i fotografije \u0161aljite na na\u0161u e-mail adresu."}]}},"_links":{"self":[{"href":"https:\/\/tuzlainfo.ba\/index.php\/wp-json\/wp\/v2\/posts\/201890"}],"collection":[{"href":"https:\/\/tuzlainfo.ba\/index.php\/wp-json\/wp\/v2\/posts"}],"about":[{"href":"https:\/\/tuzlainfo.ba\/index.php\/wp-json\/wp\/v2\/types\/post"}],"author":[{"embeddable":true,"href":"https:\/\/tuzlainfo.ba\/index.php\/wp-json\/wp\/v2\/users\/2"}],"replies":[{"embeddable":true,"href":"https:\/\/tuzlainfo.ba\/index.php\/wp-json\/wp\/v2\/comments?post=201890"}],"version-history":[{"count":0,"href":"https:\/\/tuzlainfo.ba\/index.php\/wp-json\/wp\/v2\/posts\/201890\/revisions"}],"wp:featuredmedia":[{"embeddable":true,"href":"https:\/\/tuzlainfo.ba\/index.php\/wp-json\/wp\/v2\/media\/195761"}],"wp:attachment":[{"href":"https:\/\/tuzlainfo.ba\/index.php\/wp-json\/wp\/v2\/media?parent=201890"}],"wp:term":[{"taxonomy":"category","embeddable":true,"href":"https:\/\/tuzlainfo.ba\/index.php\/wp-json\/wp\/v2\/categories?post=201890"},{"taxonomy":"post_tag","embeddable":true,"href":"https:\/\/tuzlainfo.ba\/index.php\/wp-json\/wp\/v2\/tags?post=201890"}],"curies":[{"name":"wp","href":"https:\/\/api.w.org\/{rel}","templated":true}]}}