{"id":201879,"date":"2023-04-10T19:42:24","date_gmt":"2023-04-10T17:42:24","guid":{"rendered":"https:\/\/tuzlainfo.ba\/?p=201879"},"modified":"2023-04-10T17:04:54","modified_gmt":"2023-04-10T15:04:54","slug":"u-tuzlanskom-kantonu-zapocela-edukacija-hranitelja","status":"publish","type":"post","link":"https:\/\/tuzlainfo.ba\/index.php\/novosti\/item\/201879-u-tuzlanskom-kantonu-zapocela-edukacija-hranitelja\/","title":{"rendered":"U Tuzlanskom kantonu zapo\u010dela edukacija hranitelja"},"content":{"rendered":"<p>Na podru\u010dju Tuzlanskog kantona po\u010detkom aprila zapo\u010deo je proces osnovne edukacije za novu grupu hranitelja za djecu. Rije\u010d je o 19. grupi\u00a0 potencijalnih i postoje\u0107ih hranitelja koja poha\u0111a edukaciju a koja je obavezna od po\u010detka primjene Zakona o hraniteljstvu u Federaciji BiH u 2018. godini.<\/p>\n<p>Nosilac provedbe edukacije je Federalno ministarstvo rada i socijalne politike u saradnji sa Ministarstvom za rad, socijalnu politiku i povratak TK i centrima za socijalni rad u TK. Organizaciju edukacije podr\u017eava i JU Dom za djecu bez roditeljskog staranja Tuzla gdje se i odr\u017eava edukacija.<\/p>\n<p>Svrha programa edukacije je razvijanje hraniteljskih kompetencija za pru\u017eanje kvalitetne podr\u0161ke i za\u0161tite djeci kojima je potreban ovaj vid zbrinjavanja sa ciljem da svako dijete odrasta u porodi\u010dnom okru\u017eenju.<\/p>\n<p>Edukacija se realizira od strane certificiranih trenera za hraniteljstvo u FBiH i uz nadzor imenovanog stru\u010dnog lica, a u skladu sa\u00a0 Programom osnovnih i dodatnih edukacija hranitelja u FBiH i Zakonom o hraniteljstvu u Federaciji BiH.<\/p>\n<p>Edukacija je obavezna za oba bra\u010dna druga potencijalnih hraniteljskih porodica. Ova grupa ima 17 polaznika edukacije. Edukacija obuhvata 10 modula, a termini odr\u017eavanja su raspore\u0111eni u toku aprila.<\/p>\n<p>Nakon uspje\u0161no zavr\u0161ene edukacije polaznicima se izdaje stru\u010dno mi\u0161ljenje edukatora o uspje\u0161noj edukaciji. Na osnovu provedenog postupka procjene ispunjavanja zakonom propisanih uslova i podobnosti hraniteljskih porodica i dobijanja pozitivnog stru\u010dnog mi\u0161ljenja edukatora, od strane nadle\u017enih centara za socijalni rad izdaje se rje\u0161enje o ispunjavanju uslova za obavljanje hraniteljstva. Na ovaj na\u010din porodice sti\u010du status potencijalnih hraniteljskih porodica a prijemom djeteta\/lica na smje\u0161taj status hraniteljskih porodica.<\/p>\n","protected":false},"excerpt":{"rendered":"<p>Na podru\u010dju Tuzlanskog kantona po\u010detkom aprila zapo\u010deo je proces osnovne edukacije za novu grupu hranitelja&hellip;<\/p>\n","protected":false},"author":4,"featured_media":201880,"comment_status":"open","ping_status":"closed","sticky":false,"template":"","format":"standard","meta":{"_acf_changed":false,"footnotes":""},"categories":[12],"tags":[6660,6661,360],"acf":[],"yoast_head":"<!-- This site is optimized with the Yoast SEO plugin v23.5 - https:\/\/yoast.com\/wordpress\/plugins\/seo\/ -->\n<title>U Tuzlanskom kantonu zapo\u010dela edukacija hranitelja - TuzlaInfo.ba<\/title>\n<meta name=\"robots\" content=\"index, follow, max-snippet:-1, max-image-preview:large, max-video-preview:-1\" \/>\n<link rel=\"canonical\" href=\"https:\/\/tuzlainfo.ba\/index.php\/novosti\/item\/201879-u-tuzlanskom-kantonu-zapocela-edukacija-hranitelja\/\" \/>\n<meta property=\"og:locale\" content=\"bs_BA\" \/>\n<meta property=\"og:type\" content=\"article\" \/>\n<meta property=\"og:title\" content=\"U Tuzlanskom kantonu zapo\u010dela edukacija hranitelja - TuzlaInfo.ba\" \/>\n<meta property=\"og:description\" content=\"Na podru\u010dju Tuzlanskog kantona po\u010detkom aprila zapo\u010deo je proces osnovne edukacije za novu grupu hranitelja&hellip;\" \/>\n<meta property=\"og:url\" content=\"https:\/\/tuzlainfo.ba\/index.php\/novosti\/item\/201879-u-tuzlanskom-kantonu-zapocela-edukacija-hranitelja\/\" \/>\n<meta property=\"og:site_name\" content=\"TuzlaInfo.ba\" \/>\n<meta property=\"article:publisher\" content=\"https:\/\/www.facebook.com\/tuzlainfo.ba\/\" \/>\n<meta property=\"article:published_time\" content=\"2023-04-10T17:42:24+00:00\" \/>\n<meta property=\"article:modified_time\" content=\"2023-04-10T15:04:54+00:00\" \/>\n<meta property=\"og:image\" content=\"https:\/\/tuzlainfo.ba\/wp-content\/uploads\/2023\/04\/edukacija-hranitelja.jpg\" \/>\n\t<meta property=\"og:image:width\" content=\"1600\" \/>\n\t<meta property=\"og:image:height\" content=\"1200\" \/>\n\t<meta property=\"og:image:type\" content=\"image\/jpeg\" \/>\n<meta name=\"author\" content=\"Tuzla Info\" \/>\n<meta name=\"twitter:card\" content=\"summary_large_image\" \/>\n<meta name=\"twitter:label1\" content=\"Written by\" \/>\n\t<meta name=\"twitter:data1\" content=\"Tuzla Info\" \/>\n\t<meta name=\"twitter:label2\" content=\"Est. reading time\" \/>\n\t<meta name=\"twitter:data2\" content=\"1 minuta\" \/>\n<script type=\"application\/ld+json\" class=\"yoast-schema-graph\">{\"@context\":\"https:\/\/schema.org\",\"@graph\":[{\"@type\":\"Article\",\"@id\":\"https:\/\/tuzlainfo.ba\/index.php\/novosti\/item\/201879-u-tuzlanskom-kantonu-zapocela-edukacija-hranitelja\/#article\",\"isPartOf\":{\"@id\":\"https:\/\/tuzlainfo.ba\/index.php\/novosti\/item\/201879-u-tuzlanskom-kantonu-zapocela-edukacija-hranitelja\/\"},\"author\":{\"name\":\"Tuzla Info\",\"@id\":\"https:\/\/tuzlainfo.ba\/#\/schema\/person\/46cad4c57790cbc50781edd14870825a\"},\"headline\":\"U Tuzlanskom kantonu zapo\u010dela edukacija hranitelja\",\"datePublished\":\"2023-04-10T17:42:24+00:00\",\"dateModified\":\"2023-04-10T15:04:54+00:00\",\"mainEntityOfPage\":{\"@id\":\"https:\/\/tuzlainfo.ba\/index.php\/novosti\/item\/201879-u-tuzlanskom-kantonu-zapocela-edukacija-hranitelja\/\"},\"wordCount\":281,\"commentCount\":0,\"publisher\":{\"@id\":\"https:\/\/tuzlainfo.ba\/#organization\"},\"image\":{\"@id\":\"https:\/\/tuzlainfo.ba\/index.php\/novosti\/item\/201879-u-tuzlanskom-kantonu-zapocela-edukacija-hranitelja\/#primaryimage\"},\"thumbnailUrl\":\"https:\/\/tuzlainfo.ba\/wp-content\/uploads\/2023\/04\/edukacija-hranitelja.jpg\",\"keywords\":[\"hranitelji\",\"hraniteljstvo\",\"tuzlanski kanton\"],\"articleSection\":[\"Novosti\"],\"inLanguage\":\"bs-BA\"},{\"@type\":\"WebPage\",\"@id\":\"https:\/\/tuzlainfo.ba\/index.php\/novosti\/item\/201879-u-tuzlanskom-kantonu-zapocela-edukacija-hranitelja\/\",\"url\":\"https:\/\/tuzlainfo.ba\/index.php\/novosti\/item\/201879-u-tuzlanskom-kantonu-zapocela-edukacija-hranitelja\/\",\"name\":\"U Tuzlanskom kantonu zapo\u010dela edukacija hranitelja - TuzlaInfo.ba\",\"isPartOf\":{\"@id\":\"https:\/\/tuzlainfo.ba\/#website\"},\"primaryImageOfPage\":{\"@id\":\"https:\/\/tuzlainfo.ba\/index.php\/novosti\/item\/201879-u-tuzlanskom-kantonu-zapocela-edukacija-hranitelja\/#primaryimage\"},\"image\":{\"@id\":\"https:\/\/tuzlainfo.ba\/index.php\/novosti\/item\/201879-u-tuzlanskom-kantonu-zapocela-edukacija-hranitelja\/#primaryimage\"},\"thumbnailUrl\":\"https:\/\/tuzlainfo.ba\/wp-content\/uploads\/2023\/04\/edukacija-hranitelja.jpg\",\"datePublished\":\"2023-04-10T17:42:24+00:00\",\"dateModified\":\"2023-04-10T15:04:54+00:00\",\"breadcrumb\":{\"@id\":\"https:\/\/tuzlainfo.ba\/index.php\/novosti\/item\/201879-u-tuzlanskom-kantonu-zapocela-edukacija-hranitelja\/#breadcrumb\"},\"inLanguage\":\"bs-BA\",\"potentialAction\":[{\"@type\":\"ReadAction\",\"target\":[\"https:\/\/tuzlainfo.ba\/index.php\/novosti\/item\/201879-u-tuzlanskom-kantonu-zapocela-edukacija-hranitelja\/\"]}]},{\"@type\":\"ImageObject\",\"inLanguage\":\"bs-BA\",\"@id\":\"https:\/\/tuzlainfo.ba\/index.php\/novosti\/item\/201879-u-tuzlanskom-kantonu-zapocela-edukacija-hranitelja\/#primaryimage\",\"url\":\"https:\/\/tuzlainfo.ba\/wp-content\/uploads\/2023\/04\/edukacija-hranitelja.jpg\",\"contentUrl\":\"https:\/\/tuzlainfo.ba\/wp-content\/uploads\/2023\/04\/edukacija-hranitelja.jpg\",\"width\":1600,\"height\":1200},{\"@type\":\"BreadcrumbList\",\"@id\":\"https:\/\/tuzlainfo.ba\/index.php\/novosti\/item\/201879-u-tuzlanskom-kantonu-zapocela-edukacija-hranitelja\/#breadcrumb\",\"itemListElement\":[{\"@type\":\"ListItem\",\"position\":1,\"name\":\"Home\",\"item\":\"https:\/\/tuzlainfo.ba\/\"},{\"@type\":\"ListItem\",\"position\":2,\"name\":\"U Tuzlanskom kantonu zapo\u010dela edukacija hranitelja\"}]},{\"@type\":\"WebSite\",\"@id\":\"https:\/\/tuzlainfo.ba\/#website\",\"url\":\"https:\/\/tuzlainfo.ba\/\",\"name\":\"TuzlaInfo.ba\",\"description\":\"Tuzla info, gradski informator - Tuzla na dlanu\",\"publisher\":{\"@id\":\"https:\/\/tuzlainfo.ba\/#organization\"},\"potentialAction\":[{\"@type\":\"SearchAction\",\"target\":{\"@type\":\"EntryPoint\",\"urlTemplate\":\"https:\/\/tuzlainfo.ba\/?s={search_term_string}\"},\"query-input\":{\"@type\":\"PropertyValueSpecification\",\"valueRequired\":true,\"valueName\":\"search_term_string\"}}],\"inLanguage\":\"bs-BA\"},{\"@type\":\"Organization\",\"@id\":\"https:\/\/tuzlainfo.ba\/#organization\",\"name\":\"TuzlaInfo.ba\",\"url\":\"https:\/\/tuzlainfo.ba\/\",\"logo\":{\"@type\":\"ImageObject\",\"inLanguage\":\"bs-BA\",\"@id\":\"https:\/\/tuzlainfo.ba\/#\/schema\/logo\/image\/\",\"url\":\"https:\/\/tuzlainfo.ba\/wp-content\/uploads\/2021\/03\/logo-ver-3-1.png\",\"contentUrl\":\"https:\/\/tuzlainfo.ba\/wp-content\/uploads\/2021\/03\/logo-ver-3-1.png\",\"width\":350,\"height\":95,\"caption\":\"TuzlaInfo.ba\"},\"image\":{\"@id\":\"https:\/\/tuzlainfo.ba\/#\/schema\/logo\/image\/\"},\"sameAs\":[\"https:\/\/www.facebook.com\/tuzlainfo.ba\/\"]},{\"@type\":\"Person\",\"@id\":\"https:\/\/tuzlainfo.ba\/#\/schema\/person\/46cad4c57790cbc50781edd14870825a\",\"name\":\"Tuzla Info\",\"image\":{\"@type\":\"ImageObject\",\"inLanguage\":\"bs-BA\",\"@id\":\"https:\/\/tuzlainfo.ba\/#\/schema\/person\/image\/\",\"url\":\"https:\/\/tuzlainfo.ba\/wp-content\/litespeed\/avatar\/b6c453a6c38e3654f2e4416c643fc25c.jpg?ver=1777051911\",\"contentUrl\":\"https:\/\/tuzlainfo.ba\/wp-content\/litespeed\/avatar\/b6c453a6c38e3654f2e4416c643fc25c.jpg?ver=1777051911\",\"caption\":\"Tuzla Info\"}}]}<\/script>\n<!-- \/ Yoast SEO plugin. -->","yoast_head_json":{"title":"U Tuzlanskom kantonu zapo\u010dela edukacija hranitelja - TuzlaInfo.ba","robots":{"index":"index","follow":"follow","max-snippet":"max-snippet:-1","max-image-preview":"max-image-preview:large","max-video-preview":"max-video-preview:-1"},"canonical":"https:\/\/tuzlainfo.ba\/index.php\/novosti\/item\/201879-u-tuzlanskom-kantonu-zapocela-edukacija-hranitelja\/","og_locale":"bs_BA","og_type":"article","og_title":"U Tuzlanskom kantonu zapo\u010dela edukacija hranitelja - TuzlaInfo.ba","og_description":"Na podru\u010dju Tuzlanskog kantona po\u010detkom aprila zapo\u010deo je proces osnovne edukacije za novu grupu hranitelja&hellip;","og_url":"https:\/\/tuzlainfo.ba\/index.php\/novosti\/item\/201879-u-tuzlanskom-kantonu-zapocela-edukacija-hranitelja\/","og_site_name":"TuzlaInfo.ba","article_publisher":"https:\/\/www.facebook.com\/tuzlainfo.ba\/","article_published_time":"2023-04-10T17:42:24+00:00","article_modified_time":"2023-04-10T15:04:54+00:00","og_image":[{"width":1600,"height":1200,"url":"https:\/\/tuzlainfo.ba\/wp-content\/uploads\/2023\/04\/edukacija-hranitelja.jpg","type":"image\/jpeg"}],"author":"Tuzla Info","twitter_card":"summary_large_image","twitter_misc":{"Written by":"Tuzla Info","Est. reading time":"1 minuta"},"schema":{"@context":"https:\/\/schema.org","@graph":[{"@type":"Article","@id":"https:\/\/tuzlainfo.ba\/index.php\/novosti\/item\/201879-u-tuzlanskom-kantonu-zapocela-edukacija-hranitelja\/#article","isPartOf":{"@id":"https:\/\/tuzlainfo.ba\/index.php\/novosti\/item\/201879-u-tuzlanskom-kantonu-zapocela-edukacija-hranitelja\/"},"author":{"name":"Tuzla Info","@id":"https:\/\/tuzlainfo.ba\/#\/schema\/person\/46cad4c57790cbc50781edd14870825a"},"headline":"U Tuzlanskom kantonu zapo\u010dela edukacija hranitelja","datePublished":"2023-04-10T17:42:24+00:00","dateModified":"2023-04-10T15:04:54+00:00","mainEntityOfPage":{"@id":"https:\/\/tuzlainfo.ba\/index.php\/novosti\/item\/201879-u-tuzlanskom-kantonu-zapocela-edukacija-hranitelja\/"},"wordCount":281,"commentCount":0,"publisher":{"@id":"https:\/\/tuzlainfo.ba\/#organization"},"image":{"@id":"https:\/\/tuzlainfo.ba\/index.php\/novosti\/item\/201879-u-tuzlanskom-kantonu-zapocela-edukacija-hranitelja\/#primaryimage"},"thumbnailUrl":"https:\/\/tuzlainfo.ba\/wp-content\/uploads\/2023\/04\/edukacija-hranitelja.jpg","keywords":["hranitelji","hraniteljstvo","tuzlanski kanton"],"articleSection":["Novosti"],"inLanguage":"bs-BA"},{"@type":"WebPage","@id":"https:\/\/tuzlainfo.ba\/index.php\/novosti\/item\/201879-u-tuzlanskom-kantonu-zapocela-edukacija-hranitelja\/","url":"https:\/\/tuzlainfo.ba\/index.php\/novosti\/item\/201879-u-tuzlanskom-kantonu-zapocela-edukacija-hranitelja\/","name":"U Tuzlanskom kantonu zapo\u010dela edukacija hranitelja - TuzlaInfo.ba","isPartOf":{"@id":"https:\/\/tuzlainfo.ba\/#website"},"primaryImageOfPage":{"@id":"https:\/\/tuzlainfo.ba\/index.php\/novosti\/item\/201879-u-tuzlanskom-kantonu-zapocela-edukacija-hranitelja\/#primaryimage"},"image":{"@id":"https:\/\/tuzlainfo.ba\/index.php\/novosti\/item\/201879-u-tuzlanskom-kantonu-zapocela-edukacija-hranitelja\/#primaryimage"},"thumbnailUrl":"https:\/\/tuzlainfo.ba\/wp-content\/uploads\/2023\/04\/edukacija-hranitelja.jpg","datePublished":"2023-04-10T17:42:24+00:00","dateModified":"2023-04-10T15:04:54+00:00","breadcrumb":{"@id":"https:\/\/tuzlainfo.ba\/index.php\/novosti\/item\/201879-u-tuzlanskom-kantonu-zapocela-edukacija-hranitelja\/#breadcrumb"},"inLanguage":"bs-BA","potentialAction":[{"@type":"ReadAction","target":["https:\/\/tuzlainfo.ba\/index.php\/novosti\/item\/201879-u-tuzlanskom-kantonu-zapocela-edukacija-hranitelja\/"]}]},{"@type":"ImageObject","inLanguage":"bs-BA","@id":"https:\/\/tuzlainfo.ba\/index.php\/novosti\/item\/201879-u-tuzlanskom-kantonu-zapocela-edukacija-hranitelja\/#primaryimage","url":"https:\/\/tuzlainfo.ba\/wp-content\/uploads\/2023\/04\/edukacija-hranitelja.jpg","contentUrl":"https:\/\/tuzlainfo.ba\/wp-content\/uploads\/2023\/04\/edukacija-hranitelja.jpg","width":1600,"height":1200},{"@type":"BreadcrumbList","@id":"https:\/\/tuzlainfo.ba\/index.php\/novosti\/item\/201879-u-tuzlanskom-kantonu-zapocela-edukacija-hranitelja\/#breadcrumb","itemListElement":[{"@type":"ListItem","position":1,"name":"Home","item":"https:\/\/tuzlainfo.ba\/"},{"@type":"ListItem","position":2,"name":"U Tuzlanskom kantonu zapo\u010dela edukacija hranitelja"}]},{"@type":"WebSite","@id":"https:\/\/tuzlainfo.ba\/#website","url":"https:\/\/tuzlainfo.ba\/","name":"TuzlaInfo.ba","description":"Tuzla info, gradski informator - Tuzla na dlanu","publisher":{"@id":"https:\/\/tuzlainfo.ba\/#organization"},"potentialAction":[{"@type":"SearchAction","target":{"@type":"EntryPoint","urlTemplate":"https:\/\/tuzlainfo.ba\/?s={search_term_string}"},"query-input":{"@type":"PropertyValueSpecification","valueRequired":true,"valueName":"search_term_string"}}],"inLanguage":"bs-BA"},{"@type":"Organization","@id":"https:\/\/tuzlainfo.ba\/#organization","name":"TuzlaInfo.ba","url":"https:\/\/tuzlainfo.ba\/","logo":{"@type":"ImageObject","inLanguage":"bs-BA","@id":"https:\/\/tuzlainfo.ba\/#\/schema\/logo\/image\/","url":"https:\/\/tuzlainfo.ba\/wp-content\/uploads\/2021\/03\/logo-ver-3-1.png","contentUrl":"https:\/\/tuzlainfo.ba\/wp-content\/uploads\/2021\/03\/logo-ver-3-1.png","width":350,"height":95,"caption":"TuzlaInfo.ba"},"image":{"@id":"https:\/\/tuzlainfo.ba\/#\/schema\/logo\/image\/"},"sameAs":["https:\/\/www.facebook.com\/tuzlainfo.ba\/"]},{"@type":"Person","@id":"https:\/\/tuzlainfo.ba\/#\/schema\/person\/46cad4c57790cbc50781edd14870825a","name":"Tuzla Info","image":{"@type":"ImageObject","inLanguage":"bs-BA","@id":"https:\/\/tuzlainfo.ba\/#\/schema\/person\/image\/","url":"https:\/\/tuzlainfo.ba\/wp-content\/litespeed\/avatar\/b6c453a6c38e3654f2e4416c643fc25c.jpg?ver=1777051911","contentUrl":"https:\/\/tuzlainfo.ba\/wp-content\/litespeed\/avatar\/b6c453a6c38e3654f2e4416c643fc25c.jpg?ver=1777051911","caption":"Tuzla Info"}}]}},"_links":{"self":[{"href":"https:\/\/tuzlainfo.ba\/index.php\/wp-json\/wp\/v2\/posts\/201879"}],"collection":[{"href":"https:\/\/tuzlainfo.ba\/index.php\/wp-json\/wp\/v2\/posts"}],"about":[{"href":"https:\/\/tuzlainfo.ba\/index.php\/wp-json\/wp\/v2\/types\/post"}],"author":[{"embeddable":true,"href":"https:\/\/tuzlainfo.ba\/index.php\/wp-json\/wp\/v2\/users\/4"}],"replies":[{"embeddable":true,"href":"https:\/\/tuzlainfo.ba\/index.php\/wp-json\/wp\/v2\/comments?post=201879"}],"version-history":[{"count":0,"href":"https:\/\/tuzlainfo.ba\/index.php\/wp-json\/wp\/v2\/posts\/201879\/revisions"}],"wp:featuredmedia":[{"embeddable":true,"href":"https:\/\/tuzlainfo.ba\/index.php\/wp-json\/wp\/v2\/media\/201880"}],"wp:attachment":[{"href":"https:\/\/tuzlainfo.ba\/index.php\/wp-json\/wp\/v2\/media?parent=201879"}],"wp:term":[{"taxonomy":"category","embeddable":true,"href":"https:\/\/tuzlainfo.ba\/index.php\/wp-json\/wp\/v2\/categories?post=201879"},{"taxonomy":"post_tag","embeddable":true,"href":"https:\/\/tuzlainfo.ba\/index.php\/wp-json\/wp\/v2\/tags?post=201879"}],"curies":[{"name":"wp","href":"https:\/\/api.w.org\/{rel}","templated":true}]}}