{"id":201556,"date":"2023-04-06T17:52:10","date_gmt":"2023-04-06T15:52:10","guid":{"rendered":"https:\/\/tuzlainfo.ba\/?p=201556"},"modified":"2023-04-06T17:52:10","modified_gmt":"2023-04-06T15:52:10","slug":"boris-jelinic-plijeni-paznju-u-svijetu-tenisa-desetogodisnji-tuzlak-reda-pobjede-na-medjunarodnim-turnirima","status":"publish","type":"post","link":"https:\/\/tuzlainfo.ba\/index.php\/novosti\/item\/201556-boris-jelinic-plijeni-paznju-u-svijetu-tenisa-desetogodisnji-tuzlak-reda-pobjede-na-medjunarodnim-turnirima\/","title":{"rendered":"Boris Jelini\u0107 plijeni pa\u017enju u svijetu tenisa: Desetogodi\u0161nji Tuzlak reda pobjede na me\u0111unarodnim turnirima"},"content":{"rendered":"<p>Teniser tuzlanske Slobode 10-godi\u0161nji Boris Jelini\u0107, ovu godinu po\u010deo je pobjedama na pet me\u0111unarodnih turnira u Hrvatskoj, a ove godine ga o\u010dekuje nastup i na Smrikva Bowlu u Puli, gdje u njegovoj starosnoj kategoriji nastupaju samo 32 odabrana igra\u010da sa pet kontinenata.<\/p>\n<div id=\"player\">Ovaj turnir, na kojem je svojevremeno nastupao i sanzacionalni \u0160panac Carlos Alcaraz, naziva se i nezvani\u010dnim prvenstvom svijeta.<\/div>\n<div class=\"post-content post-content-holder\">\n<p>Posljednji Borisov me\u010d u Hrvatskoj ispratio je i legendarni Goran Ivani\u0161evi\u0107, koji mu je uru\u010dio pobjedni\u010dki pehar nakon finalnog me\u010da u kojem nije izgubio niti jedan gem.<\/p>\n<p>&#8211; Tenis sam po\u010deo trenirati sa \u010detiri i po godine. Tri godine sam trenirao kod trenera Damira Tu\u010di\u0107a, a sada radim s trenerom D\u017eambom (Jasmin D\u017eambi\u0107 op.a.), koji me je poslao i na prvi turnir &#8211; pri\u010da Boris Jelini\u0107.<\/p>\n<p>Ka\u017ee da je njegov teniski uzor Novak \u0110okovi\u0107, koga je upoznao u Visokom i tada mu je uru\u010dio pehar na kojem pi\u0161e &#8220;od Bokija najboljem teniseru svijeta Noletu&#8221;.<\/p>\n<p>&#8211; Nole mi se zahvalio na peharu i rekao je da \u0107e ga staviti u njegovu posebnu sobu. Ivani\u0161evi\u0107 je gledao moj me\u010d i rekao mi je da sam samostalan igra\u010d &#8211; ka\u017ee Boris.<\/p>\n<p>Dobar teniser, ka\u017ee on, treba imati brze noge, brze udarce i biti mentalno jak.<\/p>\n<p>&#8211; Ovaj dje\u010dak ima veliki \u017ear za igrom i pobjedama. Uvijek je bio discipliniran i upijao savjete, a to kod djece nije \u010desta osobina, jer njima pa\u017enja vrlo lako odluta. Ponosan sam na njegove rezultate posebno na zadnjih pet turnira u Hrvatskoj &#8211; ka\u017ee Jasmin D\u017eambi\u0107, koji Borisa trenira posljednje tri godine.<\/p>\n<p>Predsjednik TK Sloboda Enver Bijedi\u0107 ka\u017ee da je ovaj klub jedinstven po tome, jer ima kontinuiran trena\u017eni proces, pla\u0107a sve svoje obaveze prema dr\u017eavi i zaposlenicima, iako nema niti jedne marke podr\u0161ke sa bilo kojeg nivoa vlasti.<\/p>\n<p>&#8211; Mi smo jedan od najuspje\u0161nijih sportskih klubova u regiji, a sigurno smo najuspje\u0161niji u BiH &#8211; rekao je Bijedi\u0107.<\/p>\n<p>Ina\u010de, u Teniskom klubu Sloboda, na \u010duvenim terenima pod Slanom Banjom, trenira oko 70 takmi\u010dara, a tenisku \u0161kolu poha\u0111a oko 30 polaznika.<\/p>\n<p>Slobodinu tenisku \u0161kolu pro\u0161li su, izme\u0111u ostalih, Amer Deli\u0107 biv\u0161i selektor reprezentacije BiH i nekeda\u0161nji 60. igra\u010d svijeta, Mervana Jugi\u0107-Salki\u0107 koja je bila 99. na svijetu, Nefisa Berberovi\u0107, Ema Burgi\u0107, Jasmina Tinji\u0107&#8230;, pi\u0161e Faktor.<\/p>\n<\/div>\n","protected":false},"excerpt":{"rendered":"<p>Teniser tuzlanske Slobode 10-godi\u0161nji Boris Jelini\u0107, ovu godinu po\u010deo je pobjedama na pet me\u0111unarodnih turnira&hellip;<\/p>\n","protected":false},"author":2,"featured_media":201557,"comment_status":"open","ping_status":"closed","sticky":false,"template":"","format":"standard","meta":{"_acf_changed":false,"footnotes":""},"categories":[304,12],"tags":[6637,915,6636],"acf":[],"yoast_head":"<!-- This site is optimized with the Yoast SEO plugin v23.5 - https:\/\/yoast.com\/wordpress\/plugins\/seo\/ -->\n<title>Boris Jelini\u0107 plijeni pa\u017enju u svijetu tenisa: Desetogodi\u0161nji Tuzlak reda pobjede na me\u0111unarodnim turnirima - TuzlaInfo.ba<\/title>\n<meta name=\"robots\" content=\"index, follow, max-snippet:-1, max-image-preview:large, max-video-preview:-1\" \/>\n<link rel=\"canonical\" href=\"https:\/\/tuzlainfo.ba\/index.php\/novosti\/item\/201556-boris-jelinic-plijeni-paznju-u-svijetu-tenisa-desetogodisnji-tuzlak-reda-pobjede-na-medjunarodnim-turnirima\/\" \/>\n<meta property=\"og:locale\" content=\"bs_BA\" \/>\n<meta property=\"og:type\" content=\"article\" \/>\n<meta property=\"og:title\" content=\"Boris Jelini\u0107 plijeni pa\u017enju u svijetu tenisa: Desetogodi\u0161nji Tuzlak reda pobjede na me\u0111unarodnim turnirima - TuzlaInfo.ba\" \/>\n<meta property=\"og:description\" content=\"Teniser tuzlanske Slobode 10-godi\u0161nji Boris Jelini\u0107, ovu godinu po\u010deo je pobjedama na pet me\u0111unarodnih turnira&hellip;\" \/>\n<meta property=\"og:url\" content=\"https:\/\/tuzlainfo.ba\/index.php\/novosti\/item\/201556-boris-jelinic-plijeni-paznju-u-svijetu-tenisa-desetogodisnji-tuzlak-reda-pobjede-na-medjunarodnim-turnirima\/\" \/>\n<meta property=\"og:site_name\" content=\"TuzlaInfo.ba\" \/>\n<meta property=\"article:publisher\" content=\"https:\/\/www.facebook.com\/tuzlainfo.ba\/\" \/>\n<meta property=\"article:published_time\" content=\"2023-04-06T15:52:10+00:00\" \/>\n<meta property=\"og:image\" content=\"https:\/\/tuzlainfo.ba\/wp-content\/uploads\/2023\/04\/0604_boris_jelnic.jpg\" \/>\n\t<meta property=\"og:image:width\" content=\"800\" \/>\n\t<meta property=\"og:image:height\" content=\"530\" \/>\n\t<meta property=\"og:image:type\" content=\"image\/jpeg\" \/>\n<meta name=\"author\" content=\"nedim\" \/>\n<meta name=\"twitter:card\" content=\"summary_large_image\" \/>\n<meta name=\"twitter:label1\" content=\"Written by\" \/>\n\t<meta name=\"twitter:data1\" content=\"nedim\" \/>\n\t<meta name=\"twitter:label2\" content=\"Est. reading time\" \/>\n\t<meta name=\"twitter:data2\" content=\"2 minute\" \/>\n<script type=\"application\/ld+json\" class=\"yoast-schema-graph\">{\"@context\":\"https:\/\/schema.org\",\"@graph\":[{\"@type\":\"Article\",\"@id\":\"https:\/\/tuzlainfo.ba\/index.php\/novosti\/item\/201556-boris-jelinic-plijeni-paznju-u-svijetu-tenisa-desetogodisnji-tuzlak-reda-pobjede-na-medjunarodnim-turnirima\/#article\",\"isPartOf\":{\"@id\":\"https:\/\/tuzlainfo.ba\/index.php\/novosti\/item\/201556-boris-jelinic-plijeni-paznju-u-svijetu-tenisa-desetogodisnji-tuzlak-reda-pobjede-na-medjunarodnim-turnirima\/\"},\"author\":{\"name\":\"nedim\",\"@id\":\"https:\/\/tuzlainfo.ba\/#\/schema\/person\/f434e20dc27ea133923aab08451b7f7f\"},\"headline\":\"Boris Jelini\u0107 plijeni pa\u017enju u svijetu tenisa: Desetogodi\u0161nji Tuzlak reda pobjede na me\u0111unarodnim turnirima\",\"datePublished\":\"2023-04-06T15:52:10+00:00\",\"dateModified\":\"2023-04-06T15:52:10+00:00\",\"mainEntityOfPage\":{\"@id\":\"https:\/\/tuzlainfo.ba\/index.php\/novosti\/item\/201556-boris-jelinic-plijeni-paznju-u-svijetu-tenisa-desetogodisnji-tuzlak-reda-pobjede-na-medjunarodnim-turnirima\/\"},\"wordCount\":422,\"commentCount\":0,\"publisher\":{\"@id\":\"https:\/\/tuzlainfo.ba\/#organization\"},\"image\":{\"@id\":\"https:\/\/tuzlainfo.ba\/index.php\/novosti\/item\/201556-boris-jelinic-plijeni-paznju-u-svijetu-tenisa-desetogodisnji-tuzlak-reda-pobjede-na-medjunarodnim-turnirima\/#primaryimage\"},\"thumbnailUrl\":\"https:\/\/tuzlainfo.ba\/wp-content\/uploads\/2023\/04\/0604_boris_jelnic.jpg\",\"keywords\":[\"boris jelini\u0107\",\"sport\",\"tenis klub sloboda\"],\"articleSection\":[\"Istaknuto\",\"Novosti\"],\"inLanguage\":\"bs-BA\"},{\"@type\":\"WebPage\",\"@id\":\"https:\/\/tuzlainfo.ba\/index.php\/novosti\/item\/201556-boris-jelinic-plijeni-paznju-u-svijetu-tenisa-desetogodisnji-tuzlak-reda-pobjede-na-medjunarodnim-turnirima\/\",\"url\":\"https:\/\/tuzlainfo.ba\/index.php\/novosti\/item\/201556-boris-jelinic-plijeni-paznju-u-svijetu-tenisa-desetogodisnji-tuzlak-reda-pobjede-na-medjunarodnim-turnirima\/\",\"name\":\"Boris Jelini\u0107 plijeni pa\u017enju u svijetu tenisa: Desetogodi\u0161nji Tuzlak reda pobjede na me\u0111unarodnim turnirima - TuzlaInfo.ba\",\"isPartOf\":{\"@id\":\"https:\/\/tuzlainfo.ba\/#website\"},\"primaryImageOfPage\":{\"@id\":\"https:\/\/tuzlainfo.ba\/index.php\/novosti\/item\/201556-boris-jelinic-plijeni-paznju-u-svijetu-tenisa-desetogodisnji-tuzlak-reda-pobjede-na-medjunarodnim-turnirima\/#primaryimage\"},\"image\":{\"@id\":\"https:\/\/tuzlainfo.ba\/index.php\/novosti\/item\/201556-boris-jelinic-plijeni-paznju-u-svijetu-tenisa-desetogodisnji-tuzlak-reda-pobjede-na-medjunarodnim-turnirima\/#primaryimage\"},\"thumbnailUrl\":\"https:\/\/tuzlainfo.ba\/wp-content\/uploads\/2023\/04\/0604_boris_jelnic.jpg\",\"datePublished\":\"2023-04-06T15:52:10+00:00\",\"dateModified\":\"2023-04-06T15:52:10+00:00\",\"breadcrumb\":{\"@id\":\"https:\/\/tuzlainfo.ba\/index.php\/novosti\/item\/201556-boris-jelinic-plijeni-paznju-u-svijetu-tenisa-desetogodisnji-tuzlak-reda-pobjede-na-medjunarodnim-turnirima\/#breadcrumb\"},\"inLanguage\":\"bs-BA\",\"potentialAction\":[{\"@type\":\"ReadAction\",\"target\":[\"https:\/\/tuzlainfo.ba\/index.php\/novosti\/item\/201556-boris-jelinic-plijeni-paznju-u-svijetu-tenisa-desetogodisnji-tuzlak-reda-pobjede-na-medjunarodnim-turnirima\/\"]}]},{\"@type\":\"ImageObject\",\"inLanguage\":\"bs-BA\",\"@id\":\"https:\/\/tuzlainfo.ba\/index.php\/novosti\/item\/201556-boris-jelinic-plijeni-paznju-u-svijetu-tenisa-desetogodisnji-tuzlak-reda-pobjede-na-medjunarodnim-turnirima\/#primaryimage\",\"url\":\"https:\/\/tuzlainfo.ba\/wp-content\/uploads\/2023\/04\/0604_boris_jelnic.jpg\",\"contentUrl\":\"https:\/\/tuzlainfo.ba\/wp-content\/uploads\/2023\/04\/0604_boris_jelnic.jpg\",\"width\":800,\"height\":530},{\"@type\":\"BreadcrumbList\",\"@id\":\"https:\/\/tuzlainfo.ba\/index.php\/novosti\/item\/201556-boris-jelinic-plijeni-paznju-u-svijetu-tenisa-desetogodisnji-tuzlak-reda-pobjede-na-medjunarodnim-turnirima\/#breadcrumb\",\"itemListElement\":[{\"@type\":\"ListItem\",\"position\":1,\"name\":\"Home\",\"item\":\"https:\/\/tuzlainfo.ba\/\"},{\"@type\":\"ListItem\",\"position\":2,\"name\":\"Boris Jelini\u0107 plijeni pa\u017enju u svijetu tenisa: Desetogodi\u0161nji Tuzlak reda pobjede na me\u0111unarodnim turnirima\"}]},{\"@type\":\"WebSite\",\"@id\":\"https:\/\/tuzlainfo.ba\/#website\",\"url\":\"https:\/\/tuzlainfo.ba\/\",\"name\":\"TuzlaInfo.ba\",\"description\":\"Tuzla info, gradski informator - Tuzla na dlanu\",\"publisher\":{\"@id\":\"https:\/\/tuzlainfo.ba\/#organization\"},\"potentialAction\":[{\"@type\":\"SearchAction\",\"target\":{\"@type\":\"EntryPoint\",\"urlTemplate\":\"https:\/\/tuzlainfo.ba\/?s={search_term_string}\"},\"query-input\":{\"@type\":\"PropertyValueSpecification\",\"valueRequired\":true,\"valueName\":\"search_term_string\"}}],\"inLanguage\":\"bs-BA\"},{\"@type\":\"Organization\",\"@id\":\"https:\/\/tuzlainfo.ba\/#organization\",\"name\":\"TuzlaInfo.ba\",\"url\":\"https:\/\/tuzlainfo.ba\/\",\"logo\":{\"@type\":\"ImageObject\",\"inLanguage\":\"bs-BA\",\"@id\":\"https:\/\/tuzlainfo.ba\/#\/schema\/logo\/image\/\",\"url\":\"https:\/\/tuzlainfo.ba\/wp-content\/uploads\/2021\/03\/logo-ver-3-1.png\",\"contentUrl\":\"https:\/\/tuzlainfo.ba\/wp-content\/uploads\/2021\/03\/logo-ver-3-1.png\",\"width\":350,\"height\":95,\"caption\":\"TuzlaInfo.ba\"},\"image\":{\"@id\":\"https:\/\/tuzlainfo.ba\/#\/schema\/logo\/image\/\"},\"sameAs\":[\"https:\/\/www.facebook.com\/tuzlainfo.ba\/\"]},{\"@type\":\"Person\",\"@id\":\"https:\/\/tuzlainfo.ba\/#\/schema\/person\/f434e20dc27ea133923aab08451b7f7f\",\"name\":\"nedim\",\"image\":{\"@type\":\"ImageObject\",\"inLanguage\":\"bs-BA\",\"@id\":\"https:\/\/tuzlainfo.ba\/#\/schema\/person\/image\/\",\"url\":\"https:\/\/tuzlainfo.ba\/wp-content\/litespeed\/avatar\/aabad687af24844af817603ac1cbdc4f.jpg?ver=1777306975\",\"contentUrl\":\"https:\/\/tuzlainfo.ba\/wp-content\/litespeed\/avatar\/aabad687af24844af817603ac1cbdc4f.jpg?ver=1777306975\",\"caption\":\"nedim\"},\"description\":\"Tuzlainfo.ba pratite na dru\u0161tvenim mre\u017eama: Facebook, Instagram i Youtube. Svoje pri\u010de, upite i fotografije \u0161aljite na na\u0161u e-mail adresu.\"}]}<\/script>\n<!-- \/ Yoast SEO plugin. -->","yoast_head_json":{"title":"Boris Jelini\u0107 plijeni pa\u017enju u svijetu tenisa: Desetogodi\u0161nji Tuzlak reda pobjede na me\u0111unarodnim turnirima - TuzlaInfo.ba","robots":{"index":"index","follow":"follow","max-snippet":"max-snippet:-1","max-image-preview":"max-image-preview:large","max-video-preview":"max-video-preview:-1"},"canonical":"https:\/\/tuzlainfo.ba\/index.php\/novosti\/item\/201556-boris-jelinic-plijeni-paznju-u-svijetu-tenisa-desetogodisnji-tuzlak-reda-pobjede-na-medjunarodnim-turnirima\/","og_locale":"bs_BA","og_type":"article","og_title":"Boris Jelini\u0107 plijeni pa\u017enju u svijetu tenisa: Desetogodi\u0161nji Tuzlak reda pobjede na me\u0111unarodnim turnirima - TuzlaInfo.ba","og_description":"Teniser tuzlanske Slobode 10-godi\u0161nji Boris Jelini\u0107, ovu godinu po\u010deo je pobjedama na pet me\u0111unarodnih turnira&hellip;","og_url":"https:\/\/tuzlainfo.ba\/index.php\/novosti\/item\/201556-boris-jelinic-plijeni-paznju-u-svijetu-tenisa-desetogodisnji-tuzlak-reda-pobjede-na-medjunarodnim-turnirima\/","og_site_name":"TuzlaInfo.ba","article_publisher":"https:\/\/www.facebook.com\/tuzlainfo.ba\/","article_published_time":"2023-04-06T15:52:10+00:00","og_image":[{"width":800,"height":530,"url":"https:\/\/tuzlainfo.ba\/wp-content\/uploads\/2023\/04\/0604_boris_jelnic.jpg","type":"image\/jpeg"}],"author":"nedim","twitter_card":"summary_large_image","twitter_misc":{"Written by":"nedim","Est. reading time":"2 minute"},"schema":{"@context":"https:\/\/schema.org","@graph":[{"@type":"Article","@id":"https:\/\/tuzlainfo.ba\/index.php\/novosti\/item\/201556-boris-jelinic-plijeni-paznju-u-svijetu-tenisa-desetogodisnji-tuzlak-reda-pobjede-na-medjunarodnim-turnirima\/#article","isPartOf":{"@id":"https:\/\/tuzlainfo.ba\/index.php\/novosti\/item\/201556-boris-jelinic-plijeni-paznju-u-svijetu-tenisa-desetogodisnji-tuzlak-reda-pobjede-na-medjunarodnim-turnirima\/"},"author":{"name":"nedim","@id":"https:\/\/tuzlainfo.ba\/#\/schema\/person\/f434e20dc27ea133923aab08451b7f7f"},"headline":"Boris Jelini\u0107 plijeni pa\u017enju u svijetu tenisa: Desetogodi\u0161nji Tuzlak reda pobjede na me\u0111unarodnim turnirima","datePublished":"2023-04-06T15:52:10+00:00","dateModified":"2023-04-06T15:52:10+00:00","mainEntityOfPage":{"@id":"https:\/\/tuzlainfo.ba\/index.php\/novosti\/item\/201556-boris-jelinic-plijeni-paznju-u-svijetu-tenisa-desetogodisnji-tuzlak-reda-pobjede-na-medjunarodnim-turnirima\/"},"wordCount":422,"commentCount":0,"publisher":{"@id":"https:\/\/tuzlainfo.ba\/#organization"},"image":{"@id":"https:\/\/tuzlainfo.ba\/index.php\/novosti\/item\/201556-boris-jelinic-plijeni-paznju-u-svijetu-tenisa-desetogodisnji-tuzlak-reda-pobjede-na-medjunarodnim-turnirima\/#primaryimage"},"thumbnailUrl":"https:\/\/tuzlainfo.ba\/wp-content\/uploads\/2023\/04\/0604_boris_jelnic.jpg","keywords":["boris jelini\u0107","sport","tenis klub sloboda"],"articleSection":["Istaknuto","Novosti"],"inLanguage":"bs-BA"},{"@type":"WebPage","@id":"https:\/\/tuzlainfo.ba\/index.php\/novosti\/item\/201556-boris-jelinic-plijeni-paznju-u-svijetu-tenisa-desetogodisnji-tuzlak-reda-pobjede-na-medjunarodnim-turnirima\/","url":"https:\/\/tuzlainfo.ba\/index.php\/novosti\/item\/201556-boris-jelinic-plijeni-paznju-u-svijetu-tenisa-desetogodisnji-tuzlak-reda-pobjede-na-medjunarodnim-turnirima\/","name":"Boris Jelini\u0107 plijeni pa\u017enju u svijetu tenisa: Desetogodi\u0161nji Tuzlak reda pobjede na me\u0111unarodnim turnirima - TuzlaInfo.ba","isPartOf":{"@id":"https:\/\/tuzlainfo.ba\/#website"},"primaryImageOfPage":{"@id":"https:\/\/tuzlainfo.ba\/index.php\/novosti\/item\/201556-boris-jelinic-plijeni-paznju-u-svijetu-tenisa-desetogodisnji-tuzlak-reda-pobjede-na-medjunarodnim-turnirima\/#primaryimage"},"image":{"@id":"https:\/\/tuzlainfo.ba\/index.php\/novosti\/item\/201556-boris-jelinic-plijeni-paznju-u-svijetu-tenisa-desetogodisnji-tuzlak-reda-pobjede-na-medjunarodnim-turnirima\/#primaryimage"},"thumbnailUrl":"https:\/\/tuzlainfo.ba\/wp-content\/uploads\/2023\/04\/0604_boris_jelnic.jpg","datePublished":"2023-04-06T15:52:10+00:00","dateModified":"2023-04-06T15:52:10+00:00","breadcrumb":{"@id":"https:\/\/tuzlainfo.ba\/index.php\/novosti\/item\/201556-boris-jelinic-plijeni-paznju-u-svijetu-tenisa-desetogodisnji-tuzlak-reda-pobjede-na-medjunarodnim-turnirima\/#breadcrumb"},"inLanguage":"bs-BA","potentialAction":[{"@type":"ReadAction","target":["https:\/\/tuzlainfo.ba\/index.php\/novosti\/item\/201556-boris-jelinic-plijeni-paznju-u-svijetu-tenisa-desetogodisnji-tuzlak-reda-pobjede-na-medjunarodnim-turnirima\/"]}]},{"@type":"ImageObject","inLanguage":"bs-BA","@id":"https:\/\/tuzlainfo.ba\/index.php\/novosti\/item\/201556-boris-jelinic-plijeni-paznju-u-svijetu-tenisa-desetogodisnji-tuzlak-reda-pobjede-na-medjunarodnim-turnirima\/#primaryimage","url":"https:\/\/tuzlainfo.ba\/wp-content\/uploads\/2023\/04\/0604_boris_jelnic.jpg","contentUrl":"https:\/\/tuzlainfo.ba\/wp-content\/uploads\/2023\/04\/0604_boris_jelnic.jpg","width":800,"height":530},{"@type":"BreadcrumbList","@id":"https:\/\/tuzlainfo.ba\/index.php\/novosti\/item\/201556-boris-jelinic-plijeni-paznju-u-svijetu-tenisa-desetogodisnji-tuzlak-reda-pobjede-na-medjunarodnim-turnirima\/#breadcrumb","itemListElement":[{"@type":"ListItem","position":1,"name":"Home","item":"https:\/\/tuzlainfo.ba\/"},{"@type":"ListItem","position":2,"name":"Boris Jelini\u0107 plijeni pa\u017enju u svijetu tenisa: Desetogodi\u0161nji Tuzlak reda pobjede na me\u0111unarodnim turnirima"}]},{"@type":"WebSite","@id":"https:\/\/tuzlainfo.ba\/#website","url":"https:\/\/tuzlainfo.ba\/","name":"TuzlaInfo.ba","description":"Tuzla info, gradski informator - Tuzla na dlanu","publisher":{"@id":"https:\/\/tuzlainfo.ba\/#organization"},"potentialAction":[{"@type":"SearchAction","target":{"@type":"EntryPoint","urlTemplate":"https:\/\/tuzlainfo.ba\/?s={search_term_string}"},"query-input":{"@type":"PropertyValueSpecification","valueRequired":true,"valueName":"search_term_string"}}],"inLanguage":"bs-BA"},{"@type":"Organization","@id":"https:\/\/tuzlainfo.ba\/#organization","name":"TuzlaInfo.ba","url":"https:\/\/tuzlainfo.ba\/","logo":{"@type":"ImageObject","inLanguage":"bs-BA","@id":"https:\/\/tuzlainfo.ba\/#\/schema\/logo\/image\/","url":"https:\/\/tuzlainfo.ba\/wp-content\/uploads\/2021\/03\/logo-ver-3-1.png","contentUrl":"https:\/\/tuzlainfo.ba\/wp-content\/uploads\/2021\/03\/logo-ver-3-1.png","width":350,"height":95,"caption":"TuzlaInfo.ba"},"image":{"@id":"https:\/\/tuzlainfo.ba\/#\/schema\/logo\/image\/"},"sameAs":["https:\/\/www.facebook.com\/tuzlainfo.ba\/"]},{"@type":"Person","@id":"https:\/\/tuzlainfo.ba\/#\/schema\/person\/f434e20dc27ea133923aab08451b7f7f","name":"nedim","image":{"@type":"ImageObject","inLanguage":"bs-BA","@id":"https:\/\/tuzlainfo.ba\/#\/schema\/person\/image\/","url":"https:\/\/tuzlainfo.ba\/wp-content\/litespeed\/avatar\/aabad687af24844af817603ac1cbdc4f.jpg?ver=1777306975","contentUrl":"https:\/\/tuzlainfo.ba\/wp-content\/litespeed\/avatar\/aabad687af24844af817603ac1cbdc4f.jpg?ver=1777306975","caption":"nedim"},"description":"Tuzlainfo.ba pratite na dru\u0161tvenim mre\u017eama: Facebook, Instagram i Youtube. Svoje pri\u010de, upite i fotografije \u0161aljite na na\u0161u e-mail adresu."}]}},"_links":{"self":[{"href":"https:\/\/tuzlainfo.ba\/index.php\/wp-json\/wp\/v2\/posts\/201556"}],"collection":[{"href":"https:\/\/tuzlainfo.ba\/index.php\/wp-json\/wp\/v2\/posts"}],"about":[{"href":"https:\/\/tuzlainfo.ba\/index.php\/wp-json\/wp\/v2\/types\/post"}],"author":[{"embeddable":true,"href":"https:\/\/tuzlainfo.ba\/index.php\/wp-json\/wp\/v2\/users\/2"}],"replies":[{"embeddable":true,"href":"https:\/\/tuzlainfo.ba\/index.php\/wp-json\/wp\/v2\/comments?post=201556"}],"version-history":[{"count":0,"href":"https:\/\/tuzlainfo.ba\/index.php\/wp-json\/wp\/v2\/posts\/201556\/revisions"}],"wp:featuredmedia":[{"embeddable":true,"href":"https:\/\/tuzlainfo.ba\/index.php\/wp-json\/wp\/v2\/media\/201557"}],"wp:attachment":[{"href":"https:\/\/tuzlainfo.ba\/index.php\/wp-json\/wp\/v2\/media?parent=201556"}],"wp:term":[{"taxonomy":"category","embeddable":true,"href":"https:\/\/tuzlainfo.ba\/index.php\/wp-json\/wp\/v2\/categories?post=201556"},{"taxonomy":"post_tag","embeddable":true,"href":"https:\/\/tuzlainfo.ba\/index.php\/wp-json\/wp\/v2\/tags?post=201556"}],"curies":[{"name":"wp","href":"https:\/\/api.w.org\/{rel}","templated":true}]}}