{"id":201355,"date":"2023-04-04T11:53:42","date_gmt":"2023-04-04T09:53:42","guid":{"rendered":"https:\/\/tuzlainfo.ba\/?p=201355"},"modified":"2023-04-04T11:53:42","modified_gmt":"2023-04-04T09:53:42","slug":"zestoka-kazna-ehf-a-alen-ovcina-dobio-visegodisnju-suspenziju-zbog-dopinga","status":"publish","type":"post","link":"https:\/\/tuzlainfo.ba\/index.php\/novosti\/item\/201355-zestoka-kazna-ehf-a-alen-ovcina-dobio-visegodisnju-suspenziju-zbog-dopinga\/","title":{"rendered":"\u017destoka kazna EHF-a: Alen Ov\u010dina dobio vi\u0161egodi\u0161nju suspenziju zbog dopinga"},"content":{"rendered":"<p>Rukometni reprezentativac Bosne i Hercegovine Alen Ov\u010dina suspendovan je na \u010detiri godine zbog pozitivnog doping testa.<\/p>\n<p>Evropska rukometna federacija (EHF)\u00a0<a href=\"https:\/\/www.eurohandball.com\/en\/news\/en\/bosnian-player-suspended-for-violation-of-anti-doping-rules\/\" target=\"_blank\" rel=\"noopener\">objavila<\/a>\u00a0je da kazna te\u010de od 21. decembra 2022. godine.<\/p>\n<p>Rukometa\u0161 je bio pozitivan na nedozvoljenu suspstancu 19-nortestosteron, metabolit anaboli\u010dkog sterioida, tokom doping testa nakon utakmice kvalifikacija za Evropsko prvenstvo izme\u0111u Slovenije i Bosne i Hercegovine odigrane u oktobru 2022. godine.<\/p>\n<p>Ov\u010dina se mo\u017ee \u017ealiti u roku od sedam dana.<\/p>\n<p>Alen Ov\u010dina je dugogodi\u0161nji rukometa\u0161 Slobode i reprezentativac BiH. Aktuelni je vije\u0107nik u GV Tuzla.<\/p>\n","protected":false},"excerpt":{"rendered":"<p>Rukometni reprezentativac Bosne i Hercegovine Alen Ov\u010dina suspendovan je na \u010detiri godine zbog pozitivnog doping testa. Evropska rukometna federacija (EHF)\u00a0objavila\u00a0je da kazna te\u010de od 21. decembra 2022. godine. Rukometa\u0161 je bio pozitivan na nedozvoljenu suspstancu 19-nortestosteron, metabolit anaboli\u010dkog sterioida, tokom doping testa nakon utakmice kvalifikacija za Evropsko prvenstvo izme\u0111u Slovenije i Bosne i Hercegovine odigrane [&hellip;]<\/p>\n","protected":false},"author":2,"featured_media":138070,"comment_status":"open","ping_status":"closed","sticky":false,"template":"","format":"standard","meta":{"footnotes":""},"categories":[304,12],"tags":[4343,6409,915],"class_list":["post-201355","post","type-post","status-publish","format-standard","has-post-thumbnail","hentry","category-istaknuto","category-novosti","tag-alen-ovcina","tag-doping","tag-sport"],"yoast_head":"<!-- This site is optimized with the Yoast SEO plugin v28.4 - https:\/\/yoast.com\/product\/yoast-seo-wordpress\/ -->\n<title>\u017destoka kazna EHF-a: Alen Ov\u010dina dobio vi\u0161egodi\u0161nju suspenziju zbog dopinga<\/title>\n<meta name=\"robots\" content=\"index, follow, max-snippet:-1, max-image-preview:large, max-video-preview:-1\" \/>\n<link rel=\"canonical\" href=\"https:\/\/tuzlainfo.ba\/index.php\/novosti\/item\/201355-zestoka-kazna-ehf-a-alen-ovcina-dobio-visegodisnju-suspenziju-zbog-dopinga\/\" \/>\n<meta property=\"og:locale\" content=\"bs_BA\" \/>\n<meta property=\"og:type\" content=\"article\" \/>\n<meta property=\"og:title\" content=\"\u017destoka kazna EHF-a: Alen Ov\u010dina dobio vi\u0161egodi\u0161nju suspenziju zbog dopinga\" \/>\n<meta property=\"og:description\" content=\"Rukometni reprezentativac Bosne i Hercegovine Alen Ov\u010dina suspendovan je na \u010detiri godine zbog pozitivnog doping testa. Evropska rukometna federacija (EHF)\u00a0objavila\u00a0je da kazna te\u010de od 21. decembra 2022. godine. Rukometa\u0161 je bio pozitivan na nedozvoljenu suspstancu 19-nortestosteron, metabolit anaboli\u010dkog sterioida, tokom doping testa nakon utakmice kvalifikacija za Evropsko prvenstvo izme\u0111u Slovenije i Bosne i Hercegovine odigrane [&hellip;]\" \/>\n<meta property=\"og:url\" content=\"https:\/\/tuzlainfo.ba\/index.php\/novosti\/item\/201355-zestoka-kazna-ehf-a-alen-ovcina-dobio-visegodisnju-suspenziju-zbog-dopinga\/\" \/>\n<meta property=\"og:site_name\" content=\"TuzlaInfo.ba\" \/>\n<meta property=\"article:publisher\" content=\"https:\/\/www.facebook.com\/tuzlainfo.ba\/\" \/>\n<meta property=\"article:published_time\" content=\"2023-04-04T09:53:42+00:00\" \/>\n<meta property=\"og:image\" content=\"https:\/\/tuzlainfo.ba\/wp-content\/uploads\/2021\/05\/2205_ovcina_rksloboda.jpg\" \/>\n\t<meta property=\"og:image:width\" content=\"1024\" \/>\n\t<meta property=\"og:image:height\" content=\"689\" \/>\n\t<meta property=\"og:image:type\" content=\"image\/jpeg\" \/>\n<meta name=\"author\" content=\"nedim\" \/>\n<meta name=\"twitter:card\" content=\"summary_large_image\" \/>\n<meta name=\"twitter:label1\" content=\"Written by\" \/>\n\t<meta name=\"twitter:data1\" content=\"nedim\" \/>\n<script type=\"application\/ld+json\" class=\"yoast-schema-graph\">{\"@context\":\"https:\\\/\\\/schema.org\",\"@graph\":[{\"@type\":\"Article\",\"@id\":\"https:\\\/\\\/tuzlainfo.ba\\\/index.php\\\/novosti\\\/item\\\/201355-zestoka-kazna-ehf-a-alen-ovcina-dobio-visegodisnju-suspenziju-zbog-dopinga\\\/#article\",\"isPartOf\":{\"@id\":\"https:\\\/\\\/tuzlainfo.ba\\\/index.php\\\/novosti\\\/item\\\/201355-zestoka-kazna-ehf-a-alen-ovcina-dobio-visegodisnju-suspenziju-zbog-dopinga\\\/\"},\"author\":{\"name\":\"nedim\",\"@id\":\"https:\\\/\\\/tuzlainfo.ba\\\/#\\\/schema\\\/person\\\/f434e20dc27ea133923aab08451b7f7f\"},\"headline\":\"\u017destoka kazna EHF-a: Alen Ov\u010dina dobio vi\u0161egodi\u0161nju suspenziju zbog dopinga\",\"datePublished\":\"2023-04-04T09:53:42+00:00\",\"mainEntityOfPage\":{\"@id\":\"https:\\\/\\\/tuzlainfo.ba\\\/index.php\\\/novosti\\\/item\\\/201355-zestoka-kazna-ehf-a-alen-ovcina-dobio-visegodisnju-suspenziju-zbog-dopinga\\\/\"},\"wordCount\":104,\"commentCount\":0,\"publisher\":{\"@id\":\"https:\\\/\\\/tuzlainfo.ba\\\/#organization\"},\"image\":{\"@id\":\"https:\\\/\\\/tuzlainfo.ba\\\/index.php\\\/novosti\\\/item\\\/201355-zestoka-kazna-ehf-a-alen-ovcina-dobio-visegodisnju-suspenziju-zbog-dopinga\\\/#primaryimage\"},\"thumbnailUrl\":\"https:\\\/\\\/tuzlainfo.ba\\\/wp-content\\\/uploads\\\/2021\\\/05\\\/2205_ovcina_rksloboda.jpg\",\"keywords\":[\"alen ov\u010dina\",\"doping\",\"sport\"],\"articleSection\":[\"Istaknuto\",\"Novosti\"],\"inLanguage\":\"bs-BA\",\"copyrightYear\":\"2023\",\"copyrightHolder\":{\"@id\":\"https:\\\/\\\/tuzlainfo.ba\\\/#organization\"}},{\"@type\":\"WebPage\",\"@id\":\"https:\\\/\\\/tuzlainfo.ba\\\/index.php\\\/novosti\\\/item\\\/201355-zestoka-kazna-ehf-a-alen-ovcina-dobio-visegodisnju-suspenziju-zbog-dopinga\\\/\",\"url\":\"https:\\\/\\\/tuzlainfo.ba\\\/index.php\\\/novosti\\\/item\\\/201355-zestoka-kazna-ehf-a-alen-ovcina-dobio-visegodisnju-suspenziju-zbog-dopinga\\\/\",\"name\":\"\u017destoka kazna EHF-a: Alen Ov\u010dina dobio vi\u0161egodi\u0161nju suspenziju zbog dopinga\",\"isPartOf\":{\"@id\":\"https:\\\/\\\/tuzlainfo.ba\\\/#website\"},\"primaryImageOfPage\":{\"@id\":\"https:\\\/\\\/tuzlainfo.ba\\\/index.php\\\/novosti\\\/item\\\/201355-zestoka-kazna-ehf-a-alen-ovcina-dobio-visegodisnju-suspenziju-zbog-dopinga\\\/#primaryimage\"},\"image\":{\"@id\":\"https:\\\/\\\/tuzlainfo.ba\\\/index.php\\\/novosti\\\/item\\\/201355-zestoka-kazna-ehf-a-alen-ovcina-dobio-visegodisnju-suspenziju-zbog-dopinga\\\/#primaryimage\"},\"thumbnailUrl\":\"https:\\\/\\\/tuzlainfo.ba\\\/wp-content\\\/uploads\\\/2021\\\/05\\\/2205_ovcina_rksloboda.jpg\",\"datePublished\":\"2023-04-04T09:53:42+00:00\",\"breadcrumb\":{\"@id\":\"https:\\\/\\\/tuzlainfo.ba\\\/index.php\\\/novosti\\\/item\\\/201355-zestoka-kazna-ehf-a-alen-ovcina-dobio-visegodisnju-suspenziju-zbog-dopinga\\\/#breadcrumb\"},\"inLanguage\":\"bs-BA\",\"potentialAction\":[{\"@type\":\"ReadAction\",\"target\":[\"https:\\\/\\\/tuzlainfo.ba\\\/index.php\\\/novosti\\\/item\\\/201355-zestoka-kazna-ehf-a-alen-ovcina-dobio-visegodisnju-suspenziju-zbog-dopinga\\\/\"]}]},{\"@type\":\"ImageObject\",\"inLanguage\":\"bs-BA\",\"@id\":\"https:\\\/\\\/tuzlainfo.ba\\\/index.php\\\/novosti\\\/item\\\/201355-zestoka-kazna-ehf-a-alen-ovcina-dobio-visegodisnju-suspenziju-zbog-dopinga\\\/#primaryimage\",\"url\":\"https:\\\/\\\/tuzlainfo.ba\\\/wp-content\\\/uploads\\\/2021\\\/05\\\/2205_ovcina_rksloboda.jpg\",\"contentUrl\":\"https:\\\/\\\/tuzlainfo.ba\\\/wp-content\\\/uploads\\\/2021\\\/05\\\/2205_ovcina_rksloboda.jpg\",\"width\":1024,\"height\":689},{\"@type\":\"BreadcrumbList\",\"@id\":\"https:\\\/\\\/tuzlainfo.ba\\\/index.php\\\/novosti\\\/item\\\/201355-zestoka-kazna-ehf-a-alen-ovcina-dobio-visegodisnju-suspenziju-zbog-dopinga\\\/#breadcrumb\",\"itemListElement\":[{\"@type\":\"ListItem\",\"position\":1,\"name\":\"Home\",\"item\":\"https:\\\/\\\/tuzlainfo.ba\\\/\"},{\"@type\":\"ListItem\",\"position\":2,\"name\":\"\u017destoka kazna EHF-a: Alen Ov\u010dina dobio vi\u0161egodi\u0161nju suspenziju zbog dopinga\"}]},{\"@type\":\"WebSite\",\"@id\":\"https:\\\/\\\/tuzlainfo.ba\\\/#website\",\"url\":\"https:\\\/\\\/tuzlainfo.ba\\\/\",\"name\":\"TuzlaInfo.ba\",\"description\":\"Tuzla info, gradski informator - Tuzla na dlanu\",\"publisher\":{\"@id\":\"https:\\\/\\\/tuzlainfo.ba\\\/#organization\"},\"potentialAction\":[{\"@type\":\"SearchAction\",\"target\":{\"@type\":\"EntryPoint\",\"urlTemplate\":\"https:\\\/\\\/tuzlainfo.ba\\\/?s={search_term_string}\"},\"query-input\":{\"@type\":\"PropertyValueSpecification\",\"valueRequired\":true,\"valueName\":\"search_term_string\"}}],\"inLanguage\":\"bs-BA\"},{\"@type\":\"Organization\",\"@id\":\"https:\\\/\\\/tuzlainfo.ba\\\/#organization\",\"name\":\"TuzlaInfo.ba\",\"url\":\"https:\\\/\\\/tuzlainfo.ba\\\/\",\"logo\":{\"@type\":\"ImageObject\",\"inLanguage\":\"bs-BA\",\"@id\":\"https:\\\/\\\/tuzlainfo.ba\\\/#\\\/schema\\\/logo\\\/image\\\/\",\"url\":\"https:\\\/\\\/tuzlainfo.ba\\\/wp-content\\\/uploads\\\/2021\\\/03\\\/logo-ver-3-1.png\",\"contentUrl\":\"https:\\\/\\\/tuzlainfo.ba\\\/wp-content\\\/uploads\\\/2021\\\/03\\\/logo-ver-3-1.png\",\"width\":350,\"height\":95,\"caption\":\"TuzlaInfo.ba\"},\"image\":{\"@id\":\"https:\\\/\\\/tuzlainfo.ba\\\/#\\\/schema\\\/logo\\\/image\\\/\"},\"sameAs\":[\"https:\\\/\\\/www.facebook.com\\\/tuzlainfo.ba\\\/\"]},{\"@type\":\"Person\",\"@id\":\"https:\\\/\\\/tuzlainfo.ba\\\/#\\\/schema\\\/person\\\/f434e20dc27ea133923aab08451b7f7f\",\"name\":\"nedim\",\"image\":{\"@type\":\"ImageObject\",\"inLanguage\":\"bs-BA\",\"@id\":\"https:\\\/\\\/secure.gravatar.com\\\/avatar\\\/5b928a2e7e70a54208d2eb6c1edcb75a5350d6ae97d5f0a701203d456823f6f3?s=96&d=mm&r=g\",\"url\":\"https:\\\/\\\/secure.gravatar.com\\\/avatar\\\/5b928a2e7e70a54208d2eb6c1edcb75a5350d6ae97d5f0a701203d456823f6f3?s=96&d=mm&r=g\",\"contentUrl\":\"https:\\\/\\\/secure.gravatar.com\\\/avatar\\\/5b928a2e7e70a54208d2eb6c1edcb75a5350d6ae97d5f0a701203d456823f6f3?s=96&d=mm&r=g\",\"caption\":\"nedim\"},\"description\":\"Tuzlainfo.ba pratite na dru\u0161tvenim mre\u017eama: Facebook, Instagram i Youtube. Svoje pri\u010de, upite i fotografije \u0161aljite na na\u0161u e-mail adresu.\"}]}<\/script>\n<!-- \/ Yoast SEO plugin. -->","yoast_head_json":{"title":"\u017destoka kazna EHF-a: Alen Ov\u010dina dobio vi\u0161egodi\u0161nju suspenziju zbog dopinga","robots":{"index":"index","follow":"follow","max-snippet":"max-snippet:-1","max-image-preview":"max-image-preview:large","max-video-preview":"max-video-preview:-1"},"canonical":"https:\/\/tuzlainfo.ba\/index.php\/novosti\/item\/201355-zestoka-kazna-ehf-a-alen-ovcina-dobio-visegodisnju-suspenziju-zbog-dopinga\/","og_locale":"bs_BA","og_type":"article","og_title":"\u017destoka kazna EHF-a: Alen Ov\u010dina dobio vi\u0161egodi\u0161nju suspenziju zbog dopinga","og_description":"Rukometni reprezentativac Bosne i Hercegovine Alen Ov\u010dina suspendovan je na \u010detiri godine zbog pozitivnog doping testa. Evropska rukometna federacija (EHF)\u00a0objavila\u00a0je da kazna te\u010de od 21. decembra 2022. godine. Rukometa\u0161 je bio pozitivan na nedozvoljenu suspstancu 19-nortestosteron, metabolit anaboli\u010dkog sterioida, tokom doping testa nakon utakmice kvalifikacija za Evropsko prvenstvo izme\u0111u Slovenije i Bosne i Hercegovine odigrane [&hellip;]","og_url":"https:\/\/tuzlainfo.ba\/index.php\/novosti\/item\/201355-zestoka-kazna-ehf-a-alen-ovcina-dobio-visegodisnju-suspenziju-zbog-dopinga\/","og_site_name":"TuzlaInfo.ba","article_publisher":"https:\/\/www.facebook.com\/tuzlainfo.ba\/","article_published_time":"2023-04-04T09:53:42+00:00","og_image":[{"width":1024,"height":689,"url":"https:\/\/tuzlainfo.ba\/wp-content\/uploads\/2021\/05\/2205_ovcina_rksloboda.jpg","type":"image\/jpeg"}],"author":"nedim","twitter_card":"summary_large_image","twitter_misc":{"Written by":"nedim"},"schema":{"@context":"https:\/\/schema.org","@graph":[{"@type":"Article","@id":"https:\/\/tuzlainfo.ba\/index.php\/novosti\/item\/201355-zestoka-kazna-ehf-a-alen-ovcina-dobio-visegodisnju-suspenziju-zbog-dopinga\/#article","isPartOf":{"@id":"https:\/\/tuzlainfo.ba\/index.php\/novosti\/item\/201355-zestoka-kazna-ehf-a-alen-ovcina-dobio-visegodisnju-suspenziju-zbog-dopinga\/"},"author":{"name":"nedim","@id":"https:\/\/tuzlainfo.ba\/#\/schema\/person\/f434e20dc27ea133923aab08451b7f7f"},"headline":"\u017destoka kazna EHF-a: Alen Ov\u010dina dobio vi\u0161egodi\u0161nju suspenziju zbog dopinga","datePublished":"2023-04-04T09:53:42+00:00","mainEntityOfPage":{"@id":"https:\/\/tuzlainfo.ba\/index.php\/novosti\/item\/201355-zestoka-kazna-ehf-a-alen-ovcina-dobio-visegodisnju-suspenziju-zbog-dopinga\/"},"wordCount":104,"commentCount":0,"publisher":{"@id":"https:\/\/tuzlainfo.ba\/#organization"},"image":{"@id":"https:\/\/tuzlainfo.ba\/index.php\/novosti\/item\/201355-zestoka-kazna-ehf-a-alen-ovcina-dobio-visegodisnju-suspenziju-zbog-dopinga\/#primaryimage"},"thumbnailUrl":"https:\/\/tuzlainfo.ba\/wp-content\/uploads\/2021\/05\/2205_ovcina_rksloboda.jpg","keywords":["alen ov\u010dina","doping","sport"],"articleSection":["Istaknuto","Novosti"],"inLanguage":"bs-BA","copyrightYear":"2023","copyrightHolder":{"@id":"https:\/\/tuzlainfo.ba\/#organization"}},{"@type":"WebPage","@id":"https:\/\/tuzlainfo.ba\/index.php\/novosti\/item\/201355-zestoka-kazna-ehf-a-alen-ovcina-dobio-visegodisnju-suspenziju-zbog-dopinga\/","url":"https:\/\/tuzlainfo.ba\/index.php\/novosti\/item\/201355-zestoka-kazna-ehf-a-alen-ovcina-dobio-visegodisnju-suspenziju-zbog-dopinga\/","name":"\u017destoka kazna EHF-a: Alen Ov\u010dina dobio vi\u0161egodi\u0161nju suspenziju zbog dopinga","isPartOf":{"@id":"https:\/\/tuzlainfo.ba\/#website"},"primaryImageOfPage":{"@id":"https:\/\/tuzlainfo.ba\/index.php\/novosti\/item\/201355-zestoka-kazna-ehf-a-alen-ovcina-dobio-visegodisnju-suspenziju-zbog-dopinga\/#primaryimage"},"image":{"@id":"https:\/\/tuzlainfo.ba\/index.php\/novosti\/item\/201355-zestoka-kazna-ehf-a-alen-ovcina-dobio-visegodisnju-suspenziju-zbog-dopinga\/#primaryimage"},"thumbnailUrl":"https:\/\/tuzlainfo.ba\/wp-content\/uploads\/2021\/05\/2205_ovcina_rksloboda.jpg","datePublished":"2023-04-04T09:53:42+00:00","breadcrumb":{"@id":"https:\/\/tuzlainfo.ba\/index.php\/novosti\/item\/201355-zestoka-kazna-ehf-a-alen-ovcina-dobio-visegodisnju-suspenziju-zbog-dopinga\/#breadcrumb"},"inLanguage":"bs-BA","potentialAction":[{"@type":"ReadAction","target":["https:\/\/tuzlainfo.ba\/index.php\/novosti\/item\/201355-zestoka-kazna-ehf-a-alen-ovcina-dobio-visegodisnju-suspenziju-zbog-dopinga\/"]}]},{"@type":"ImageObject","inLanguage":"bs-BA","@id":"https:\/\/tuzlainfo.ba\/index.php\/novosti\/item\/201355-zestoka-kazna-ehf-a-alen-ovcina-dobio-visegodisnju-suspenziju-zbog-dopinga\/#primaryimage","url":"https:\/\/tuzlainfo.ba\/wp-content\/uploads\/2021\/05\/2205_ovcina_rksloboda.jpg","contentUrl":"https:\/\/tuzlainfo.ba\/wp-content\/uploads\/2021\/05\/2205_ovcina_rksloboda.jpg","width":1024,"height":689},{"@type":"BreadcrumbList","@id":"https:\/\/tuzlainfo.ba\/index.php\/novosti\/item\/201355-zestoka-kazna-ehf-a-alen-ovcina-dobio-visegodisnju-suspenziju-zbog-dopinga\/#breadcrumb","itemListElement":[{"@type":"ListItem","position":1,"name":"Home","item":"https:\/\/tuzlainfo.ba\/"},{"@type":"ListItem","position":2,"name":"\u017destoka kazna EHF-a: Alen Ov\u010dina dobio vi\u0161egodi\u0161nju suspenziju zbog dopinga"}]},{"@type":"WebSite","@id":"https:\/\/tuzlainfo.ba\/#website","url":"https:\/\/tuzlainfo.ba\/","name":"TuzlaInfo.ba","description":"Tuzla info, gradski informator - Tuzla na dlanu","publisher":{"@id":"https:\/\/tuzlainfo.ba\/#organization"},"potentialAction":[{"@type":"SearchAction","target":{"@type":"EntryPoint","urlTemplate":"https:\/\/tuzlainfo.ba\/?s={search_term_string}"},"query-input":{"@type":"PropertyValueSpecification","valueRequired":true,"valueName":"search_term_string"}}],"inLanguage":"bs-BA"},{"@type":"Organization","@id":"https:\/\/tuzlainfo.ba\/#organization","name":"TuzlaInfo.ba","url":"https:\/\/tuzlainfo.ba\/","logo":{"@type":"ImageObject","inLanguage":"bs-BA","@id":"https:\/\/tuzlainfo.ba\/#\/schema\/logo\/image\/","url":"https:\/\/tuzlainfo.ba\/wp-content\/uploads\/2021\/03\/logo-ver-3-1.png","contentUrl":"https:\/\/tuzlainfo.ba\/wp-content\/uploads\/2021\/03\/logo-ver-3-1.png","width":350,"height":95,"caption":"TuzlaInfo.ba"},"image":{"@id":"https:\/\/tuzlainfo.ba\/#\/schema\/logo\/image\/"},"sameAs":["https:\/\/www.facebook.com\/tuzlainfo.ba\/"]},{"@type":"Person","@id":"https:\/\/tuzlainfo.ba\/#\/schema\/person\/f434e20dc27ea133923aab08451b7f7f","name":"nedim","image":{"@type":"ImageObject","inLanguage":"bs-BA","@id":"https:\/\/secure.gravatar.com\/avatar\/5b928a2e7e70a54208d2eb6c1edcb75a5350d6ae97d5f0a701203d456823f6f3?s=96&d=mm&r=g","url":"https:\/\/secure.gravatar.com\/avatar\/5b928a2e7e70a54208d2eb6c1edcb75a5350d6ae97d5f0a701203d456823f6f3?s=96&d=mm&r=g","contentUrl":"https:\/\/secure.gravatar.com\/avatar\/5b928a2e7e70a54208d2eb6c1edcb75a5350d6ae97d5f0a701203d456823f6f3?s=96&d=mm&r=g","caption":"nedim"},"description":"Tuzlainfo.ba pratite na dru\u0161tvenim mre\u017eama: Facebook, Instagram i Youtube. Svoje pri\u010de, upite i fotografije \u0161aljite na na\u0161u e-mail adresu."}]}},"_links":{"self":[{"href":"https:\/\/tuzlainfo.ba\/index.php\/wp-json\/wp\/v2\/posts\/201355","targetHints":{"allow":["GET"]}}],"collection":[{"href":"https:\/\/tuzlainfo.ba\/index.php\/wp-json\/wp\/v2\/posts"}],"about":[{"href":"https:\/\/tuzlainfo.ba\/index.php\/wp-json\/wp\/v2\/types\/post"}],"author":[{"embeddable":true,"href":"https:\/\/tuzlainfo.ba\/index.php\/wp-json\/wp\/v2\/users\/2"}],"replies":[{"embeddable":true,"href":"https:\/\/tuzlainfo.ba\/index.php\/wp-json\/wp\/v2\/comments?post=201355"}],"version-history":[{"count":0,"href":"https:\/\/tuzlainfo.ba\/index.php\/wp-json\/wp\/v2\/posts\/201355\/revisions"}],"wp:featuredmedia":[{"embeddable":true,"href":"https:\/\/tuzlainfo.ba\/index.php\/wp-json\/wp\/v2\/media\/138070"}],"wp:attachment":[{"href":"https:\/\/tuzlainfo.ba\/index.php\/wp-json\/wp\/v2\/media?parent=201355"}],"wp:term":[{"taxonomy":"category","embeddable":true,"href":"https:\/\/tuzlainfo.ba\/index.php\/wp-json\/wp\/v2\/categories?post=201355"},{"taxonomy":"post_tag","embeddable":true,"href":"https:\/\/tuzlainfo.ba\/index.php\/wp-json\/wp\/v2\/tags?post=201355"}],"curies":[{"name":"wp","href":"https:\/\/api.w.org\/{rel}","templated":true}]}}