{"id":201349,"date":"2023-04-04T10:55:38","date_gmt":"2023-04-04T08:55:38","guid":{"rendered":"https:\/\/tuzlainfo.ba\/?p=201349"},"modified":"2023-04-04T10:55:38","modified_gmt":"2023-04-04T08:55:38","slug":"veliki-dan-za-nato-pridruzuje-im-se-clanica-sa-najduzom-granicom-sa-rusijom","status":"publish","type":"post","link":"https:\/\/tuzlainfo.ba\/index.php\/clanci\/sa-svih-strana\/item\/201349-veliki-dan-za-nato-pridruzuje-im-se-clanica-sa-najduzom-granicom-sa-rusijom\/","title":{"rendered":"Veliki dan za NATO, pridru\u017euje im se \u010dlanica sa najdu\u017eom granicom sa Rusijom"},"content":{"rendered":"<div class=\"single-intro\">\n<p>Finska \u0107e se danas i slu\u017ebeno priklju\u010diti Sjevernoatlantskom savezu.<\/p>\n<\/div>\n<div class=\"single-text\">\n<p>To je izuzetno va\u017eno iz vi\u0161e razloga. Za po\u010detak, ulazak Finske u NATO \u0107e gotovo udvostru\u010diti granicu Saveza i Rusije, koja s Finskom ima granicu od \u010dak 1.300 kilometara.<\/p>\n<p>Ulazak Finske u NATO dogodio se izuzetno brzo &#8211; ratifikacija je dovr\u0161ena u manje od godinu dana, \u0161to proces \u010dini najbr\u017eim prklju\u010divanje neke zemlje novijoj povijesti NATO-a. Ulazak Finske u Sjevernoatlantski savez zna\u010di da se \u010clanak 5. Povelje NATO-a odnosi i na Finsku. Podsjetimo, taj \u010dlanak odnosi se na kolektivnu obranu te navodi kako je &#8220;napad na jednu \u010dlanicu NATU-a napad na sve njih&#8221;.<\/p>\n<p>Ukoliko se jedna od \u010dlanica NATO-a pozove na taj \u010dlanak, a druge \u010dlanice se jednoglasno slo\u017ee da je ta \u010dlanica zaista napadnuta, svaka \u010dlanica poduzima &#8220;mjere koje smatra nu\u017enima, uklju\u010duju\u0107i upotrebu oru\u017eane sile, kako bi povratila i odr\u017eala sigurnost sjevernoatlantskog podru\u010dja&#8221;.<\/p>\n<p>Tijekom Hladnog rata, taj princip je u praksi efektivno zna\u010dio da Sjedinjene Dr\u017eave jam\u010de sigurnost manjim \u010dlanicama protiv implicirane prijetnje Sovjetskog Saveza i njegovih europskih saveznika u Var\u0161avskom paktu.<\/p>\n<\/div>\n","protected":false},"excerpt":{"rendered":"<p>Finska \u0107e se danas i slu\u017ebeno priklju\u010diti Sjevernoatlantskom savezu. To je izuzetno va\u017eno iz vi\u0161e&hellip;<\/p>\n","protected":false},"author":2,"featured_media":76594,"comment_status":"open","ping_status":"closed","sticky":false,"template":"","format":"standard","meta":{"_acf_changed":false,"footnotes":""},"categories":[16],"tags":[4718,1120],"acf":[],"yoast_head":"<!-- This site is optimized with the Yoast SEO plugin v23.5 - https:\/\/yoast.com\/wordpress\/plugins\/seo\/ -->\n<title>Veliki dan za NATO, pridru\u017euje im se \u010dlanica sa najdu\u017eom granicom sa Rusijom - TuzlaInfo.ba<\/title>\n<meta name=\"robots\" content=\"index, follow, max-snippet:-1, max-image-preview:large, max-video-preview:-1\" \/>\n<link rel=\"canonical\" href=\"https:\/\/tuzlainfo.ba\/index.php\/clanci\/sa-svih-strana\/item\/201349-veliki-dan-za-nato-pridruzuje-im-se-clanica-sa-najduzom-granicom-sa-rusijom\/\" \/>\n<meta property=\"og:locale\" content=\"bs_BA\" \/>\n<meta property=\"og:type\" content=\"article\" \/>\n<meta property=\"og:title\" content=\"Veliki dan za NATO, pridru\u017euje im se \u010dlanica sa najdu\u017eom granicom sa Rusijom - TuzlaInfo.ba\" \/>\n<meta property=\"og:description\" content=\"Finska \u0107e se danas i slu\u017ebeno priklju\u010diti Sjevernoatlantskom savezu. To je izuzetno va\u017eno iz vi\u0161e&hellip;\" \/>\n<meta property=\"og:url\" content=\"https:\/\/tuzlainfo.ba\/index.php\/clanci\/sa-svih-strana\/item\/201349-veliki-dan-za-nato-pridruzuje-im-se-clanica-sa-najduzom-granicom-sa-rusijom\/\" \/>\n<meta property=\"og:site_name\" content=\"TuzlaInfo.ba\" \/>\n<meta property=\"article:publisher\" content=\"https:\/\/www.facebook.com\/tuzlainfo.ba\/\" \/>\n<meta property=\"article:published_time\" content=\"2023-04-04T08:55:38+00:00\" \/>\n<meta property=\"og:image\" content=\"https:\/\/tuzlainfo.ba\/wp-content\/uploads\/2020\/01\/sadrzaj_2020_20200102_3101_nato.jpg\" \/>\n\t<meta property=\"og:image:width\" content=\"770\" \/>\n\t<meta property=\"og:image:height\" content=\"433\" \/>\n\t<meta property=\"og:image:type\" content=\"image\/jpeg\" \/>\n<meta name=\"author\" content=\"nedim\" \/>\n<meta name=\"twitter:card\" content=\"summary_large_image\" \/>\n<meta name=\"twitter:label1\" content=\"Written by\" \/>\n\t<meta name=\"twitter:data1\" content=\"nedim\" \/>\n\t<meta name=\"twitter:label2\" content=\"Est. reading time\" \/>\n\t<meta name=\"twitter:data2\" content=\"1 minuta\" \/>\n<script type=\"application\/ld+json\" class=\"yoast-schema-graph\">{\"@context\":\"https:\/\/schema.org\",\"@graph\":[{\"@type\":\"Article\",\"@id\":\"https:\/\/tuzlainfo.ba\/index.php\/clanci\/sa-svih-strana\/item\/201349-veliki-dan-za-nato-pridruzuje-im-se-clanica-sa-najduzom-granicom-sa-rusijom\/#article\",\"isPartOf\":{\"@id\":\"https:\/\/tuzlainfo.ba\/index.php\/clanci\/sa-svih-strana\/item\/201349-veliki-dan-za-nato-pridruzuje-im-se-clanica-sa-najduzom-granicom-sa-rusijom\/\"},\"author\":{\"name\":\"nedim\",\"@id\":\"https:\/\/tuzlainfo.ba\/#\/schema\/person\/f434e20dc27ea133923aab08451b7f7f\"},\"headline\":\"Veliki dan za NATO, pridru\u017euje im se \u010dlanica sa najdu\u017eom granicom sa Rusijom\",\"datePublished\":\"2023-04-04T08:55:38+00:00\",\"dateModified\":\"2023-04-04T08:55:38+00:00\",\"mainEntityOfPage\":{\"@id\":\"https:\/\/tuzlainfo.ba\/index.php\/clanci\/sa-svih-strana\/item\/201349-veliki-dan-za-nato-pridruzuje-im-se-clanica-sa-najduzom-granicom-sa-rusijom\/\"},\"wordCount\":206,\"commentCount\":0,\"publisher\":{\"@id\":\"https:\/\/tuzlainfo.ba\/#organization\"},\"image\":{\"@id\":\"https:\/\/tuzlainfo.ba\/index.php\/clanci\/sa-svih-strana\/item\/201349-veliki-dan-za-nato-pridruzuje-im-se-clanica-sa-najduzom-granicom-sa-rusijom\/#primaryimage\"},\"thumbnailUrl\":\"https:\/\/tuzlainfo.ba\/wp-content\/uploads\/2020\/01\/sadrzaj_2020_20200102_3101_nato.jpg\",\"keywords\":[\"finska\",\"nato\"],\"articleSection\":[\"Sa svih strana\"],\"inLanguage\":\"bs-BA\"},{\"@type\":\"WebPage\",\"@id\":\"https:\/\/tuzlainfo.ba\/index.php\/clanci\/sa-svih-strana\/item\/201349-veliki-dan-za-nato-pridruzuje-im-se-clanica-sa-najduzom-granicom-sa-rusijom\/\",\"url\":\"https:\/\/tuzlainfo.ba\/index.php\/clanci\/sa-svih-strana\/item\/201349-veliki-dan-za-nato-pridruzuje-im-se-clanica-sa-najduzom-granicom-sa-rusijom\/\",\"name\":\"Veliki dan za NATO, pridru\u017euje im se \u010dlanica sa najdu\u017eom granicom sa Rusijom - TuzlaInfo.ba\",\"isPartOf\":{\"@id\":\"https:\/\/tuzlainfo.ba\/#website\"},\"primaryImageOfPage\":{\"@id\":\"https:\/\/tuzlainfo.ba\/index.php\/clanci\/sa-svih-strana\/item\/201349-veliki-dan-za-nato-pridruzuje-im-se-clanica-sa-najduzom-granicom-sa-rusijom\/#primaryimage\"},\"image\":{\"@id\":\"https:\/\/tuzlainfo.ba\/index.php\/clanci\/sa-svih-strana\/item\/201349-veliki-dan-za-nato-pridruzuje-im-se-clanica-sa-najduzom-granicom-sa-rusijom\/#primaryimage\"},\"thumbnailUrl\":\"https:\/\/tuzlainfo.ba\/wp-content\/uploads\/2020\/01\/sadrzaj_2020_20200102_3101_nato.jpg\",\"datePublished\":\"2023-04-04T08:55:38+00:00\",\"dateModified\":\"2023-04-04T08:55:38+00:00\",\"breadcrumb\":{\"@id\":\"https:\/\/tuzlainfo.ba\/index.php\/clanci\/sa-svih-strana\/item\/201349-veliki-dan-za-nato-pridruzuje-im-se-clanica-sa-najduzom-granicom-sa-rusijom\/#breadcrumb\"},\"inLanguage\":\"bs-BA\",\"potentialAction\":[{\"@type\":\"ReadAction\",\"target\":[\"https:\/\/tuzlainfo.ba\/index.php\/clanci\/sa-svih-strana\/item\/201349-veliki-dan-za-nato-pridruzuje-im-se-clanica-sa-najduzom-granicom-sa-rusijom\/\"]}]},{\"@type\":\"ImageObject\",\"inLanguage\":\"bs-BA\",\"@id\":\"https:\/\/tuzlainfo.ba\/index.php\/clanci\/sa-svih-strana\/item\/201349-veliki-dan-za-nato-pridruzuje-im-se-clanica-sa-najduzom-granicom-sa-rusijom\/#primaryimage\",\"url\":\"https:\/\/tuzlainfo.ba\/wp-content\/uploads\/2020\/01\/sadrzaj_2020_20200102_3101_nato.jpg\",\"contentUrl\":\"https:\/\/tuzlainfo.ba\/wp-content\/uploads\/2020\/01\/sadrzaj_2020_20200102_3101_nato.jpg\",\"width\":770,\"height\":433,\"caption\":\"3101 nato\"},{\"@type\":\"BreadcrumbList\",\"@id\":\"https:\/\/tuzlainfo.ba\/index.php\/clanci\/sa-svih-strana\/item\/201349-veliki-dan-za-nato-pridruzuje-im-se-clanica-sa-najduzom-granicom-sa-rusijom\/#breadcrumb\",\"itemListElement\":[{\"@type\":\"ListItem\",\"position\":1,\"name\":\"Home\",\"item\":\"https:\/\/tuzlainfo.ba\/\"},{\"@type\":\"ListItem\",\"position\":2,\"name\":\"Veliki dan za NATO, pridru\u017euje im se \u010dlanica sa najdu\u017eom granicom sa Rusijom\"}]},{\"@type\":\"WebSite\",\"@id\":\"https:\/\/tuzlainfo.ba\/#website\",\"url\":\"https:\/\/tuzlainfo.ba\/\",\"name\":\"TuzlaInfo.ba\",\"description\":\"Tuzla info, gradski informator - Tuzla na dlanu\",\"publisher\":{\"@id\":\"https:\/\/tuzlainfo.ba\/#organization\"},\"potentialAction\":[{\"@type\":\"SearchAction\",\"target\":{\"@type\":\"EntryPoint\",\"urlTemplate\":\"https:\/\/tuzlainfo.ba\/?s={search_term_string}\"},\"query-input\":{\"@type\":\"PropertyValueSpecification\",\"valueRequired\":true,\"valueName\":\"search_term_string\"}}],\"inLanguage\":\"bs-BA\"},{\"@type\":\"Organization\",\"@id\":\"https:\/\/tuzlainfo.ba\/#organization\",\"name\":\"TuzlaInfo.ba\",\"url\":\"https:\/\/tuzlainfo.ba\/\",\"logo\":{\"@type\":\"ImageObject\",\"inLanguage\":\"bs-BA\",\"@id\":\"https:\/\/tuzlainfo.ba\/#\/schema\/logo\/image\/\",\"url\":\"https:\/\/tuzlainfo.ba\/wp-content\/uploads\/2021\/03\/logo-ver-3-1.png\",\"contentUrl\":\"https:\/\/tuzlainfo.ba\/wp-content\/uploads\/2021\/03\/logo-ver-3-1.png\",\"width\":350,\"height\":95,\"caption\":\"TuzlaInfo.ba\"},\"image\":{\"@id\":\"https:\/\/tuzlainfo.ba\/#\/schema\/logo\/image\/\"},\"sameAs\":[\"https:\/\/www.facebook.com\/tuzlainfo.ba\/\"]},{\"@type\":\"Person\",\"@id\":\"https:\/\/tuzlainfo.ba\/#\/schema\/person\/f434e20dc27ea133923aab08451b7f7f\",\"name\":\"nedim\",\"image\":{\"@type\":\"ImageObject\",\"inLanguage\":\"bs-BA\",\"@id\":\"https:\/\/tuzlainfo.ba\/#\/schema\/person\/image\/\",\"url\":\"https:\/\/tuzlainfo.ba\/wp-content\/litespeed\/avatar\/aabad687af24844af817603ac1cbdc4f.jpg?ver=1777306975\",\"contentUrl\":\"https:\/\/tuzlainfo.ba\/wp-content\/litespeed\/avatar\/aabad687af24844af817603ac1cbdc4f.jpg?ver=1777306975\",\"caption\":\"nedim\"},\"description\":\"Tuzlainfo.ba pratite na dru\u0161tvenim mre\u017eama: Facebook, Instagram i Youtube. Svoje pri\u010de, upite i fotografije \u0161aljite na na\u0161u e-mail adresu.\"}]}<\/script>\n<!-- \/ Yoast SEO plugin. -->","yoast_head_json":{"title":"Veliki dan za NATO, pridru\u017euje im se \u010dlanica sa najdu\u017eom granicom sa Rusijom - TuzlaInfo.ba","robots":{"index":"index","follow":"follow","max-snippet":"max-snippet:-1","max-image-preview":"max-image-preview:large","max-video-preview":"max-video-preview:-1"},"canonical":"https:\/\/tuzlainfo.ba\/index.php\/clanci\/sa-svih-strana\/item\/201349-veliki-dan-za-nato-pridruzuje-im-se-clanica-sa-najduzom-granicom-sa-rusijom\/","og_locale":"bs_BA","og_type":"article","og_title":"Veliki dan za NATO, pridru\u017euje im se \u010dlanica sa najdu\u017eom granicom sa Rusijom - TuzlaInfo.ba","og_description":"Finska \u0107e se danas i slu\u017ebeno priklju\u010diti Sjevernoatlantskom savezu. To je izuzetno va\u017eno iz vi\u0161e&hellip;","og_url":"https:\/\/tuzlainfo.ba\/index.php\/clanci\/sa-svih-strana\/item\/201349-veliki-dan-za-nato-pridruzuje-im-se-clanica-sa-najduzom-granicom-sa-rusijom\/","og_site_name":"TuzlaInfo.ba","article_publisher":"https:\/\/www.facebook.com\/tuzlainfo.ba\/","article_published_time":"2023-04-04T08:55:38+00:00","og_image":[{"width":770,"height":433,"url":"https:\/\/tuzlainfo.ba\/wp-content\/uploads\/2020\/01\/sadrzaj_2020_20200102_3101_nato.jpg","type":"image\/jpeg"}],"author":"nedim","twitter_card":"summary_large_image","twitter_misc":{"Written by":"nedim","Est. reading time":"1 minuta"},"schema":{"@context":"https:\/\/schema.org","@graph":[{"@type":"Article","@id":"https:\/\/tuzlainfo.ba\/index.php\/clanci\/sa-svih-strana\/item\/201349-veliki-dan-za-nato-pridruzuje-im-se-clanica-sa-najduzom-granicom-sa-rusijom\/#article","isPartOf":{"@id":"https:\/\/tuzlainfo.ba\/index.php\/clanci\/sa-svih-strana\/item\/201349-veliki-dan-za-nato-pridruzuje-im-se-clanica-sa-najduzom-granicom-sa-rusijom\/"},"author":{"name":"nedim","@id":"https:\/\/tuzlainfo.ba\/#\/schema\/person\/f434e20dc27ea133923aab08451b7f7f"},"headline":"Veliki dan za NATO, pridru\u017euje im se \u010dlanica sa najdu\u017eom granicom sa Rusijom","datePublished":"2023-04-04T08:55:38+00:00","dateModified":"2023-04-04T08:55:38+00:00","mainEntityOfPage":{"@id":"https:\/\/tuzlainfo.ba\/index.php\/clanci\/sa-svih-strana\/item\/201349-veliki-dan-za-nato-pridruzuje-im-se-clanica-sa-najduzom-granicom-sa-rusijom\/"},"wordCount":206,"commentCount":0,"publisher":{"@id":"https:\/\/tuzlainfo.ba\/#organization"},"image":{"@id":"https:\/\/tuzlainfo.ba\/index.php\/clanci\/sa-svih-strana\/item\/201349-veliki-dan-za-nato-pridruzuje-im-se-clanica-sa-najduzom-granicom-sa-rusijom\/#primaryimage"},"thumbnailUrl":"https:\/\/tuzlainfo.ba\/wp-content\/uploads\/2020\/01\/sadrzaj_2020_20200102_3101_nato.jpg","keywords":["finska","nato"],"articleSection":["Sa svih strana"],"inLanguage":"bs-BA"},{"@type":"WebPage","@id":"https:\/\/tuzlainfo.ba\/index.php\/clanci\/sa-svih-strana\/item\/201349-veliki-dan-za-nato-pridruzuje-im-se-clanica-sa-najduzom-granicom-sa-rusijom\/","url":"https:\/\/tuzlainfo.ba\/index.php\/clanci\/sa-svih-strana\/item\/201349-veliki-dan-za-nato-pridruzuje-im-se-clanica-sa-najduzom-granicom-sa-rusijom\/","name":"Veliki dan za NATO, pridru\u017euje im se \u010dlanica sa najdu\u017eom granicom sa Rusijom - TuzlaInfo.ba","isPartOf":{"@id":"https:\/\/tuzlainfo.ba\/#website"},"primaryImageOfPage":{"@id":"https:\/\/tuzlainfo.ba\/index.php\/clanci\/sa-svih-strana\/item\/201349-veliki-dan-za-nato-pridruzuje-im-se-clanica-sa-najduzom-granicom-sa-rusijom\/#primaryimage"},"image":{"@id":"https:\/\/tuzlainfo.ba\/index.php\/clanci\/sa-svih-strana\/item\/201349-veliki-dan-za-nato-pridruzuje-im-se-clanica-sa-najduzom-granicom-sa-rusijom\/#primaryimage"},"thumbnailUrl":"https:\/\/tuzlainfo.ba\/wp-content\/uploads\/2020\/01\/sadrzaj_2020_20200102_3101_nato.jpg","datePublished":"2023-04-04T08:55:38+00:00","dateModified":"2023-04-04T08:55:38+00:00","breadcrumb":{"@id":"https:\/\/tuzlainfo.ba\/index.php\/clanci\/sa-svih-strana\/item\/201349-veliki-dan-za-nato-pridruzuje-im-se-clanica-sa-najduzom-granicom-sa-rusijom\/#breadcrumb"},"inLanguage":"bs-BA","potentialAction":[{"@type":"ReadAction","target":["https:\/\/tuzlainfo.ba\/index.php\/clanci\/sa-svih-strana\/item\/201349-veliki-dan-za-nato-pridruzuje-im-se-clanica-sa-najduzom-granicom-sa-rusijom\/"]}]},{"@type":"ImageObject","inLanguage":"bs-BA","@id":"https:\/\/tuzlainfo.ba\/index.php\/clanci\/sa-svih-strana\/item\/201349-veliki-dan-za-nato-pridruzuje-im-se-clanica-sa-najduzom-granicom-sa-rusijom\/#primaryimage","url":"https:\/\/tuzlainfo.ba\/wp-content\/uploads\/2020\/01\/sadrzaj_2020_20200102_3101_nato.jpg","contentUrl":"https:\/\/tuzlainfo.ba\/wp-content\/uploads\/2020\/01\/sadrzaj_2020_20200102_3101_nato.jpg","width":770,"height":433,"caption":"3101 nato"},{"@type":"BreadcrumbList","@id":"https:\/\/tuzlainfo.ba\/index.php\/clanci\/sa-svih-strana\/item\/201349-veliki-dan-za-nato-pridruzuje-im-se-clanica-sa-najduzom-granicom-sa-rusijom\/#breadcrumb","itemListElement":[{"@type":"ListItem","position":1,"name":"Home","item":"https:\/\/tuzlainfo.ba\/"},{"@type":"ListItem","position":2,"name":"Veliki dan za NATO, pridru\u017euje im se \u010dlanica sa najdu\u017eom granicom sa Rusijom"}]},{"@type":"WebSite","@id":"https:\/\/tuzlainfo.ba\/#website","url":"https:\/\/tuzlainfo.ba\/","name":"TuzlaInfo.ba","description":"Tuzla info, gradski informator - Tuzla na dlanu","publisher":{"@id":"https:\/\/tuzlainfo.ba\/#organization"},"potentialAction":[{"@type":"SearchAction","target":{"@type":"EntryPoint","urlTemplate":"https:\/\/tuzlainfo.ba\/?s={search_term_string}"},"query-input":{"@type":"PropertyValueSpecification","valueRequired":true,"valueName":"search_term_string"}}],"inLanguage":"bs-BA"},{"@type":"Organization","@id":"https:\/\/tuzlainfo.ba\/#organization","name":"TuzlaInfo.ba","url":"https:\/\/tuzlainfo.ba\/","logo":{"@type":"ImageObject","inLanguage":"bs-BA","@id":"https:\/\/tuzlainfo.ba\/#\/schema\/logo\/image\/","url":"https:\/\/tuzlainfo.ba\/wp-content\/uploads\/2021\/03\/logo-ver-3-1.png","contentUrl":"https:\/\/tuzlainfo.ba\/wp-content\/uploads\/2021\/03\/logo-ver-3-1.png","width":350,"height":95,"caption":"TuzlaInfo.ba"},"image":{"@id":"https:\/\/tuzlainfo.ba\/#\/schema\/logo\/image\/"},"sameAs":["https:\/\/www.facebook.com\/tuzlainfo.ba\/"]},{"@type":"Person","@id":"https:\/\/tuzlainfo.ba\/#\/schema\/person\/f434e20dc27ea133923aab08451b7f7f","name":"nedim","image":{"@type":"ImageObject","inLanguage":"bs-BA","@id":"https:\/\/tuzlainfo.ba\/#\/schema\/person\/image\/","url":"https:\/\/tuzlainfo.ba\/wp-content\/litespeed\/avatar\/aabad687af24844af817603ac1cbdc4f.jpg?ver=1777306975","contentUrl":"https:\/\/tuzlainfo.ba\/wp-content\/litespeed\/avatar\/aabad687af24844af817603ac1cbdc4f.jpg?ver=1777306975","caption":"nedim"},"description":"Tuzlainfo.ba pratite na dru\u0161tvenim mre\u017eama: Facebook, Instagram i Youtube. Svoje pri\u010de, upite i fotografije \u0161aljite na na\u0161u e-mail adresu."}]}},"_links":{"self":[{"href":"https:\/\/tuzlainfo.ba\/index.php\/wp-json\/wp\/v2\/posts\/201349"}],"collection":[{"href":"https:\/\/tuzlainfo.ba\/index.php\/wp-json\/wp\/v2\/posts"}],"about":[{"href":"https:\/\/tuzlainfo.ba\/index.php\/wp-json\/wp\/v2\/types\/post"}],"author":[{"embeddable":true,"href":"https:\/\/tuzlainfo.ba\/index.php\/wp-json\/wp\/v2\/users\/2"}],"replies":[{"embeddable":true,"href":"https:\/\/tuzlainfo.ba\/index.php\/wp-json\/wp\/v2\/comments?post=201349"}],"version-history":[{"count":0,"href":"https:\/\/tuzlainfo.ba\/index.php\/wp-json\/wp\/v2\/posts\/201349\/revisions"}],"wp:featuredmedia":[{"embeddable":true,"href":"https:\/\/tuzlainfo.ba\/index.php\/wp-json\/wp\/v2\/media\/76594"}],"wp:attachment":[{"href":"https:\/\/tuzlainfo.ba\/index.php\/wp-json\/wp\/v2\/media?parent=201349"}],"wp:term":[{"taxonomy":"category","embeddable":true,"href":"https:\/\/tuzlainfo.ba\/index.php\/wp-json\/wp\/v2\/categories?post=201349"},{"taxonomy":"post_tag","embeddable":true,"href":"https:\/\/tuzlainfo.ba\/index.php\/wp-json\/wp\/v2\/tags?post=201349"}],"curies":[{"name":"wp","href":"https:\/\/api.w.org\/{rel}","templated":true}]}}