{"id":200950,"date":"2023-03-30T19:14:27","date_gmt":"2023-03-30T17:14:27","guid":{"rendered":"https:\/\/tuzlainfo.ba\/?p=200950"},"modified":"2023-03-30T18:37:16","modified_gmt":"2023-03-30T16:37:16","slug":"tuzlanski-kanton-krece-u-diitalizaciju-atraktivnih-turistickih-sadrzaja","status":"publish","type":"post","link":"https:\/\/tuzlainfo.ba\/index.php\/novosti\/item\/200950-tuzlanski-kanton-krece-u-diitalizaciju-atraktivnih-turistickih-sadrzaja\/","title":{"rendered":"Tuzlanski kanton kre\u0107e u digitalizaciju atraktivnih turisti\u010dkih sadr\u017eaja"},"content":{"rendered":"<p>Ministar trgovine, turizma i saobra\u0107aja Tuzlanskog kantona Denis Be\u0107irovi\u0107 sa sekretarom Ministarstva Azrom Gavranovi\u0107 i pomo\u0107nikom ministra za trgovinu i turizam D\u017eelminom Huremovi\u0107 odr\u017eao je sastanak sa predstavnicima firme \u201eGlobe Inside Ancona\u201c Marccom Ramazotijem i direktoricom nevladine organizacije C.I.S.P. Jasminom Ov\u010dina.<\/p>\n<p>Na sastanku je razgovarano o mogu\u0107nostima zajedni\u010dke saradnje na razvoju atraktivnih turisti\u010dkih sadr\u017eaja na podru\u010dju Tuzlanskog kantona.koji \u0107e turistima ponuditi jedinstven do\u017eivljaj. Fokus je bio na digitalizaciji i komercijalizaciji tih sadr\u017eaja, kako bi se \u0161irem auditoriju predstavila turisti\u010dka ponuda Tuzlanskog kantona. \u201eGlobe Inside Ancona\u201c pokrenula je i start-up projekat u martu 2022. godine pod nazivom\u00a0 Globe Inside d.o.o. Kladanj, kao prvu incoming putni\u010dku agenciju na podru\u010dju TK koja za sada ima tri uposlena.<\/p>\n<p>Sastanku\u00a0 je putem video poziva prisustvovao i profesor Marcco Cocciarini, koji je ve\u0107inski vlasnik agencije Globe Inside te je upoznao prisutne o osnovnoj ideji i planovima incoming turizma koji \u017eele razvijati.<\/p>\n<p>Ministar Be\u0107irovi\u0107 izrazio je zadovoljstvo \u0161to je Tuzlanski kanton odabran za ovaj zna\u010dajan turisti\u010dki projekat. \u201eMinistarstvo \u0107e pru\u017eiti podr\u0161ku u realizaciji projekta\u201c, kazao je ovom prilikom ministar Be\u0107irovi\u0107. \u201eTuzlanski kanton je Kanton koji ima razvijen Univerzitet. Idealno je postavljen u geografskom smislu. Imamo aerodrom, kopneni saobra\u0107aj, jako blizu plovnu rijeku i \u017eeljezni\u010dku infrastrukturu. Kanton ima kapacitete za ljetni i zimski turizam, seoski turizam, istorijski, religijski i turizam koji prati manifestacije, kao \u0161to su Ljeto u Tuzli, Zima u Tuzli i druge. Osnovane su Turisti\u010dke zajednice u ve\u0107ini atraktivnih gradova\/op\u0107ina na podru\u010dju Tuzlanskog kantona. Zna\u010dajan je broj smje\u0161tajnih kapaciteta, imamo hotele, hostele, etno sela, kao i prirodna bogatstva biljnog i \u017eivotinjskog svijeta. Va\u017eno je istaknuti i Za\u0161ti\u0107eni pejza\u017e Konjuh\u201c, kazao je ministar Be\u0107irovi\u0107.<\/p>\n<p>Na sastanku je re\u010deno da je ve\u0107 planiran ljetni kamp na Konjuhu, koji bi uklju\u010divao vi\u0161e razli\u010ditih aktivnosti poput posjeta bosanskim ku\u0107ama, vjerskim objektima, adrenalinskim parkovima, penjanje, obilazak nekropole, dolazak u Tuzlu, predavanja univerzitetskih profesora) te dogovoreni detalji dalje saradnje.<\/p>\n","protected":false},"excerpt":{"rendered":"<p>Ministar trgovine, turizma i saobra\u0107aja Tuzlanskog kantona Denis Be\u0107irovi\u0107 sa sekretarom Ministarstva Azrom Gavranovi\u0107 i&hellip;<\/p>\n","protected":false},"author":4,"featured_media":200951,"comment_status":"open","ping_status":"closed","sticky":false,"template":"","format":"standard","meta":{"_acf_changed":false,"footnotes":""},"categories":[304,12],"tags":[811,360],"acf":[],"yoast_head":"<!-- This site is optimized with the Yoast SEO plugin v23.5 - https:\/\/yoast.com\/wordpress\/plugins\/seo\/ -->\n<title>Tuzlanski kanton kre\u0107e u digitalizaciju atraktivnih turisti\u010dkih sadr\u017eaja - TuzlaInfo.ba<\/title>\n<meta name=\"robots\" content=\"index, follow, max-snippet:-1, max-image-preview:large, max-video-preview:-1\" \/>\n<link rel=\"canonical\" href=\"https:\/\/tuzlainfo.ba\/index.php\/novosti\/item\/200950-tuzlanski-kanton-krece-u-diitalizaciju-atraktivnih-turistickih-sadrzaja\/\" \/>\n<meta property=\"og:locale\" content=\"bs_BA\" \/>\n<meta property=\"og:type\" content=\"article\" \/>\n<meta property=\"og:title\" content=\"Tuzlanski kanton kre\u0107e u digitalizaciju atraktivnih turisti\u010dkih sadr\u017eaja - TuzlaInfo.ba\" \/>\n<meta property=\"og:description\" content=\"Ministar trgovine, turizma i saobra\u0107aja Tuzlanskog kantona Denis Be\u0107irovi\u0107 sa sekretarom Ministarstva Azrom Gavranovi\u0107 i&hellip;\" \/>\n<meta property=\"og:url\" content=\"https:\/\/tuzlainfo.ba\/index.php\/novosti\/item\/200950-tuzlanski-kanton-krece-u-diitalizaciju-atraktivnih-turistickih-sadrzaja\/\" \/>\n<meta property=\"og:site_name\" content=\"TuzlaInfo.ba\" \/>\n<meta property=\"article:publisher\" content=\"https:\/\/www.facebook.com\/tuzlainfo.ba\/\" \/>\n<meta property=\"article:published_time\" content=\"2023-03-30T17:14:27+00:00\" \/>\n<meta property=\"article:modified_time\" content=\"2023-03-30T16:37:16+00:00\" \/>\n<meta property=\"og:image\" content=\"https:\/\/tuzlainfo.ba\/wp-content\/uploads\/2023\/03\/mintts-globe.jpg\" \/>\n\t<meta property=\"og:image:width\" content=\"1600\" \/>\n\t<meta property=\"og:image:height\" content=\"1067\" \/>\n\t<meta property=\"og:image:type\" content=\"image\/jpeg\" \/>\n<meta name=\"author\" content=\"Tuzla Info\" \/>\n<meta name=\"twitter:card\" content=\"summary_large_image\" \/>\n<meta name=\"twitter:label1\" content=\"Written by\" \/>\n\t<meta name=\"twitter:data1\" content=\"Tuzla Info\" \/>\n\t<meta name=\"twitter:label2\" content=\"Est. reading time\" \/>\n\t<meta name=\"twitter:data2\" content=\"2 minute\" \/>\n<script type=\"application\/ld+json\" class=\"yoast-schema-graph\">{\"@context\":\"https:\/\/schema.org\",\"@graph\":[{\"@type\":\"Article\",\"@id\":\"https:\/\/tuzlainfo.ba\/index.php\/novosti\/item\/200950-tuzlanski-kanton-krece-u-diitalizaciju-atraktivnih-turistickih-sadrzaja\/#article\",\"isPartOf\":{\"@id\":\"https:\/\/tuzlainfo.ba\/index.php\/novosti\/item\/200950-tuzlanski-kanton-krece-u-diitalizaciju-atraktivnih-turistickih-sadrzaja\/\"},\"author\":{\"name\":\"Tuzla Info\",\"@id\":\"https:\/\/tuzlainfo.ba\/#\/schema\/person\/46cad4c57790cbc50781edd14870825a\"},\"headline\":\"Tuzlanski kanton kre\u0107e u digitalizaciju atraktivnih turisti\u010dkih sadr\u017eaja\",\"datePublished\":\"2023-03-30T17:14:27+00:00\",\"dateModified\":\"2023-03-30T16:37:16+00:00\",\"mainEntityOfPage\":{\"@id\":\"https:\/\/tuzlainfo.ba\/index.php\/novosti\/item\/200950-tuzlanski-kanton-krece-u-diitalizaciju-atraktivnih-turistickih-sadrzaja\/\"},\"wordCount\":364,\"commentCount\":0,\"publisher\":{\"@id\":\"https:\/\/tuzlainfo.ba\/#organization\"},\"image\":{\"@id\":\"https:\/\/tuzlainfo.ba\/index.php\/novosti\/item\/200950-tuzlanski-kanton-krece-u-diitalizaciju-atraktivnih-turistickih-sadrzaja\/#primaryimage\"},\"thumbnailUrl\":\"https:\/\/tuzlainfo.ba\/wp-content\/uploads\/2023\/03\/mintts-globe.jpg\",\"keywords\":[\"turizam\",\"tuzlanski kanton\"],\"articleSection\":[\"Istaknuto\",\"Novosti\"],\"inLanguage\":\"bs-BA\"},{\"@type\":\"WebPage\",\"@id\":\"https:\/\/tuzlainfo.ba\/index.php\/novosti\/item\/200950-tuzlanski-kanton-krece-u-diitalizaciju-atraktivnih-turistickih-sadrzaja\/\",\"url\":\"https:\/\/tuzlainfo.ba\/index.php\/novosti\/item\/200950-tuzlanski-kanton-krece-u-diitalizaciju-atraktivnih-turistickih-sadrzaja\/\",\"name\":\"Tuzlanski kanton kre\u0107e u digitalizaciju atraktivnih turisti\u010dkih sadr\u017eaja - TuzlaInfo.ba\",\"isPartOf\":{\"@id\":\"https:\/\/tuzlainfo.ba\/#website\"},\"primaryImageOfPage\":{\"@id\":\"https:\/\/tuzlainfo.ba\/index.php\/novosti\/item\/200950-tuzlanski-kanton-krece-u-diitalizaciju-atraktivnih-turistickih-sadrzaja\/#primaryimage\"},\"image\":{\"@id\":\"https:\/\/tuzlainfo.ba\/index.php\/novosti\/item\/200950-tuzlanski-kanton-krece-u-diitalizaciju-atraktivnih-turistickih-sadrzaja\/#primaryimage\"},\"thumbnailUrl\":\"https:\/\/tuzlainfo.ba\/wp-content\/uploads\/2023\/03\/mintts-globe.jpg\",\"datePublished\":\"2023-03-30T17:14:27+00:00\",\"dateModified\":\"2023-03-30T16:37:16+00:00\",\"breadcrumb\":{\"@id\":\"https:\/\/tuzlainfo.ba\/index.php\/novosti\/item\/200950-tuzlanski-kanton-krece-u-diitalizaciju-atraktivnih-turistickih-sadrzaja\/#breadcrumb\"},\"inLanguage\":\"bs-BA\",\"potentialAction\":[{\"@type\":\"ReadAction\",\"target\":[\"https:\/\/tuzlainfo.ba\/index.php\/novosti\/item\/200950-tuzlanski-kanton-krece-u-diitalizaciju-atraktivnih-turistickih-sadrzaja\/\"]}]},{\"@type\":\"ImageObject\",\"inLanguage\":\"bs-BA\",\"@id\":\"https:\/\/tuzlainfo.ba\/index.php\/novosti\/item\/200950-tuzlanski-kanton-krece-u-diitalizaciju-atraktivnih-turistickih-sadrzaja\/#primaryimage\",\"url\":\"https:\/\/tuzlainfo.ba\/wp-content\/uploads\/2023\/03\/mintts-globe.jpg\",\"contentUrl\":\"https:\/\/tuzlainfo.ba\/wp-content\/uploads\/2023\/03\/mintts-globe.jpg\",\"width\":1600,\"height\":1067},{\"@type\":\"BreadcrumbList\",\"@id\":\"https:\/\/tuzlainfo.ba\/index.php\/novosti\/item\/200950-tuzlanski-kanton-krece-u-diitalizaciju-atraktivnih-turistickih-sadrzaja\/#breadcrumb\",\"itemListElement\":[{\"@type\":\"ListItem\",\"position\":1,\"name\":\"Home\",\"item\":\"https:\/\/tuzlainfo.ba\/\"},{\"@type\":\"ListItem\",\"position\":2,\"name\":\"Tuzlanski kanton kre\u0107e u digitalizaciju atraktivnih turisti\u010dkih sadr\u017eaja\"}]},{\"@type\":\"WebSite\",\"@id\":\"https:\/\/tuzlainfo.ba\/#website\",\"url\":\"https:\/\/tuzlainfo.ba\/\",\"name\":\"TuzlaInfo.ba\",\"description\":\"Tuzla info, gradski informator - Tuzla na dlanu\",\"publisher\":{\"@id\":\"https:\/\/tuzlainfo.ba\/#organization\"},\"potentialAction\":[{\"@type\":\"SearchAction\",\"target\":{\"@type\":\"EntryPoint\",\"urlTemplate\":\"https:\/\/tuzlainfo.ba\/?s={search_term_string}\"},\"query-input\":{\"@type\":\"PropertyValueSpecification\",\"valueRequired\":true,\"valueName\":\"search_term_string\"}}],\"inLanguage\":\"bs-BA\"},{\"@type\":\"Organization\",\"@id\":\"https:\/\/tuzlainfo.ba\/#organization\",\"name\":\"TuzlaInfo.ba\",\"url\":\"https:\/\/tuzlainfo.ba\/\",\"logo\":{\"@type\":\"ImageObject\",\"inLanguage\":\"bs-BA\",\"@id\":\"https:\/\/tuzlainfo.ba\/#\/schema\/logo\/image\/\",\"url\":\"https:\/\/tuzlainfo.ba\/wp-content\/uploads\/2021\/03\/logo-ver-3-1.png\",\"contentUrl\":\"https:\/\/tuzlainfo.ba\/wp-content\/uploads\/2021\/03\/logo-ver-3-1.png\",\"width\":350,\"height\":95,\"caption\":\"TuzlaInfo.ba\"},\"image\":{\"@id\":\"https:\/\/tuzlainfo.ba\/#\/schema\/logo\/image\/\"},\"sameAs\":[\"https:\/\/www.facebook.com\/tuzlainfo.ba\/\"]},{\"@type\":\"Person\",\"@id\":\"https:\/\/tuzlainfo.ba\/#\/schema\/person\/46cad4c57790cbc50781edd14870825a\",\"name\":\"Tuzla Info\",\"image\":{\"@type\":\"ImageObject\",\"inLanguage\":\"bs-BA\",\"@id\":\"https:\/\/tuzlainfo.ba\/#\/schema\/person\/image\/\",\"url\":\"https:\/\/tuzlainfo.ba\/wp-content\/litespeed\/avatar\/b6c453a6c38e3654f2e4416c643fc25c.jpg?ver=1777051911\",\"contentUrl\":\"https:\/\/tuzlainfo.ba\/wp-content\/litespeed\/avatar\/b6c453a6c38e3654f2e4416c643fc25c.jpg?ver=1777051911\",\"caption\":\"Tuzla Info\"}}]}<\/script>\n<!-- \/ Yoast SEO plugin. -->","yoast_head_json":{"title":"Tuzlanski kanton kre\u0107e u digitalizaciju atraktivnih turisti\u010dkih sadr\u017eaja - TuzlaInfo.ba","robots":{"index":"index","follow":"follow","max-snippet":"max-snippet:-1","max-image-preview":"max-image-preview:large","max-video-preview":"max-video-preview:-1"},"canonical":"https:\/\/tuzlainfo.ba\/index.php\/novosti\/item\/200950-tuzlanski-kanton-krece-u-diitalizaciju-atraktivnih-turistickih-sadrzaja\/","og_locale":"bs_BA","og_type":"article","og_title":"Tuzlanski kanton kre\u0107e u digitalizaciju atraktivnih turisti\u010dkih sadr\u017eaja - TuzlaInfo.ba","og_description":"Ministar trgovine, turizma i saobra\u0107aja Tuzlanskog kantona Denis Be\u0107irovi\u0107 sa sekretarom Ministarstva Azrom Gavranovi\u0107 i&hellip;","og_url":"https:\/\/tuzlainfo.ba\/index.php\/novosti\/item\/200950-tuzlanski-kanton-krece-u-diitalizaciju-atraktivnih-turistickih-sadrzaja\/","og_site_name":"TuzlaInfo.ba","article_publisher":"https:\/\/www.facebook.com\/tuzlainfo.ba\/","article_published_time":"2023-03-30T17:14:27+00:00","article_modified_time":"2023-03-30T16:37:16+00:00","og_image":[{"width":1600,"height":1067,"url":"https:\/\/tuzlainfo.ba\/wp-content\/uploads\/2023\/03\/mintts-globe.jpg","type":"image\/jpeg"}],"author":"Tuzla Info","twitter_card":"summary_large_image","twitter_misc":{"Written by":"Tuzla Info","Est. reading time":"2 minute"},"schema":{"@context":"https:\/\/schema.org","@graph":[{"@type":"Article","@id":"https:\/\/tuzlainfo.ba\/index.php\/novosti\/item\/200950-tuzlanski-kanton-krece-u-diitalizaciju-atraktivnih-turistickih-sadrzaja\/#article","isPartOf":{"@id":"https:\/\/tuzlainfo.ba\/index.php\/novosti\/item\/200950-tuzlanski-kanton-krece-u-diitalizaciju-atraktivnih-turistickih-sadrzaja\/"},"author":{"name":"Tuzla Info","@id":"https:\/\/tuzlainfo.ba\/#\/schema\/person\/46cad4c57790cbc50781edd14870825a"},"headline":"Tuzlanski kanton kre\u0107e u digitalizaciju atraktivnih turisti\u010dkih sadr\u017eaja","datePublished":"2023-03-30T17:14:27+00:00","dateModified":"2023-03-30T16:37:16+00:00","mainEntityOfPage":{"@id":"https:\/\/tuzlainfo.ba\/index.php\/novosti\/item\/200950-tuzlanski-kanton-krece-u-diitalizaciju-atraktivnih-turistickih-sadrzaja\/"},"wordCount":364,"commentCount":0,"publisher":{"@id":"https:\/\/tuzlainfo.ba\/#organization"},"image":{"@id":"https:\/\/tuzlainfo.ba\/index.php\/novosti\/item\/200950-tuzlanski-kanton-krece-u-diitalizaciju-atraktivnih-turistickih-sadrzaja\/#primaryimage"},"thumbnailUrl":"https:\/\/tuzlainfo.ba\/wp-content\/uploads\/2023\/03\/mintts-globe.jpg","keywords":["turizam","tuzlanski kanton"],"articleSection":["Istaknuto","Novosti"],"inLanguage":"bs-BA"},{"@type":"WebPage","@id":"https:\/\/tuzlainfo.ba\/index.php\/novosti\/item\/200950-tuzlanski-kanton-krece-u-diitalizaciju-atraktivnih-turistickih-sadrzaja\/","url":"https:\/\/tuzlainfo.ba\/index.php\/novosti\/item\/200950-tuzlanski-kanton-krece-u-diitalizaciju-atraktivnih-turistickih-sadrzaja\/","name":"Tuzlanski kanton kre\u0107e u digitalizaciju atraktivnih turisti\u010dkih sadr\u017eaja - TuzlaInfo.ba","isPartOf":{"@id":"https:\/\/tuzlainfo.ba\/#website"},"primaryImageOfPage":{"@id":"https:\/\/tuzlainfo.ba\/index.php\/novosti\/item\/200950-tuzlanski-kanton-krece-u-diitalizaciju-atraktivnih-turistickih-sadrzaja\/#primaryimage"},"image":{"@id":"https:\/\/tuzlainfo.ba\/index.php\/novosti\/item\/200950-tuzlanski-kanton-krece-u-diitalizaciju-atraktivnih-turistickih-sadrzaja\/#primaryimage"},"thumbnailUrl":"https:\/\/tuzlainfo.ba\/wp-content\/uploads\/2023\/03\/mintts-globe.jpg","datePublished":"2023-03-30T17:14:27+00:00","dateModified":"2023-03-30T16:37:16+00:00","breadcrumb":{"@id":"https:\/\/tuzlainfo.ba\/index.php\/novosti\/item\/200950-tuzlanski-kanton-krece-u-diitalizaciju-atraktivnih-turistickih-sadrzaja\/#breadcrumb"},"inLanguage":"bs-BA","potentialAction":[{"@type":"ReadAction","target":["https:\/\/tuzlainfo.ba\/index.php\/novosti\/item\/200950-tuzlanski-kanton-krece-u-diitalizaciju-atraktivnih-turistickih-sadrzaja\/"]}]},{"@type":"ImageObject","inLanguage":"bs-BA","@id":"https:\/\/tuzlainfo.ba\/index.php\/novosti\/item\/200950-tuzlanski-kanton-krece-u-diitalizaciju-atraktivnih-turistickih-sadrzaja\/#primaryimage","url":"https:\/\/tuzlainfo.ba\/wp-content\/uploads\/2023\/03\/mintts-globe.jpg","contentUrl":"https:\/\/tuzlainfo.ba\/wp-content\/uploads\/2023\/03\/mintts-globe.jpg","width":1600,"height":1067},{"@type":"BreadcrumbList","@id":"https:\/\/tuzlainfo.ba\/index.php\/novosti\/item\/200950-tuzlanski-kanton-krece-u-diitalizaciju-atraktivnih-turistickih-sadrzaja\/#breadcrumb","itemListElement":[{"@type":"ListItem","position":1,"name":"Home","item":"https:\/\/tuzlainfo.ba\/"},{"@type":"ListItem","position":2,"name":"Tuzlanski kanton kre\u0107e u digitalizaciju atraktivnih turisti\u010dkih sadr\u017eaja"}]},{"@type":"WebSite","@id":"https:\/\/tuzlainfo.ba\/#website","url":"https:\/\/tuzlainfo.ba\/","name":"TuzlaInfo.ba","description":"Tuzla info, gradski informator - Tuzla na dlanu","publisher":{"@id":"https:\/\/tuzlainfo.ba\/#organization"},"potentialAction":[{"@type":"SearchAction","target":{"@type":"EntryPoint","urlTemplate":"https:\/\/tuzlainfo.ba\/?s={search_term_string}"},"query-input":{"@type":"PropertyValueSpecification","valueRequired":true,"valueName":"search_term_string"}}],"inLanguage":"bs-BA"},{"@type":"Organization","@id":"https:\/\/tuzlainfo.ba\/#organization","name":"TuzlaInfo.ba","url":"https:\/\/tuzlainfo.ba\/","logo":{"@type":"ImageObject","inLanguage":"bs-BA","@id":"https:\/\/tuzlainfo.ba\/#\/schema\/logo\/image\/","url":"https:\/\/tuzlainfo.ba\/wp-content\/uploads\/2021\/03\/logo-ver-3-1.png","contentUrl":"https:\/\/tuzlainfo.ba\/wp-content\/uploads\/2021\/03\/logo-ver-3-1.png","width":350,"height":95,"caption":"TuzlaInfo.ba"},"image":{"@id":"https:\/\/tuzlainfo.ba\/#\/schema\/logo\/image\/"},"sameAs":["https:\/\/www.facebook.com\/tuzlainfo.ba\/"]},{"@type":"Person","@id":"https:\/\/tuzlainfo.ba\/#\/schema\/person\/46cad4c57790cbc50781edd14870825a","name":"Tuzla Info","image":{"@type":"ImageObject","inLanguage":"bs-BA","@id":"https:\/\/tuzlainfo.ba\/#\/schema\/person\/image\/","url":"https:\/\/tuzlainfo.ba\/wp-content\/litespeed\/avatar\/b6c453a6c38e3654f2e4416c643fc25c.jpg?ver=1777051911","contentUrl":"https:\/\/tuzlainfo.ba\/wp-content\/litespeed\/avatar\/b6c453a6c38e3654f2e4416c643fc25c.jpg?ver=1777051911","caption":"Tuzla Info"}}]}},"_links":{"self":[{"href":"https:\/\/tuzlainfo.ba\/index.php\/wp-json\/wp\/v2\/posts\/200950"}],"collection":[{"href":"https:\/\/tuzlainfo.ba\/index.php\/wp-json\/wp\/v2\/posts"}],"about":[{"href":"https:\/\/tuzlainfo.ba\/index.php\/wp-json\/wp\/v2\/types\/post"}],"author":[{"embeddable":true,"href":"https:\/\/tuzlainfo.ba\/index.php\/wp-json\/wp\/v2\/users\/4"}],"replies":[{"embeddable":true,"href":"https:\/\/tuzlainfo.ba\/index.php\/wp-json\/wp\/v2\/comments?post=200950"}],"version-history":[{"count":0,"href":"https:\/\/tuzlainfo.ba\/index.php\/wp-json\/wp\/v2\/posts\/200950\/revisions"}],"wp:featuredmedia":[{"embeddable":true,"href":"https:\/\/tuzlainfo.ba\/index.php\/wp-json\/wp\/v2\/media\/200951"}],"wp:attachment":[{"href":"https:\/\/tuzlainfo.ba\/index.php\/wp-json\/wp\/v2\/media?parent=200950"}],"wp:term":[{"taxonomy":"category","embeddable":true,"href":"https:\/\/tuzlainfo.ba\/index.php\/wp-json\/wp\/v2\/categories?post=200950"},{"taxonomy":"post_tag","embeddable":true,"href":"https:\/\/tuzlainfo.ba\/index.php\/wp-json\/wp\/v2\/tags?post=200950"}],"curies":[{"name":"wp","href":"https:\/\/api.w.org\/{rel}","templated":true}]}}