{"id":200938,"date":"2023-03-30T14:20:34","date_gmt":"2023-03-30T12:20:34","guid":{"rendered":"https:\/\/tuzlainfo.ba\/?p=200938"},"modified":"2023-03-30T14:20:34","modified_gmt":"2023-03-30T12:20:34","slug":"dom-naroda-nije-usvojio-izmjene-zakona-o-platama-primanja-politicara-od-sada-iznad-5-000-km","status":"publish","type":"post","link":"https:\/\/tuzlainfo.ba\/index.php\/novosti\/item\/200938-dom-naroda-nije-usvojio-izmjene-zakona-o-platama-primanja-politicara-od-sada-iznad-5-000-km\/","title":{"rendered":"Dom naroda nije usvojio izmjene Zakona o platama: Primanja politi\u010dara od sada iznad 5.000 KM"},"content":{"rendered":"<div id=\"excerpt\" class=\"mt-5 md:mt-2 xl:mt-3 mb-5 font-sans font-semibold text-lg lg:text-xl leading-6 md:leading-7\">\n<p class=\"lead\">Predstavni\u010dki dom Parlamenta BiH ju\u010der je na hitnoj sjednici, a na prijedlog Predsjedni\u0161tva BiH razmatrao i usvojio izmjene Zakona o platama i naknadama u institucijama BiH. Zakon danas nije pro\u0161ao Dom naroda BiH po hitnom postupku.<\/p>\n<\/div>\n<div id=\"intext_container\" class=\"bg-gray-100 dark:bg-gray-700\">\n<div id=\"ads_intext\" class=\"mx-auto\" data-google-query-id=\"CP6vob_Ng_4CFVQM4AodXWkMIw\">\n<p>Prijedlog Predsjedni\u0161tva BiH bio je da se diferencira koeficijent obra\u010duna plata na na\u010din da osnovica od 600 KM vrijedi za dr\u017eavne slu\u017ebenike i zvani\u010dnike zaklju\u010dno sa koeficijentom 8,00, dok bi osnovica od 535 KM i dalje vrijedila za imenovane i izabrane zvani\u010dnike iznad tog koeficijenta.<\/p>\n<p>Takav prijedlog bio bi na snazi sve dok Vije\u0107e ministara ne donese sistemsko rje\u0161enje kojim se kona\u010dno razdvajaju plate dr\u017eavnih slu\u017ebenika i izabranih i imenovanih zvani\u010dnika, a zastupnici u Predstavni\u010dkom domu su predlagali dono\u0161enje dva zakona kojima bi se ta oblast uredila jer svako pove\u0107anje plata dr\u017eavnim slu\u017ebenicima automatski zna\u010dajno pove\u0107ava plate funkcionerima.<\/p>\n<p>Ministar finansija i trezora BiH Zoran Tegeltija obrazlo\u017eio je Zakon o bud\u017eetu institucija BiH prije razmatranja prijedloga Predsjedni\u0161tva BiH da ne pove\u0107ava plata politi\u010darima, isti\u010du\u0107i da osnovica obra\u010duna plata za sve po zakonu mora biti jedinstvena jer nju utvr\u0111uje Vije\u0107e ministara.<\/p>\n<p>Na po\u010detku sjednice delegati D\u017eenan \u0110onlagi\u0107 (DF), \u0160efik D\u017eaferovi\u0107 (SDA) i Zlatko Mileti\u0107 (ZNG) su tra\u017eili da se redosljed ta\u010daka dnevnog reda razmatra na na\u010din na koji je to radio i Predstavni\u010dki dom BiH po kojem se prvo razmatrala ta\u010dka izmjena Zakona o platama, a nakon toga bud\u017eet institucija za 2023. godinu.<\/p>\n<p>Mileti\u0107 je istakao da je predsjedavaju\u0107a Predsjedni\u0161tva BiH \u017deljka Cvijanovi\u0107 tra\u017eila zaklju\u010dkom da Ministarstvo finansija BiH donese propis najkasnije tri mjeseca od usvajanja prijedloga izmjena Zakona o platama i naknadama u institucijama BiH.<\/p>\n<p>&#8220;Nema va\u017enijeg dokumenta u ovoj dr\u017eavi od bud\u017eeta. U osnovi mi smo u zadnjih par godina se trudili da poku\u0161amo na nivou BiH na vrijeme imati bud\u017eet, Ovaj put smo se nekako dogovorili i u\u010dinili smo izuzetan napor da bud\u017eet dobije dimenzije koje je dobio. Trebalo je truda da dobijemo povi\u0161icu u bud\u017eetu. Na bilo koji na\u010din vezati bud\u017eet na zakone koji utje\u010de na njega, trebalo bi hiljadu zakona promijeniti. S te strane vezati nekome ruke, ako vama nije stalo da pro\u0111e bud\u017eet, za\u0161to bi drugome bilo stalo? Ovo je tre\u0107i zakon koji dolazi do nas, a koji se ti\u010de plata. Uz sve drugo \u0161to \u010dlanovi Predsjedni\u0161tva imaju ovlasti, sad smo do\u0161li u situaciju da se predla\u017eu i zakoni. Bilo bi korektno da smo svi pro\u010ditali obavijest od Vije\u0107a ministara gdje se na zadnjoj sjednici stavlja u obavezu resornom ministru uskla\u0111ivanja zakona o pla\u0107ama na na\u010din da oni odslikavaju stvarno stanje. Ja bih vas zamolio da zakoni koji do\u0111u ovdje budu po redovnoj proceduri, \u0161to zna\u010di da do\u0111u od Vije\u0107a ministara&#8221;, kazao je drugi zamjenik predsjedavaju\u0107eg Doma naroda\u00a0<b>Dragan \u010covi\u0107<\/b>\u00a0(HDZ).<\/p>\n<p>Kazao je i da je prijedlog Predsjedni\u0161tva BiH u vezi izmjena platnih koeficijenata &#8220;populisti\u010dki potez&#8221;.<\/p>\n<p>Na takve tvrdnje odgovorio je D\u017eaferovi\u0107.<\/p>\n<p>&#8220;Koristite uop\u0107ene formulacije staju\u0107i iza nekih genralnih politika. Treba odgvoriti konkretno na pitanje, da li mi treeba da primamo platu po osnovici od 600 KM ili kao do sada 535 KM. Ako se sla\u017eemo oko toga, niakakv problem nije da ovo izglasamo kao prvu ta\u010dku dnevnog reda. Mi \u0107emo se prema bud\u017eetu odnositi veoma kriti\u010dki i tra\u017eiti da on bude bolji. Zakon o pla\u0107ama ja \u0107u podr\u017eati, tu nema nikakve dileme. \u0160to se ti\u010de bud\u017eeta, detaljno sam se bavio tim pitnajima i elementano je pravilo da morate imati zakone na osnovu kojih \u0107ete formirati bud\u017eet. Ako to \u017eelite mijenjati, postoji i rebalans bud\u017eeta&#8221;, kazao je.<\/p>\n<div class=\"lg:max-w-2xl lg:mx-auto mt-3 text-lg md:text-xl mb-3 leading-6 md:leading-8 dark:text-gray-200\">\n<p>Delegat D\u017eenan \u0110onlagi\u0107 je kazao kako je bud\u017eet fiskalni instrument i odgovornost vlasti.<\/p>\n<\/div>\n<div class=\"flex bg-gray-100 dark:bg-gray-700 text-center py-0\"><\/div>\n<div class=\"lg:max-w-2xl lg:mx-auto mt-3 text-lg md:text-xl mb-3 leading-6 md:leading-8 dark:text-gray-200\">\n<p>&#8220;Ako postoji ijedan dokument koji je instrument vlasti, to je odgovornost tih stranaka i te vlasti. Bud\u017eet nije pitanje naroda. On je odraz politika vlasti i to je su\u0161tina. Ranije je bud\u017eet kasnio. Pa vidite gospodine \u010covi\u0107, Va\u0161 \u010dovjek je sjedio u pro\u0161lom sazivu Vije\u0107a ministara kao ministar finansija i on snosi odgovornost za sastavljanje i predlaganje bud\u017eeta. Kada govorimo o izmjeni Zakona o platama, to nije igra sa koeficijentima jer se oni ne mijenjaju. Sadr\u017eaj zakona nema veze sa koeficijentima. Pitanje je obra\u010duna visine osnovice&#8221;, podsjetio je delegat DF-a.<\/p>\n<div class=\"lg:max-w-2xl lg:mx-auto mt-3 text-lg md:text-xl mb-3 leading-6 md:leading-8 dark:text-gray-200\">\n<p>Mileti\u0107 je istakao kako je plata zvani\u010dnika za\u0161ti\u0107ena Ustavom i zakonima te da se ne mo\u017ee mijenjati tokom trajanja mandata i da je &#8220;morbidno&#8221; pove\u0107avati plate zvani\u010dnima pod krinkom pove\u0107anja plata dr\u017eavnih slu\u017ebenika.<\/p>\n<p>Delegatkinja HDZ-a\u00a0<b>Marina Pende\u0161<\/b>\u00a0tra\u017eila je da se izmjene Zakona o platama i naknadama u institucijama BiH vrate u redovnu proceduru kako bi se moglo dati dovoljno vremena Vije\u0107u ministara BiH da pripremi sistemsko rje\u0161enje, na \u0161to je odgovorio D\u017eaferovi\u0107.<\/p>\n<p>&#8220;Lijepo je u nekom budu\u0107em vremenu objedinjavati procedure i to svakako treba da uradimo. Ako danas ne postupimo kako je predlo\u017eeno i ako ne usvojimo zakon onda to zna\u010di da dok se ne dogovore politike, da \u0107e zastupnici u Parlamentu, ministri, \u010dlanovi Predsjedni\u0161tva i svi koji imaju koeficijent iznad 8 zajedno sa radnicima kojima treba pove\u0107ati plate tako\u0111er primiti pove\u0107anje plate. U tome je kompeltan vic ove situacije. Hajmo biti ljudi i re\u0107i da ne\u0107emo da primimo razliku dok ne uredimo tu politiku&#8221;, bio je poziv D\u017eaferovi\u0107a.<\/p>\n<\/div>\n<div class=\"flex bg-gray-100 dark:bg-gray-700 text-center py-0\"><\/div>\n<div class=\"lg:max-w-2xl lg:mx-auto mt-3 text-lg md:text-xl mb-3 leading-6 md:leading-8 dark:text-gray-200\">\n<p>On je delegatima u Domu naroda BiH prakti\u010dno objasnio da \u0107e osnovne plate zastupnika u Parlamentu BiH sada biti iznad 5.000 KM.<\/p>\n<p>&#8220;Onaj ko se poigra sa koeficijentima je napravio jednu potpuno nemogu\u0107u stvar. Morate znati da u BiH na razli\u010ditim nivoima vlasti imate birane zvani\u010dnike sa vi\u0161e od 10.000 KM primanja. Danas dopustiti da du\u017enosnik koji ima koeficijent 8 ima vi\u0161u platu od onoga ko mu je nare\u0111en je naivno. Mi jesmo za to da se zamrnu primanja svim du\u017enosnicima, ali svim. Neko je ovo nepromi\u0161ljeno radio. Odakle nekome pravo da ka\u017ee da \u0107e to biti koeficijent 8. Na\u0161i du\u017enosnici su na to i ju\u010der upu\u0107ivali i na Zastupni\u010dkom domu &#8220;, kazao je \u010covi\u0107.<\/p>\n<p>Zakon o platama i naknadama u institucijama BiH nije usvojen jer nije postojala ni op\u0107a ni entitetska ve\u0107ina.<\/p>\n<\/div>\n<\/div>\n<\/div>\n<\/div>\n","protected":false},"excerpt":{"rendered":"<p>Predstavni\u010dki dom Parlamenta BiH ju\u010der je na hitnoj sjednici, a na prijedlog Predsjedni\u0161tva BiH razmatrao&hellip;<\/p>\n","protected":false},"author":4,"featured_media":200768,"comment_status":"open","ping_status":"closed","sticky":false,"template":"","format":"standard","meta":{"_acf_changed":false,"footnotes":""},"categories":[304,12],"tags":[4735],"acf":[],"yoast_head":"<!-- This site is optimized with the Yoast SEO plugin v23.5 - https:\/\/yoast.com\/wordpress\/plugins\/seo\/ -->\n<title>Dom naroda nije usvojio izmjene Zakona o platama: Primanja politi\u010dara od sada iznad 5.000 KM - TuzlaInfo.ba<\/title>\n<meta name=\"robots\" content=\"index, follow, max-snippet:-1, max-image-preview:large, max-video-preview:-1\" \/>\n<link rel=\"canonical\" href=\"https:\/\/tuzlainfo.ba\/index.php\/novosti\/item\/200938-dom-naroda-nije-usvojio-izmjene-zakona-o-platama-primanja-politicara-od-sada-iznad-5-000-km\/\" \/>\n<meta property=\"og:locale\" content=\"bs_BA\" \/>\n<meta property=\"og:type\" content=\"article\" \/>\n<meta property=\"og:title\" content=\"Dom naroda nije usvojio izmjene Zakona o platama: Primanja politi\u010dara od sada iznad 5.000 KM - TuzlaInfo.ba\" \/>\n<meta property=\"og:description\" content=\"Predstavni\u010dki dom Parlamenta BiH ju\u010der je na hitnoj sjednici, a na prijedlog Predsjedni\u0161tva BiH razmatrao&hellip;\" \/>\n<meta property=\"og:url\" content=\"https:\/\/tuzlainfo.ba\/index.php\/novosti\/item\/200938-dom-naroda-nije-usvojio-izmjene-zakona-o-platama-primanja-politicara-od-sada-iznad-5-000-km\/\" \/>\n<meta property=\"og:site_name\" content=\"TuzlaInfo.ba\" \/>\n<meta property=\"article:publisher\" content=\"https:\/\/www.facebook.com\/tuzlainfo.ba\/\" \/>\n<meta property=\"article:published_time\" content=\"2023-03-30T12:20:34+00:00\" \/>\n<meta property=\"og:image\" content=\"https:\/\/tuzlainfo.ba\/wp-content\/uploads\/2023\/03\/2803_dom-naroda_psbih.jpeg\" \/>\n\t<meta property=\"og:image:width\" content=\"1297\" \/>\n\t<meta property=\"og:image:height\" content=\"730\" \/>\n\t<meta property=\"og:image:type\" content=\"image\/jpeg\" \/>\n<meta name=\"author\" content=\"Tuzla Info\" \/>\n<meta name=\"twitter:card\" content=\"summary_large_image\" \/>\n<meta name=\"twitter:label1\" content=\"Written by\" \/>\n\t<meta name=\"twitter:data1\" content=\"Tuzla Info\" \/>\n\t<meta name=\"twitter:label2\" content=\"Est. reading time\" \/>\n\t<meta name=\"twitter:data2\" content=\"5 minuta\" \/>\n<script type=\"application\/ld+json\" class=\"yoast-schema-graph\">{\"@context\":\"https:\/\/schema.org\",\"@graph\":[{\"@type\":\"Article\",\"@id\":\"https:\/\/tuzlainfo.ba\/index.php\/novosti\/item\/200938-dom-naroda-nije-usvojio-izmjene-zakona-o-platama-primanja-politicara-od-sada-iznad-5-000-km\/#article\",\"isPartOf\":{\"@id\":\"https:\/\/tuzlainfo.ba\/index.php\/novosti\/item\/200938-dom-naroda-nije-usvojio-izmjene-zakona-o-platama-primanja-politicara-od-sada-iznad-5-000-km\/\"},\"author\":{\"name\":\"Tuzla Info\",\"@id\":\"https:\/\/tuzlainfo.ba\/#\/schema\/person\/46cad4c57790cbc50781edd14870825a\"},\"headline\":\"Dom naroda nije usvojio izmjene Zakona o platama: Primanja politi\u010dara od sada iznad 5.000 KM\",\"datePublished\":\"2023-03-30T12:20:34+00:00\",\"dateModified\":\"2023-03-30T12:20:34+00:00\",\"mainEntityOfPage\":{\"@id\":\"https:\/\/tuzlainfo.ba\/index.php\/novosti\/item\/200938-dom-naroda-nije-usvojio-izmjene-zakona-o-platama-primanja-politicara-od-sada-iznad-5-000-km\/\"},\"wordCount\":1112,\"commentCount\":0,\"publisher\":{\"@id\":\"https:\/\/tuzlainfo.ba\/#organization\"},\"image\":{\"@id\":\"https:\/\/tuzlainfo.ba\/index.php\/novosti\/item\/200938-dom-naroda-nije-usvojio-izmjene-zakona-o-platama-primanja-politicara-od-sada-iznad-5-000-km\/#primaryimage\"},\"thumbnailUrl\":\"https:\/\/tuzlainfo.ba\/wp-content\/uploads\/2023\/03\/2803_dom-naroda_psbih.jpeg\",\"keywords\":[\"dom naroda bih\"],\"articleSection\":[\"Istaknuto\",\"Novosti\"],\"inLanguage\":\"bs-BA\"},{\"@type\":\"WebPage\",\"@id\":\"https:\/\/tuzlainfo.ba\/index.php\/novosti\/item\/200938-dom-naroda-nije-usvojio-izmjene-zakona-o-platama-primanja-politicara-od-sada-iznad-5-000-km\/\",\"url\":\"https:\/\/tuzlainfo.ba\/index.php\/novosti\/item\/200938-dom-naroda-nije-usvojio-izmjene-zakona-o-platama-primanja-politicara-od-sada-iznad-5-000-km\/\",\"name\":\"Dom naroda nije usvojio izmjene Zakona o platama: Primanja politi\u010dara od sada iznad 5.000 KM - TuzlaInfo.ba\",\"isPartOf\":{\"@id\":\"https:\/\/tuzlainfo.ba\/#website\"},\"primaryImageOfPage\":{\"@id\":\"https:\/\/tuzlainfo.ba\/index.php\/novosti\/item\/200938-dom-naroda-nije-usvojio-izmjene-zakona-o-platama-primanja-politicara-od-sada-iznad-5-000-km\/#primaryimage\"},\"image\":{\"@id\":\"https:\/\/tuzlainfo.ba\/index.php\/novosti\/item\/200938-dom-naroda-nije-usvojio-izmjene-zakona-o-platama-primanja-politicara-od-sada-iznad-5-000-km\/#primaryimage\"},\"thumbnailUrl\":\"https:\/\/tuzlainfo.ba\/wp-content\/uploads\/2023\/03\/2803_dom-naroda_psbih.jpeg\",\"datePublished\":\"2023-03-30T12:20:34+00:00\",\"dateModified\":\"2023-03-30T12:20:34+00:00\",\"breadcrumb\":{\"@id\":\"https:\/\/tuzlainfo.ba\/index.php\/novosti\/item\/200938-dom-naroda-nije-usvojio-izmjene-zakona-o-platama-primanja-politicara-od-sada-iznad-5-000-km\/#breadcrumb\"},\"inLanguage\":\"bs-BA\",\"potentialAction\":[{\"@type\":\"ReadAction\",\"target\":[\"https:\/\/tuzlainfo.ba\/index.php\/novosti\/item\/200938-dom-naroda-nije-usvojio-izmjene-zakona-o-platama-primanja-politicara-od-sada-iznad-5-000-km\/\"]}]},{\"@type\":\"ImageObject\",\"inLanguage\":\"bs-BA\",\"@id\":\"https:\/\/tuzlainfo.ba\/index.php\/novosti\/item\/200938-dom-naroda-nije-usvojio-izmjene-zakona-o-platama-primanja-politicara-od-sada-iznad-5-000-km\/#primaryimage\",\"url\":\"https:\/\/tuzlainfo.ba\/wp-content\/uploads\/2023\/03\/2803_dom-naroda_psbih.jpeg\",\"contentUrl\":\"https:\/\/tuzlainfo.ba\/wp-content\/uploads\/2023\/03\/2803_dom-naroda_psbih.jpeg\",\"width\":1297,\"height\":730},{\"@type\":\"BreadcrumbList\",\"@id\":\"https:\/\/tuzlainfo.ba\/index.php\/novosti\/item\/200938-dom-naroda-nije-usvojio-izmjene-zakona-o-platama-primanja-politicara-od-sada-iznad-5-000-km\/#breadcrumb\",\"itemListElement\":[{\"@type\":\"ListItem\",\"position\":1,\"name\":\"Home\",\"item\":\"https:\/\/tuzlainfo.ba\/\"},{\"@type\":\"ListItem\",\"position\":2,\"name\":\"Dom naroda nije usvojio izmjene Zakona o platama: Primanja politi\u010dara od sada iznad 5.000 KM\"}]},{\"@type\":\"WebSite\",\"@id\":\"https:\/\/tuzlainfo.ba\/#website\",\"url\":\"https:\/\/tuzlainfo.ba\/\",\"name\":\"TuzlaInfo.ba\",\"description\":\"Tuzla info, gradski informator - Tuzla na dlanu\",\"publisher\":{\"@id\":\"https:\/\/tuzlainfo.ba\/#organization\"},\"potentialAction\":[{\"@type\":\"SearchAction\",\"target\":{\"@type\":\"EntryPoint\",\"urlTemplate\":\"https:\/\/tuzlainfo.ba\/?s={search_term_string}\"},\"query-input\":{\"@type\":\"PropertyValueSpecification\",\"valueRequired\":true,\"valueName\":\"search_term_string\"}}],\"inLanguage\":\"bs-BA\"},{\"@type\":\"Organization\",\"@id\":\"https:\/\/tuzlainfo.ba\/#organization\",\"name\":\"TuzlaInfo.ba\",\"url\":\"https:\/\/tuzlainfo.ba\/\",\"logo\":{\"@type\":\"ImageObject\",\"inLanguage\":\"bs-BA\",\"@id\":\"https:\/\/tuzlainfo.ba\/#\/schema\/logo\/image\/\",\"url\":\"https:\/\/tuzlainfo.ba\/wp-content\/uploads\/2021\/03\/logo-ver-3-1.png\",\"contentUrl\":\"https:\/\/tuzlainfo.ba\/wp-content\/uploads\/2021\/03\/logo-ver-3-1.png\",\"width\":350,\"height\":95,\"caption\":\"TuzlaInfo.ba\"},\"image\":{\"@id\":\"https:\/\/tuzlainfo.ba\/#\/schema\/logo\/image\/\"},\"sameAs\":[\"https:\/\/www.facebook.com\/tuzlainfo.ba\/\"]},{\"@type\":\"Person\",\"@id\":\"https:\/\/tuzlainfo.ba\/#\/schema\/person\/46cad4c57790cbc50781edd14870825a\",\"name\":\"Tuzla Info\",\"image\":{\"@type\":\"ImageObject\",\"inLanguage\":\"bs-BA\",\"@id\":\"https:\/\/tuzlainfo.ba\/#\/schema\/person\/image\/\",\"url\":\"https:\/\/tuzlainfo.ba\/wp-content\/litespeed\/avatar\/b6c453a6c38e3654f2e4416c643fc25c.jpg?ver=1777051911\",\"contentUrl\":\"https:\/\/tuzlainfo.ba\/wp-content\/litespeed\/avatar\/b6c453a6c38e3654f2e4416c643fc25c.jpg?ver=1777051911\",\"caption\":\"Tuzla Info\"}}]}<\/script>\n<!-- \/ Yoast SEO plugin. -->","yoast_head_json":{"title":"Dom naroda nije usvojio izmjene Zakona o platama: Primanja politi\u010dara od sada iznad 5.000 KM - TuzlaInfo.ba","robots":{"index":"index","follow":"follow","max-snippet":"max-snippet:-1","max-image-preview":"max-image-preview:large","max-video-preview":"max-video-preview:-1"},"canonical":"https:\/\/tuzlainfo.ba\/index.php\/novosti\/item\/200938-dom-naroda-nije-usvojio-izmjene-zakona-o-platama-primanja-politicara-od-sada-iznad-5-000-km\/","og_locale":"bs_BA","og_type":"article","og_title":"Dom naroda nije usvojio izmjene Zakona o platama: Primanja politi\u010dara od sada iznad 5.000 KM - TuzlaInfo.ba","og_description":"Predstavni\u010dki dom Parlamenta BiH ju\u010der je na hitnoj sjednici, a na prijedlog Predsjedni\u0161tva BiH razmatrao&hellip;","og_url":"https:\/\/tuzlainfo.ba\/index.php\/novosti\/item\/200938-dom-naroda-nije-usvojio-izmjene-zakona-o-platama-primanja-politicara-od-sada-iznad-5-000-km\/","og_site_name":"TuzlaInfo.ba","article_publisher":"https:\/\/www.facebook.com\/tuzlainfo.ba\/","article_published_time":"2023-03-30T12:20:34+00:00","og_image":[{"width":1297,"height":730,"url":"https:\/\/tuzlainfo.ba\/wp-content\/uploads\/2023\/03\/2803_dom-naroda_psbih.jpeg","type":"image\/jpeg"}],"author":"Tuzla Info","twitter_card":"summary_large_image","twitter_misc":{"Written by":"Tuzla Info","Est. reading time":"5 minuta"},"schema":{"@context":"https:\/\/schema.org","@graph":[{"@type":"Article","@id":"https:\/\/tuzlainfo.ba\/index.php\/novosti\/item\/200938-dom-naroda-nije-usvojio-izmjene-zakona-o-platama-primanja-politicara-od-sada-iznad-5-000-km\/#article","isPartOf":{"@id":"https:\/\/tuzlainfo.ba\/index.php\/novosti\/item\/200938-dom-naroda-nije-usvojio-izmjene-zakona-o-platama-primanja-politicara-od-sada-iznad-5-000-km\/"},"author":{"name":"Tuzla Info","@id":"https:\/\/tuzlainfo.ba\/#\/schema\/person\/46cad4c57790cbc50781edd14870825a"},"headline":"Dom naroda nije usvojio izmjene Zakona o platama: Primanja politi\u010dara od sada iznad 5.000 KM","datePublished":"2023-03-30T12:20:34+00:00","dateModified":"2023-03-30T12:20:34+00:00","mainEntityOfPage":{"@id":"https:\/\/tuzlainfo.ba\/index.php\/novosti\/item\/200938-dom-naroda-nije-usvojio-izmjene-zakona-o-platama-primanja-politicara-od-sada-iznad-5-000-km\/"},"wordCount":1112,"commentCount":0,"publisher":{"@id":"https:\/\/tuzlainfo.ba\/#organization"},"image":{"@id":"https:\/\/tuzlainfo.ba\/index.php\/novosti\/item\/200938-dom-naroda-nije-usvojio-izmjene-zakona-o-platama-primanja-politicara-od-sada-iznad-5-000-km\/#primaryimage"},"thumbnailUrl":"https:\/\/tuzlainfo.ba\/wp-content\/uploads\/2023\/03\/2803_dom-naroda_psbih.jpeg","keywords":["dom naroda bih"],"articleSection":["Istaknuto","Novosti"],"inLanguage":"bs-BA"},{"@type":"WebPage","@id":"https:\/\/tuzlainfo.ba\/index.php\/novosti\/item\/200938-dom-naroda-nije-usvojio-izmjene-zakona-o-platama-primanja-politicara-od-sada-iznad-5-000-km\/","url":"https:\/\/tuzlainfo.ba\/index.php\/novosti\/item\/200938-dom-naroda-nije-usvojio-izmjene-zakona-o-platama-primanja-politicara-od-sada-iznad-5-000-km\/","name":"Dom naroda nije usvojio izmjene Zakona o platama: Primanja politi\u010dara od sada iznad 5.000 KM - TuzlaInfo.ba","isPartOf":{"@id":"https:\/\/tuzlainfo.ba\/#website"},"primaryImageOfPage":{"@id":"https:\/\/tuzlainfo.ba\/index.php\/novosti\/item\/200938-dom-naroda-nije-usvojio-izmjene-zakona-o-platama-primanja-politicara-od-sada-iznad-5-000-km\/#primaryimage"},"image":{"@id":"https:\/\/tuzlainfo.ba\/index.php\/novosti\/item\/200938-dom-naroda-nije-usvojio-izmjene-zakona-o-platama-primanja-politicara-od-sada-iznad-5-000-km\/#primaryimage"},"thumbnailUrl":"https:\/\/tuzlainfo.ba\/wp-content\/uploads\/2023\/03\/2803_dom-naroda_psbih.jpeg","datePublished":"2023-03-30T12:20:34+00:00","dateModified":"2023-03-30T12:20:34+00:00","breadcrumb":{"@id":"https:\/\/tuzlainfo.ba\/index.php\/novosti\/item\/200938-dom-naroda-nije-usvojio-izmjene-zakona-o-platama-primanja-politicara-od-sada-iznad-5-000-km\/#breadcrumb"},"inLanguage":"bs-BA","potentialAction":[{"@type":"ReadAction","target":["https:\/\/tuzlainfo.ba\/index.php\/novosti\/item\/200938-dom-naroda-nije-usvojio-izmjene-zakona-o-platama-primanja-politicara-od-sada-iznad-5-000-km\/"]}]},{"@type":"ImageObject","inLanguage":"bs-BA","@id":"https:\/\/tuzlainfo.ba\/index.php\/novosti\/item\/200938-dom-naroda-nije-usvojio-izmjene-zakona-o-platama-primanja-politicara-od-sada-iznad-5-000-km\/#primaryimage","url":"https:\/\/tuzlainfo.ba\/wp-content\/uploads\/2023\/03\/2803_dom-naroda_psbih.jpeg","contentUrl":"https:\/\/tuzlainfo.ba\/wp-content\/uploads\/2023\/03\/2803_dom-naroda_psbih.jpeg","width":1297,"height":730},{"@type":"BreadcrumbList","@id":"https:\/\/tuzlainfo.ba\/index.php\/novosti\/item\/200938-dom-naroda-nije-usvojio-izmjene-zakona-o-platama-primanja-politicara-od-sada-iznad-5-000-km\/#breadcrumb","itemListElement":[{"@type":"ListItem","position":1,"name":"Home","item":"https:\/\/tuzlainfo.ba\/"},{"@type":"ListItem","position":2,"name":"Dom naroda nije usvojio izmjene Zakona o platama: Primanja politi\u010dara od sada iznad 5.000 KM"}]},{"@type":"WebSite","@id":"https:\/\/tuzlainfo.ba\/#website","url":"https:\/\/tuzlainfo.ba\/","name":"TuzlaInfo.ba","description":"Tuzla info, gradski informator - Tuzla na dlanu","publisher":{"@id":"https:\/\/tuzlainfo.ba\/#organization"},"potentialAction":[{"@type":"SearchAction","target":{"@type":"EntryPoint","urlTemplate":"https:\/\/tuzlainfo.ba\/?s={search_term_string}"},"query-input":{"@type":"PropertyValueSpecification","valueRequired":true,"valueName":"search_term_string"}}],"inLanguage":"bs-BA"},{"@type":"Organization","@id":"https:\/\/tuzlainfo.ba\/#organization","name":"TuzlaInfo.ba","url":"https:\/\/tuzlainfo.ba\/","logo":{"@type":"ImageObject","inLanguage":"bs-BA","@id":"https:\/\/tuzlainfo.ba\/#\/schema\/logo\/image\/","url":"https:\/\/tuzlainfo.ba\/wp-content\/uploads\/2021\/03\/logo-ver-3-1.png","contentUrl":"https:\/\/tuzlainfo.ba\/wp-content\/uploads\/2021\/03\/logo-ver-3-1.png","width":350,"height":95,"caption":"TuzlaInfo.ba"},"image":{"@id":"https:\/\/tuzlainfo.ba\/#\/schema\/logo\/image\/"},"sameAs":["https:\/\/www.facebook.com\/tuzlainfo.ba\/"]},{"@type":"Person","@id":"https:\/\/tuzlainfo.ba\/#\/schema\/person\/46cad4c57790cbc50781edd14870825a","name":"Tuzla Info","image":{"@type":"ImageObject","inLanguage":"bs-BA","@id":"https:\/\/tuzlainfo.ba\/#\/schema\/person\/image\/","url":"https:\/\/tuzlainfo.ba\/wp-content\/litespeed\/avatar\/b6c453a6c38e3654f2e4416c643fc25c.jpg?ver=1777051911","contentUrl":"https:\/\/tuzlainfo.ba\/wp-content\/litespeed\/avatar\/b6c453a6c38e3654f2e4416c643fc25c.jpg?ver=1777051911","caption":"Tuzla Info"}}]}},"_links":{"self":[{"href":"https:\/\/tuzlainfo.ba\/index.php\/wp-json\/wp\/v2\/posts\/200938"}],"collection":[{"href":"https:\/\/tuzlainfo.ba\/index.php\/wp-json\/wp\/v2\/posts"}],"about":[{"href":"https:\/\/tuzlainfo.ba\/index.php\/wp-json\/wp\/v2\/types\/post"}],"author":[{"embeddable":true,"href":"https:\/\/tuzlainfo.ba\/index.php\/wp-json\/wp\/v2\/users\/4"}],"replies":[{"embeddable":true,"href":"https:\/\/tuzlainfo.ba\/index.php\/wp-json\/wp\/v2\/comments?post=200938"}],"version-history":[{"count":0,"href":"https:\/\/tuzlainfo.ba\/index.php\/wp-json\/wp\/v2\/posts\/200938\/revisions"}],"wp:featuredmedia":[{"embeddable":true,"href":"https:\/\/tuzlainfo.ba\/index.php\/wp-json\/wp\/v2\/media\/200768"}],"wp:attachment":[{"href":"https:\/\/tuzlainfo.ba\/index.php\/wp-json\/wp\/v2\/media?parent=200938"}],"wp:term":[{"taxonomy":"category","embeddable":true,"href":"https:\/\/tuzlainfo.ba\/index.php\/wp-json\/wp\/v2\/categories?post=200938"},{"taxonomy":"post_tag","embeddable":true,"href":"https:\/\/tuzlainfo.ba\/index.php\/wp-json\/wp\/v2\/tags?post=200938"}],"curies":[{"name":"wp","href":"https:\/\/api.w.org\/{rel}","templated":true}]}}