{"id":200894,"date":"2023-03-29T17:32:56","date_gmt":"2023-03-29T15:32:56","guid":{"rendered":"https:\/\/tuzlainfo.ba\/?p=200894"},"modified":"2023-03-29T17:32:56","modified_gmt":"2023-03-29T15:32:56","slug":"potpisan-ugovor-uskoro-uklanjanje-kruksa-iz-kruga-hak-a-u-tuzli","status":"publish","type":"post","link":"https:\/\/tuzlainfo.ba\/index.php\/novosti\/item\/200894-potpisan-ugovor-uskoro-uklanjanje-kruksa-iz-kruga-hak-a-u-tuzli\/","title":{"rendered":"Potpisan ugovor: Uskoro uklanjanje kruksa iz kruga HAK-a u Tuzli"},"content":{"rendered":"<p>Federalna ministrica okoli\u0161a i turizma Edita \u0110apo potpisala je danas ugovor s ministricom prostornog ure\u0111enja i za\u0161tite okolice Tuzlanskog kantona Anelom Aj\u0161i\u0107 o namjenskom prijenosu sredstava za sufinansiranje projekta za uklanjanje opasnog otpada iz biv\u0161eg HAK-a i dekontaminacije tla u industrijskoj zoni Tuzla.<\/p>\n<p>&nbsp;<\/p>\n<p>Za sanaciju i uklanjanje deponije kruksa iz kruga biv\u0161eg HAK- a u bud\u017eetu Federacije BiH izdvojeno je 2.000.000 KM, a rok za realizaciju ovog projekta je 12 mjeseci, saop\u0107eno je iz Federalnog ministarstva okoli\u0161a i turizma.<\/p>\n<p>&nbsp;<\/p>\n<p>Ministrica \u0110apo isti\u010de da je ova deponija jedan je od najve\u0107ih ekolo\u0161kih problema u Federaciji BiH.<\/p>\n<p>&nbsp;<\/p>\n<p>&#8211; Radi se o opasnom otpadu kojeg je godinama stvarala hemijska industrija u Tuzli, a koji nije propisno odlagan. Ministarstvo prostornog ure\u0111enja i za\u0161tite okolice TK uradilo je istra\u017eivanje u kojem je navedeno da kruks i ostali hemijski spojevi, koji su prona\u0111eni, predstavljaju opasnost po zdravlje stanovni\u0161tva, jer je otpad zakopan u zemlju pored korita rijeke Jale. Vjerujemo da \u0107e s ova dva miliona maraka vi\u0161edecenijski problem gra\u0111ana tuzlanske regije biti rije\u0161en \u2013 rekla je \u0110apo.<\/p>\n<p>&nbsp;<\/p>\n<p>Ministrica Aj\u0161i\u0107 izrazila je zahvalnost Vladi FBiH i Federalnom ministarstvu okoli\u0161a i turizma na izdvojenim sredstvima, saop\u0107eno je iz ovog ministarstva.<\/p>\n","protected":false},"excerpt":{"rendered":"<p>Federalna ministrica okoli\u0161a i turizma Edita \u0110apo potpisala je danas ugovor s ministricom prostornog ure\u0111enja&hellip;<\/p>\n","protected":false},"author":4,"featured_media":175043,"comment_status":"open","ping_status":"closed","sticky":false,"template":"","format":"standard","meta":{"_acf_changed":false,"footnotes":""},"categories":[304,12,306],"tags":[955,2483,6059,336],"acf":[],"yoast_head":"<!-- This site is optimized with the Yoast SEO plugin v23.5 - https:\/\/yoast.com\/wordpress\/plugins\/seo\/ -->\n<title>Potpisan ugovor: Uskoro uklanjanje kruksa iz kruga HAK-a u Tuzli - TuzlaInfo.ba<\/title>\n<meta name=\"robots\" content=\"index, follow, max-snippet:-1, max-image-preview:large, max-video-preview:-1\" \/>\n<link rel=\"canonical\" href=\"https:\/\/tuzlainfo.ba\/index.php\/novosti\/item\/200894-potpisan-ugovor-uskoro-uklanjanje-kruksa-iz-kruga-hak-a-u-tuzli\/\" \/>\n<meta property=\"og:locale\" content=\"bs_BA\" \/>\n<meta property=\"og:type\" content=\"article\" \/>\n<meta property=\"og:title\" content=\"Potpisan ugovor: Uskoro uklanjanje kruksa iz kruga HAK-a u Tuzli - TuzlaInfo.ba\" \/>\n<meta property=\"og:description\" content=\"Federalna ministrica okoli\u0161a i turizma Edita \u0110apo potpisala je danas ugovor s ministricom prostornog ure\u0111enja&hellip;\" \/>\n<meta property=\"og:url\" content=\"https:\/\/tuzlainfo.ba\/index.php\/novosti\/item\/200894-potpisan-ugovor-uskoro-uklanjanje-kruksa-iz-kruga-hak-a-u-tuzli\/\" \/>\n<meta property=\"og:site_name\" content=\"TuzlaInfo.ba\" \/>\n<meta property=\"article:publisher\" content=\"https:\/\/www.facebook.com\/tuzlainfo.ba\/\" \/>\n<meta property=\"article:published_time\" content=\"2023-03-29T15:32:56+00:00\" \/>\n<meta property=\"og:image\" content=\"https:\/\/tuzlainfo.ba\/wp-content\/uploads\/2022\/06\/hak-2.jpg\" \/>\n\t<meta property=\"og:image:width\" content=\"1734\" \/>\n\t<meta property=\"og:image:height\" content=\"1302\" \/>\n\t<meta property=\"og:image:type\" content=\"image\/jpeg\" \/>\n<meta name=\"author\" content=\"Tuzla Info\" \/>\n<meta name=\"twitter:card\" content=\"summary_large_image\" \/>\n<meta name=\"twitter:label1\" content=\"Written by\" \/>\n\t<meta name=\"twitter:data1\" content=\"Tuzla Info\" \/>\n\t<meta name=\"twitter:label2\" content=\"Est. reading time\" \/>\n\t<meta name=\"twitter:data2\" content=\"1 minuta\" \/>\n<script type=\"application\/ld+json\" class=\"yoast-schema-graph\">{\"@context\":\"https:\/\/schema.org\",\"@graph\":[{\"@type\":\"Article\",\"@id\":\"https:\/\/tuzlainfo.ba\/index.php\/novosti\/item\/200894-potpisan-ugovor-uskoro-uklanjanje-kruksa-iz-kruga-hak-a-u-tuzli\/#article\",\"isPartOf\":{\"@id\":\"https:\/\/tuzlainfo.ba\/index.php\/novosti\/item\/200894-potpisan-ugovor-uskoro-uklanjanje-kruksa-iz-kruga-hak-a-u-tuzli\/\"},\"author\":{\"name\":\"Tuzla Info\",\"@id\":\"https:\/\/tuzlainfo.ba\/#\/schema\/person\/46cad4c57790cbc50781edd14870825a\"},\"headline\":\"Potpisan ugovor: Uskoro uklanjanje kruksa iz kruga HAK-a u Tuzli\",\"datePublished\":\"2023-03-29T15:32:56+00:00\",\"dateModified\":\"2023-03-29T15:32:56+00:00\",\"mainEntityOfPage\":{\"@id\":\"https:\/\/tuzlainfo.ba\/index.php\/novosti\/item\/200894-potpisan-ugovor-uskoro-uklanjanje-kruksa-iz-kruga-hak-a-u-tuzli\/\"},\"wordCount\":226,\"commentCount\":0,\"publisher\":{\"@id\":\"https:\/\/tuzlainfo.ba\/#organization\"},\"image\":{\"@id\":\"https:\/\/tuzlainfo.ba\/index.php\/novosti\/item\/200894-potpisan-ugovor-uskoro-uklanjanje-kruksa-iz-kruga-hak-a-u-tuzli\/#primaryimage\"},\"thumbnailUrl\":\"https:\/\/tuzlainfo.ba\/wp-content\/uploads\/2022\/06\/hak-2.jpg\",\"keywords\":[\"hak\",\"ugovor\",\"Vlada federacije BiH\",\"vlada tk\"],\"articleSection\":[\"Istaknuto\",\"Novosti\",\"Preporu\u010dujemo\"],\"inLanguage\":\"bs-BA\"},{\"@type\":\"WebPage\",\"@id\":\"https:\/\/tuzlainfo.ba\/index.php\/novosti\/item\/200894-potpisan-ugovor-uskoro-uklanjanje-kruksa-iz-kruga-hak-a-u-tuzli\/\",\"url\":\"https:\/\/tuzlainfo.ba\/index.php\/novosti\/item\/200894-potpisan-ugovor-uskoro-uklanjanje-kruksa-iz-kruga-hak-a-u-tuzli\/\",\"name\":\"Potpisan ugovor: Uskoro uklanjanje kruksa iz kruga HAK-a u Tuzli - TuzlaInfo.ba\",\"isPartOf\":{\"@id\":\"https:\/\/tuzlainfo.ba\/#website\"},\"primaryImageOfPage\":{\"@id\":\"https:\/\/tuzlainfo.ba\/index.php\/novosti\/item\/200894-potpisan-ugovor-uskoro-uklanjanje-kruksa-iz-kruga-hak-a-u-tuzli\/#primaryimage\"},\"image\":{\"@id\":\"https:\/\/tuzlainfo.ba\/index.php\/novosti\/item\/200894-potpisan-ugovor-uskoro-uklanjanje-kruksa-iz-kruga-hak-a-u-tuzli\/#primaryimage\"},\"thumbnailUrl\":\"https:\/\/tuzlainfo.ba\/wp-content\/uploads\/2022\/06\/hak-2.jpg\",\"datePublished\":\"2023-03-29T15:32:56+00:00\",\"dateModified\":\"2023-03-29T15:32:56+00:00\",\"breadcrumb\":{\"@id\":\"https:\/\/tuzlainfo.ba\/index.php\/novosti\/item\/200894-potpisan-ugovor-uskoro-uklanjanje-kruksa-iz-kruga-hak-a-u-tuzli\/#breadcrumb\"},\"inLanguage\":\"bs-BA\",\"potentialAction\":[{\"@type\":\"ReadAction\",\"target\":[\"https:\/\/tuzlainfo.ba\/index.php\/novosti\/item\/200894-potpisan-ugovor-uskoro-uklanjanje-kruksa-iz-kruga-hak-a-u-tuzli\/\"]}]},{\"@type\":\"ImageObject\",\"inLanguage\":\"bs-BA\",\"@id\":\"https:\/\/tuzlainfo.ba\/index.php\/novosti\/item\/200894-potpisan-ugovor-uskoro-uklanjanje-kruksa-iz-kruga-hak-a-u-tuzli\/#primaryimage\",\"url\":\"https:\/\/tuzlainfo.ba\/wp-content\/uploads\/2022\/06\/hak-2.jpg\",\"contentUrl\":\"https:\/\/tuzlainfo.ba\/wp-content\/uploads\/2022\/06\/hak-2.jpg\",\"width\":1734,\"height\":1302,\"caption\":\"Foto: Tuzlainfo\"},{\"@type\":\"BreadcrumbList\",\"@id\":\"https:\/\/tuzlainfo.ba\/index.php\/novosti\/item\/200894-potpisan-ugovor-uskoro-uklanjanje-kruksa-iz-kruga-hak-a-u-tuzli\/#breadcrumb\",\"itemListElement\":[{\"@type\":\"ListItem\",\"position\":1,\"name\":\"Home\",\"item\":\"https:\/\/tuzlainfo.ba\/\"},{\"@type\":\"ListItem\",\"position\":2,\"name\":\"Potpisan ugovor: Uskoro uklanjanje kruksa iz kruga HAK-a u Tuzli\"}]},{\"@type\":\"WebSite\",\"@id\":\"https:\/\/tuzlainfo.ba\/#website\",\"url\":\"https:\/\/tuzlainfo.ba\/\",\"name\":\"TuzlaInfo.ba\",\"description\":\"Tuzla info, gradski informator - Tuzla na dlanu\",\"publisher\":{\"@id\":\"https:\/\/tuzlainfo.ba\/#organization\"},\"potentialAction\":[{\"@type\":\"SearchAction\",\"target\":{\"@type\":\"EntryPoint\",\"urlTemplate\":\"https:\/\/tuzlainfo.ba\/?s={search_term_string}\"},\"query-input\":{\"@type\":\"PropertyValueSpecification\",\"valueRequired\":true,\"valueName\":\"search_term_string\"}}],\"inLanguage\":\"bs-BA\"},{\"@type\":\"Organization\",\"@id\":\"https:\/\/tuzlainfo.ba\/#organization\",\"name\":\"TuzlaInfo.ba\",\"url\":\"https:\/\/tuzlainfo.ba\/\",\"logo\":{\"@type\":\"ImageObject\",\"inLanguage\":\"bs-BA\",\"@id\":\"https:\/\/tuzlainfo.ba\/#\/schema\/logo\/image\/\",\"url\":\"https:\/\/tuzlainfo.ba\/wp-content\/uploads\/2021\/03\/logo-ver-3-1.png\",\"contentUrl\":\"https:\/\/tuzlainfo.ba\/wp-content\/uploads\/2021\/03\/logo-ver-3-1.png\",\"width\":350,\"height\":95,\"caption\":\"TuzlaInfo.ba\"},\"image\":{\"@id\":\"https:\/\/tuzlainfo.ba\/#\/schema\/logo\/image\/\"},\"sameAs\":[\"https:\/\/www.facebook.com\/tuzlainfo.ba\/\"]},{\"@type\":\"Person\",\"@id\":\"https:\/\/tuzlainfo.ba\/#\/schema\/person\/46cad4c57790cbc50781edd14870825a\",\"name\":\"Tuzla Info\",\"image\":{\"@type\":\"ImageObject\",\"inLanguage\":\"bs-BA\",\"@id\":\"https:\/\/tuzlainfo.ba\/#\/schema\/person\/image\/\",\"url\":\"https:\/\/tuzlainfo.ba\/wp-content\/litespeed\/avatar\/b6c453a6c38e3654f2e4416c643fc25c.jpg?ver=1777656712\",\"contentUrl\":\"https:\/\/tuzlainfo.ba\/wp-content\/litespeed\/avatar\/b6c453a6c38e3654f2e4416c643fc25c.jpg?ver=1777656712\",\"caption\":\"Tuzla Info\"}}]}<\/script>\n<!-- \/ Yoast SEO plugin. -->","yoast_head_json":{"title":"Potpisan ugovor: Uskoro uklanjanje kruksa iz kruga HAK-a u Tuzli - TuzlaInfo.ba","robots":{"index":"index","follow":"follow","max-snippet":"max-snippet:-1","max-image-preview":"max-image-preview:large","max-video-preview":"max-video-preview:-1"},"canonical":"https:\/\/tuzlainfo.ba\/index.php\/novosti\/item\/200894-potpisan-ugovor-uskoro-uklanjanje-kruksa-iz-kruga-hak-a-u-tuzli\/","og_locale":"bs_BA","og_type":"article","og_title":"Potpisan ugovor: Uskoro uklanjanje kruksa iz kruga HAK-a u Tuzli - TuzlaInfo.ba","og_description":"Federalna ministrica okoli\u0161a i turizma Edita \u0110apo potpisala je danas ugovor s ministricom prostornog ure\u0111enja&hellip;","og_url":"https:\/\/tuzlainfo.ba\/index.php\/novosti\/item\/200894-potpisan-ugovor-uskoro-uklanjanje-kruksa-iz-kruga-hak-a-u-tuzli\/","og_site_name":"TuzlaInfo.ba","article_publisher":"https:\/\/www.facebook.com\/tuzlainfo.ba\/","article_published_time":"2023-03-29T15:32:56+00:00","og_image":[{"width":1734,"height":1302,"url":"https:\/\/tuzlainfo.ba\/wp-content\/uploads\/2022\/06\/hak-2.jpg","type":"image\/jpeg"}],"author":"Tuzla Info","twitter_card":"summary_large_image","twitter_misc":{"Written by":"Tuzla Info","Est. reading time":"1 minuta"},"schema":{"@context":"https:\/\/schema.org","@graph":[{"@type":"Article","@id":"https:\/\/tuzlainfo.ba\/index.php\/novosti\/item\/200894-potpisan-ugovor-uskoro-uklanjanje-kruksa-iz-kruga-hak-a-u-tuzli\/#article","isPartOf":{"@id":"https:\/\/tuzlainfo.ba\/index.php\/novosti\/item\/200894-potpisan-ugovor-uskoro-uklanjanje-kruksa-iz-kruga-hak-a-u-tuzli\/"},"author":{"name":"Tuzla Info","@id":"https:\/\/tuzlainfo.ba\/#\/schema\/person\/46cad4c57790cbc50781edd14870825a"},"headline":"Potpisan ugovor: Uskoro uklanjanje kruksa iz kruga HAK-a u Tuzli","datePublished":"2023-03-29T15:32:56+00:00","dateModified":"2023-03-29T15:32:56+00:00","mainEntityOfPage":{"@id":"https:\/\/tuzlainfo.ba\/index.php\/novosti\/item\/200894-potpisan-ugovor-uskoro-uklanjanje-kruksa-iz-kruga-hak-a-u-tuzli\/"},"wordCount":226,"commentCount":0,"publisher":{"@id":"https:\/\/tuzlainfo.ba\/#organization"},"image":{"@id":"https:\/\/tuzlainfo.ba\/index.php\/novosti\/item\/200894-potpisan-ugovor-uskoro-uklanjanje-kruksa-iz-kruga-hak-a-u-tuzli\/#primaryimage"},"thumbnailUrl":"https:\/\/tuzlainfo.ba\/wp-content\/uploads\/2022\/06\/hak-2.jpg","keywords":["hak","ugovor","Vlada federacije BiH","vlada tk"],"articleSection":["Istaknuto","Novosti","Preporu\u010dujemo"],"inLanguage":"bs-BA"},{"@type":"WebPage","@id":"https:\/\/tuzlainfo.ba\/index.php\/novosti\/item\/200894-potpisan-ugovor-uskoro-uklanjanje-kruksa-iz-kruga-hak-a-u-tuzli\/","url":"https:\/\/tuzlainfo.ba\/index.php\/novosti\/item\/200894-potpisan-ugovor-uskoro-uklanjanje-kruksa-iz-kruga-hak-a-u-tuzli\/","name":"Potpisan ugovor: Uskoro uklanjanje kruksa iz kruga HAK-a u Tuzli - TuzlaInfo.ba","isPartOf":{"@id":"https:\/\/tuzlainfo.ba\/#website"},"primaryImageOfPage":{"@id":"https:\/\/tuzlainfo.ba\/index.php\/novosti\/item\/200894-potpisan-ugovor-uskoro-uklanjanje-kruksa-iz-kruga-hak-a-u-tuzli\/#primaryimage"},"image":{"@id":"https:\/\/tuzlainfo.ba\/index.php\/novosti\/item\/200894-potpisan-ugovor-uskoro-uklanjanje-kruksa-iz-kruga-hak-a-u-tuzli\/#primaryimage"},"thumbnailUrl":"https:\/\/tuzlainfo.ba\/wp-content\/uploads\/2022\/06\/hak-2.jpg","datePublished":"2023-03-29T15:32:56+00:00","dateModified":"2023-03-29T15:32:56+00:00","breadcrumb":{"@id":"https:\/\/tuzlainfo.ba\/index.php\/novosti\/item\/200894-potpisan-ugovor-uskoro-uklanjanje-kruksa-iz-kruga-hak-a-u-tuzli\/#breadcrumb"},"inLanguage":"bs-BA","potentialAction":[{"@type":"ReadAction","target":["https:\/\/tuzlainfo.ba\/index.php\/novosti\/item\/200894-potpisan-ugovor-uskoro-uklanjanje-kruksa-iz-kruga-hak-a-u-tuzli\/"]}]},{"@type":"ImageObject","inLanguage":"bs-BA","@id":"https:\/\/tuzlainfo.ba\/index.php\/novosti\/item\/200894-potpisan-ugovor-uskoro-uklanjanje-kruksa-iz-kruga-hak-a-u-tuzli\/#primaryimage","url":"https:\/\/tuzlainfo.ba\/wp-content\/uploads\/2022\/06\/hak-2.jpg","contentUrl":"https:\/\/tuzlainfo.ba\/wp-content\/uploads\/2022\/06\/hak-2.jpg","width":1734,"height":1302,"caption":"Foto: Tuzlainfo"},{"@type":"BreadcrumbList","@id":"https:\/\/tuzlainfo.ba\/index.php\/novosti\/item\/200894-potpisan-ugovor-uskoro-uklanjanje-kruksa-iz-kruga-hak-a-u-tuzli\/#breadcrumb","itemListElement":[{"@type":"ListItem","position":1,"name":"Home","item":"https:\/\/tuzlainfo.ba\/"},{"@type":"ListItem","position":2,"name":"Potpisan ugovor: Uskoro uklanjanje kruksa iz kruga HAK-a u Tuzli"}]},{"@type":"WebSite","@id":"https:\/\/tuzlainfo.ba\/#website","url":"https:\/\/tuzlainfo.ba\/","name":"TuzlaInfo.ba","description":"Tuzla info, gradski informator - Tuzla na dlanu","publisher":{"@id":"https:\/\/tuzlainfo.ba\/#organization"},"potentialAction":[{"@type":"SearchAction","target":{"@type":"EntryPoint","urlTemplate":"https:\/\/tuzlainfo.ba\/?s={search_term_string}"},"query-input":{"@type":"PropertyValueSpecification","valueRequired":true,"valueName":"search_term_string"}}],"inLanguage":"bs-BA"},{"@type":"Organization","@id":"https:\/\/tuzlainfo.ba\/#organization","name":"TuzlaInfo.ba","url":"https:\/\/tuzlainfo.ba\/","logo":{"@type":"ImageObject","inLanguage":"bs-BA","@id":"https:\/\/tuzlainfo.ba\/#\/schema\/logo\/image\/","url":"https:\/\/tuzlainfo.ba\/wp-content\/uploads\/2021\/03\/logo-ver-3-1.png","contentUrl":"https:\/\/tuzlainfo.ba\/wp-content\/uploads\/2021\/03\/logo-ver-3-1.png","width":350,"height":95,"caption":"TuzlaInfo.ba"},"image":{"@id":"https:\/\/tuzlainfo.ba\/#\/schema\/logo\/image\/"},"sameAs":["https:\/\/www.facebook.com\/tuzlainfo.ba\/"]},{"@type":"Person","@id":"https:\/\/tuzlainfo.ba\/#\/schema\/person\/46cad4c57790cbc50781edd14870825a","name":"Tuzla Info","image":{"@type":"ImageObject","inLanguage":"bs-BA","@id":"https:\/\/tuzlainfo.ba\/#\/schema\/person\/image\/","url":"https:\/\/tuzlainfo.ba\/wp-content\/litespeed\/avatar\/b6c453a6c38e3654f2e4416c643fc25c.jpg?ver=1777656712","contentUrl":"https:\/\/tuzlainfo.ba\/wp-content\/litespeed\/avatar\/b6c453a6c38e3654f2e4416c643fc25c.jpg?ver=1777656712","caption":"Tuzla Info"}}]}},"_links":{"self":[{"href":"https:\/\/tuzlainfo.ba\/index.php\/wp-json\/wp\/v2\/posts\/200894"}],"collection":[{"href":"https:\/\/tuzlainfo.ba\/index.php\/wp-json\/wp\/v2\/posts"}],"about":[{"href":"https:\/\/tuzlainfo.ba\/index.php\/wp-json\/wp\/v2\/types\/post"}],"author":[{"embeddable":true,"href":"https:\/\/tuzlainfo.ba\/index.php\/wp-json\/wp\/v2\/users\/4"}],"replies":[{"embeddable":true,"href":"https:\/\/tuzlainfo.ba\/index.php\/wp-json\/wp\/v2\/comments?post=200894"}],"version-history":[{"count":0,"href":"https:\/\/tuzlainfo.ba\/index.php\/wp-json\/wp\/v2\/posts\/200894\/revisions"}],"wp:featuredmedia":[{"embeddable":true,"href":"https:\/\/tuzlainfo.ba\/index.php\/wp-json\/wp\/v2\/media\/175043"}],"wp:attachment":[{"href":"https:\/\/tuzlainfo.ba\/index.php\/wp-json\/wp\/v2\/media?parent=200894"}],"wp:term":[{"taxonomy":"category","embeddable":true,"href":"https:\/\/tuzlainfo.ba\/index.php\/wp-json\/wp\/v2\/categories?post=200894"},{"taxonomy":"post_tag","embeddable":true,"href":"https:\/\/tuzlainfo.ba\/index.php\/wp-json\/wp\/v2\/tags?post=200894"}],"curies":[{"name":"wp","href":"https:\/\/api.w.org\/{rel}","templated":true}]}}