{"id":200891,"date":"2023-03-29T17:28:40","date_gmt":"2023-03-29T15:28:40","guid":{"rendered":"https:\/\/tuzlainfo.ba\/?p=200891"},"modified":"2023-03-29T17:28:40","modified_gmt":"2023-03-29T15:28:40","slug":"predstavnicki-dom-psbih-podrzao-budzet-isti-dokument-sutra-na-domu-naroda","status":"publish","type":"post","link":"https:\/\/tuzlainfo.ba\/index.php\/bosna-i-hercegovina\/item\/200891-predstavnicki-dom-psbih-podrzao-budzet-isti-dokument-sutra-na-domu-naroda\/","title":{"rendered":"Predstavni\u010dki dom PSBiH podr\u017eao bud\u017eet, isti dokument sutra na Domu naroda"},"content":{"rendered":"<p>Dom naroda Parlamentarne skup\u0161tine Bosne i Hercegovine bi na hitnoj sjednici zakazanoj za sutra trebalo da razmatra zahtjev Predstavni\u010dkog doma da Prijedlog zakona o Bud\u017eetu institucija Bosne i Hercegovine i me\u0111unarodnih obaveza BiH za 2023. godinu razmatra po hitnom postupku.<\/p>\n<p>&nbsp;<\/p>\n<p>Predstavni\u010dki dom danas je, po hitnom postupku, usvojio ovaj dokument, uz zaklju\u010dak da ga upute Domu naroda da ga razmatra tako\u0111er po hitnom postupku.<\/p>\n<p>&nbsp;<\/p>\n<p>Dom naroda bi trebao razmatrati i zahtjev Predsjedni\u0161tva BiH da Prijedloga zakona o dopuni Zakona o pla\u0107ama i naknadama u institucijama BiH razmatra po hitnom postupku.<\/p>\n<p>&nbsp;<\/p>\n<p>Predlo\u017eeni zakon danas je jednoglasno po hitnom postupku usvojio Predstavni\u010dki dom dr\u017eavnog parlamenta.<\/p>\n","protected":false},"excerpt":{"rendered":"<p>Dom naroda Parlamentarne skup\u0161tine Bosne i Hercegovine bi na hitnoj sjednici zakazanoj za sutra trebalo&hellip;<\/p>\n","protected":false},"author":4,"featured_media":200768,"comment_status":"open","ping_status":"closed","sticky":false,"template":"","format":"standard","meta":{"_acf_changed":false,"footnotes":""},"categories":[291,304],"tags":[5013,4735],"acf":[],"yoast_head":"<!-- This site is optimized with the Yoast SEO plugin v23.5 - https:\/\/yoast.com\/wordpress\/plugins\/seo\/ -->\n<title>Predstavni\u010dki dom PSBiH podr\u017eao bud\u017eet, isti dokument sutra na Domu naroda - TuzlaInfo.ba<\/title>\n<meta name=\"robots\" content=\"index, follow, max-snippet:-1, max-image-preview:large, max-video-preview:-1\" \/>\n<link rel=\"canonical\" href=\"https:\/\/tuzlainfo.ba\/index.php\/bosna-i-hercegovina\/item\/200891-predstavnicki-dom-psbih-podrzao-budzet-isti-dokument-sutra-na-domu-naroda\/\" \/>\n<meta property=\"og:locale\" content=\"bs_BA\" \/>\n<meta property=\"og:type\" content=\"article\" \/>\n<meta property=\"og:title\" content=\"Predstavni\u010dki dom PSBiH podr\u017eao bud\u017eet, isti dokument sutra na Domu naroda - TuzlaInfo.ba\" \/>\n<meta property=\"og:description\" content=\"Dom naroda Parlamentarne skup\u0161tine Bosne i Hercegovine bi na hitnoj sjednici zakazanoj za sutra trebalo&hellip;\" \/>\n<meta property=\"og:url\" content=\"https:\/\/tuzlainfo.ba\/index.php\/bosna-i-hercegovina\/item\/200891-predstavnicki-dom-psbih-podrzao-budzet-isti-dokument-sutra-na-domu-naroda\/\" \/>\n<meta property=\"og:site_name\" content=\"TuzlaInfo.ba\" \/>\n<meta property=\"article:publisher\" content=\"https:\/\/www.facebook.com\/tuzlainfo.ba\/\" \/>\n<meta property=\"article:published_time\" content=\"2023-03-29T15:28:40+00:00\" \/>\n<meta property=\"og:image\" content=\"https:\/\/tuzlainfo.ba\/wp-content\/uploads\/2023\/03\/2803_dom-naroda_psbih.jpeg\" \/>\n\t<meta property=\"og:image:width\" content=\"1297\" \/>\n\t<meta property=\"og:image:height\" content=\"730\" \/>\n\t<meta property=\"og:image:type\" content=\"image\/jpeg\" \/>\n<meta name=\"author\" content=\"Tuzla Info\" \/>\n<meta name=\"twitter:card\" content=\"summary_large_image\" \/>\n<meta name=\"twitter:label1\" content=\"Written by\" \/>\n\t<meta name=\"twitter:data1\" content=\"Tuzla Info\" \/>\n\t<meta name=\"twitter:label2\" content=\"Est. reading time\" \/>\n\t<meta name=\"twitter:data2\" content=\"1 minuta\" \/>\n<script type=\"application\/ld+json\" class=\"yoast-schema-graph\">{\"@context\":\"https:\/\/schema.org\",\"@graph\":[{\"@type\":\"Article\",\"@id\":\"https:\/\/tuzlainfo.ba\/index.php\/bosna-i-hercegovina\/item\/200891-predstavnicki-dom-psbih-podrzao-budzet-isti-dokument-sutra-na-domu-naroda\/#article\",\"isPartOf\":{\"@id\":\"https:\/\/tuzlainfo.ba\/index.php\/bosna-i-hercegovina\/item\/200891-predstavnicki-dom-psbih-podrzao-budzet-isti-dokument-sutra-na-domu-naroda\/\"},\"author\":{\"name\":\"Tuzla Info\",\"@id\":\"https:\/\/tuzlainfo.ba\/#\/schema\/person\/46cad4c57790cbc50781edd14870825a\"},\"headline\":\"Predstavni\u010dki dom PSBiH podr\u017eao bud\u017eet, isti dokument sutra na Domu naroda\",\"datePublished\":\"2023-03-29T15:28:40+00:00\",\"dateModified\":\"2023-03-29T15:28:40+00:00\",\"mainEntityOfPage\":{\"@id\":\"https:\/\/tuzlainfo.ba\/index.php\/bosna-i-hercegovina\/item\/200891-predstavnicki-dom-psbih-podrzao-budzet-isti-dokument-sutra-na-domu-naroda\/\"},\"wordCount\":131,\"commentCount\":0,\"publisher\":{\"@id\":\"https:\/\/tuzlainfo.ba\/#organization\"},\"image\":{\"@id\":\"https:\/\/tuzlainfo.ba\/index.php\/bosna-i-hercegovina\/item\/200891-predstavnicki-dom-psbih-podrzao-budzet-isti-dokument-sutra-na-domu-naroda\/#primaryimage\"},\"thumbnailUrl\":\"https:\/\/tuzlainfo.ba\/wp-content\/uploads\/2023\/03\/2803_dom-naroda_psbih.jpeg\",\"keywords\":[\"budzet bih\",\"dom naroda bih\"],\"articleSection\":[\"Bosna i Hercegovina\",\"Istaknuto\"],\"inLanguage\":\"bs-BA\"},{\"@type\":\"WebPage\",\"@id\":\"https:\/\/tuzlainfo.ba\/index.php\/bosna-i-hercegovina\/item\/200891-predstavnicki-dom-psbih-podrzao-budzet-isti-dokument-sutra-na-domu-naroda\/\",\"url\":\"https:\/\/tuzlainfo.ba\/index.php\/bosna-i-hercegovina\/item\/200891-predstavnicki-dom-psbih-podrzao-budzet-isti-dokument-sutra-na-domu-naroda\/\",\"name\":\"Predstavni\u010dki dom PSBiH podr\u017eao bud\u017eet, isti dokument sutra na Domu naroda - TuzlaInfo.ba\",\"isPartOf\":{\"@id\":\"https:\/\/tuzlainfo.ba\/#website\"},\"primaryImageOfPage\":{\"@id\":\"https:\/\/tuzlainfo.ba\/index.php\/bosna-i-hercegovina\/item\/200891-predstavnicki-dom-psbih-podrzao-budzet-isti-dokument-sutra-na-domu-naroda\/#primaryimage\"},\"image\":{\"@id\":\"https:\/\/tuzlainfo.ba\/index.php\/bosna-i-hercegovina\/item\/200891-predstavnicki-dom-psbih-podrzao-budzet-isti-dokument-sutra-na-domu-naroda\/#primaryimage\"},\"thumbnailUrl\":\"https:\/\/tuzlainfo.ba\/wp-content\/uploads\/2023\/03\/2803_dom-naroda_psbih.jpeg\",\"datePublished\":\"2023-03-29T15:28:40+00:00\",\"dateModified\":\"2023-03-29T15:28:40+00:00\",\"breadcrumb\":{\"@id\":\"https:\/\/tuzlainfo.ba\/index.php\/bosna-i-hercegovina\/item\/200891-predstavnicki-dom-psbih-podrzao-budzet-isti-dokument-sutra-na-domu-naroda\/#breadcrumb\"},\"inLanguage\":\"bs-BA\",\"potentialAction\":[{\"@type\":\"ReadAction\",\"target\":[\"https:\/\/tuzlainfo.ba\/index.php\/bosna-i-hercegovina\/item\/200891-predstavnicki-dom-psbih-podrzao-budzet-isti-dokument-sutra-na-domu-naroda\/\"]}]},{\"@type\":\"ImageObject\",\"inLanguage\":\"bs-BA\",\"@id\":\"https:\/\/tuzlainfo.ba\/index.php\/bosna-i-hercegovina\/item\/200891-predstavnicki-dom-psbih-podrzao-budzet-isti-dokument-sutra-na-domu-naroda\/#primaryimage\",\"url\":\"https:\/\/tuzlainfo.ba\/wp-content\/uploads\/2023\/03\/2803_dom-naroda_psbih.jpeg\",\"contentUrl\":\"https:\/\/tuzlainfo.ba\/wp-content\/uploads\/2023\/03\/2803_dom-naroda_psbih.jpeg\",\"width\":1297,\"height\":730},{\"@type\":\"BreadcrumbList\",\"@id\":\"https:\/\/tuzlainfo.ba\/index.php\/bosna-i-hercegovina\/item\/200891-predstavnicki-dom-psbih-podrzao-budzet-isti-dokument-sutra-na-domu-naroda\/#breadcrumb\",\"itemListElement\":[{\"@type\":\"ListItem\",\"position\":1,\"name\":\"Home\",\"item\":\"https:\/\/tuzlainfo.ba\/\"},{\"@type\":\"ListItem\",\"position\":2,\"name\":\"Predstavni\u010dki dom PSBiH podr\u017eao bud\u017eet, isti dokument sutra na Domu naroda\"}]},{\"@type\":\"WebSite\",\"@id\":\"https:\/\/tuzlainfo.ba\/#website\",\"url\":\"https:\/\/tuzlainfo.ba\/\",\"name\":\"TuzlaInfo.ba\",\"description\":\"Tuzla info, gradski informator - Tuzla na dlanu\",\"publisher\":{\"@id\":\"https:\/\/tuzlainfo.ba\/#organization\"},\"potentialAction\":[{\"@type\":\"SearchAction\",\"target\":{\"@type\":\"EntryPoint\",\"urlTemplate\":\"https:\/\/tuzlainfo.ba\/?s={search_term_string}\"},\"query-input\":{\"@type\":\"PropertyValueSpecification\",\"valueRequired\":true,\"valueName\":\"search_term_string\"}}],\"inLanguage\":\"bs-BA\"},{\"@type\":\"Organization\",\"@id\":\"https:\/\/tuzlainfo.ba\/#organization\",\"name\":\"TuzlaInfo.ba\",\"url\":\"https:\/\/tuzlainfo.ba\/\",\"logo\":{\"@type\":\"ImageObject\",\"inLanguage\":\"bs-BA\",\"@id\":\"https:\/\/tuzlainfo.ba\/#\/schema\/logo\/image\/\",\"url\":\"https:\/\/tuzlainfo.ba\/wp-content\/uploads\/2021\/03\/logo-ver-3-1.png\",\"contentUrl\":\"https:\/\/tuzlainfo.ba\/wp-content\/uploads\/2021\/03\/logo-ver-3-1.png\",\"width\":350,\"height\":95,\"caption\":\"TuzlaInfo.ba\"},\"image\":{\"@id\":\"https:\/\/tuzlainfo.ba\/#\/schema\/logo\/image\/\"},\"sameAs\":[\"https:\/\/www.facebook.com\/tuzlainfo.ba\/\"]},{\"@type\":\"Person\",\"@id\":\"https:\/\/tuzlainfo.ba\/#\/schema\/person\/46cad4c57790cbc50781edd14870825a\",\"name\":\"Tuzla Info\",\"image\":{\"@type\":\"ImageObject\",\"inLanguage\":\"bs-BA\",\"@id\":\"https:\/\/tuzlainfo.ba\/#\/schema\/person\/image\/\",\"url\":\"https:\/\/tuzlainfo.ba\/wp-content\/litespeed\/avatar\/b6c453a6c38e3654f2e4416c643fc25c.jpg?ver=1777051911\",\"contentUrl\":\"https:\/\/tuzlainfo.ba\/wp-content\/litespeed\/avatar\/b6c453a6c38e3654f2e4416c643fc25c.jpg?ver=1777051911\",\"caption\":\"Tuzla Info\"}}]}<\/script>\n<!-- \/ Yoast SEO plugin. -->","yoast_head_json":{"title":"Predstavni\u010dki dom PSBiH podr\u017eao bud\u017eet, isti dokument sutra na Domu naroda - TuzlaInfo.ba","robots":{"index":"index","follow":"follow","max-snippet":"max-snippet:-1","max-image-preview":"max-image-preview:large","max-video-preview":"max-video-preview:-1"},"canonical":"https:\/\/tuzlainfo.ba\/index.php\/bosna-i-hercegovina\/item\/200891-predstavnicki-dom-psbih-podrzao-budzet-isti-dokument-sutra-na-domu-naroda\/","og_locale":"bs_BA","og_type":"article","og_title":"Predstavni\u010dki dom PSBiH podr\u017eao bud\u017eet, isti dokument sutra na Domu naroda - TuzlaInfo.ba","og_description":"Dom naroda Parlamentarne skup\u0161tine Bosne i Hercegovine bi na hitnoj sjednici zakazanoj za sutra trebalo&hellip;","og_url":"https:\/\/tuzlainfo.ba\/index.php\/bosna-i-hercegovina\/item\/200891-predstavnicki-dom-psbih-podrzao-budzet-isti-dokument-sutra-na-domu-naroda\/","og_site_name":"TuzlaInfo.ba","article_publisher":"https:\/\/www.facebook.com\/tuzlainfo.ba\/","article_published_time":"2023-03-29T15:28:40+00:00","og_image":[{"width":1297,"height":730,"url":"https:\/\/tuzlainfo.ba\/wp-content\/uploads\/2023\/03\/2803_dom-naroda_psbih.jpeg","type":"image\/jpeg"}],"author":"Tuzla Info","twitter_card":"summary_large_image","twitter_misc":{"Written by":"Tuzla Info","Est. reading time":"1 minuta"},"schema":{"@context":"https:\/\/schema.org","@graph":[{"@type":"Article","@id":"https:\/\/tuzlainfo.ba\/index.php\/bosna-i-hercegovina\/item\/200891-predstavnicki-dom-psbih-podrzao-budzet-isti-dokument-sutra-na-domu-naroda\/#article","isPartOf":{"@id":"https:\/\/tuzlainfo.ba\/index.php\/bosna-i-hercegovina\/item\/200891-predstavnicki-dom-psbih-podrzao-budzet-isti-dokument-sutra-na-domu-naroda\/"},"author":{"name":"Tuzla Info","@id":"https:\/\/tuzlainfo.ba\/#\/schema\/person\/46cad4c57790cbc50781edd14870825a"},"headline":"Predstavni\u010dki dom PSBiH podr\u017eao bud\u017eet, isti dokument sutra na Domu naroda","datePublished":"2023-03-29T15:28:40+00:00","dateModified":"2023-03-29T15:28:40+00:00","mainEntityOfPage":{"@id":"https:\/\/tuzlainfo.ba\/index.php\/bosna-i-hercegovina\/item\/200891-predstavnicki-dom-psbih-podrzao-budzet-isti-dokument-sutra-na-domu-naroda\/"},"wordCount":131,"commentCount":0,"publisher":{"@id":"https:\/\/tuzlainfo.ba\/#organization"},"image":{"@id":"https:\/\/tuzlainfo.ba\/index.php\/bosna-i-hercegovina\/item\/200891-predstavnicki-dom-psbih-podrzao-budzet-isti-dokument-sutra-na-domu-naroda\/#primaryimage"},"thumbnailUrl":"https:\/\/tuzlainfo.ba\/wp-content\/uploads\/2023\/03\/2803_dom-naroda_psbih.jpeg","keywords":["budzet bih","dom naroda bih"],"articleSection":["Bosna i Hercegovina","Istaknuto"],"inLanguage":"bs-BA"},{"@type":"WebPage","@id":"https:\/\/tuzlainfo.ba\/index.php\/bosna-i-hercegovina\/item\/200891-predstavnicki-dom-psbih-podrzao-budzet-isti-dokument-sutra-na-domu-naroda\/","url":"https:\/\/tuzlainfo.ba\/index.php\/bosna-i-hercegovina\/item\/200891-predstavnicki-dom-psbih-podrzao-budzet-isti-dokument-sutra-na-domu-naroda\/","name":"Predstavni\u010dki dom PSBiH podr\u017eao bud\u017eet, isti dokument sutra na Domu naroda - TuzlaInfo.ba","isPartOf":{"@id":"https:\/\/tuzlainfo.ba\/#website"},"primaryImageOfPage":{"@id":"https:\/\/tuzlainfo.ba\/index.php\/bosna-i-hercegovina\/item\/200891-predstavnicki-dom-psbih-podrzao-budzet-isti-dokument-sutra-na-domu-naroda\/#primaryimage"},"image":{"@id":"https:\/\/tuzlainfo.ba\/index.php\/bosna-i-hercegovina\/item\/200891-predstavnicki-dom-psbih-podrzao-budzet-isti-dokument-sutra-na-domu-naroda\/#primaryimage"},"thumbnailUrl":"https:\/\/tuzlainfo.ba\/wp-content\/uploads\/2023\/03\/2803_dom-naroda_psbih.jpeg","datePublished":"2023-03-29T15:28:40+00:00","dateModified":"2023-03-29T15:28:40+00:00","breadcrumb":{"@id":"https:\/\/tuzlainfo.ba\/index.php\/bosna-i-hercegovina\/item\/200891-predstavnicki-dom-psbih-podrzao-budzet-isti-dokument-sutra-na-domu-naroda\/#breadcrumb"},"inLanguage":"bs-BA","potentialAction":[{"@type":"ReadAction","target":["https:\/\/tuzlainfo.ba\/index.php\/bosna-i-hercegovina\/item\/200891-predstavnicki-dom-psbih-podrzao-budzet-isti-dokument-sutra-na-domu-naroda\/"]}]},{"@type":"ImageObject","inLanguage":"bs-BA","@id":"https:\/\/tuzlainfo.ba\/index.php\/bosna-i-hercegovina\/item\/200891-predstavnicki-dom-psbih-podrzao-budzet-isti-dokument-sutra-na-domu-naroda\/#primaryimage","url":"https:\/\/tuzlainfo.ba\/wp-content\/uploads\/2023\/03\/2803_dom-naroda_psbih.jpeg","contentUrl":"https:\/\/tuzlainfo.ba\/wp-content\/uploads\/2023\/03\/2803_dom-naroda_psbih.jpeg","width":1297,"height":730},{"@type":"BreadcrumbList","@id":"https:\/\/tuzlainfo.ba\/index.php\/bosna-i-hercegovina\/item\/200891-predstavnicki-dom-psbih-podrzao-budzet-isti-dokument-sutra-na-domu-naroda\/#breadcrumb","itemListElement":[{"@type":"ListItem","position":1,"name":"Home","item":"https:\/\/tuzlainfo.ba\/"},{"@type":"ListItem","position":2,"name":"Predstavni\u010dki dom PSBiH podr\u017eao bud\u017eet, isti dokument sutra na Domu naroda"}]},{"@type":"WebSite","@id":"https:\/\/tuzlainfo.ba\/#website","url":"https:\/\/tuzlainfo.ba\/","name":"TuzlaInfo.ba","description":"Tuzla info, gradski informator - Tuzla na dlanu","publisher":{"@id":"https:\/\/tuzlainfo.ba\/#organization"},"potentialAction":[{"@type":"SearchAction","target":{"@type":"EntryPoint","urlTemplate":"https:\/\/tuzlainfo.ba\/?s={search_term_string}"},"query-input":{"@type":"PropertyValueSpecification","valueRequired":true,"valueName":"search_term_string"}}],"inLanguage":"bs-BA"},{"@type":"Organization","@id":"https:\/\/tuzlainfo.ba\/#organization","name":"TuzlaInfo.ba","url":"https:\/\/tuzlainfo.ba\/","logo":{"@type":"ImageObject","inLanguage":"bs-BA","@id":"https:\/\/tuzlainfo.ba\/#\/schema\/logo\/image\/","url":"https:\/\/tuzlainfo.ba\/wp-content\/uploads\/2021\/03\/logo-ver-3-1.png","contentUrl":"https:\/\/tuzlainfo.ba\/wp-content\/uploads\/2021\/03\/logo-ver-3-1.png","width":350,"height":95,"caption":"TuzlaInfo.ba"},"image":{"@id":"https:\/\/tuzlainfo.ba\/#\/schema\/logo\/image\/"},"sameAs":["https:\/\/www.facebook.com\/tuzlainfo.ba\/"]},{"@type":"Person","@id":"https:\/\/tuzlainfo.ba\/#\/schema\/person\/46cad4c57790cbc50781edd14870825a","name":"Tuzla Info","image":{"@type":"ImageObject","inLanguage":"bs-BA","@id":"https:\/\/tuzlainfo.ba\/#\/schema\/person\/image\/","url":"https:\/\/tuzlainfo.ba\/wp-content\/litespeed\/avatar\/b6c453a6c38e3654f2e4416c643fc25c.jpg?ver=1777051911","contentUrl":"https:\/\/tuzlainfo.ba\/wp-content\/litespeed\/avatar\/b6c453a6c38e3654f2e4416c643fc25c.jpg?ver=1777051911","caption":"Tuzla Info"}}]}},"_links":{"self":[{"href":"https:\/\/tuzlainfo.ba\/index.php\/wp-json\/wp\/v2\/posts\/200891"}],"collection":[{"href":"https:\/\/tuzlainfo.ba\/index.php\/wp-json\/wp\/v2\/posts"}],"about":[{"href":"https:\/\/tuzlainfo.ba\/index.php\/wp-json\/wp\/v2\/types\/post"}],"author":[{"embeddable":true,"href":"https:\/\/tuzlainfo.ba\/index.php\/wp-json\/wp\/v2\/users\/4"}],"replies":[{"embeddable":true,"href":"https:\/\/tuzlainfo.ba\/index.php\/wp-json\/wp\/v2\/comments?post=200891"}],"version-history":[{"count":0,"href":"https:\/\/tuzlainfo.ba\/index.php\/wp-json\/wp\/v2\/posts\/200891\/revisions"}],"wp:featuredmedia":[{"embeddable":true,"href":"https:\/\/tuzlainfo.ba\/index.php\/wp-json\/wp\/v2\/media\/200768"}],"wp:attachment":[{"href":"https:\/\/tuzlainfo.ba\/index.php\/wp-json\/wp\/v2\/media?parent=200891"}],"wp:term":[{"taxonomy":"category","embeddable":true,"href":"https:\/\/tuzlainfo.ba\/index.php\/wp-json\/wp\/v2\/categories?post=200891"},{"taxonomy":"post_tag","embeddable":true,"href":"https:\/\/tuzlainfo.ba\/index.php\/wp-json\/wp\/v2\/tags?post=200891"}],"curies":[{"name":"wp","href":"https:\/\/api.w.org\/{rel}","templated":true}]}}