{"id":200887,"date":"2023-03-29T20:54:23","date_gmt":"2023-03-29T18:54:23","guid":{"rendered":"https:\/\/tuzlainfo.ba\/?p=200887"},"modified":"2023-03-29T17:30:52","modified_gmt":"2023-03-29T15:30:52","slug":"na-gp-orasje-zabranjen-uvoz-skoro-dvije-hiljade-kg-sjemenskog-kukuruza","status":"publish","type":"post","link":"https:\/\/tuzlainfo.ba\/index.php\/bosna-i-hercegovina\/item\/200887-na-gp-orasje-zabranjen-uvoz-skoro-dvije-hiljade-kg-sjemenskog-kukuruza\/","title":{"rendered":"Na GP Ora\u0161je zabranjen uvoz skoro dvije hiljade kg sjemenskog kukuruza"},"content":{"rendered":"<p>Federalna fitosanitarna inspekcija na grani\u010dnom prijelazu (GP) Ora\u0161je je dana 14.3.2023. godine, zbog neuskla\u0111enosti s propisanom kvalitetom, zabranila uvoz po\u0161iljke sjemenskog kukuruza mase 1.391 kg porijeklom iz Republike Hrvatske.<\/p>\n<p>Naime, u postupku obavezne fitosanitarne kontrole bilja u prekograni\u010dnom prometu roba, izuzeti su uzorci hibrida sjemenskog kukuruza \u010dijim je laboratorijskim ispitivanjem (analizom i superanalizom) utvr\u0111eno da nemaju propisanu klijavost, te ne odgovaraju parametrima propisanim <em>Pravilnikom o stavljanju\u00a0 u promet sjemena \u017eita u BiH<\/em> (\u201eSlu\u017ebeni glasnik BiH\u201c, br. 60\/12).<\/p>\n<p>Shodno tome, a u skladu sa Zakonom o o sjemenu i sadnom materijalu poljoprivrednih biljaka BiH (\u201eSlu\u017ebeni glasnik BiH\u201c,\u00a0 broj 03\/05), uvoz kontrolisane po\u0161iljke je zabranjen, te je nalo\u017eeno njeno vra\u0107anje po\u0161iljaocu.<\/p>\n","protected":false},"excerpt":{"rendered":"<p>Federalna fitosanitarna inspekcija na grani\u010dnom prijelazu (GP) Ora\u0161je je dana 14.3.2023. godine, zbog neuskla\u0111enosti s&hellip;<\/p>\n","protected":false},"author":4,"featured_media":200888,"comment_status":"open","ping_status":"closed","sticky":false,"template":"","format":"standard","meta":{"_acf_changed":false,"footnotes":""},"categories":[291],"tags":[6582],"acf":[],"yoast_head":"<!-- This site is optimized with the Yoast SEO plugin v23.5 - https:\/\/yoast.com\/wordpress\/plugins\/seo\/ -->\n<title>Na GP Ora\u0161je zabranjen uvoz skoro dvije hiljade kg sjemenskog kukuruza - TuzlaInfo.ba<\/title>\n<meta name=\"robots\" content=\"index, follow, max-snippet:-1, max-image-preview:large, max-video-preview:-1\" \/>\n<link rel=\"canonical\" href=\"https:\/\/tuzlainfo.ba\/index.php\/bosna-i-hercegovina\/item\/200887-na-gp-orasje-zabranjen-uvoz-skoro-dvije-hiljade-kg-sjemenskog-kukuruza\/\" \/>\n<meta property=\"og:locale\" content=\"bs_BA\" \/>\n<meta property=\"og:type\" content=\"article\" \/>\n<meta property=\"og:title\" content=\"Na GP Ora\u0161je zabranjen uvoz skoro dvije hiljade kg sjemenskog kukuruza - TuzlaInfo.ba\" \/>\n<meta property=\"og:description\" content=\"Federalna fitosanitarna inspekcija na grani\u010dnom prijelazu (GP) Ora\u0161je je dana 14.3.2023. godine, zbog neuskla\u0111enosti s&hellip;\" \/>\n<meta property=\"og:url\" content=\"https:\/\/tuzlainfo.ba\/index.php\/bosna-i-hercegovina\/item\/200887-na-gp-orasje-zabranjen-uvoz-skoro-dvije-hiljade-kg-sjemenskog-kukuruza\/\" \/>\n<meta property=\"og:site_name\" content=\"TuzlaInfo.ba\" \/>\n<meta property=\"article:publisher\" content=\"https:\/\/www.facebook.com\/tuzlainfo.ba\/\" \/>\n<meta property=\"article:published_time\" content=\"2023-03-29T18:54:23+00:00\" \/>\n<meta property=\"article:modified_time\" content=\"2023-03-29T15:30:52+00:00\" \/>\n<meta property=\"og:image\" content=\"https:\/\/tuzlainfo.ba\/wp-content\/uploads\/2023\/03\/susa-kukuruz-soja-6.jpg\" \/>\n\t<meta property=\"og:image:width\" content=\"1200\" \/>\n\t<meta property=\"og:image:height\" content=\"753\" \/>\n\t<meta property=\"og:image:type\" content=\"image\/jpeg\" \/>\n<meta name=\"author\" content=\"Tuzla Info\" \/>\n<meta name=\"twitter:card\" content=\"summary_large_image\" \/>\n<meta name=\"twitter:label1\" content=\"Written by\" \/>\n\t<meta name=\"twitter:data1\" content=\"Tuzla Info\" \/>\n\t<meta name=\"twitter:label2\" content=\"Est. reading time\" \/>\n\t<meta name=\"twitter:data2\" content=\"1 minuta\" \/>\n<script type=\"application\/ld+json\" class=\"yoast-schema-graph\">{\"@context\":\"https:\/\/schema.org\",\"@graph\":[{\"@type\":\"Article\",\"@id\":\"https:\/\/tuzlainfo.ba\/index.php\/bosna-i-hercegovina\/item\/200887-na-gp-orasje-zabranjen-uvoz-skoro-dvije-hiljade-kg-sjemenskog-kukuruza\/#article\",\"isPartOf\":{\"@id\":\"https:\/\/tuzlainfo.ba\/index.php\/bosna-i-hercegovina\/item\/200887-na-gp-orasje-zabranjen-uvoz-skoro-dvije-hiljade-kg-sjemenskog-kukuruza\/\"},\"author\":{\"name\":\"Tuzla Info\",\"@id\":\"https:\/\/tuzlainfo.ba\/#\/schema\/person\/46cad4c57790cbc50781edd14870825a\"},\"headline\":\"Na GP Ora\u0161je zabranjen uvoz skoro dvije hiljade kg sjemenskog kukuruza\",\"datePublished\":\"2023-03-29T18:54:23+00:00\",\"dateModified\":\"2023-03-29T15:30:52+00:00\",\"mainEntityOfPage\":{\"@id\":\"https:\/\/tuzlainfo.ba\/index.php\/bosna-i-hercegovina\/item\/200887-na-gp-orasje-zabranjen-uvoz-skoro-dvije-hiljade-kg-sjemenskog-kukuruza\/\"},\"wordCount\":129,\"commentCount\":0,\"publisher\":{\"@id\":\"https:\/\/tuzlainfo.ba\/#organization\"},\"image\":{\"@id\":\"https:\/\/tuzlainfo.ba\/index.php\/bosna-i-hercegovina\/item\/200887-na-gp-orasje-zabranjen-uvoz-skoro-dvije-hiljade-kg-sjemenskog-kukuruza\/#primaryimage\"},\"thumbnailUrl\":\"https:\/\/tuzlainfo.ba\/wp-content\/uploads\/2023\/03\/susa-kukuruz-soja-6.jpg\",\"keywords\":[\"sjemenski kukuruz\"],\"articleSection\":[\"Bosna i Hercegovina\"],\"inLanguage\":\"bs-BA\"},{\"@type\":\"WebPage\",\"@id\":\"https:\/\/tuzlainfo.ba\/index.php\/bosna-i-hercegovina\/item\/200887-na-gp-orasje-zabranjen-uvoz-skoro-dvije-hiljade-kg-sjemenskog-kukuruza\/\",\"url\":\"https:\/\/tuzlainfo.ba\/index.php\/bosna-i-hercegovina\/item\/200887-na-gp-orasje-zabranjen-uvoz-skoro-dvije-hiljade-kg-sjemenskog-kukuruza\/\",\"name\":\"Na GP Ora\u0161je zabranjen uvoz skoro dvije hiljade kg sjemenskog kukuruza - TuzlaInfo.ba\",\"isPartOf\":{\"@id\":\"https:\/\/tuzlainfo.ba\/#website\"},\"primaryImageOfPage\":{\"@id\":\"https:\/\/tuzlainfo.ba\/index.php\/bosna-i-hercegovina\/item\/200887-na-gp-orasje-zabranjen-uvoz-skoro-dvije-hiljade-kg-sjemenskog-kukuruza\/#primaryimage\"},\"image\":{\"@id\":\"https:\/\/tuzlainfo.ba\/index.php\/bosna-i-hercegovina\/item\/200887-na-gp-orasje-zabranjen-uvoz-skoro-dvije-hiljade-kg-sjemenskog-kukuruza\/#primaryimage\"},\"thumbnailUrl\":\"https:\/\/tuzlainfo.ba\/wp-content\/uploads\/2023\/03\/susa-kukuruz-soja-6.jpg\",\"datePublished\":\"2023-03-29T18:54:23+00:00\",\"dateModified\":\"2023-03-29T15:30:52+00:00\",\"breadcrumb\":{\"@id\":\"https:\/\/tuzlainfo.ba\/index.php\/bosna-i-hercegovina\/item\/200887-na-gp-orasje-zabranjen-uvoz-skoro-dvije-hiljade-kg-sjemenskog-kukuruza\/#breadcrumb\"},\"inLanguage\":\"bs-BA\",\"potentialAction\":[{\"@type\":\"ReadAction\",\"target\":[\"https:\/\/tuzlainfo.ba\/index.php\/bosna-i-hercegovina\/item\/200887-na-gp-orasje-zabranjen-uvoz-skoro-dvije-hiljade-kg-sjemenskog-kukuruza\/\"]}]},{\"@type\":\"ImageObject\",\"inLanguage\":\"bs-BA\",\"@id\":\"https:\/\/tuzlainfo.ba\/index.php\/bosna-i-hercegovina\/item\/200887-na-gp-orasje-zabranjen-uvoz-skoro-dvije-hiljade-kg-sjemenskog-kukuruza\/#primaryimage\",\"url\":\"https:\/\/tuzlainfo.ba\/wp-content\/uploads\/2023\/03\/susa-kukuruz-soja-6.jpg\",\"contentUrl\":\"https:\/\/tuzlainfo.ba\/wp-content\/uploads\/2023\/03\/susa-kukuruz-soja-6.jpg\",\"width\":1200,\"height\":753},{\"@type\":\"BreadcrumbList\",\"@id\":\"https:\/\/tuzlainfo.ba\/index.php\/bosna-i-hercegovina\/item\/200887-na-gp-orasje-zabranjen-uvoz-skoro-dvije-hiljade-kg-sjemenskog-kukuruza\/#breadcrumb\",\"itemListElement\":[{\"@type\":\"ListItem\",\"position\":1,\"name\":\"Home\",\"item\":\"https:\/\/tuzlainfo.ba\/\"},{\"@type\":\"ListItem\",\"position\":2,\"name\":\"Na GP Ora\u0161je zabranjen uvoz skoro dvije hiljade kg sjemenskog kukuruza\"}]},{\"@type\":\"WebSite\",\"@id\":\"https:\/\/tuzlainfo.ba\/#website\",\"url\":\"https:\/\/tuzlainfo.ba\/\",\"name\":\"TuzlaInfo.ba\",\"description\":\"Tuzla info, gradski informator - Tuzla na dlanu\",\"publisher\":{\"@id\":\"https:\/\/tuzlainfo.ba\/#organization\"},\"potentialAction\":[{\"@type\":\"SearchAction\",\"target\":{\"@type\":\"EntryPoint\",\"urlTemplate\":\"https:\/\/tuzlainfo.ba\/?s={search_term_string}\"},\"query-input\":{\"@type\":\"PropertyValueSpecification\",\"valueRequired\":true,\"valueName\":\"search_term_string\"}}],\"inLanguage\":\"bs-BA\"},{\"@type\":\"Organization\",\"@id\":\"https:\/\/tuzlainfo.ba\/#organization\",\"name\":\"TuzlaInfo.ba\",\"url\":\"https:\/\/tuzlainfo.ba\/\",\"logo\":{\"@type\":\"ImageObject\",\"inLanguage\":\"bs-BA\",\"@id\":\"https:\/\/tuzlainfo.ba\/#\/schema\/logo\/image\/\",\"url\":\"https:\/\/tuzlainfo.ba\/wp-content\/uploads\/2021\/03\/logo-ver-3-1.png\",\"contentUrl\":\"https:\/\/tuzlainfo.ba\/wp-content\/uploads\/2021\/03\/logo-ver-3-1.png\",\"width\":350,\"height\":95,\"caption\":\"TuzlaInfo.ba\"},\"image\":{\"@id\":\"https:\/\/tuzlainfo.ba\/#\/schema\/logo\/image\/\"},\"sameAs\":[\"https:\/\/www.facebook.com\/tuzlainfo.ba\/\"]},{\"@type\":\"Person\",\"@id\":\"https:\/\/tuzlainfo.ba\/#\/schema\/person\/46cad4c57790cbc50781edd14870825a\",\"name\":\"Tuzla Info\",\"image\":{\"@type\":\"ImageObject\",\"inLanguage\":\"bs-BA\",\"@id\":\"https:\/\/tuzlainfo.ba\/#\/schema\/person\/image\/\",\"url\":\"https:\/\/tuzlainfo.ba\/wp-content\/litespeed\/avatar\/b6c453a6c38e3654f2e4416c643fc25c.jpg?ver=1777051911\",\"contentUrl\":\"https:\/\/tuzlainfo.ba\/wp-content\/litespeed\/avatar\/b6c453a6c38e3654f2e4416c643fc25c.jpg?ver=1777051911\",\"caption\":\"Tuzla Info\"}}]}<\/script>\n<!-- \/ Yoast SEO plugin. -->","yoast_head_json":{"title":"Na GP Ora\u0161je zabranjen uvoz skoro dvije hiljade kg sjemenskog kukuruza - TuzlaInfo.ba","robots":{"index":"index","follow":"follow","max-snippet":"max-snippet:-1","max-image-preview":"max-image-preview:large","max-video-preview":"max-video-preview:-1"},"canonical":"https:\/\/tuzlainfo.ba\/index.php\/bosna-i-hercegovina\/item\/200887-na-gp-orasje-zabranjen-uvoz-skoro-dvije-hiljade-kg-sjemenskog-kukuruza\/","og_locale":"bs_BA","og_type":"article","og_title":"Na GP Ora\u0161je zabranjen uvoz skoro dvije hiljade kg sjemenskog kukuruza - TuzlaInfo.ba","og_description":"Federalna fitosanitarna inspekcija na grani\u010dnom prijelazu (GP) Ora\u0161je je dana 14.3.2023. godine, zbog neuskla\u0111enosti s&hellip;","og_url":"https:\/\/tuzlainfo.ba\/index.php\/bosna-i-hercegovina\/item\/200887-na-gp-orasje-zabranjen-uvoz-skoro-dvije-hiljade-kg-sjemenskog-kukuruza\/","og_site_name":"TuzlaInfo.ba","article_publisher":"https:\/\/www.facebook.com\/tuzlainfo.ba\/","article_published_time":"2023-03-29T18:54:23+00:00","article_modified_time":"2023-03-29T15:30:52+00:00","og_image":[{"width":1200,"height":753,"url":"https:\/\/tuzlainfo.ba\/wp-content\/uploads\/2023\/03\/susa-kukuruz-soja-6.jpg","type":"image\/jpeg"}],"author":"Tuzla Info","twitter_card":"summary_large_image","twitter_misc":{"Written by":"Tuzla Info","Est. reading time":"1 minuta"},"schema":{"@context":"https:\/\/schema.org","@graph":[{"@type":"Article","@id":"https:\/\/tuzlainfo.ba\/index.php\/bosna-i-hercegovina\/item\/200887-na-gp-orasje-zabranjen-uvoz-skoro-dvije-hiljade-kg-sjemenskog-kukuruza\/#article","isPartOf":{"@id":"https:\/\/tuzlainfo.ba\/index.php\/bosna-i-hercegovina\/item\/200887-na-gp-orasje-zabranjen-uvoz-skoro-dvije-hiljade-kg-sjemenskog-kukuruza\/"},"author":{"name":"Tuzla Info","@id":"https:\/\/tuzlainfo.ba\/#\/schema\/person\/46cad4c57790cbc50781edd14870825a"},"headline":"Na GP Ora\u0161je zabranjen uvoz skoro dvije hiljade kg sjemenskog kukuruza","datePublished":"2023-03-29T18:54:23+00:00","dateModified":"2023-03-29T15:30:52+00:00","mainEntityOfPage":{"@id":"https:\/\/tuzlainfo.ba\/index.php\/bosna-i-hercegovina\/item\/200887-na-gp-orasje-zabranjen-uvoz-skoro-dvije-hiljade-kg-sjemenskog-kukuruza\/"},"wordCount":129,"commentCount":0,"publisher":{"@id":"https:\/\/tuzlainfo.ba\/#organization"},"image":{"@id":"https:\/\/tuzlainfo.ba\/index.php\/bosna-i-hercegovina\/item\/200887-na-gp-orasje-zabranjen-uvoz-skoro-dvije-hiljade-kg-sjemenskog-kukuruza\/#primaryimage"},"thumbnailUrl":"https:\/\/tuzlainfo.ba\/wp-content\/uploads\/2023\/03\/susa-kukuruz-soja-6.jpg","keywords":["sjemenski kukuruz"],"articleSection":["Bosna i Hercegovina"],"inLanguage":"bs-BA"},{"@type":"WebPage","@id":"https:\/\/tuzlainfo.ba\/index.php\/bosna-i-hercegovina\/item\/200887-na-gp-orasje-zabranjen-uvoz-skoro-dvije-hiljade-kg-sjemenskog-kukuruza\/","url":"https:\/\/tuzlainfo.ba\/index.php\/bosna-i-hercegovina\/item\/200887-na-gp-orasje-zabranjen-uvoz-skoro-dvije-hiljade-kg-sjemenskog-kukuruza\/","name":"Na GP Ora\u0161je zabranjen uvoz skoro dvije hiljade kg sjemenskog kukuruza - TuzlaInfo.ba","isPartOf":{"@id":"https:\/\/tuzlainfo.ba\/#website"},"primaryImageOfPage":{"@id":"https:\/\/tuzlainfo.ba\/index.php\/bosna-i-hercegovina\/item\/200887-na-gp-orasje-zabranjen-uvoz-skoro-dvije-hiljade-kg-sjemenskog-kukuruza\/#primaryimage"},"image":{"@id":"https:\/\/tuzlainfo.ba\/index.php\/bosna-i-hercegovina\/item\/200887-na-gp-orasje-zabranjen-uvoz-skoro-dvije-hiljade-kg-sjemenskog-kukuruza\/#primaryimage"},"thumbnailUrl":"https:\/\/tuzlainfo.ba\/wp-content\/uploads\/2023\/03\/susa-kukuruz-soja-6.jpg","datePublished":"2023-03-29T18:54:23+00:00","dateModified":"2023-03-29T15:30:52+00:00","breadcrumb":{"@id":"https:\/\/tuzlainfo.ba\/index.php\/bosna-i-hercegovina\/item\/200887-na-gp-orasje-zabranjen-uvoz-skoro-dvije-hiljade-kg-sjemenskog-kukuruza\/#breadcrumb"},"inLanguage":"bs-BA","potentialAction":[{"@type":"ReadAction","target":["https:\/\/tuzlainfo.ba\/index.php\/bosna-i-hercegovina\/item\/200887-na-gp-orasje-zabranjen-uvoz-skoro-dvije-hiljade-kg-sjemenskog-kukuruza\/"]}]},{"@type":"ImageObject","inLanguage":"bs-BA","@id":"https:\/\/tuzlainfo.ba\/index.php\/bosna-i-hercegovina\/item\/200887-na-gp-orasje-zabranjen-uvoz-skoro-dvije-hiljade-kg-sjemenskog-kukuruza\/#primaryimage","url":"https:\/\/tuzlainfo.ba\/wp-content\/uploads\/2023\/03\/susa-kukuruz-soja-6.jpg","contentUrl":"https:\/\/tuzlainfo.ba\/wp-content\/uploads\/2023\/03\/susa-kukuruz-soja-6.jpg","width":1200,"height":753},{"@type":"BreadcrumbList","@id":"https:\/\/tuzlainfo.ba\/index.php\/bosna-i-hercegovina\/item\/200887-na-gp-orasje-zabranjen-uvoz-skoro-dvije-hiljade-kg-sjemenskog-kukuruza\/#breadcrumb","itemListElement":[{"@type":"ListItem","position":1,"name":"Home","item":"https:\/\/tuzlainfo.ba\/"},{"@type":"ListItem","position":2,"name":"Na GP Ora\u0161je zabranjen uvoz skoro dvije hiljade kg sjemenskog kukuruza"}]},{"@type":"WebSite","@id":"https:\/\/tuzlainfo.ba\/#website","url":"https:\/\/tuzlainfo.ba\/","name":"TuzlaInfo.ba","description":"Tuzla info, gradski informator - Tuzla na dlanu","publisher":{"@id":"https:\/\/tuzlainfo.ba\/#organization"},"potentialAction":[{"@type":"SearchAction","target":{"@type":"EntryPoint","urlTemplate":"https:\/\/tuzlainfo.ba\/?s={search_term_string}"},"query-input":{"@type":"PropertyValueSpecification","valueRequired":true,"valueName":"search_term_string"}}],"inLanguage":"bs-BA"},{"@type":"Organization","@id":"https:\/\/tuzlainfo.ba\/#organization","name":"TuzlaInfo.ba","url":"https:\/\/tuzlainfo.ba\/","logo":{"@type":"ImageObject","inLanguage":"bs-BA","@id":"https:\/\/tuzlainfo.ba\/#\/schema\/logo\/image\/","url":"https:\/\/tuzlainfo.ba\/wp-content\/uploads\/2021\/03\/logo-ver-3-1.png","contentUrl":"https:\/\/tuzlainfo.ba\/wp-content\/uploads\/2021\/03\/logo-ver-3-1.png","width":350,"height":95,"caption":"TuzlaInfo.ba"},"image":{"@id":"https:\/\/tuzlainfo.ba\/#\/schema\/logo\/image\/"},"sameAs":["https:\/\/www.facebook.com\/tuzlainfo.ba\/"]},{"@type":"Person","@id":"https:\/\/tuzlainfo.ba\/#\/schema\/person\/46cad4c57790cbc50781edd14870825a","name":"Tuzla Info","image":{"@type":"ImageObject","inLanguage":"bs-BA","@id":"https:\/\/tuzlainfo.ba\/#\/schema\/person\/image\/","url":"https:\/\/tuzlainfo.ba\/wp-content\/litespeed\/avatar\/b6c453a6c38e3654f2e4416c643fc25c.jpg?ver=1777051911","contentUrl":"https:\/\/tuzlainfo.ba\/wp-content\/litespeed\/avatar\/b6c453a6c38e3654f2e4416c643fc25c.jpg?ver=1777051911","caption":"Tuzla Info"}}]}},"_links":{"self":[{"href":"https:\/\/tuzlainfo.ba\/index.php\/wp-json\/wp\/v2\/posts\/200887"}],"collection":[{"href":"https:\/\/tuzlainfo.ba\/index.php\/wp-json\/wp\/v2\/posts"}],"about":[{"href":"https:\/\/tuzlainfo.ba\/index.php\/wp-json\/wp\/v2\/types\/post"}],"author":[{"embeddable":true,"href":"https:\/\/tuzlainfo.ba\/index.php\/wp-json\/wp\/v2\/users\/4"}],"replies":[{"embeddable":true,"href":"https:\/\/tuzlainfo.ba\/index.php\/wp-json\/wp\/v2\/comments?post=200887"}],"version-history":[{"count":0,"href":"https:\/\/tuzlainfo.ba\/index.php\/wp-json\/wp\/v2\/posts\/200887\/revisions"}],"wp:featuredmedia":[{"embeddable":true,"href":"https:\/\/tuzlainfo.ba\/index.php\/wp-json\/wp\/v2\/media\/200888"}],"wp:attachment":[{"href":"https:\/\/tuzlainfo.ba\/index.php\/wp-json\/wp\/v2\/media?parent=200887"}],"wp:term":[{"taxonomy":"category","embeddable":true,"href":"https:\/\/tuzlainfo.ba\/index.php\/wp-json\/wp\/v2\/categories?post=200887"},{"taxonomy":"post_tag","embeddable":true,"href":"https:\/\/tuzlainfo.ba\/index.php\/wp-json\/wp\/v2\/tags?post=200887"}],"curies":[{"name":"wp","href":"https:\/\/api.w.org\/{rel}","templated":true}]}}