{"id":200743,"date":"2023-03-28T09:14:41","date_gmt":"2023-03-28T07:14:41","guid":{"rendered":"https:\/\/tuzlainfo.ba\/?p=200743"},"modified":"2023-03-28T08:18:27","modified_gmt":"2023-03-28T06:18:27","slug":"predstava-pozorista-mladih-tuzla-test-ljudskosti-veceras-u-banja-luci","status":"publish","type":"post","link":"https:\/\/tuzlainfo.ba\/index.php\/najava-dogadaja-2\/item\/200743-predstava-pozorista-mladih-tuzla-test-ljudskosti-veceras-u-banja-luci\/","title":{"rendered":"Predstava Pozori\u0161ta mladih Tuzla &#8220;Test ljudskosti&#8221; ve\u010deras u Banja Luci"},"content":{"rendered":"<p>Kao dio programa \u201e19. Dana Mladih Tuzle\u201c u utorak, 28.3.2023. godine u 20.00h predstava \u201eTest ljudskosti\u201c bi\u0107e izvedena na \u201eKeza festu\u201c u Banjoj Luci u organizaciji DIS teatra Banja Luka.<\/p>\n<p>Predstava je nastala u produkciji Pozori\u0161ta mladih Tuzle u partnerstvu s Udru\u017eenjem \u201eMladi Tuzle\u201c Tuzla i predstavlja rad grupe srednjeg uzrasta Dramskog studija za djecu, mlade i odrasle Pozori\u0161ta mladih Tuzle. Predstava je dio Harmony projekta \u201eTheatre for change\u201c koji je podr\u017ean od strane SanChild Fondacije i partnera.<\/p>\n<p>U\u010desnici u predstavi hrabro i smjelo govore o osje\u0107anjima pasa i njihovim potrebama, te nepravdi koju ljudi, svjesno ili nesvjesno, mogu u\u010diniti prema \u017eivotinjama. Psi na ulici, tra\u017ee\u0107i svog prijatelja psa, bivaju napadnuti od strane ljudi zbog buke koju su proizvodili lajanjem zavr\u0161e u azilu za pse. U novom domu, psi upoznaju jedni druge, a kroz njihove li\u010dne pri\u010de zapravo bolje upoznajemo ljude s kojima su ti psi ranije \u017eivjeli.<\/p>\n<p>Da li i dalje ima smisla vjerovati u to da trebaju ostati \u010dovjekovi najbolji prijatelji, da li je ljubav koju osje\u0107aju jedni prema drugima va\u017enija od ljubavi i vjernosti koju osje\u0107aju prema ljudima, kada trebaju oprostiti, gdje prona\u0107i radost \u017eivota, koje granice postaviti? Ovo je samo dio pitanja koje postavljaju sebi, ali i gledaocima. Dobrodo\u0161li na nje\u017enu pri\u010du o ljubavi, vjernosti, po\u017ertvovanosti i opra\u0161tanju.<\/p>\n<p>U predstavi igraju: Anja Buli\u0107, Irma Hod\u017ei\u0107, Amra Hasanovi\u0107, Amina Pepi\u0107, Faris Sinanovi\u0107, Vedad D\u017eindo, Monika Ostoji\u0107, Melika Bo\u0161nji\u0107, Kenan \u0160ljivi\u0107, Emina Red\u017eepagi\u0107, Danis Sitarevi\u0107, Iris Stuhli, Jasmina Nuhbegovi\u0107, Sarah Imamovi\u0107, Mirna Bratov\u010di\u0107, Lana \u017depi\u0107, Zana Gari\u0107, Amina \u0160ehi\u0107, Zana Halilovi\u0107, Danija Numanovi\u0107, Lana Petric, Ensar Hamzi\u0107, Vildana Medi\u0107, Anila Selamovi\u0107, Mahir Smajilbegovi\u0107, Amar Junuzovi\u0107, Denis \u0160a\u0107irovi\u0107, Elma Rami\u0107, Amela Husejnovi\u0107 i Ana Hod\u017ei\u0107.<\/p>\n<p>Re\u017eiju i pedago\u0161ki rad s grupom potpisuje Amila Be\u0161irovi\u0107, a saradnica u radu je Hena Trutovi\u0107.<\/p>\n","protected":false},"excerpt":{"rendered":"<p>Kao dio programa \u201e19. Dana Mladih Tuzle\u201c u utorak, 28.3.2023. godine u 20.00h predstava \u201eTest&hellip;<\/p>\n","protected":false},"author":4,"featured_media":200021,"comment_status":"open","ping_status":"closed","sticky":false,"template":"","format":"standard","meta":{"_acf_changed":false,"footnotes":""},"categories":[304,11],"tags":[2926],"acf":[],"yoast_head":"<!-- This site is optimized with the Yoast SEO plugin v23.5 - https:\/\/yoast.com\/wordpress\/plugins\/seo\/ -->\n<title>Predstava Pozori\u0161ta mladih Tuzla &quot;Test ljudskosti&quot; ve\u010deras u Banja Luci - TuzlaInfo.ba<\/title>\n<meta name=\"robots\" content=\"index, follow, max-snippet:-1, max-image-preview:large, max-video-preview:-1\" \/>\n<link rel=\"canonical\" href=\"https:\/\/tuzlainfo.ba\/index.php\/najava-dogadaja-2\/item\/200743-predstava-pozorista-mladih-tuzla-test-ljudskosti-veceras-u-banja-luci\/\" \/>\n<meta property=\"og:locale\" content=\"bs_BA\" \/>\n<meta property=\"og:type\" content=\"article\" \/>\n<meta property=\"og:title\" content=\"Predstava Pozori\u0161ta mladih Tuzla &quot;Test ljudskosti&quot; ve\u010deras u Banja Luci - TuzlaInfo.ba\" \/>\n<meta property=\"og:description\" content=\"Kao dio programa \u201e19. Dana Mladih Tuzle\u201c u utorak, 28.3.2023. godine u 20.00h predstava \u201eTest&hellip;\" \/>\n<meta property=\"og:url\" content=\"https:\/\/tuzlainfo.ba\/index.php\/najava-dogadaja-2\/item\/200743-predstava-pozorista-mladih-tuzla-test-ljudskosti-veceras-u-banja-luci\/\" \/>\n<meta property=\"og:site_name\" content=\"TuzlaInfo.ba\" \/>\n<meta property=\"article:publisher\" content=\"https:\/\/www.facebook.com\/tuzlainfo.ba\/\" \/>\n<meta property=\"article:published_time\" content=\"2023-03-28T07:14:41+00:00\" \/>\n<meta property=\"article:modified_time\" content=\"2023-03-28T06:18:27+00:00\" \/>\n<meta property=\"og:image\" content=\"https:\/\/tuzlainfo.ba\/wp-content\/uploads\/2023\/03\/inbound7390984785268726523.jpg\" \/>\n\t<meta property=\"og:image:width\" content=\"1080\" \/>\n\t<meta property=\"og:image:height\" content=\"810\" \/>\n\t<meta property=\"og:image:type\" content=\"image\/jpeg\" \/>\n<meta name=\"author\" content=\"Tuzla Info\" \/>\n<meta name=\"twitter:card\" content=\"summary_large_image\" \/>\n<meta name=\"twitter:label1\" content=\"Written by\" \/>\n\t<meta name=\"twitter:data1\" content=\"Tuzla Info\" \/>\n\t<meta name=\"twitter:label2\" content=\"Est. reading time\" \/>\n\t<meta name=\"twitter:data2\" content=\"2 minute\" \/>\n<script type=\"application\/ld+json\" class=\"yoast-schema-graph\">{\"@context\":\"https:\/\/schema.org\",\"@graph\":[{\"@type\":\"Article\",\"@id\":\"https:\/\/tuzlainfo.ba\/index.php\/najava-dogadaja-2\/item\/200743-predstava-pozorista-mladih-tuzla-test-ljudskosti-veceras-u-banja-luci\/#article\",\"isPartOf\":{\"@id\":\"https:\/\/tuzlainfo.ba\/index.php\/najava-dogadaja-2\/item\/200743-predstava-pozorista-mladih-tuzla-test-ljudskosti-veceras-u-banja-luci\/\"},\"author\":{\"name\":\"Tuzla Info\",\"@id\":\"https:\/\/tuzlainfo.ba\/#\/schema\/person\/46cad4c57790cbc50781edd14870825a\"},\"headline\":\"Predstava Pozori\u0161ta mladih Tuzla &#8220;Test ljudskosti&#8221; ve\u010deras u Banja Luci\",\"datePublished\":\"2023-03-28T07:14:41+00:00\",\"dateModified\":\"2023-03-28T06:18:27+00:00\",\"mainEntityOfPage\":{\"@id\":\"https:\/\/tuzlainfo.ba\/index.php\/najava-dogadaja-2\/item\/200743-predstava-pozorista-mladih-tuzla-test-ljudskosti-veceras-u-banja-luci\/\"},\"wordCount\":334,\"commentCount\":0,\"publisher\":{\"@id\":\"https:\/\/tuzlainfo.ba\/#organization\"},\"image\":{\"@id\":\"https:\/\/tuzlainfo.ba\/index.php\/najava-dogadaja-2\/item\/200743-predstava-pozorista-mladih-tuzla-test-ljudskosti-veceras-u-banja-luci\/#primaryimage\"},\"thumbnailUrl\":\"https:\/\/tuzlainfo.ba\/wp-content\/uploads\/2023\/03\/inbound7390984785268726523.jpg\",\"keywords\":[\"pozori\u0161te mladih tuzla\"],\"articleSection\":[\"Istaknuto\",\"Najave i doga\u0111aji\"],\"inLanguage\":\"bs-BA\"},{\"@type\":\"WebPage\",\"@id\":\"https:\/\/tuzlainfo.ba\/index.php\/najava-dogadaja-2\/item\/200743-predstava-pozorista-mladih-tuzla-test-ljudskosti-veceras-u-banja-luci\/\",\"url\":\"https:\/\/tuzlainfo.ba\/index.php\/najava-dogadaja-2\/item\/200743-predstava-pozorista-mladih-tuzla-test-ljudskosti-veceras-u-banja-luci\/\",\"name\":\"Predstava Pozori\u0161ta mladih Tuzla \\\"Test ljudskosti\\\" ve\u010deras u Banja Luci - TuzlaInfo.ba\",\"isPartOf\":{\"@id\":\"https:\/\/tuzlainfo.ba\/#website\"},\"primaryImageOfPage\":{\"@id\":\"https:\/\/tuzlainfo.ba\/index.php\/najava-dogadaja-2\/item\/200743-predstava-pozorista-mladih-tuzla-test-ljudskosti-veceras-u-banja-luci\/#primaryimage\"},\"image\":{\"@id\":\"https:\/\/tuzlainfo.ba\/index.php\/najava-dogadaja-2\/item\/200743-predstava-pozorista-mladih-tuzla-test-ljudskosti-veceras-u-banja-luci\/#primaryimage\"},\"thumbnailUrl\":\"https:\/\/tuzlainfo.ba\/wp-content\/uploads\/2023\/03\/inbound7390984785268726523.jpg\",\"datePublished\":\"2023-03-28T07:14:41+00:00\",\"dateModified\":\"2023-03-28T06:18:27+00:00\",\"breadcrumb\":{\"@id\":\"https:\/\/tuzlainfo.ba\/index.php\/najava-dogadaja-2\/item\/200743-predstava-pozorista-mladih-tuzla-test-ljudskosti-veceras-u-banja-luci\/#breadcrumb\"},\"inLanguage\":\"bs-BA\",\"potentialAction\":[{\"@type\":\"ReadAction\",\"target\":[\"https:\/\/tuzlainfo.ba\/index.php\/najava-dogadaja-2\/item\/200743-predstava-pozorista-mladih-tuzla-test-ljudskosti-veceras-u-banja-luci\/\"]}]},{\"@type\":\"ImageObject\",\"inLanguage\":\"bs-BA\",\"@id\":\"https:\/\/tuzlainfo.ba\/index.php\/najava-dogadaja-2\/item\/200743-predstava-pozorista-mladih-tuzla-test-ljudskosti-veceras-u-banja-luci\/#primaryimage\",\"url\":\"https:\/\/tuzlainfo.ba\/wp-content\/uploads\/2023\/03\/inbound7390984785268726523.jpg\",\"contentUrl\":\"https:\/\/tuzlainfo.ba\/wp-content\/uploads\/2023\/03\/inbound7390984785268726523.jpg\",\"width\":1080,\"height\":810},{\"@type\":\"BreadcrumbList\",\"@id\":\"https:\/\/tuzlainfo.ba\/index.php\/najava-dogadaja-2\/item\/200743-predstava-pozorista-mladih-tuzla-test-ljudskosti-veceras-u-banja-luci\/#breadcrumb\",\"itemListElement\":[{\"@type\":\"ListItem\",\"position\":1,\"name\":\"Home\",\"item\":\"https:\/\/tuzlainfo.ba\/\"},{\"@type\":\"ListItem\",\"position\":2,\"name\":\"Predstava Pozori\u0161ta mladih Tuzla &#8220;Test ljudskosti&#8221; ve\u010deras u Banja Luci\"}]},{\"@type\":\"WebSite\",\"@id\":\"https:\/\/tuzlainfo.ba\/#website\",\"url\":\"https:\/\/tuzlainfo.ba\/\",\"name\":\"TuzlaInfo.ba\",\"description\":\"Tuzla info, gradski informator - Tuzla na dlanu\",\"publisher\":{\"@id\":\"https:\/\/tuzlainfo.ba\/#organization\"},\"potentialAction\":[{\"@type\":\"SearchAction\",\"target\":{\"@type\":\"EntryPoint\",\"urlTemplate\":\"https:\/\/tuzlainfo.ba\/?s={search_term_string}\"},\"query-input\":{\"@type\":\"PropertyValueSpecification\",\"valueRequired\":true,\"valueName\":\"search_term_string\"}}],\"inLanguage\":\"bs-BA\"},{\"@type\":\"Organization\",\"@id\":\"https:\/\/tuzlainfo.ba\/#organization\",\"name\":\"TuzlaInfo.ba\",\"url\":\"https:\/\/tuzlainfo.ba\/\",\"logo\":{\"@type\":\"ImageObject\",\"inLanguage\":\"bs-BA\",\"@id\":\"https:\/\/tuzlainfo.ba\/#\/schema\/logo\/image\/\",\"url\":\"https:\/\/tuzlainfo.ba\/wp-content\/uploads\/2021\/03\/logo-ver-3-1.png\",\"contentUrl\":\"https:\/\/tuzlainfo.ba\/wp-content\/uploads\/2021\/03\/logo-ver-3-1.png\",\"width\":350,\"height\":95,\"caption\":\"TuzlaInfo.ba\"},\"image\":{\"@id\":\"https:\/\/tuzlainfo.ba\/#\/schema\/logo\/image\/\"},\"sameAs\":[\"https:\/\/www.facebook.com\/tuzlainfo.ba\/\"]},{\"@type\":\"Person\",\"@id\":\"https:\/\/tuzlainfo.ba\/#\/schema\/person\/46cad4c57790cbc50781edd14870825a\",\"name\":\"Tuzla Info\",\"image\":{\"@type\":\"ImageObject\",\"inLanguage\":\"bs-BA\",\"@id\":\"https:\/\/tuzlainfo.ba\/#\/schema\/person\/image\/\",\"url\":\"https:\/\/tuzlainfo.ba\/wp-content\/litespeed\/avatar\/b6c453a6c38e3654f2e4416c643fc25c.jpg?ver=1777051911\",\"contentUrl\":\"https:\/\/tuzlainfo.ba\/wp-content\/litespeed\/avatar\/b6c453a6c38e3654f2e4416c643fc25c.jpg?ver=1777051911\",\"caption\":\"Tuzla Info\"}}]}<\/script>\n<!-- \/ Yoast SEO plugin. -->","yoast_head_json":{"title":"Predstava Pozori\u0161ta mladih Tuzla \"Test ljudskosti\" ve\u010deras u Banja Luci - TuzlaInfo.ba","robots":{"index":"index","follow":"follow","max-snippet":"max-snippet:-1","max-image-preview":"max-image-preview:large","max-video-preview":"max-video-preview:-1"},"canonical":"https:\/\/tuzlainfo.ba\/index.php\/najava-dogadaja-2\/item\/200743-predstava-pozorista-mladih-tuzla-test-ljudskosti-veceras-u-banja-luci\/","og_locale":"bs_BA","og_type":"article","og_title":"Predstava Pozori\u0161ta mladih Tuzla \"Test ljudskosti\" ve\u010deras u Banja Luci - TuzlaInfo.ba","og_description":"Kao dio programa \u201e19. Dana Mladih Tuzle\u201c u utorak, 28.3.2023. godine u 20.00h predstava \u201eTest&hellip;","og_url":"https:\/\/tuzlainfo.ba\/index.php\/najava-dogadaja-2\/item\/200743-predstava-pozorista-mladih-tuzla-test-ljudskosti-veceras-u-banja-luci\/","og_site_name":"TuzlaInfo.ba","article_publisher":"https:\/\/www.facebook.com\/tuzlainfo.ba\/","article_published_time":"2023-03-28T07:14:41+00:00","article_modified_time":"2023-03-28T06:18:27+00:00","og_image":[{"width":1080,"height":810,"url":"https:\/\/tuzlainfo.ba\/wp-content\/uploads\/2023\/03\/inbound7390984785268726523.jpg","type":"image\/jpeg"}],"author":"Tuzla Info","twitter_card":"summary_large_image","twitter_misc":{"Written by":"Tuzla Info","Est. reading time":"2 minute"},"schema":{"@context":"https:\/\/schema.org","@graph":[{"@type":"Article","@id":"https:\/\/tuzlainfo.ba\/index.php\/najava-dogadaja-2\/item\/200743-predstava-pozorista-mladih-tuzla-test-ljudskosti-veceras-u-banja-luci\/#article","isPartOf":{"@id":"https:\/\/tuzlainfo.ba\/index.php\/najava-dogadaja-2\/item\/200743-predstava-pozorista-mladih-tuzla-test-ljudskosti-veceras-u-banja-luci\/"},"author":{"name":"Tuzla Info","@id":"https:\/\/tuzlainfo.ba\/#\/schema\/person\/46cad4c57790cbc50781edd14870825a"},"headline":"Predstava Pozori\u0161ta mladih Tuzla &#8220;Test ljudskosti&#8221; ve\u010deras u Banja Luci","datePublished":"2023-03-28T07:14:41+00:00","dateModified":"2023-03-28T06:18:27+00:00","mainEntityOfPage":{"@id":"https:\/\/tuzlainfo.ba\/index.php\/najava-dogadaja-2\/item\/200743-predstava-pozorista-mladih-tuzla-test-ljudskosti-veceras-u-banja-luci\/"},"wordCount":334,"commentCount":0,"publisher":{"@id":"https:\/\/tuzlainfo.ba\/#organization"},"image":{"@id":"https:\/\/tuzlainfo.ba\/index.php\/najava-dogadaja-2\/item\/200743-predstava-pozorista-mladih-tuzla-test-ljudskosti-veceras-u-banja-luci\/#primaryimage"},"thumbnailUrl":"https:\/\/tuzlainfo.ba\/wp-content\/uploads\/2023\/03\/inbound7390984785268726523.jpg","keywords":["pozori\u0161te mladih tuzla"],"articleSection":["Istaknuto","Najave i doga\u0111aji"],"inLanguage":"bs-BA"},{"@type":"WebPage","@id":"https:\/\/tuzlainfo.ba\/index.php\/najava-dogadaja-2\/item\/200743-predstava-pozorista-mladih-tuzla-test-ljudskosti-veceras-u-banja-luci\/","url":"https:\/\/tuzlainfo.ba\/index.php\/najava-dogadaja-2\/item\/200743-predstava-pozorista-mladih-tuzla-test-ljudskosti-veceras-u-banja-luci\/","name":"Predstava Pozori\u0161ta mladih Tuzla \"Test ljudskosti\" ve\u010deras u Banja Luci - TuzlaInfo.ba","isPartOf":{"@id":"https:\/\/tuzlainfo.ba\/#website"},"primaryImageOfPage":{"@id":"https:\/\/tuzlainfo.ba\/index.php\/najava-dogadaja-2\/item\/200743-predstava-pozorista-mladih-tuzla-test-ljudskosti-veceras-u-banja-luci\/#primaryimage"},"image":{"@id":"https:\/\/tuzlainfo.ba\/index.php\/najava-dogadaja-2\/item\/200743-predstava-pozorista-mladih-tuzla-test-ljudskosti-veceras-u-banja-luci\/#primaryimage"},"thumbnailUrl":"https:\/\/tuzlainfo.ba\/wp-content\/uploads\/2023\/03\/inbound7390984785268726523.jpg","datePublished":"2023-03-28T07:14:41+00:00","dateModified":"2023-03-28T06:18:27+00:00","breadcrumb":{"@id":"https:\/\/tuzlainfo.ba\/index.php\/najava-dogadaja-2\/item\/200743-predstava-pozorista-mladih-tuzla-test-ljudskosti-veceras-u-banja-luci\/#breadcrumb"},"inLanguage":"bs-BA","potentialAction":[{"@type":"ReadAction","target":["https:\/\/tuzlainfo.ba\/index.php\/najava-dogadaja-2\/item\/200743-predstava-pozorista-mladih-tuzla-test-ljudskosti-veceras-u-banja-luci\/"]}]},{"@type":"ImageObject","inLanguage":"bs-BA","@id":"https:\/\/tuzlainfo.ba\/index.php\/najava-dogadaja-2\/item\/200743-predstava-pozorista-mladih-tuzla-test-ljudskosti-veceras-u-banja-luci\/#primaryimage","url":"https:\/\/tuzlainfo.ba\/wp-content\/uploads\/2023\/03\/inbound7390984785268726523.jpg","contentUrl":"https:\/\/tuzlainfo.ba\/wp-content\/uploads\/2023\/03\/inbound7390984785268726523.jpg","width":1080,"height":810},{"@type":"BreadcrumbList","@id":"https:\/\/tuzlainfo.ba\/index.php\/najava-dogadaja-2\/item\/200743-predstava-pozorista-mladih-tuzla-test-ljudskosti-veceras-u-banja-luci\/#breadcrumb","itemListElement":[{"@type":"ListItem","position":1,"name":"Home","item":"https:\/\/tuzlainfo.ba\/"},{"@type":"ListItem","position":2,"name":"Predstava Pozori\u0161ta mladih Tuzla &#8220;Test ljudskosti&#8221; ve\u010deras u Banja Luci"}]},{"@type":"WebSite","@id":"https:\/\/tuzlainfo.ba\/#website","url":"https:\/\/tuzlainfo.ba\/","name":"TuzlaInfo.ba","description":"Tuzla info, gradski informator - Tuzla na dlanu","publisher":{"@id":"https:\/\/tuzlainfo.ba\/#organization"},"potentialAction":[{"@type":"SearchAction","target":{"@type":"EntryPoint","urlTemplate":"https:\/\/tuzlainfo.ba\/?s={search_term_string}"},"query-input":{"@type":"PropertyValueSpecification","valueRequired":true,"valueName":"search_term_string"}}],"inLanguage":"bs-BA"},{"@type":"Organization","@id":"https:\/\/tuzlainfo.ba\/#organization","name":"TuzlaInfo.ba","url":"https:\/\/tuzlainfo.ba\/","logo":{"@type":"ImageObject","inLanguage":"bs-BA","@id":"https:\/\/tuzlainfo.ba\/#\/schema\/logo\/image\/","url":"https:\/\/tuzlainfo.ba\/wp-content\/uploads\/2021\/03\/logo-ver-3-1.png","contentUrl":"https:\/\/tuzlainfo.ba\/wp-content\/uploads\/2021\/03\/logo-ver-3-1.png","width":350,"height":95,"caption":"TuzlaInfo.ba"},"image":{"@id":"https:\/\/tuzlainfo.ba\/#\/schema\/logo\/image\/"},"sameAs":["https:\/\/www.facebook.com\/tuzlainfo.ba\/"]},{"@type":"Person","@id":"https:\/\/tuzlainfo.ba\/#\/schema\/person\/46cad4c57790cbc50781edd14870825a","name":"Tuzla Info","image":{"@type":"ImageObject","inLanguage":"bs-BA","@id":"https:\/\/tuzlainfo.ba\/#\/schema\/person\/image\/","url":"https:\/\/tuzlainfo.ba\/wp-content\/litespeed\/avatar\/b6c453a6c38e3654f2e4416c643fc25c.jpg?ver=1777051911","contentUrl":"https:\/\/tuzlainfo.ba\/wp-content\/litespeed\/avatar\/b6c453a6c38e3654f2e4416c643fc25c.jpg?ver=1777051911","caption":"Tuzla Info"}}]}},"_links":{"self":[{"href":"https:\/\/tuzlainfo.ba\/index.php\/wp-json\/wp\/v2\/posts\/200743"}],"collection":[{"href":"https:\/\/tuzlainfo.ba\/index.php\/wp-json\/wp\/v2\/posts"}],"about":[{"href":"https:\/\/tuzlainfo.ba\/index.php\/wp-json\/wp\/v2\/types\/post"}],"author":[{"embeddable":true,"href":"https:\/\/tuzlainfo.ba\/index.php\/wp-json\/wp\/v2\/users\/4"}],"replies":[{"embeddable":true,"href":"https:\/\/tuzlainfo.ba\/index.php\/wp-json\/wp\/v2\/comments?post=200743"}],"version-history":[{"count":0,"href":"https:\/\/tuzlainfo.ba\/index.php\/wp-json\/wp\/v2\/posts\/200743\/revisions"}],"wp:featuredmedia":[{"embeddable":true,"href":"https:\/\/tuzlainfo.ba\/index.php\/wp-json\/wp\/v2\/media\/200021"}],"wp:attachment":[{"href":"https:\/\/tuzlainfo.ba\/index.php\/wp-json\/wp\/v2\/media?parent=200743"}],"wp:term":[{"taxonomy":"category","embeddable":true,"href":"https:\/\/tuzlainfo.ba\/index.php\/wp-json\/wp\/v2\/categories?post=200743"},{"taxonomy":"post_tag","embeddable":true,"href":"https:\/\/tuzlainfo.ba\/index.php\/wp-json\/wp\/v2\/tags?post=200743"}],"curies":[{"name":"wp","href":"https:\/\/api.w.org\/{rel}","templated":true}]}}