{"id":200512,"date":"2023-03-24T20:42:46","date_gmt":"2023-03-24T19:42:46","guid":{"rendered":"https:\/\/tuzlainfo.ba\/?p=200512"},"modified":"2023-03-24T20:42:46","modified_gmt":"2023-03-24T19:42:46","slug":"biblioteka-dervis-susic-tuzla-priznanja-i-nagrade-za-najaktivnije-citateljke","status":"publish","type":"post","link":"https:\/\/tuzlainfo.ba\/index.php\/novosti\/item\/200512-biblioteka-dervis-susic-tuzla-priznanja-i-nagrade-za-najaktivnije-citateljke\/","title":{"rendered":"Biblioteka &#8220;Dervi\u0161 Su\u0161i\u0107&#8221; Tuzla: Priznanja i nagrade za najaktivnije \u010ditateljke"},"content":{"rendered":"<p dir=\"auto\">Da cijeni svoje \u010ditaoce i nalazi na\u010dina da njihovu odanost i nagradi, Narodna i univerzitetska biblioteka \u201eDervi\u0161 Su\u0161i\u0107\u201c Tuzla je pokazala i ove godine.<\/p>\n<p dir=\"auto\">Na konkurs za izbor najaktivnijeg \u010ditaoca u 2022. godini, koji za svaku godinu raspisuje Fondacija za bibliote\u010dku djelatnost Sarajevo, prijavila je \u010detiri svoje \u010ditateljke. Sve \u010detiri su dobile nagrade i 24. marta 2023. godine je u NUB \u201eDervi\u0161 Su\u0161i\u0107\u201c Tuzla uprili\u010dena dodjela priznanja Almedini Kari\u0107, Emini Ma\u0161i\u0107, Sadiki Alispahi\u0107 i Safiji Mahmutovi\u0107.<\/p>\n<p>Uz priznanja, najaktivnije \u010ditateljke su dobile i vrijedne nov\u010dane nagrade, \u010dime je simboli\u010dno odato priznanje predanosti \u010ditanju i pru\u017eena podr\u0161ka i ostalim ljubiteljima knjige da ne odustaju od ove navike i da, uz bogato znanje i duhovno bogatstvo koje se stekne \u010ditanjem, u bibliotekama imaju ljude koji ih vide i cijene njihovu predanost.<\/p>\n<p>&#8211; \u010citanje za mene predstavlja posebnu naviku koju bi svaki \u010dovjek trebao da posjeduje. To daje \u0161irinu u svim sferama \u017eivota. Obradovana sam ovom nagradom. To mi je vjetar u le\u0111a da budem primjer ostalim gra\u0111anima i dokaz da je knjiga prijatelj koji je uvijek dostupan \u2013 izjavila je pri preuzimanju nagrade Almedina Kari\u0107.<\/p>\n<p>Safija Mahmutovi\u0107 je izjavila da \u010dita od ranog djetinjstva i da voli da otkriva svjetove koji se kriju u knjigama. Knjige \u010dita iz ljubavi, a nagrada ju je iznenadila i posebno obradovala, jer je stigla za ne\u0161to \u0161to istinski voli.<\/p>\n<p>&#8211; Mi nemamo mogu\u0107nost nov\u010dano nagraditi na\u0161e korisnike, pa ova pomo\u0107 u vidu nov\u010danih sredstava djeluje motiviraju\u0107e \u2013 izjavila je direktorica Biblioteke, Mirna Trifkovi\u0107. Dodala je da godinama imaju podr\u0161ku Fondacije za bibliote\u010dku djelatnost Sarajevo, \u0161to je za NUB \u201eDervi\u0161 Su\u0161i\u0107\u201c Tuzla od velikog zna\u010daja, jer su sredstva koja se izdvajaju za kulturu veoma skromna i \u010desto nedovoljna.<\/p>\n<p>Ova lijepa vijest svakako je i poticajna za gra\u0111ane Tuzle i okoline i nadamo se da \u0107e se i oni koji do sad jo\u0161 nisu, do\u0107i u biblioteku, u\u010dlaniti se i mo\u017eda biti kandidat za neku od nagrada u narednim godinama, navodi se u informaciju NUB Dervi\u0161 Su\u0161i\u0107 Tuzla.<\/p>\n","protected":false},"excerpt":{"rendered":"<p>Da cijeni svoje \u010ditaoce i nalazi na\u010dina da njihovu odanost i nagradi, Narodna i univerzitetska&hellip;<\/p>\n","protected":false},"author":2,"featured_media":200513,"comment_status":"open","ping_status":"closed","sticky":false,"template":"","format":"standard","meta":{"_acf_changed":false,"footnotes":""},"categories":[304,12],"tags":[1705,42],"acf":[],"yoast_head":"<!-- This site is optimized with the Yoast SEO plugin v23.5 - https:\/\/yoast.com\/wordpress\/plugins\/seo\/ -->\n<title>Biblioteka &quot;Dervi\u0161 Su\u0161i\u0107&quot; Tuzla: Priznanja i nagrade za najaktivnije \u010ditateljke - TuzlaInfo.ba<\/title>\n<meta name=\"robots\" content=\"index, follow, max-snippet:-1, max-image-preview:large, max-video-preview:-1\" \/>\n<link rel=\"canonical\" href=\"https:\/\/tuzlainfo.ba\/index.php\/novosti\/item\/200512-biblioteka-dervis-susic-tuzla-priznanja-i-nagrade-za-najaktivnije-citateljke\/\" \/>\n<meta property=\"og:locale\" content=\"bs_BA\" \/>\n<meta property=\"og:type\" content=\"article\" \/>\n<meta property=\"og:title\" content=\"Biblioteka &quot;Dervi\u0161 Su\u0161i\u0107&quot; Tuzla: Priznanja i nagrade za najaktivnije \u010ditateljke - TuzlaInfo.ba\" \/>\n<meta property=\"og:description\" content=\"Da cijeni svoje \u010ditaoce i nalazi na\u010dina da njihovu odanost i nagradi, Narodna i univerzitetska&hellip;\" \/>\n<meta property=\"og:url\" content=\"https:\/\/tuzlainfo.ba\/index.php\/novosti\/item\/200512-biblioteka-dervis-susic-tuzla-priznanja-i-nagrade-za-najaktivnije-citateljke\/\" \/>\n<meta property=\"og:site_name\" content=\"TuzlaInfo.ba\" \/>\n<meta property=\"article:publisher\" content=\"https:\/\/www.facebook.com\/tuzlainfo.ba\/\" \/>\n<meta property=\"article:published_time\" content=\"2023-03-24T19:42:46+00:00\" \/>\n<meta property=\"og:image\" content=\"https:\/\/tuzlainfo.ba\/wp-content\/uploads\/2023\/03\/2403_biblioteka_citateljke.jpg\" \/>\n\t<meta property=\"og:image:width\" content=\"2048\" \/>\n\t<meta property=\"og:image:height\" content=\"1361\" \/>\n\t<meta property=\"og:image:type\" content=\"image\/jpeg\" \/>\n<meta name=\"author\" content=\"nedim\" \/>\n<meta name=\"twitter:card\" content=\"summary_large_image\" \/>\n<meta name=\"twitter:label1\" content=\"Written by\" \/>\n\t<meta name=\"twitter:data1\" content=\"nedim\" \/>\n\t<meta name=\"twitter:label2\" content=\"Est. reading time\" \/>\n\t<meta name=\"twitter:data2\" content=\"2 minute\" \/>\n<script type=\"application\/ld+json\" class=\"yoast-schema-graph\">{\"@context\":\"https:\/\/schema.org\",\"@graph\":[{\"@type\":\"Article\",\"@id\":\"https:\/\/tuzlainfo.ba\/index.php\/novosti\/item\/200512-biblioteka-dervis-susic-tuzla-priznanja-i-nagrade-za-najaktivnije-citateljke\/#article\",\"isPartOf\":{\"@id\":\"https:\/\/tuzlainfo.ba\/index.php\/novosti\/item\/200512-biblioteka-dervis-susic-tuzla-priznanja-i-nagrade-za-najaktivnije-citateljke\/\"},\"author\":{\"name\":\"nedim\",\"@id\":\"https:\/\/tuzlainfo.ba\/#\/schema\/person\/f434e20dc27ea133923aab08451b7f7f\"},\"headline\":\"Biblioteka &#8220;Dervi\u0161 Su\u0161i\u0107&#8221; Tuzla: Priznanja i nagrade za najaktivnije \u010ditateljke\",\"datePublished\":\"2023-03-24T19:42:46+00:00\",\"dateModified\":\"2023-03-24T19:42:46+00:00\",\"mainEntityOfPage\":{\"@id\":\"https:\/\/tuzlainfo.ba\/index.php\/novosti\/item\/200512-biblioteka-dervis-susic-tuzla-priznanja-i-nagrade-za-najaktivnije-citateljke\/\"},\"wordCount\":363,\"commentCount\":0,\"publisher\":{\"@id\":\"https:\/\/tuzlainfo.ba\/#organization\"},\"image\":{\"@id\":\"https:\/\/tuzlainfo.ba\/index.php\/novosti\/item\/200512-biblioteka-dervis-susic-tuzla-priznanja-i-nagrade-za-najaktivnije-citateljke\/#primaryimage\"},\"thumbnailUrl\":\"https:\/\/tuzlainfo.ba\/wp-content\/uploads\/2023\/03\/2403_biblioteka_citateljke.jpg\",\"keywords\":[\"nub dervi\u0161 su\u0161i\u0107\",\"tuzla\"],\"articleSection\":[\"Istaknuto\",\"Novosti\"],\"inLanguage\":\"bs-BA\"},{\"@type\":\"WebPage\",\"@id\":\"https:\/\/tuzlainfo.ba\/index.php\/novosti\/item\/200512-biblioteka-dervis-susic-tuzla-priznanja-i-nagrade-za-najaktivnije-citateljke\/\",\"url\":\"https:\/\/tuzlainfo.ba\/index.php\/novosti\/item\/200512-biblioteka-dervis-susic-tuzla-priznanja-i-nagrade-za-najaktivnije-citateljke\/\",\"name\":\"Biblioteka \\\"Dervi\u0161 Su\u0161i\u0107\\\" Tuzla: Priznanja i nagrade za najaktivnije \u010ditateljke - TuzlaInfo.ba\",\"isPartOf\":{\"@id\":\"https:\/\/tuzlainfo.ba\/#website\"},\"primaryImageOfPage\":{\"@id\":\"https:\/\/tuzlainfo.ba\/index.php\/novosti\/item\/200512-biblioteka-dervis-susic-tuzla-priznanja-i-nagrade-za-najaktivnije-citateljke\/#primaryimage\"},\"image\":{\"@id\":\"https:\/\/tuzlainfo.ba\/index.php\/novosti\/item\/200512-biblioteka-dervis-susic-tuzla-priznanja-i-nagrade-za-najaktivnije-citateljke\/#primaryimage\"},\"thumbnailUrl\":\"https:\/\/tuzlainfo.ba\/wp-content\/uploads\/2023\/03\/2403_biblioteka_citateljke.jpg\",\"datePublished\":\"2023-03-24T19:42:46+00:00\",\"dateModified\":\"2023-03-24T19:42:46+00:00\",\"breadcrumb\":{\"@id\":\"https:\/\/tuzlainfo.ba\/index.php\/novosti\/item\/200512-biblioteka-dervis-susic-tuzla-priznanja-i-nagrade-za-najaktivnije-citateljke\/#breadcrumb\"},\"inLanguage\":\"bs-BA\",\"potentialAction\":[{\"@type\":\"ReadAction\",\"target\":[\"https:\/\/tuzlainfo.ba\/index.php\/novosti\/item\/200512-biblioteka-dervis-susic-tuzla-priznanja-i-nagrade-za-najaktivnije-citateljke\/\"]}]},{\"@type\":\"ImageObject\",\"inLanguage\":\"bs-BA\",\"@id\":\"https:\/\/tuzlainfo.ba\/index.php\/novosti\/item\/200512-biblioteka-dervis-susic-tuzla-priznanja-i-nagrade-za-najaktivnije-citateljke\/#primaryimage\",\"url\":\"https:\/\/tuzlainfo.ba\/wp-content\/uploads\/2023\/03\/2403_biblioteka_citateljke.jpg\",\"contentUrl\":\"https:\/\/tuzlainfo.ba\/wp-content\/uploads\/2023\/03\/2403_biblioteka_citateljke.jpg\",\"width\":2048,\"height\":1361},{\"@type\":\"BreadcrumbList\",\"@id\":\"https:\/\/tuzlainfo.ba\/index.php\/novosti\/item\/200512-biblioteka-dervis-susic-tuzla-priznanja-i-nagrade-za-najaktivnije-citateljke\/#breadcrumb\",\"itemListElement\":[{\"@type\":\"ListItem\",\"position\":1,\"name\":\"Home\",\"item\":\"https:\/\/tuzlainfo.ba\/\"},{\"@type\":\"ListItem\",\"position\":2,\"name\":\"Biblioteka &#8220;Dervi\u0161 Su\u0161i\u0107&#8221; Tuzla: Priznanja i nagrade za najaktivnije \u010ditateljke\"}]},{\"@type\":\"WebSite\",\"@id\":\"https:\/\/tuzlainfo.ba\/#website\",\"url\":\"https:\/\/tuzlainfo.ba\/\",\"name\":\"TuzlaInfo.ba\",\"description\":\"Tuzla info, gradski informator - Tuzla na dlanu\",\"publisher\":{\"@id\":\"https:\/\/tuzlainfo.ba\/#organization\"},\"potentialAction\":[{\"@type\":\"SearchAction\",\"target\":{\"@type\":\"EntryPoint\",\"urlTemplate\":\"https:\/\/tuzlainfo.ba\/?s={search_term_string}\"},\"query-input\":{\"@type\":\"PropertyValueSpecification\",\"valueRequired\":true,\"valueName\":\"search_term_string\"}}],\"inLanguage\":\"bs-BA\"},{\"@type\":\"Organization\",\"@id\":\"https:\/\/tuzlainfo.ba\/#organization\",\"name\":\"TuzlaInfo.ba\",\"url\":\"https:\/\/tuzlainfo.ba\/\",\"logo\":{\"@type\":\"ImageObject\",\"inLanguage\":\"bs-BA\",\"@id\":\"https:\/\/tuzlainfo.ba\/#\/schema\/logo\/image\/\",\"url\":\"https:\/\/tuzlainfo.ba\/wp-content\/uploads\/2021\/03\/logo-ver-3-1.png\",\"contentUrl\":\"https:\/\/tuzlainfo.ba\/wp-content\/uploads\/2021\/03\/logo-ver-3-1.png\",\"width\":350,\"height\":95,\"caption\":\"TuzlaInfo.ba\"},\"image\":{\"@id\":\"https:\/\/tuzlainfo.ba\/#\/schema\/logo\/image\/\"},\"sameAs\":[\"https:\/\/www.facebook.com\/tuzlainfo.ba\/\"]},{\"@type\":\"Person\",\"@id\":\"https:\/\/tuzlainfo.ba\/#\/schema\/person\/f434e20dc27ea133923aab08451b7f7f\",\"name\":\"nedim\",\"image\":{\"@type\":\"ImageObject\",\"inLanguage\":\"bs-BA\",\"@id\":\"https:\/\/tuzlainfo.ba\/#\/schema\/person\/image\/\",\"url\":\"https:\/\/tuzlainfo.ba\/wp-content\/litespeed\/avatar\/aabad687af24844af817603ac1cbdc4f.jpg?ver=1777306975\",\"contentUrl\":\"https:\/\/tuzlainfo.ba\/wp-content\/litespeed\/avatar\/aabad687af24844af817603ac1cbdc4f.jpg?ver=1777306975\",\"caption\":\"nedim\"},\"description\":\"Tuzlainfo.ba pratite na dru\u0161tvenim mre\u017eama: Facebook, Instagram i Youtube. Svoje pri\u010de, upite i fotografije \u0161aljite na na\u0161u e-mail adresu.\"}]}<\/script>\n<!-- \/ Yoast SEO plugin. -->","yoast_head_json":{"title":"Biblioteka \"Dervi\u0161 Su\u0161i\u0107\" Tuzla: Priznanja i nagrade za najaktivnije \u010ditateljke - TuzlaInfo.ba","robots":{"index":"index","follow":"follow","max-snippet":"max-snippet:-1","max-image-preview":"max-image-preview:large","max-video-preview":"max-video-preview:-1"},"canonical":"https:\/\/tuzlainfo.ba\/index.php\/novosti\/item\/200512-biblioteka-dervis-susic-tuzla-priznanja-i-nagrade-za-najaktivnije-citateljke\/","og_locale":"bs_BA","og_type":"article","og_title":"Biblioteka \"Dervi\u0161 Su\u0161i\u0107\" Tuzla: Priznanja i nagrade za najaktivnije \u010ditateljke - TuzlaInfo.ba","og_description":"Da cijeni svoje \u010ditaoce i nalazi na\u010dina da njihovu odanost i nagradi, Narodna i univerzitetska&hellip;","og_url":"https:\/\/tuzlainfo.ba\/index.php\/novosti\/item\/200512-biblioteka-dervis-susic-tuzla-priznanja-i-nagrade-za-najaktivnije-citateljke\/","og_site_name":"TuzlaInfo.ba","article_publisher":"https:\/\/www.facebook.com\/tuzlainfo.ba\/","article_published_time":"2023-03-24T19:42:46+00:00","og_image":[{"width":2048,"height":1361,"url":"https:\/\/tuzlainfo.ba\/wp-content\/uploads\/2023\/03\/2403_biblioteka_citateljke.jpg","type":"image\/jpeg"}],"author":"nedim","twitter_card":"summary_large_image","twitter_misc":{"Written by":"nedim","Est. reading time":"2 minute"},"schema":{"@context":"https:\/\/schema.org","@graph":[{"@type":"Article","@id":"https:\/\/tuzlainfo.ba\/index.php\/novosti\/item\/200512-biblioteka-dervis-susic-tuzla-priznanja-i-nagrade-za-najaktivnije-citateljke\/#article","isPartOf":{"@id":"https:\/\/tuzlainfo.ba\/index.php\/novosti\/item\/200512-biblioteka-dervis-susic-tuzla-priznanja-i-nagrade-za-najaktivnije-citateljke\/"},"author":{"name":"nedim","@id":"https:\/\/tuzlainfo.ba\/#\/schema\/person\/f434e20dc27ea133923aab08451b7f7f"},"headline":"Biblioteka &#8220;Dervi\u0161 Su\u0161i\u0107&#8221; Tuzla: Priznanja i nagrade za najaktivnije \u010ditateljke","datePublished":"2023-03-24T19:42:46+00:00","dateModified":"2023-03-24T19:42:46+00:00","mainEntityOfPage":{"@id":"https:\/\/tuzlainfo.ba\/index.php\/novosti\/item\/200512-biblioteka-dervis-susic-tuzla-priznanja-i-nagrade-za-najaktivnije-citateljke\/"},"wordCount":363,"commentCount":0,"publisher":{"@id":"https:\/\/tuzlainfo.ba\/#organization"},"image":{"@id":"https:\/\/tuzlainfo.ba\/index.php\/novosti\/item\/200512-biblioteka-dervis-susic-tuzla-priznanja-i-nagrade-za-najaktivnije-citateljke\/#primaryimage"},"thumbnailUrl":"https:\/\/tuzlainfo.ba\/wp-content\/uploads\/2023\/03\/2403_biblioteka_citateljke.jpg","keywords":["nub dervi\u0161 su\u0161i\u0107","tuzla"],"articleSection":["Istaknuto","Novosti"],"inLanguage":"bs-BA"},{"@type":"WebPage","@id":"https:\/\/tuzlainfo.ba\/index.php\/novosti\/item\/200512-biblioteka-dervis-susic-tuzla-priznanja-i-nagrade-za-najaktivnije-citateljke\/","url":"https:\/\/tuzlainfo.ba\/index.php\/novosti\/item\/200512-biblioteka-dervis-susic-tuzla-priznanja-i-nagrade-za-najaktivnije-citateljke\/","name":"Biblioteka \"Dervi\u0161 Su\u0161i\u0107\" Tuzla: Priznanja i nagrade za najaktivnije \u010ditateljke - TuzlaInfo.ba","isPartOf":{"@id":"https:\/\/tuzlainfo.ba\/#website"},"primaryImageOfPage":{"@id":"https:\/\/tuzlainfo.ba\/index.php\/novosti\/item\/200512-biblioteka-dervis-susic-tuzla-priznanja-i-nagrade-za-najaktivnije-citateljke\/#primaryimage"},"image":{"@id":"https:\/\/tuzlainfo.ba\/index.php\/novosti\/item\/200512-biblioteka-dervis-susic-tuzla-priznanja-i-nagrade-za-najaktivnije-citateljke\/#primaryimage"},"thumbnailUrl":"https:\/\/tuzlainfo.ba\/wp-content\/uploads\/2023\/03\/2403_biblioteka_citateljke.jpg","datePublished":"2023-03-24T19:42:46+00:00","dateModified":"2023-03-24T19:42:46+00:00","breadcrumb":{"@id":"https:\/\/tuzlainfo.ba\/index.php\/novosti\/item\/200512-biblioteka-dervis-susic-tuzla-priznanja-i-nagrade-za-najaktivnije-citateljke\/#breadcrumb"},"inLanguage":"bs-BA","potentialAction":[{"@type":"ReadAction","target":["https:\/\/tuzlainfo.ba\/index.php\/novosti\/item\/200512-biblioteka-dervis-susic-tuzla-priznanja-i-nagrade-za-najaktivnije-citateljke\/"]}]},{"@type":"ImageObject","inLanguage":"bs-BA","@id":"https:\/\/tuzlainfo.ba\/index.php\/novosti\/item\/200512-biblioteka-dervis-susic-tuzla-priznanja-i-nagrade-za-najaktivnije-citateljke\/#primaryimage","url":"https:\/\/tuzlainfo.ba\/wp-content\/uploads\/2023\/03\/2403_biblioteka_citateljke.jpg","contentUrl":"https:\/\/tuzlainfo.ba\/wp-content\/uploads\/2023\/03\/2403_biblioteka_citateljke.jpg","width":2048,"height":1361},{"@type":"BreadcrumbList","@id":"https:\/\/tuzlainfo.ba\/index.php\/novosti\/item\/200512-biblioteka-dervis-susic-tuzla-priznanja-i-nagrade-za-najaktivnije-citateljke\/#breadcrumb","itemListElement":[{"@type":"ListItem","position":1,"name":"Home","item":"https:\/\/tuzlainfo.ba\/"},{"@type":"ListItem","position":2,"name":"Biblioteka &#8220;Dervi\u0161 Su\u0161i\u0107&#8221; Tuzla: Priznanja i nagrade za najaktivnije \u010ditateljke"}]},{"@type":"WebSite","@id":"https:\/\/tuzlainfo.ba\/#website","url":"https:\/\/tuzlainfo.ba\/","name":"TuzlaInfo.ba","description":"Tuzla info, gradski informator - Tuzla na dlanu","publisher":{"@id":"https:\/\/tuzlainfo.ba\/#organization"},"potentialAction":[{"@type":"SearchAction","target":{"@type":"EntryPoint","urlTemplate":"https:\/\/tuzlainfo.ba\/?s={search_term_string}"},"query-input":{"@type":"PropertyValueSpecification","valueRequired":true,"valueName":"search_term_string"}}],"inLanguage":"bs-BA"},{"@type":"Organization","@id":"https:\/\/tuzlainfo.ba\/#organization","name":"TuzlaInfo.ba","url":"https:\/\/tuzlainfo.ba\/","logo":{"@type":"ImageObject","inLanguage":"bs-BA","@id":"https:\/\/tuzlainfo.ba\/#\/schema\/logo\/image\/","url":"https:\/\/tuzlainfo.ba\/wp-content\/uploads\/2021\/03\/logo-ver-3-1.png","contentUrl":"https:\/\/tuzlainfo.ba\/wp-content\/uploads\/2021\/03\/logo-ver-3-1.png","width":350,"height":95,"caption":"TuzlaInfo.ba"},"image":{"@id":"https:\/\/tuzlainfo.ba\/#\/schema\/logo\/image\/"},"sameAs":["https:\/\/www.facebook.com\/tuzlainfo.ba\/"]},{"@type":"Person","@id":"https:\/\/tuzlainfo.ba\/#\/schema\/person\/f434e20dc27ea133923aab08451b7f7f","name":"nedim","image":{"@type":"ImageObject","inLanguage":"bs-BA","@id":"https:\/\/tuzlainfo.ba\/#\/schema\/person\/image\/","url":"https:\/\/tuzlainfo.ba\/wp-content\/litespeed\/avatar\/aabad687af24844af817603ac1cbdc4f.jpg?ver=1777306975","contentUrl":"https:\/\/tuzlainfo.ba\/wp-content\/litespeed\/avatar\/aabad687af24844af817603ac1cbdc4f.jpg?ver=1777306975","caption":"nedim"},"description":"Tuzlainfo.ba pratite na dru\u0161tvenim mre\u017eama: Facebook, Instagram i Youtube. Svoje pri\u010de, upite i fotografije \u0161aljite na na\u0161u e-mail adresu."}]}},"_links":{"self":[{"href":"https:\/\/tuzlainfo.ba\/index.php\/wp-json\/wp\/v2\/posts\/200512"}],"collection":[{"href":"https:\/\/tuzlainfo.ba\/index.php\/wp-json\/wp\/v2\/posts"}],"about":[{"href":"https:\/\/tuzlainfo.ba\/index.php\/wp-json\/wp\/v2\/types\/post"}],"author":[{"embeddable":true,"href":"https:\/\/tuzlainfo.ba\/index.php\/wp-json\/wp\/v2\/users\/2"}],"replies":[{"embeddable":true,"href":"https:\/\/tuzlainfo.ba\/index.php\/wp-json\/wp\/v2\/comments?post=200512"}],"version-history":[{"count":0,"href":"https:\/\/tuzlainfo.ba\/index.php\/wp-json\/wp\/v2\/posts\/200512\/revisions"}],"wp:featuredmedia":[{"embeddable":true,"href":"https:\/\/tuzlainfo.ba\/index.php\/wp-json\/wp\/v2\/media\/200513"}],"wp:attachment":[{"href":"https:\/\/tuzlainfo.ba\/index.php\/wp-json\/wp\/v2\/media?parent=200512"}],"wp:term":[{"taxonomy":"category","embeddable":true,"href":"https:\/\/tuzlainfo.ba\/index.php\/wp-json\/wp\/v2\/categories?post=200512"},{"taxonomy":"post_tag","embeddable":true,"href":"https:\/\/tuzlainfo.ba\/index.php\/wp-json\/wp\/v2\/tags?post=200512"}],"curies":[{"name":"wp","href":"https:\/\/api.w.org\/{rel}","templated":true}]}}