{"id":200422,"date":"2023-03-23T17:58:03","date_gmt":"2023-03-23T16:58:03","guid":{"rendered":"https:\/\/tuzlainfo.ba\/?p=200422"},"modified":"2023-03-23T17:58:31","modified_gmt":"2023-03-23T16:58:31","slug":"vlada-entiteta-rs-prekida-saradnju-sa-americkim-i-britanskim-diplomatama-u-bih","status":"publish","type":"post","link":"https:\/\/tuzlainfo.ba\/index.php\/bosna-i-hercegovina\/item\/200422-vlada-entiteta-rs-prekida-saradnju-sa-americkim-i-britanskim-diplomatama-u-bih\/","title":{"rendered":"Vlada entiteta RS prekida saradnju sa ameri\u010dkim i britanskim diplomatama u BiH"},"content":{"rendered":"<div class=\"single-intro\">\n<p>Vlada Republike Srpska danas je u nastavku 13. sjednice usvojila Informaciju o prekidu saradnje sa ameri\u010dkim i britanskim diplomatama u BiH zbog, kako se navodi, antidejtonskog djelovanja.<\/p>\n<\/div>\n<div class=\"single-text\">\n<p>\u201cVlada Republike Srpske konstatuje da je Republika Srpska prisiljena prekinuti saradnju sa diplomatama obje ambasade, te s tim u vezi tra\u017ei od institucija Republike Srpske, predstavnika Republike Srpske u zajedni\u010dkim institucijama na nivou BiH, organa lokalne samouprave u Republici Srpskoj, kao i drugih javnih organa da ne sara\u0111uju sa ambasadama SAD i Velike Britanije. Vlada Republike Srpske je uvjerena da ovakvo djelovanje ambasada SAD i Velike Britanije nije u skladu sa zvani\u010dnim politikama SAD i Velike Britanije prema BiH i stava je da prekid saradnje traje sve dok ambasade SAD i Velike Britanije ne prekinu praksu mije\u0161anja u unutra\u0161nje stvari u BiH\u201d, navodi se u saop\u0161tenju Vlade RS.<\/p>\n<p>Vlada Republike Srpske isti\u010de kako smatra da je \u201cobaveza ambasada SAD i Velike Britanije da se ne mije\u0161aju u unutra\u0161nje stvari drugih dr\u017eava \u0161to se odnosi i na Bosnu i Hercegovinu u kojoj su oni samo diplomatski predstavnici\u201d.<\/p>\n<p>\u201cVlada Republike Srpske \u0107e obavijestiti nadle\u017ene institucije SAD i Velike Britanije o prekidu saradnje sa ambasadama SAD i Velike Britanije zbog njihovog antidejtonskog djelovanja i kr\u0161enja me\u0111unarodnog prava, Povelje Ujedinjenih nacija i Be\u010dke konvencije o diplomatskim odnosima. Vlada Republike Srpske \u0107e Informaciju o prekidu saradnje sa ameri\u010dkim i britanskim diplomatama u BiH zbog antidejtonskog djelovanja i zaklju\u010dak dostaviti Narodnoj skup\u0161tini Republike Srpske\u201d, navodi se u saop\u0161tenju.<\/p>\n<p>Podsjetimo, ambasadori zemalja-\u010dlanica Upravnog odbora Vije\u0107a za provedbu mira oglasili su se ju\u010der saop\u0107enjem u kojem zra\u017eavaju svoju duboku zabrinutost zbog nedavnih de\u0161avanja u Republici Srpskoj, koja imaju za cilj su\u017eavanje gra\u0111anskog prostora i reduciranje javne debate. U istom saop\u0107enju izrazili su \u017ealjenje zbog najava vlasti RS koje su se danas i obistinile.<\/p>\n<p>\u201cUpravni odbor PIC-a izra\u017eava \u017ealjenje zbog najave vlasti Republike Srpske da namjerava jednostrano prekinuti saradnju sa predstavnicima dvije \u010dlanice Upravnog odbora PIC-a, \u0161to predstavlja \u0161tetan korak protivan interesima gra\u0111ana koji \u017eive u RS. \u010clanice Upravnog odbora PIC-a imaju klju\u010dnu ulogu u provedbi civilnih aspekata Daytonskog mirovnog sporazuma\u201d, poru\u010duju iz PIC-a.<\/p>\n<\/div>\n","protected":false},"excerpt":{"rendered":"<p>Vlada Republike Srpska danas je u nastavku 13. sjednice usvojila Informaciju o prekidu saradnje sa&hellip;<\/p>\n","protected":false},"author":2,"featured_media":192767,"comment_status":"open","ping_status":"closed","sticky":false,"template":"","format":"standard","meta":{"_acf_changed":false,"footnotes":""},"categories":[291],"tags":[2001],"acf":[],"yoast_head":"<!-- This site is optimized with the Yoast SEO plugin v23.5 - https:\/\/yoast.com\/wordpress\/plugins\/seo\/ -->\n<title>Vlada entiteta RS prekida saradnju sa ameri\u010dkim i britanskim diplomatama u BiH - TuzlaInfo.ba<\/title>\n<meta name=\"robots\" content=\"index, follow, max-snippet:-1, max-image-preview:large, max-video-preview:-1\" \/>\n<link rel=\"canonical\" href=\"https:\/\/tuzlainfo.ba\/index.php\/bosna-i-hercegovina\/item\/200422-vlada-entiteta-rs-prekida-saradnju-sa-americkim-i-britanskim-diplomatama-u-bih\/\" \/>\n<meta property=\"og:locale\" content=\"bs_BA\" \/>\n<meta property=\"og:type\" content=\"article\" \/>\n<meta property=\"og:title\" content=\"Vlada entiteta RS prekida saradnju sa ameri\u010dkim i britanskim diplomatama u BiH - TuzlaInfo.ba\" \/>\n<meta property=\"og:description\" content=\"Vlada Republike Srpska danas je u nastavku 13. sjednice usvojila Informaciju o prekidu saradnje sa&hellip;\" \/>\n<meta property=\"og:url\" content=\"https:\/\/tuzlainfo.ba\/index.php\/bosna-i-hercegovina\/item\/200422-vlada-entiteta-rs-prekida-saradnju-sa-americkim-i-britanskim-diplomatama-u-bih\/\" \/>\n<meta property=\"og:site_name\" content=\"TuzlaInfo.ba\" \/>\n<meta property=\"article:publisher\" content=\"https:\/\/www.facebook.com\/tuzlainfo.ba\/\" \/>\n<meta property=\"article:published_time\" content=\"2023-03-23T16:58:03+00:00\" \/>\n<meta property=\"article:modified_time\" content=\"2023-03-23T16:58:31+00:00\" \/>\n<meta property=\"og:image\" content=\"https:\/\/tuzlainfo.ba\/wp-content\/uploads\/2022\/12\/2112_vladars.jpg\" \/>\n\t<meta property=\"og:image:width\" content=\"1000\" \/>\n\t<meta property=\"og:image:height\" content=\"667\" \/>\n\t<meta property=\"og:image:type\" content=\"image\/jpeg\" \/>\n<meta name=\"author\" content=\"nedim\" \/>\n<meta name=\"twitter:card\" content=\"summary_large_image\" \/>\n<meta name=\"twitter:label1\" content=\"Written by\" \/>\n\t<meta name=\"twitter:data1\" content=\"nedim\" \/>\n\t<meta name=\"twitter:label2\" content=\"Est. reading time\" \/>\n\t<meta name=\"twitter:data2\" content=\"2 minute\" \/>\n<script type=\"application\/ld+json\" class=\"yoast-schema-graph\">{\"@context\":\"https:\/\/schema.org\",\"@graph\":[{\"@type\":\"Article\",\"@id\":\"https:\/\/tuzlainfo.ba\/index.php\/bosna-i-hercegovina\/item\/200422-vlada-entiteta-rs-prekida-saradnju-sa-americkim-i-britanskim-diplomatama-u-bih\/#article\",\"isPartOf\":{\"@id\":\"https:\/\/tuzlainfo.ba\/index.php\/bosna-i-hercegovina\/item\/200422-vlada-entiteta-rs-prekida-saradnju-sa-americkim-i-britanskim-diplomatama-u-bih\/\"},\"author\":{\"name\":\"nedim\",\"@id\":\"https:\/\/tuzlainfo.ba\/#\/schema\/person\/f434e20dc27ea133923aab08451b7f7f\"},\"headline\":\"Vlada entiteta RS prekida saradnju sa ameri\u010dkim i britanskim diplomatama u BiH\",\"datePublished\":\"2023-03-23T16:58:03+00:00\",\"dateModified\":\"2023-03-23T16:58:31+00:00\",\"mainEntityOfPage\":{\"@id\":\"https:\/\/tuzlainfo.ba\/index.php\/bosna-i-hercegovina\/item\/200422-vlada-entiteta-rs-prekida-saradnju-sa-americkim-i-britanskim-diplomatama-u-bih\/\"},\"wordCount\":387,\"commentCount\":0,\"publisher\":{\"@id\":\"https:\/\/tuzlainfo.ba\/#organization\"},\"image\":{\"@id\":\"https:\/\/tuzlainfo.ba\/index.php\/bosna-i-hercegovina\/item\/200422-vlada-entiteta-rs-prekida-saradnju-sa-americkim-i-britanskim-diplomatama-u-bih\/#primaryimage\"},\"thumbnailUrl\":\"https:\/\/tuzlainfo.ba\/wp-content\/uploads\/2022\/12\/2112_vladars.jpg\",\"keywords\":[\"vlada rs\"],\"articleSection\":[\"Bosna i Hercegovina\"],\"inLanguage\":\"bs-BA\"},{\"@type\":\"WebPage\",\"@id\":\"https:\/\/tuzlainfo.ba\/index.php\/bosna-i-hercegovina\/item\/200422-vlada-entiteta-rs-prekida-saradnju-sa-americkim-i-britanskim-diplomatama-u-bih\/\",\"url\":\"https:\/\/tuzlainfo.ba\/index.php\/bosna-i-hercegovina\/item\/200422-vlada-entiteta-rs-prekida-saradnju-sa-americkim-i-britanskim-diplomatama-u-bih\/\",\"name\":\"Vlada entiteta RS prekida saradnju sa ameri\u010dkim i britanskim diplomatama u BiH - TuzlaInfo.ba\",\"isPartOf\":{\"@id\":\"https:\/\/tuzlainfo.ba\/#website\"},\"primaryImageOfPage\":{\"@id\":\"https:\/\/tuzlainfo.ba\/index.php\/bosna-i-hercegovina\/item\/200422-vlada-entiteta-rs-prekida-saradnju-sa-americkim-i-britanskim-diplomatama-u-bih\/#primaryimage\"},\"image\":{\"@id\":\"https:\/\/tuzlainfo.ba\/index.php\/bosna-i-hercegovina\/item\/200422-vlada-entiteta-rs-prekida-saradnju-sa-americkim-i-britanskim-diplomatama-u-bih\/#primaryimage\"},\"thumbnailUrl\":\"https:\/\/tuzlainfo.ba\/wp-content\/uploads\/2022\/12\/2112_vladars.jpg\",\"datePublished\":\"2023-03-23T16:58:03+00:00\",\"dateModified\":\"2023-03-23T16:58:31+00:00\",\"breadcrumb\":{\"@id\":\"https:\/\/tuzlainfo.ba\/index.php\/bosna-i-hercegovina\/item\/200422-vlada-entiteta-rs-prekida-saradnju-sa-americkim-i-britanskim-diplomatama-u-bih\/#breadcrumb\"},\"inLanguage\":\"bs-BA\",\"potentialAction\":[{\"@type\":\"ReadAction\",\"target\":[\"https:\/\/tuzlainfo.ba\/index.php\/bosna-i-hercegovina\/item\/200422-vlada-entiteta-rs-prekida-saradnju-sa-americkim-i-britanskim-diplomatama-u-bih\/\"]}]},{\"@type\":\"ImageObject\",\"inLanguage\":\"bs-BA\",\"@id\":\"https:\/\/tuzlainfo.ba\/index.php\/bosna-i-hercegovina\/item\/200422-vlada-entiteta-rs-prekida-saradnju-sa-americkim-i-britanskim-diplomatama-u-bih\/#primaryimage\",\"url\":\"https:\/\/tuzlainfo.ba\/wp-content\/uploads\/2022\/12\/2112_vladars.jpg\",\"contentUrl\":\"https:\/\/tuzlainfo.ba\/wp-content\/uploads\/2022\/12\/2112_vladars.jpg\",\"width\":1000,\"height\":667},{\"@type\":\"BreadcrumbList\",\"@id\":\"https:\/\/tuzlainfo.ba\/index.php\/bosna-i-hercegovina\/item\/200422-vlada-entiteta-rs-prekida-saradnju-sa-americkim-i-britanskim-diplomatama-u-bih\/#breadcrumb\",\"itemListElement\":[{\"@type\":\"ListItem\",\"position\":1,\"name\":\"Home\",\"item\":\"https:\/\/tuzlainfo.ba\/\"},{\"@type\":\"ListItem\",\"position\":2,\"name\":\"Vlada entiteta RS prekida saradnju sa ameri\u010dkim i britanskim diplomatama u BiH\"}]},{\"@type\":\"WebSite\",\"@id\":\"https:\/\/tuzlainfo.ba\/#website\",\"url\":\"https:\/\/tuzlainfo.ba\/\",\"name\":\"TuzlaInfo.ba\",\"description\":\"Tuzla info, gradski informator - Tuzla na dlanu\",\"publisher\":{\"@id\":\"https:\/\/tuzlainfo.ba\/#organization\"},\"potentialAction\":[{\"@type\":\"SearchAction\",\"target\":{\"@type\":\"EntryPoint\",\"urlTemplate\":\"https:\/\/tuzlainfo.ba\/?s={search_term_string}\"},\"query-input\":{\"@type\":\"PropertyValueSpecification\",\"valueRequired\":true,\"valueName\":\"search_term_string\"}}],\"inLanguage\":\"bs-BA\"},{\"@type\":\"Organization\",\"@id\":\"https:\/\/tuzlainfo.ba\/#organization\",\"name\":\"TuzlaInfo.ba\",\"url\":\"https:\/\/tuzlainfo.ba\/\",\"logo\":{\"@type\":\"ImageObject\",\"inLanguage\":\"bs-BA\",\"@id\":\"https:\/\/tuzlainfo.ba\/#\/schema\/logo\/image\/\",\"url\":\"https:\/\/tuzlainfo.ba\/wp-content\/uploads\/2021\/03\/logo-ver-3-1.png\",\"contentUrl\":\"https:\/\/tuzlainfo.ba\/wp-content\/uploads\/2021\/03\/logo-ver-3-1.png\",\"width\":350,\"height\":95,\"caption\":\"TuzlaInfo.ba\"},\"image\":{\"@id\":\"https:\/\/tuzlainfo.ba\/#\/schema\/logo\/image\/\"},\"sameAs\":[\"https:\/\/www.facebook.com\/tuzlainfo.ba\/\"]},{\"@type\":\"Person\",\"@id\":\"https:\/\/tuzlainfo.ba\/#\/schema\/person\/f434e20dc27ea133923aab08451b7f7f\",\"name\":\"nedim\",\"image\":{\"@type\":\"ImageObject\",\"inLanguage\":\"bs-BA\",\"@id\":\"https:\/\/tuzlainfo.ba\/#\/schema\/person\/image\/\",\"url\":\"https:\/\/tuzlainfo.ba\/wp-content\/litespeed\/avatar\/aabad687af24844af817603ac1cbdc4f.jpg?ver=1777306975\",\"contentUrl\":\"https:\/\/tuzlainfo.ba\/wp-content\/litespeed\/avatar\/aabad687af24844af817603ac1cbdc4f.jpg?ver=1777306975\",\"caption\":\"nedim\"},\"description\":\"Tuzlainfo.ba pratite na dru\u0161tvenim mre\u017eama: Facebook, Instagram i Youtube. Svoje pri\u010de, upite i fotografije \u0161aljite na na\u0161u e-mail adresu.\"}]}<\/script>\n<!-- \/ Yoast SEO plugin. -->","yoast_head_json":{"title":"Vlada entiteta RS prekida saradnju sa ameri\u010dkim i britanskim diplomatama u BiH - TuzlaInfo.ba","robots":{"index":"index","follow":"follow","max-snippet":"max-snippet:-1","max-image-preview":"max-image-preview:large","max-video-preview":"max-video-preview:-1"},"canonical":"https:\/\/tuzlainfo.ba\/index.php\/bosna-i-hercegovina\/item\/200422-vlada-entiteta-rs-prekida-saradnju-sa-americkim-i-britanskim-diplomatama-u-bih\/","og_locale":"bs_BA","og_type":"article","og_title":"Vlada entiteta RS prekida saradnju sa ameri\u010dkim i britanskim diplomatama u BiH - TuzlaInfo.ba","og_description":"Vlada Republike Srpska danas je u nastavku 13. sjednice usvojila Informaciju o prekidu saradnje sa&hellip;","og_url":"https:\/\/tuzlainfo.ba\/index.php\/bosna-i-hercegovina\/item\/200422-vlada-entiteta-rs-prekida-saradnju-sa-americkim-i-britanskim-diplomatama-u-bih\/","og_site_name":"TuzlaInfo.ba","article_publisher":"https:\/\/www.facebook.com\/tuzlainfo.ba\/","article_published_time":"2023-03-23T16:58:03+00:00","article_modified_time":"2023-03-23T16:58:31+00:00","og_image":[{"width":1000,"height":667,"url":"https:\/\/tuzlainfo.ba\/wp-content\/uploads\/2022\/12\/2112_vladars.jpg","type":"image\/jpeg"}],"author":"nedim","twitter_card":"summary_large_image","twitter_misc":{"Written by":"nedim","Est. reading time":"2 minute"},"schema":{"@context":"https:\/\/schema.org","@graph":[{"@type":"Article","@id":"https:\/\/tuzlainfo.ba\/index.php\/bosna-i-hercegovina\/item\/200422-vlada-entiteta-rs-prekida-saradnju-sa-americkim-i-britanskim-diplomatama-u-bih\/#article","isPartOf":{"@id":"https:\/\/tuzlainfo.ba\/index.php\/bosna-i-hercegovina\/item\/200422-vlada-entiteta-rs-prekida-saradnju-sa-americkim-i-britanskim-diplomatama-u-bih\/"},"author":{"name":"nedim","@id":"https:\/\/tuzlainfo.ba\/#\/schema\/person\/f434e20dc27ea133923aab08451b7f7f"},"headline":"Vlada entiteta RS prekida saradnju sa ameri\u010dkim i britanskim diplomatama u BiH","datePublished":"2023-03-23T16:58:03+00:00","dateModified":"2023-03-23T16:58:31+00:00","mainEntityOfPage":{"@id":"https:\/\/tuzlainfo.ba\/index.php\/bosna-i-hercegovina\/item\/200422-vlada-entiteta-rs-prekida-saradnju-sa-americkim-i-britanskim-diplomatama-u-bih\/"},"wordCount":387,"commentCount":0,"publisher":{"@id":"https:\/\/tuzlainfo.ba\/#organization"},"image":{"@id":"https:\/\/tuzlainfo.ba\/index.php\/bosna-i-hercegovina\/item\/200422-vlada-entiteta-rs-prekida-saradnju-sa-americkim-i-britanskim-diplomatama-u-bih\/#primaryimage"},"thumbnailUrl":"https:\/\/tuzlainfo.ba\/wp-content\/uploads\/2022\/12\/2112_vladars.jpg","keywords":["vlada rs"],"articleSection":["Bosna i Hercegovina"],"inLanguage":"bs-BA"},{"@type":"WebPage","@id":"https:\/\/tuzlainfo.ba\/index.php\/bosna-i-hercegovina\/item\/200422-vlada-entiteta-rs-prekida-saradnju-sa-americkim-i-britanskim-diplomatama-u-bih\/","url":"https:\/\/tuzlainfo.ba\/index.php\/bosna-i-hercegovina\/item\/200422-vlada-entiteta-rs-prekida-saradnju-sa-americkim-i-britanskim-diplomatama-u-bih\/","name":"Vlada entiteta RS prekida saradnju sa ameri\u010dkim i britanskim diplomatama u BiH - TuzlaInfo.ba","isPartOf":{"@id":"https:\/\/tuzlainfo.ba\/#website"},"primaryImageOfPage":{"@id":"https:\/\/tuzlainfo.ba\/index.php\/bosna-i-hercegovina\/item\/200422-vlada-entiteta-rs-prekida-saradnju-sa-americkim-i-britanskim-diplomatama-u-bih\/#primaryimage"},"image":{"@id":"https:\/\/tuzlainfo.ba\/index.php\/bosna-i-hercegovina\/item\/200422-vlada-entiteta-rs-prekida-saradnju-sa-americkim-i-britanskim-diplomatama-u-bih\/#primaryimage"},"thumbnailUrl":"https:\/\/tuzlainfo.ba\/wp-content\/uploads\/2022\/12\/2112_vladars.jpg","datePublished":"2023-03-23T16:58:03+00:00","dateModified":"2023-03-23T16:58:31+00:00","breadcrumb":{"@id":"https:\/\/tuzlainfo.ba\/index.php\/bosna-i-hercegovina\/item\/200422-vlada-entiteta-rs-prekida-saradnju-sa-americkim-i-britanskim-diplomatama-u-bih\/#breadcrumb"},"inLanguage":"bs-BA","potentialAction":[{"@type":"ReadAction","target":["https:\/\/tuzlainfo.ba\/index.php\/bosna-i-hercegovina\/item\/200422-vlada-entiteta-rs-prekida-saradnju-sa-americkim-i-britanskim-diplomatama-u-bih\/"]}]},{"@type":"ImageObject","inLanguage":"bs-BA","@id":"https:\/\/tuzlainfo.ba\/index.php\/bosna-i-hercegovina\/item\/200422-vlada-entiteta-rs-prekida-saradnju-sa-americkim-i-britanskim-diplomatama-u-bih\/#primaryimage","url":"https:\/\/tuzlainfo.ba\/wp-content\/uploads\/2022\/12\/2112_vladars.jpg","contentUrl":"https:\/\/tuzlainfo.ba\/wp-content\/uploads\/2022\/12\/2112_vladars.jpg","width":1000,"height":667},{"@type":"BreadcrumbList","@id":"https:\/\/tuzlainfo.ba\/index.php\/bosna-i-hercegovina\/item\/200422-vlada-entiteta-rs-prekida-saradnju-sa-americkim-i-britanskim-diplomatama-u-bih\/#breadcrumb","itemListElement":[{"@type":"ListItem","position":1,"name":"Home","item":"https:\/\/tuzlainfo.ba\/"},{"@type":"ListItem","position":2,"name":"Vlada entiteta RS prekida saradnju sa ameri\u010dkim i britanskim diplomatama u BiH"}]},{"@type":"WebSite","@id":"https:\/\/tuzlainfo.ba\/#website","url":"https:\/\/tuzlainfo.ba\/","name":"TuzlaInfo.ba","description":"Tuzla info, gradski informator - Tuzla na dlanu","publisher":{"@id":"https:\/\/tuzlainfo.ba\/#organization"},"potentialAction":[{"@type":"SearchAction","target":{"@type":"EntryPoint","urlTemplate":"https:\/\/tuzlainfo.ba\/?s={search_term_string}"},"query-input":{"@type":"PropertyValueSpecification","valueRequired":true,"valueName":"search_term_string"}}],"inLanguage":"bs-BA"},{"@type":"Organization","@id":"https:\/\/tuzlainfo.ba\/#organization","name":"TuzlaInfo.ba","url":"https:\/\/tuzlainfo.ba\/","logo":{"@type":"ImageObject","inLanguage":"bs-BA","@id":"https:\/\/tuzlainfo.ba\/#\/schema\/logo\/image\/","url":"https:\/\/tuzlainfo.ba\/wp-content\/uploads\/2021\/03\/logo-ver-3-1.png","contentUrl":"https:\/\/tuzlainfo.ba\/wp-content\/uploads\/2021\/03\/logo-ver-3-1.png","width":350,"height":95,"caption":"TuzlaInfo.ba"},"image":{"@id":"https:\/\/tuzlainfo.ba\/#\/schema\/logo\/image\/"},"sameAs":["https:\/\/www.facebook.com\/tuzlainfo.ba\/"]},{"@type":"Person","@id":"https:\/\/tuzlainfo.ba\/#\/schema\/person\/f434e20dc27ea133923aab08451b7f7f","name":"nedim","image":{"@type":"ImageObject","inLanguage":"bs-BA","@id":"https:\/\/tuzlainfo.ba\/#\/schema\/person\/image\/","url":"https:\/\/tuzlainfo.ba\/wp-content\/litespeed\/avatar\/aabad687af24844af817603ac1cbdc4f.jpg?ver=1777306975","contentUrl":"https:\/\/tuzlainfo.ba\/wp-content\/litespeed\/avatar\/aabad687af24844af817603ac1cbdc4f.jpg?ver=1777306975","caption":"nedim"},"description":"Tuzlainfo.ba pratite na dru\u0161tvenim mre\u017eama: Facebook, Instagram i Youtube. Svoje pri\u010de, upite i fotografije \u0161aljite na na\u0161u e-mail adresu."}]}},"_links":{"self":[{"href":"https:\/\/tuzlainfo.ba\/index.php\/wp-json\/wp\/v2\/posts\/200422"}],"collection":[{"href":"https:\/\/tuzlainfo.ba\/index.php\/wp-json\/wp\/v2\/posts"}],"about":[{"href":"https:\/\/tuzlainfo.ba\/index.php\/wp-json\/wp\/v2\/types\/post"}],"author":[{"embeddable":true,"href":"https:\/\/tuzlainfo.ba\/index.php\/wp-json\/wp\/v2\/users\/2"}],"replies":[{"embeddable":true,"href":"https:\/\/tuzlainfo.ba\/index.php\/wp-json\/wp\/v2\/comments?post=200422"}],"version-history":[{"count":0,"href":"https:\/\/tuzlainfo.ba\/index.php\/wp-json\/wp\/v2\/posts\/200422\/revisions"}],"wp:featuredmedia":[{"embeddable":true,"href":"https:\/\/tuzlainfo.ba\/index.php\/wp-json\/wp\/v2\/media\/192767"}],"wp:attachment":[{"href":"https:\/\/tuzlainfo.ba\/index.php\/wp-json\/wp\/v2\/media?parent=200422"}],"wp:term":[{"taxonomy":"category","embeddable":true,"href":"https:\/\/tuzlainfo.ba\/index.php\/wp-json\/wp\/v2\/categories?post=200422"},{"taxonomy":"post_tag","embeddable":true,"href":"https:\/\/tuzlainfo.ba\/index.php\/wp-json\/wp\/v2\/tags?post=200422"}],"curies":[{"name":"wp","href":"https:\/\/api.w.org\/{rel}","templated":true}]}}