{"id":200259,"date":"2023-03-22T13:08:30","date_gmt":"2023-03-22T12:08:30","guid":{"rendered":"https:\/\/tuzlainfo.ba\/?p=200259"},"modified":"2023-03-22T09:32:42","modified_gmt":"2023-03-22T08:32:42","slug":"ove-sedmice-na-sceni-pozorista-mladih-tuzle-predstava-turneja","status":"publish","type":"post","link":"https:\/\/tuzlainfo.ba\/index.php\/najava-dogadaja-2\/item\/200259-ove-sedmice-na-sceni-pozorista-mladih-tuzle-predstava-turneja\/","title":{"rendered":"Ove sedmice na sceni Pozori\u0161ta mladih Tuzle predstava &#8220;Turneja&#8221;"},"content":{"rendered":"<p>U petak, 24.3.2023. godine u 20.00h u okviru \u201e19. Dana Mladih Tuzle\u201c na sceni Pozori\u0161ta mladih Tuzle bi\u0107e izvedena predstava \u201eTurneja\u201c nastala u produkciji Amaterskog pozori\u0161ta \u201cNeretva\u201d Konjic, a po originalnom tekstu Gorana Markovi\u0107a.<\/p>\n<p>&nbsp;<\/p>\n<p>Turneja je posveta umjetnosti glume, ali istovremeno govori o besmislu ratovanja. To je pri\u010da o grupi beogradskih glumaca koji u potrazi za zaradom kre\u0107u u nepredvidivu avanturu u zara\u0107ena podru\u010dja Srpske Krajine u toku 1993. godine. Na toj turneji glumci do\u017eivljavaju i pre\u017eivljavaju neprijatna, bolna i \u0161okantna iskustva pri \u010demu na duhovit na\u010din dolaze do va\u017enih \u017eivotnih spoznaja.<\/p>\n<p>&nbsp;<\/p>\n<p>U predstavi igraju: Almir Ali\u0107, Dino Hajdar, Lorena Trogli\u0107, Kenan Alikadi\u0107, Azra Suba\u0161i\u0107, Renato Antunovi\u0107, Nihad Bori\u0107, Ena Osmanovi\u0107, Muamer Nuhanovi\u0107, Ali \u0160oto, Mirza \u0160irbegovi\u0107, Omar Prevljak, Kerim Mesuki\u0107, Emma Fi\u0161i\u0107, Dino Keri\u0107, Benjamin Kralju\u0161i\u0107, Benjamin Zahirovi\u0107, Denis Golubi\u0107, Saira \u0160puren, Velid Alihod\u017ei\u0107, Sanina Osmanovi\u0107, Deni Litri\u0107, Almin Begluk i ALdina Medija.<\/p>\n<p>&nbsp;<\/p>\n<p>Re\u017eiju predstave potpisuje Dino Keri\u0107.<\/p>\n<p>&nbsp;<\/p>\n<p>Informacije\/rezervacije: 061 365 600.<\/p>\n","protected":false},"excerpt":{"rendered":"<p>U petak, 24.3.2023. godine u 20.00h u okviru \u201e19. Dana Mladih Tuzle\u201c na sceni Pozori\u0161ta&hellip;<\/p>\n","protected":false},"author":4,"featured_media":200260,"comment_status":"open","ping_status":"closed","sticky":false,"template":"","format":"standard","meta":{"_acf_changed":false,"footnotes":""},"categories":[304,11],"tags":[2926],"acf":[],"yoast_head":"<!-- This site is optimized with the Yoast SEO plugin v23.5 - https:\/\/yoast.com\/wordpress\/plugins\/seo\/ -->\n<title>Ove sedmice na sceni Pozori\u0161ta mladih Tuzle predstava &quot;Turneja&quot; - TuzlaInfo.ba<\/title>\n<meta name=\"robots\" content=\"index, follow, max-snippet:-1, max-image-preview:large, max-video-preview:-1\" \/>\n<link rel=\"canonical\" href=\"https:\/\/tuzlainfo.ba\/index.php\/najava-dogadaja-2\/item\/200259-ove-sedmice-na-sceni-pozorista-mladih-tuzle-predstava-turneja\/\" \/>\n<meta property=\"og:locale\" content=\"bs_BA\" \/>\n<meta property=\"og:type\" content=\"article\" \/>\n<meta property=\"og:title\" content=\"Ove sedmice na sceni Pozori\u0161ta mladih Tuzle predstava &quot;Turneja&quot; - TuzlaInfo.ba\" \/>\n<meta property=\"og:description\" content=\"U petak, 24.3.2023. godine u 20.00h u okviru \u201e19. Dana Mladih Tuzle\u201c na sceni Pozori\u0161ta&hellip;\" \/>\n<meta property=\"og:url\" content=\"https:\/\/tuzlainfo.ba\/index.php\/najava-dogadaja-2\/item\/200259-ove-sedmice-na-sceni-pozorista-mladih-tuzle-predstava-turneja\/\" \/>\n<meta property=\"og:site_name\" content=\"TuzlaInfo.ba\" \/>\n<meta property=\"article:publisher\" content=\"https:\/\/www.facebook.com\/tuzlainfo.ba\/\" \/>\n<meta property=\"article:published_time\" content=\"2023-03-22T12:08:30+00:00\" \/>\n<meta property=\"article:modified_time\" content=\"2023-03-22T08:32:42+00:00\" \/>\n<meta property=\"og:image\" content=\"https:\/\/tuzlainfo.ba\/wp-content\/uploads\/2023\/03\/Turneja_APNeretva-98-of-116.jpg\" \/>\n\t<meta property=\"og:image:width\" content=\"2048\" \/>\n\t<meta property=\"og:image:height\" content=\"1363\" \/>\n\t<meta property=\"og:image:type\" content=\"image\/jpeg\" \/>\n<meta name=\"author\" content=\"Tuzla Info\" \/>\n<meta name=\"twitter:card\" content=\"summary_large_image\" \/>\n<meta name=\"twitter:label1\" content=\"Written by\" \/>\n\t<meta name=\"twitter:data1\" content=\"Tuzla Info\" \/>\n\t<meta name=\"twitter:label2\" content=\"Est. reading time\" \/>\n\t<meta name=\"twitter:data2\" content=\"1 minuta\" \/>\n<script type=\"application\/ld+json\" class=\"yoast-schema-graph\">{\"@context\":\"https:\/\/schema.org\",\"@graph\":[{\"@type\":\"Article\",\"@id\":\"https:\/\/tuzlainfo.ba\/index.php\/najava-dogadaja-2\/item\/200259-ove-sedmice-na-sceni-pozorista-mladih-tuzle-predstava-turneja\/#article\",\"isPartOf\":{\"@id\":\"https:\/\/tuzlainfo.ba\/index.php\/najava-dogadaja-2\/item\/200259-ove-sedmice-na-sceni-pozorista-mladih-tuzle-predstava-turneja\/\"},\"author\":{\"name\":\"Tuzla Info\",\"@id\":\"https:\/\/tuzlainfo.ba\/#\/schema\/person\/46cad4c57790cbc50781edd14870825a\"},\"headline\":\"Ove sedmice na sceni Pozori\u0161ta mladih Tuzle predstava &#8220;Turneja&#8221;\",\"datePublished\":\"2023-03-22T12:08:30+00:00\",\"dateModified\":\"2023-03-22T08:32:42+00:00\",\"mainEntityOfPage\":{\"@id\":\"https:\/\/tuzlainfo.ba\/index.php\/najava-dogadaja-2\/item\/200259-ove-sedmice-na-sceni-pozorista-mladih-tuzle-predstava-turneja\/\"},\"wordCount\":179,\"commentCount\":0,\"publisher\":{\"@id\":\"https:\/\/tuzlainfo.ba\/#organization\"},\"image\":{\"@id\":\"https:\/\/tuzlainfo.ba\/index.php\/najava-dogadaja-2\/item\/200259-ove-sedmice-na-sceni-pozorista-mladih-tuzle-predstava-turneja\/#primaryimage\"},\"thumbnailUrl\":\"https:\/\/tuzlainfo.ba\/wp-content\/uploads\/2023\/03\/Turneja_APNeretva-98-of-116.jpg\",\"keywords\":[\"pozori\u0161te mladih tuzla\"],\"articleSection\":[\"Istaknuto\",\"Najave i doga\u0111aji\"],\"inLanguage\":\"bs-BA\"},{\"@type\":\"WebPage\",\"@id\":\"https:\/\/tuzlainfo.ba\/index.php\/najava-dogadaja-2\/item\/200259-ove-sedmice-na-sceni-pozorista-mladih-tuzle-predstava-turneja\/\",\"url\":\"https:\/\/tuzlainfo.ba\/index.php\/najava-dogadaja-2\/item\/200259-ove-sedmice-na-sceni-pozorista-mladih-tuzle-predstava-turneja\/\",\"name\":\"Ove sedmice na sceni Pozori\u0161ta mladih Tuzle predstava \\\"Turneja\\\" - TuzlaInfo.ba\",\"isPartOf\":{\"@id\":\"https:\/\/tuzlainfo.ba\/#website\"},\"primaryImageOfPage\":{\"@id\":\"https:\/\/tuzlainfo.ba\/index.php\/najava-dogadaja-2\/item\/200259-ove-sedmice-na-sceni-pozorista-mladih-tuzle-predstava-turneja\/#primaryimage\"},\"image\":{\"@id\":\"https:\/\/tuzlainfo.ba\/index.php\/najava-dogadaja-2\/item\/200259-ove-sedmice-na-sceni-pozorista-mladih-tuzle-predstava-turneja\/#primaryimage\"},\"thumbnailUrl\":\"https:\/\/tuzlainfo.ba\/wp-content\/uploads\/2023\/03\/Turneja_APNeretva-98-of-116.jpg\",\"datePublished\":\"2023-03-22T12:08:30+00:00\",\"dateModified\":\"2023-03-22T08:32:42+00:00\",\"breadcrumb\":{\"@id\":\"https:\/\/tuzlainfo.ba\/index.php\/najava-dogadaja-2\/item\/200259-ove-sedmice-na-sceni-pozorista-mladih-tuzle-predstava-turneja\/#breadcrumb\"},\"inLanguage\":\"bs-BA\",\"potentialAction\":[{\"@type\":\"ReadAction\",\"target\":[\"https:\/\/tuzlainfo.ba\/index.php\/najava-dogadaja-2\/item\/200259-ove-sedmice-na-sceni-pozorista-mladih-tuzle-predstava-turneja\/\"]}]},{\"@type\":\"ImageObject\",\"inLanguage\":\"bs-BA\",\"@id\":\"https:\/\/tuzlainfo.ba\/index.php\/najava-dogadaja-2\/item\/200259-ove-sedmice-na-sceni-pozorista-mladih-tuzle-predstava-turneja\/#primaryimage\",\"url\":\"https:\/\/tuzlainfo.ba\/wp-content\/uploads\/2023\/03\/Turneja_APNeretva-98-of-116.jpg\",\"contentUrl\":\"https:\/\/tuzlainfo.ba\/wp-content\/uploads\/2023\/03\/Turneja_APNeretva-98-of-116.jpg\",\"width\":2048,\"height\":1363},{\"@type\":\"BreadcrumbList\",\"@id\":\"https:\/\/tuzlainfo.ba\/index.php\/najava-dogadaja-2\/item\/200259-ove-sedmice-na-sceni-pozorista-mladih-tuzle-predstava-turneja\/#breadcrumb\",\"itemListElement\":[{\"@type\":\"ListItem\",\"position\":1,\"name\":\"Home\",\"item\":\"https:\/\/tuzlainfo.ba\/\"},{\"@type\":\"ListItem\",\"position\":2,\"name\":\"Ove sedmice na sceni Pozori\u0161ta mladih Tuzle predstava &#8220;Turneja&#8221;\"}]},{\"@type\":\"WebSite\",\"@id\":\"https:\/\/tuzlainfo.ba\/#website\",\"url\":\"https:\/\/tuzlainfo.ba\/\",\"name\":\"TuzlaInfo.ba\",\"description\":\"Tuzla info, gradski informator - Tuzla na dlanu\",\"publisher\":{\"@id\":\"https:\/\/tuzlainfo.ba\/#organization\"},\"potentialAction\":[{\"@type\":\"SearchAction\",\"target\":{\"@type\":\"EntryPoint\",\"urlTemplate\":\"https:\/\/tuzlainfo.ba\/?s={search_term_string}\"},\"query-input\":{\"@type\":\"PropertyValueSpecification\",\"valueRequired\":true,\"valueName\":\"search_term_string\"}}],\"inLanguage\":\"bs-BA\"},{\"@type\":\"Organization\",\"@id\":\"https:\/\/tuzlainfo.ba\/#organization\",\"name\":\"TuzlaInfo.ba\",\"url\":\"https:\/\/tuzlainfo.ba\/\",\"logo\":{\"@type\":\"ImageObject\",\"inLanguage\":\"bs-BA\",\"@id\":\"https:\/\/tuzlainfo.ba\/#\/schema\/logo\/image\/\",\"url\":\"https:\/\/tuzlainfo.ba\/wp-content\/uploads\/2021\/03\/logo-ver-3-1.png\",\"contentUrl\":\"https:\/\/tuzlainfo.ba\/wp-content\/uploads\/2021\/03\/logo-ver-3-1.png\",\"width\":350,\"height\":95,\"caption\":\"TuzlaInfo.ba\"},\"image\":{\"@id\":\"https:\/\/tuzlainfo.ba\/#\/schema\/logo\/image\/\"},\"sameAs\":[\"https:\/\/www.facebook.com\/tuzlainfo.ba\/\"]},{\"@type\":\"Person\",\"@id\":\"https:\/\/tuzlainfo.ba\/#\/schema\/person\/46cad4c57790cbc50781edd14870825a\",\"name\":\"Tuzla Info\",\"image\":{\"@type\":\"ImageObject\",\"inLanguage\":\"bs-BA\",\"@id\":\"https:\/\/tuzlainfo.ba\/#\/schema\/person\/image\/\",\"url\":\"https:\/\/tuzlainfo.ba\/wp-content\/litespeed\/avatar\/b6c453a6c38e3654f2e4416c643fc25c.jpg?ver=1777051911\",\"contentUrl\":\"https:\/\/tuzlainfo.ba\/wp-content\/litespeed\/avatar\/b6c453a6c38e3654f2e4416c643fc25c.jpg?ver=1777051911\",\"caption\":\"Tuzla Info\"}}]}<\/script>\n<!-- \/ Yoast SEO plugin. -->","yoast_head_json":{"title":"Ove sedmice na sceni Pozori\u0161ta mladih Tuzle predstava \"Turneja\" - TuzlaInfo.ba","robots":{"index":"index","follow":"follow","max-snippet":"max-snippet:-1","max-image-preview":"max-image-preview:large","max-video-preview":"max-video-preview:-1"},"canonical":"https:\/\/tuzlainfo.ba\/index.php\/najava-dogadaja-2\/item\/200259-ove-sedmice-na-sceni-pozorista-mladih-tuzle-predstava-turneja\/","og_locale":"bs_BA","og_type":"article","og_title":"Ove sedmice na sceni Pozori\u0161ta mladih Tuzle predstava \"Turneja\" - TuzlaInfo.ba","og_description":"U petak, 24.3.2023. godine u 20.00h u okviru \u201e19. Dana Mladih Tuzle\u201c na sceni Pozori\u0161ta&hellip;","og_url":"https:\/\/tuzlainfo.ba\/index.php\/najava-dogadaja-2\/item\/200259-ove-sedmice-na-sceni-pozorista-mladih-tuzle-predstava-turneja\/","og_site_name":"TuzlaInfo.ba","article_publisher":"https:\/\/www.facebook.com\/tuzlainfo.ba\/","article_published_time":"2023-03-22T12:08:30+00:00","article_modified_time":"2023-03-22T08:32:42+00:00","og_image":[{"width":2048,"height":1363,"url":"https:\/\/tuzlainfo.ba\/wp-content\/uploads\/2023\/03\/Turneja_APNeretva-98-of-116.jpg","type":"image\/jpeg"}],"author":"Tuzla Info","twitter_card":"summary_large_image","twitter_misc":{"Written by":"Tuzla Info","Est. reading time":"1 minuta"},"schema":{"@context":"https:\/\/schema.org","@graph":[{"@type":"Article","@id":"https:\/\/tuzlainfo.ba\/index.php\/najava-dogadaja-2\/item\/200259-ove-sedmice-na-sceni-pozorista-mladih-tuzle-predstava-turneja\/#article","isPartOf":{"@id":"https:\/\/tuzlainfo.ba\/index.php\/najava-dogadaja-2\/item\/200259-ove-sedmice-na-sceni-pozorista-mladih-tuzle-predstava-turneja\/"},"author":{"name":"Tuzla Info","@id":"https:\/\/tuzlainfo.ba\/#\/schema\/person\/46cad4c57790cbc50781edd14870825a"},"headline":"Ove sedmice na sceni Pozori\u0161ta mladih Tuzle predstava &#8220;Turneja&#8221;","datePublished":"2023-03-22T12:08:30+00:00","dateModified":"2023-03-22T08:32:42+00:00","mainEntityOfPage":{"@id":"https:\/\/tuzlainfo.ba\/index.php\/najava-dogadaja-2\/item\/200259-ove-sedmice-na-sceni-pozorista-mladih-tuzle-predstava-turneja\/"},"wordCount":179,"commentCount":0,"publisher":{"@id":"https:\/\/tuzlainfo.ba\/#organization"},"image":{"@id":"https:\/\/tuzlainfo.ba\/index.php\/najava-dogadaja-2\/item\/200259-ove-sedmice-na-sceni-pozorista-mladih-tuzle-predstava-turneja\/#primaryimage"},"thumbnailUrl":"https:\/\/tuzlainfo.ba\/wp-content\/uploads\/2023\/03\/Turneja_APNeretva-98-of-116.jpg","keywords":["pozori\u0161te mladih tuzla"],"articleSection":["Istaknuto","Najave i doga\u0111aji"],"inLanguage":"bs-BA"},{"@type":"WebPage","@id":"https:\/\/tuzlainfo.ba\/index.php\/najava-dogadaja-2\/item\/200259-ove-sedmice-na-sceni-pozorista-mladih-tuzle-predstava-turneja\/","url":"https:\/\/tuzlainfo.ba\/index.php\/najava-dogadaja-2\/item\/200259-ove-sedmice-na-sceni-pozorista-mladih-tuzle-predstava-turneja\/","name":"Ove sedmice na sceni Pozori\u0161ta mladih Tuzle predstava \"Turneja\" - TuzlaInfo.ba","isPartOf":{"@id":"https:\/\/tuzlainfo.ba\/#website"},"primaryImageOfPage":{"@id":"https:\/\/tuzlainfo.ba\/index.php\/najava-dogadaja-2\/item\/200259-ove-sedmice-na-sceni-pozorista-mladih-tuzle-predstava-turneja\/#primaryimage"},"image":{"@id":"https:\/\/tuzlainfo.ba\/index.php\/najava-dogadaja-2\/item\/200259-ove-sedmice-na-sceni-pozorista-mladih-tuzle-predstava-turneja\/#primaryimage"},"thumbnailUrl":"https:\/\/tuzlainfo.ba\/wp-content\/uploads\/2023\/03\/Turneja_APNeretva-98-of-116.jpg","datePublished":"2023-03-22T12:08:30+00:00","dateModified":"2023-03-22T08:32:42+00:00","breadcrumb":{"@id":"https:\/\/tuzlainfo.ba\/index.php\/najava-dogadaja-2\/item\/200259-ove-sedmice-na-sceni-pozorista-mladih-tuzle-predstava-turneja\/#breadcrumb"},"inLanguage":"bs-BA","potentialAction":[{"@type":"ReadAction","target":["https:\/\/tuzlainfo.ba\/index.php\/najava-dogadaja-2\/item\/200259-ove-sedmice-na-sceni-pozorista-mladih-tuzle-predstava-turneja\/"]}]},{"@type":"ImageObject","inLanguage":"bs-BA","@id":"https:\/\/tuzlainfo.ba\/index.php\/najava-dogadaja-2\/item\/200259-ove-sedmice-na-sceni-pozorista-mladih-tuzle-predstava-turneja\/#primaryimage","url":"https:\/\/tuzlainfo.ba\/wp-content\/uploads\/2023\/03\/Turneja_APNeretva-98-of-116.jpg","contentUrl":"https:\/\/tuzlainfo.ba\/wp-content\/uploads\/2023\/03\/Turneja_APNeretva-98-of-116.jpg","width":2048,"height":1363},{"@type":"BreadcrumbList","@id":"https:\/\/tuzlainfo.ba\/index.php\/najava-dogadaja-2\/item\/200259-ove-sedmice-na-sceni-pozorista-mladih-tuzle-predstava-turneja\/#breadcrumb","itemListElement":[{"@type":"ListItem","position":1,"name":"Home","item":"https:\/\/tuzlainfo.ba\/"},{"@type":"ListItem","position":2,"name":"Ove sedmice na sceni Pozori\u0161ta mladih Tuzle predstava &#8220;Turneja&#8221;"}]},{"@type":"WebSite","@id":"https:\/\/tuzlainfo.ba\/#website","url":"https:\/\/tuzlainfo.ba\/","name":"TuzlaInfo.ba","description":"Tuzla info, gradski informator - Tuzla na dlanu","publisher":{"@id":"https:\/\/tuzlainfo.ba\/#organization"},"potentialAction":[{"@type":"SearchAction","target":{"@type":"EntryPoint","urlTemplate":"https:\/\/tuzlainfo.ba\/?s={search_term_string}"},"query-input":{"@type":"PropertyValueSpecification","valueRequired":true,"valueName":"search_term_string"}}],"inLanguage":"bs-BA"},{"@type":"Organization","@id":"https:\/\/tuzlainfo.ba\/#organization","name":"TuzlaInfo.ba","url":"https:\/\/tuzlainfo.ba\/","logo":{"@type":"ImageObject","inLanguage":"bs-BA","@id":"https:\/\/tuzlainfo.ba\/#\/schema\/logo\/image\/","url":"https:\/\/tuzlainfo.ba\/wp-content\/uploads\/2021\/03\/logo-ver-3-1.png","contentUrl":"https:\/\/tuzlainfo.ba\/wp-content\/uploads\/2021\/03\/logo-ver-3-1.png","width":350,"height":95,"caption":"TuzlaInfo.ba"},"image":{"@id":"https:\/\/tuzlainfo.ba\/#\/schema\/logo\/image\/"},"sameAs":["https:\/\/www.facebook.com\/tuzlainfo.ba\/"]},{"@type":"Person","@id":"https:\/\/tuzlainfo.ba\/#\/schema\/person\/46cad4c57790cbc50781edd14870825a","name":"Tuzla Info","image":{"@type":"ImageObject","inLanguage":"bs-BA","@id":"https:\/\/tuzlainfo.ba\/#\/schema\/person\/image\/","url":"https:\/\/tuzlainfo.ba\/wp-content\/litespeed\/avatar\/b6c453a6c38e3654f2e4416c643fc25c.jpg?ver=1777051911","contentUrl":"https:\/\/tuzlainfo.ba\/wp-content\/litespeed\/avatar\/b6c453a6c38e3654f2e4416c643fc25c.jpg?ver=1777051911","caption":"Tuzla Info"}}]}},"_links":{"self":[{"href":"https:\/\/tuzlainfo.ba\/index.php\/wp-json\/wp\/v2\/posts\/200259"}],"collection":[{"href":"https:\/\/tuzlainfo.ba\/index.php\/wp-json\/wp\/v2\/posts"}],"about":[{"href":"https:\/\/tuzlainfo.ba\/index.php\/wp-json\/wp\/v2\/types\/post"}],"author":[{"embeddable":true,"href":"https:\/\/tuzlainfo.ba\/index.php\/wp-json\/wp\/v2\/users\/4"}],"replies":[{"embeddable":true,"href":"https:\/\/tuzlainfo.ba\/index.php\/wp-json\/wp\/v2\/comments?post=200259"}],"version-history":[{"count":0,"href":"https:\/\/tuzlainfo.ba\/index.php\/wp-json\/wp\/v2\/posts\/200259\/revisions"}],"wp:featuredmedia":[{"embeddable":true,"href":"https:\/\/tuzlainfo.ba\/index.php\/wp-json\/wp\/v2\/media\/200260"}],"wp:attachment":[{"href":"https:\/\/tuzlainfo.ba\/index.php\/wp-json\/wp\/v2\/media?parent=200259"}],"wp:term":[{"taxonomy":"category","embeddable":true,"href":"https:\/\/tuzlainfo.ba\/index.php\/wp-json\/wp\/v2\/categories?post=200259"},{"taxonomy":"post_tag","embeddable":true,"href":"https:\/\/tuzlainfo.ba\/index.php\/wp-json\/wp\/v2\/tags?post=200259"}],"curies":[{"name":"wp","href":"https:\/\/api.w.org\/{rel}","templated":true}]}}