{"id":200043,"date":"2023-03-18T22:23:45","date_gmt":"2023-03-18T21:23:45","guid":{"rendered":"https:\/\/tuzlainfo.ba\/?p=200043"},"modified":"2023-03-18T22:23:45","modified_gmt":"2023-03-18T21:23:45","slug":"banja-luka-lgbt-aktiviste-i-novinare-napalo-30-tak-huligana-policija-nije-stala-u-zastitu","status":"publish","type":"post","link":"https:\/\/tuzlainfo.ba\/index.php\/bosna-i-hercegovina\/item\/200043-banja-luka-lgbt-aktiviste-i-novinare-napalo-30-tak-huligana-policija-nije-stala-u-zastitu\/","title":{"rendered":"Banja Luka: LGBT aktiviste i novinare napalo 30-tak huligana, policija nije stala u za\u0161titu"},"content":{"rendered":"<p>\u017dana Gauk, novinarka \u017durnala za N1 je komentarisala ve\u010dera\u0161nji napad na aktiviste &#8220;BH Povorke ponosa&#8221; u Banjaluci rekav\u0161i da je me\u0111u povrije\u0111enima i novinarka i aktivistkinja Vanja Stoki\u0107 te da iza ovog nasilja stoji oko 30-tak huligana, a da policija nije stala u za\u0161titu.<\/p>\n<p>Gauk nam je ispri\u010dala da je kolegica Stoki\u0107 pozvala nakon \u0161to je pregledana u Hitnoj pomo\u0107i.<\/p>\n<p>\u201cIspri\u010dala mi je kako se sve odvilo. Naime, kolegica Stoki\u0107 je do\u0161la da pozdravi svoje prijatelje iz \u2018Povorke ponosa\u2019, me\u0111utim, kada je do\u0161la ispred prostorija Transparency Internationala, tu su se zaustavila dva policijska automobila i za njima je do\u0161lo do 30-tak huligana i odmah su krenuli u napad. Dio aktivista koji je upozoren od policije da se razi\u0111u i da im ne mogu da im garantuju sigurnost, se razbje\u017eao,a pojedini su se vratili u prostorije Transparency Internetionala, a huligani su moju kolegicu Stoki\u0107 uhvatili i njenog prijatelja i aktivistu Ajdina Kambera. Ona je poku\u0161ala stati iza gra\u0111ana okupljenih u naselju Mejdan oni su rekli da je \u2018njihova\u2019 i zgrabili su je i bacili preko zida. Povrijedila je lakat, ali sre\u0107om lak\u0161a je povreda. Ajdina su tukli, razbijena mu je fla\u0161a o glavu i uspjeli su nekako pobje\u0107i i sjeli u auto i kru\u017eiti po naselju ostale aktiviste da im pomognu\u201d, dodala je Gauk.<\/p>\n<p>Dok su tra\u017eili aktiviste, kako nam je kazala, nai\u0161li su na policijsku patrolu i pitali su da ih za\u0161tite, me\u0111utim, to nisu dobili.<\/p>\n<p>\u201cRekli su im da tuku ljude, ali im je policajac rekao na to da to \u2018nije njihova stvar\u2019. Nisu htjeli da im daju imena i prezimena, ali imaju zapisanu tablicu njihovog slu\u017ebenog vouila tako da \u0107e policija svakako znati imena kolega koji nisu htjeli da im pomognu i za\u0161tite aktiviste u Banjaluci ve\u010deras\u201d, kazala nam je Gauk.<\/p>\n<p>Dodala je da prema nezvani\u010dnim informacijama koje ona ima, samo jedan policijski inspektor je znao dana\u0161nje kretanje aktivista u Banjaluci.<\/p>\n<p>\u201cNakon \u0161to je skup jutros zabranjen\u201d, istakla je.<\/p>\n<p>Kazala je da su u Banjaluci ve\u010deras prire\u0111ena neprimjerena skandiranja.<\/p>\n<p>\u201cKako predsjednik RS ka\u017ee za jednu Banjaluku, demokratski grad, ovo je zaista mrak. Stojim ispred policijske uprave i rekli su da \u0107e za\u0161tititi novinare i da slobodno mo\u017eemo u\u0107i unutra na stadion gdje je utakmica Borca i gdje su bila ova skandiranja, ali ja se zaista ne osje\u0107am sigurno nakon svega ovoga\u201d, poru\u010dila je Gauk.<\/p>\n<p>Podsjetimo,\u00a0u ve\u010dernjim satima u Banjaluci je do\u0161lo do napada na aktiviste \u201cBH Parade ponosa\u201d\u00a0u kojem su povrije\u0111ene tri osobe. Napad se desio nakon \u0161to je danas njihov skup zabranjen i nije odr\u017ean.<\/p>\n<p>Iz policije su za N1 rekli da\u00a0su obavije\u0161teni o ovom doga\u0111aju te\u00a0da rade na rasvjetljavanju slu\u010daja, ali nisu komentarisali to da njihove kolege nisu reagovale i stale u za\u0161titu aktivista.<\/p>\n<div>\n<div id=\"div-gpt-ad-1620633197366-0\">\n<div id=\"\/21876124292\/N1BIH\/n1-bih-inText\" data-google-query-id=\"CIrts5Kz5v0CFTnXuwgdo04FdA\"><a href=\"https:\/\/n1info.ba\/vijesti\/aktiviste-u-banjaluci-napalo-30-tak-huligana-policija-nije-stala-u-zastitu\/\"><strong>Izvor: N1<\/strong><\/a><\/div>\n<\/div>\n<\/div>\n","protected":false},"excerpt":{"rendered":"<p>\u017dana Gauk, novinarka \u017durnala za N1 je komentarisala ve\u010dera\u0161nji napad na aktiviste &#8220;BH Povorke ponosa&#8221;&hellip;<\/p>\n","protected":false},"author":2,"featured_media":150014,"comment_status":"open","ping_status":"closed","sticky":false,"template":"","format":"standard","meta":{"_acf_changed":false,"footnotes":""},"categories":[291],"tags":[589,1686],"acf":[],"yoast_head":"<!-- This site is optimized with the Yoast SEO plugin v23.5 - https:\/\/yoast.com\/wordpress\/plugins\/seo\/ -->\n<title>Banja Luka: LGBT aktiviste i novinare napalo 30-tak huligana, policija nije stala u za\u0161titu - TuzlaInfo.ba<\/title>\n<meta name=\"robots\" content=\"index, follow, max-snippet:-1, max-image-preview:large, max-video-preview:-1\" \/>\n<link rel=\"canonical\" href=\"https:\/\/tuzlainfo.ba\/index.php\/bosna-i-hercegovina\/item\/200043-banja-luka-lgbt-aktiviste-i-novinare-napalo-30-tak-huligana-policija-nije-stala-u-zastitu\/\" \/>\n<meta property=\"og:locale\" content=\"bs_BA\" \/>\n<meta property=\"og:type\" content=\"article\" \/>\n<meta property=\"og:title\" content=\"Banja Luka: LGBT aktiviste i novinare napalo 30-tak huligana, policija nije stala u za\u0161titu - TuzlaInfo.ba\" \/>\n<meta property=\"og:description\" content=\"\u017dana Gauk, novinarka \u017durnala za N1 je komentarisala ve\u010dera\u0161nji napad na aktiviste &#8220;BH Povorke ponosa&#8221;&hellip;\" \/>\n<meta property=\"og:url\" content=\"https:\/\/tuzlainfo.ba\/index.php\/bosna-i-hercegovina\/item\/200043-banja-luka-lgbt-aktiviste-i-novinare-napalo-30-tak-huligana-policija-nije-stala-u-zastitu\/\" \/>\n<meta property=\"og:site_name\" content=\"TuzlaInfo.ba\" \/>\n<meta property=\"article:publisher\" content=\"https:\/\/www.facebook.com\/tuzlainfo.ba\/\" \/>\n<meta property=\"article:published_time\" content=\"2023-03-18T21:23:45+00:00\" \/>\n<meta property=\"og:image\" content=\"https:\/\/tuzlainfo.ba\/wp-content\/uploads\/2021\/10\/0610_policija-rs.jpg\" \/>\n\t<meta property=\"og:image:width\" content=\"750\" \/>\n\t<meta property=\"og:image:height\" content=\"465\" \/>\n\t<meta property=\"og:image:type\" content=\"image\/jpeg\" \/>\n<meta name=\"author\" content=\"nedim\" \/>\n<meta name=\"twitter:card\" content=\"summary_large_image\" \/>\n<meta name=\"twitter:label1\" content=\"Written by\" \/>\n\t<meta name=\"twitter:data1\" content=\"nedim\" \/>\n\t<meta name=\"twitter:label2\" content=\"Est. reading time\" \/>\n\t<meta name=\"twitter:data2\" content=\"3 minute\" \/>\n<script type=\"application\/ld+json\" class=\"yoast-schema-graph\">{\"@context\":\"https:\/\/schema.org\",\"@graph\":[{\"@type\":\"Article\",\"@id\":\"https:\/\/tuzlainfo.ba\/index.php\/bosna-i-hercegovina\/item\/200043-banja-luka-lgbt-aktiviste-i-novinare-napalo-30-tak-huligana-policija-nije-stala-u-zastitu\/#article\",\"isPartOf\":{\"@id\":\"https:\/\/tuzlainfo.ba\/index.php\/bosna-i-hercegovina\/item\/200043-banja-luka-lgbt-aktiviste-i-novinare-napalo-30-tak-huligana-policija-nije-stala-u-zastitu\/\"},\"author\":{\"name\":\"nedim\",\"@id\":\"https:\/\/tuzlainfo.ba\/#\/schema\/person\/f434e20dc27ea133923aab08451b7f7f\"},\"headline\":\"Banja Luka: LGBT aktiviste i novinare napalo 30-tak huligana, policija nije stala u za\u0161titu\",\"datePublished\":\"2023-03-18T21:23:45+00:00\",\"dateModified\":\"2023-03-18T21:23:45+00:00\",\"mainEntityOfPage\":{\"@id\":\"https:\/\/tuzlainfo.ba\/index.php\/bosna-i-hercegovina\/item\/200043-banja-luka-lgbt-aktiviste-i-novinare-napalo-30-tak-huligana-policija-nije-stala-u-zastitu\/\"},\"wordCount\":517,\"commentCount\":0,\"publisher\":{\"@id\":\"https:\/\/tuzlainfo.ba\/#organization\"},\"image\":{\"@id\":\"https:\/\/tuzlainfo.ba\/index.php\/bosna-i-hercegovina\/item\/200043-banja-luka-lgbt-aktiviste-i-novinare-napalo-30-tak-huligana-policija-nije-stala-u-zastitu\/#primaryimage\"},\"thumbnailUrl\":\"https:\/\/tuzlainfo.ba\/wp-content\/uploads\/2021\/10\/0610_policija-rs.jpg\",\"keywords\":[\"banja luka\",\"lgbt\"],\"articleSection\":[\"Bosna i Hercegovina\"],\"inLanguage\":\"bs-BA\"},{\"@type\":\"WebPage\",\"@id\":\"https:\/\/tuzlainfo.ba\/index.php\/bosna-i-hercegovina\/item\/200043-banja-luka-lgbt-aktiviste-i-novinare-napalo-30-tak-huligana-policija-nije-stala-u-zastitu\/\",\"url\":\"https:\/\/tuzlainfo.ba\/index.php\/bosna-i-hercegovina\/item\/200043-banja-luka-lgbt-aktiviste-i-novinare-napalo-30-tak-huligana-policija-nije-stala-u-zastitu\/\",\"name\":\"Banja Luka: LGBT aktiviste i novinare napalo 30-tak huligana, policija nije stala u za\u0161titu - TuzlaInfo.ba\",\"isPartOf\":{\"@id\":\"https:\/\/tuzlainfo.ba\/#website\"},\"primaryImageOfPage\":{\"@id\":\"https:\/\/tuzlainfo.ba\/index.php\/bosna-i-hercegovina\/item\/200043-banja-luka-lgbt-aktiviste-i-novinare-napalo-30-tak-huligana-policija-nije-stala-u-zastitu\/#primaryimage\"},\"image\":{\"@id\":\"https:\/\/tuzlainfo.ba\/index.php\/bosna-i-hercegovina\/item\/200043-banja-luka-lgbt-aktiviste-i-novinare-napalo-30-tak-huligana-policija-nije-stala-u-zastitu\/#primaryimage\"},\"thumbnailUrl\":\"https:\/\/tuzlainfo.ba\/wp-content\/uploads\/2021\/10\/0610_policija-rs.jpg\",\"datePublished\":\"2023-03-18T21:23:45+00:00\",\"dateModified\":\"2023-03-18T21:23:45+00:00\",\"breadcrumb\":{\"@id\":\"https:\/\/tuzlainfo.ba\/index.php\/bosna-i-hercegovina\/item\/200043-banja-luka-lgbt-aktiviste-i-novinare-napalo-30-tak-huligana-policija-nije-stala-u-zastitu\/#breadcrumb\"},\"inLanguage\":\"bs-BA\",\"potentialAction\":[{\"@type\":\"ReadAction\",\"target\":[\"https:\/\/tuzlainfo.ba\/index.php\/bosna-i-hercegovina\/item\/200043-banja-luka-lgbt-aktiviste-i-novinare-napalo-30-tak-huligana-policija-nije-stala-u-zastitu\/\"]}]},{\"@type\":\"ImageObject\",\"inLanguage\":\"bs-BA\",\"@id\":\"https:\/\/tuzlainfo.ba\/index.php\/bosna-i-hercegovina\/item\/200043-banja-luka-lgbt-aktiviste-i-novinare-napalo-30-tak-huligana-policija-nije-stala-u-zastitu\/#primaryimage\",\"url\":\"https:\/\/tuzlainfo.ba\/wp-content\/uploads\/2021\/10\/0610_policija-rs.jpg\",\"contentUrl\":\"https:\/\/tuzlainfo.ba\/wp-content\/uploads\/2021\/10\/0610_policija-rs.jpg\",\"width\":750,\"height\":465},{\"@type\":\"BreadcrumbList\",\"@id\":\"https:\/\/tuzlainfo.ba\/index.php\/bosna-i-hercegovina\/item\/200043-banja-luka-lgbt-aktiviste-i-novinare-napalo-30-tak-huligana-policija-nije-stala-u-zastitu\/#breadcrumb\",\"itemListElement\":[{\"@type\":\"ListItem\",\"position\":1,\"name\":\"Home\",\"item\":\"https:\/\/tuzlainfo.ba\/\"},{\"@type\":\"ListItem\",\"position\":2,\"name\":\"Banja Luka: LGBT aktiviste i novinare napalo 30-tak huligana, policija nije stala u za\u0161titu\"}]},{\"@type\":\"WebSite\",\"@id\":\"https:\/\/tuzlainfo.ba\/#website\",\"url\":\"https:\/\/tuzlainfo.ba\/\",\"name\":\"TuzlaInfo.ba\",\"description\":\"Tuzla info, gradski informator - Tuzla na dlanu\",\"publisher\":{\"@id\":\"https:\/\/tuzlainfo.ba\/#organization\"},\"potentialAction\":[{\"@type\":\"SearchAction\",\"target\":{\"@type\":\"EntryPoint\",\"urlTemplate\":\"https:\/\/tuzlainfo.ba\/?s={search_term_string}\"},\"query-input\":{\"@type\":\"PropertyValueSpecification\",\"valueRequired\":true,\"valueName\":\"search_term_string\"}}],\"inLanguage\":\"bs-BA\"},{\"@type\":\"Organization\",\"@id\":\"https:\/\/tuzlainfo.ba\/#organization\",\"name\":\"TuzlaInfo.ba\",\"url\":\"https:\/\/tuzlainfo.ba\/\",\"logo\":{\"@type\":\"ImageObject\",\"inLanguage\":\"bs-BA\",\"@id\":\"https:\/\/tuzlainfo.ba\/#\/schema\/logo\/image\/\",\"url\":\"https:\/\/tuzlainfo.ba\/wp-content\/uploads\/2021\/03\/logo-ver-3-1.png\",\"contentUrl\":\"https:\/\/tuzlainfo.ba\/wp-content\/uploads\/2021\/03\/logo-ver-3-1.png\",\"width\":350,\"height\":95,\"caption\":\"TuzlaInfo.ba\"},\"image\":{\"@id\":\"https:\/\/tuzlainfo.ba\/#\/schema\/logo\/image\/\"},\"sameAs\":[\"https:\/\/www.facebook.com\/tuzlainfo.ba\/\"]},{\"@type\":\"Person\",\"@id\":\"https:\/\/tuzlainfo.ba\/#\/schema\/person\/f434e20dc27ea133923aab08451b7f7f\",\"name\":\"nedim\",\"image\":{\"@type\":\"ImageObject\",\"inLanguage\":\"bs-BA\",\"@id\":\"https:\/\/tuzlainfo.ba\/#\/schema\/person\/image\/\",\"url\":\"https:\/\/tuzlainfo.ba\/wp-content\/litespeed\/avatar\/aabad687af24844af817603ac1cbdc4f.jpg?ver=1777306975\",\"contentUrl\":\"https:\/\/tuzlainfo.ba\/wp-content\/litespeed\/avatar\/aabad687af24844af817603ac1cbdc4f.jpg?ver=1777306975\",\"caption\":\"nedim\"},\"description\":\"Tuzlainfo.ba pratite na dru\u0161tvenim mre\u017eama: Facebook, Instagram i Youtube. Svoje pri\u010de, upite i fotografije \u0161aljite na na\u0161u e-mail adresu.\"}]}<\/script>\n<!-- \/ Yoast SEO plugin. -->","yoast_head_json":{"title":"Banja Luka: LGBT aktiviste i novinare napalo 30-tak huligana, policija nije stala u za\u0161titu - TuzlaInfo.ba","robots":{"index":"index","follow":"follow","max-snippet":"max-snippet:-1","max-image-preview":"max-image-preview:large","max-video-preview":"max-video-preview:-1"},"canonical":"https:\/\/tuzlainfo.ba\/index.php\/bosna-i-hercegovina\/item\/200043-banja-luka-lgbt-aktiviste-i-novinare-napalo-30-tak-huligana-policija-nije-stala-u-zastitu\/","og_locale":"bs_BA","og_type":"article","og_title":"Banja Luka: LGBT aktiviste i novinare napalo 30-tak huligana, policija nije stala u za\u0161titu - TuzlaInfo.ba","og_description":"\u017dana Gauk, novinarka \u017durnala za N1 je komentarisala ve\u010dera\u0161nji napad na aktiviste &#8220;BH Povorke ponosa&#8221;&hellip;","og_url":"https:\/\/tuzlainfo.ba\/index.php\/bosna-i-hercegovina\/item\/200043-banja-luka-lgbt-aktiviste-i-novinare-napalo-30-tak-huligana-policija-nije-stala-u-zastitu\/","og_site_name":"TuzlaInfo.ba","article_publisher":"https:\/\/www.facebook.com\/tuzlainfo.ba\/","article_published_time":"2023-03-18T21:23:45+00:00","og_image":[{"width":750,"height":465,"url":"https:\/\/tuzlainfo.ba\/wp-content\/uploads\/2021\/10\/0610_policija-rs.jpg","type":"image\/jpeg"}],"author":"nedim","twitter_card":"summary_large_image","twitter_misc":{"Written by":"nedim","Est. reading time":"3 minute"},"schema":{"@context":"https:\/\/schema.org","@graph":[{"@type":"Article","@id":"https:\/\/tuzlainfo.ba\/index.php\/bosna-i-hercegovina\/item\/200043-banja-luka-lgbt-aktiviste-i-novinare-napalo-30-tak-huligana-policija-nije-stala-u-zastitu\/#article","isPartOf":{"@id":"https:\/\/tuzlainfo.ba\/index.php\/bosna-i-hercegovina\/item\/200043-banja-luka-lgbt-aktiviste-i-novinare-napalo-30-tak-huligana-policija-nije-stala-u-zastitu\/"},"author":{"name":"nedim","@id":"https:\/\/tuzlainfo.ba\/#\/schema\/person\/f434e20dc27ea133923aab08451b7f7f"},"headline":"Banja Luka: LGBT aktiviste i novinare napalo 30-tak huligana, policija nije stala u za\u0161titu","datePublished":"2023-03-18T21:23:45+00:00","dateModified":"2023-03-18T21:23:45+00:00","mainEntityOfPage":{"@id":"https:\/\/tuzlainfo.ba\/index.php\/bosna-i-hercegovina\/item\/200043-banja-luka-lgbt-aktiviste-i-novinare-napalo-30-tak-huligana-policija-nije-stala-u-zastitu\/"},"wordCount":517,"commentCount":0,"publisher":{"@id":"https:\/\/tuzlainfo.ba\/#organization"},"image":{"@id":"https:\/\/tuzlainfo.ba\/index.php\/bosna-i-hercegovina\/item\/200043-banja-luka-lgbt-aktiviste-i-novinare-napalo-30-tak-huligana-policija-nije-stala-u-zastitu\/#primaryimage"},"thumbnailUrl":"https:\/\/tuzlainfo.ba\/wp-content\/uploads\/2021\/10\/0610_policija-rs.jpg","keywords":["banja luka","lgbt"],"articleSection":["Bosna i Hercegovina"],"inLanguage":"bs-BA"},{"@type":"WebPage","@id":"https:\/\/tuzlainfo.ba\/index.php\/bosna-i-hercegovina\/item\/200043-banja-luka-lgbt-aktiviste-i-novinare-napalo-30-tak-huligana-policija-nije-stala-u-zastitu\/","url":"https:\/\/tuzlainfo.ba\/index.php\/bosna-i-hercegovina\/item\/200043-banja-luka-lgbt-aktiviste-i-novinare-napalo-30-tak-huligana-policija-nije-stala-u-zastitu\/","name":"Banja Luka: LGBT aktiviste i novinare napalo 30-tak huligana, policija nije stala u za\u0161titu - TuzlaInfo.ba","isPartOf":{"@id":"https:\/\/tuzlainfo.ba\/#website"},"primaryImageOfPage":{"@id":"https:\/\/tuzlainfo.ba\/index.php\/bosna-i-hercegovina\/item\/200043-banja-luka-lgbt-aktiviste-i-novinare-napalo-30-tak-huligana-policija-nije-stala-u-zastitu\/#primaryimage"},"image":{"@id":"https:\/\/tuzlainfo.ba\/index.php\/bosna-i-hercegovina\/item\/200043-banja-luka-lgbt-aktiviste-i-novinare-napalo-30-tak-huligana-policija-nije-stala-u-zastitu\/#primaryimage"},"thumbnailUrl":"https:\/\/tuzlainfo.ba\/wp-content\/uploads\/2021\/10\/0610_policija-rs.jpg","datePublished":"2023-03-18T21:23:45+00:00","dateModified":"2023-03-18T21:23:45+00:00","breadcrumb":{"@id":"https:\/\/tuzlainfo.ba\/index.php\/bosna-i-hercegovina\/item\/200043-banja-luka-lgbt-aktiviste-i-novinare-napalo-30-tak-huligana-policija-nije-stala-u-zastitu\/#breadcrumb"},"inLanguage":"bs-BA","potentialAction":[{"@type":"ReadAction","target":["https:\/\/tuzlainfo.ba\/index.php\/bosna-i-hercegovina\/item\/200043-banja-luka-lgbt-aktiviste-i-novinare-napalo-30-tak-huligana-policija-nije-stala-u-zastitu\/"]}]},{"@type":"ImageObject","inLanguage":"bs-BA","@id":"https:\/\/tuzlainfo.ba\/index.php\/bosna-i-hercegovina\/item\/200043-banja-luka-lgbt-aktiviste-i-novinare-napalo-30-tak-huligana-policija-nije-stala-u-zastitu\/#primaryimage","url":"https:\/\/tuzlainfo.ba\/wp-content\/uploads\/2021\/10\/0610_policija-rs.jpg","contentUrl":"https:\/\/tuzlainfo.ba\/wp-content\/uploads\/2021\/10\/0610_policija-rs.jpg","width":750,"height":465},{"@type":"BreadcrumbList","@id":"https:\/\/tuzlainfo.ba\/index.php\/bosna-i-hercegovina\/item\/200043-banja-luka-lgbt-aktiviste-i-novinare-napalo-30-tak-huligana-policija-nije-stala-u-zastitu\/#breadcrumb","itemListElement":[{"@type":"ListItem","position":1,"name":"Home","item":"https:\/\/tuzlainfo.ba\/"},{"@type":"ListItem","position":2,"name":"Banja Luka: LGBT aktiviste i novinare napalo 30-tak huligana, policija nije stala u za\u0161titu"}]},{"@type":"WebSite","@id":"https:\/\/tuzlainfo.ba\/#website","url":"https:\/\/tuzlainfo.ba\/","name":"TuzlaInfo.ba","description":"Tuzla info, gradski informator - Tuzla na dlanu","publisher":{"@id":"https:\/\/tuzlainfo.ba\/#organization"},"potentialAction":[{"@type":"SearchAction","target":{"@type":"EntryPoint","urlTemplate":"https:\/\/tuzlainfo.ba\/?s={search_term_string}"},"query-input":{"@type":"PropertyValueSpecification","valueRequired":true,"valueName":"search_term_string"}}],"inLanguage":"bs-BA"},{"@type":"Organization","@id":"https:\/\/tuzlainfo.ba\/#organization","name":"TuzlaInfo.ba","url":"https:\/\/tuzlainfo.ba\/","logo":{"@type":"ImageObject","inLanguage":"bs-BA","@id":"https:\/\/tuzlainfo.ba\/#\/schema\/logo\/image\/","url":"https:\/\/tuzlainfo.ba\/wp-content\/uploads\/2021\/03\/logo-ver-3-1.png","contentUrl":"https:\/\/tuzlainfo.ba\/wp-content\/uploads\/2021\/03\/logo-ver-3-1.png","width":350,"height":95,"caption":"TuzlaInfo.ba"},"image":{"@id":"https:\/\/tuzlainfo.ba\/#\/schema\/logo\/image\/"},"sameAs":["https:\/\/www.facebook.com\/tuzlainfo.ba\/"]},{"@type":"Person","@id":"https:\/\/tuzlainfo.ba\/#\/schema\/person\/f434e20dc27ea133923aab08451b7f7f","name":"nedim","image":{"@type":"ImageObject","inLanguage":"bs-BA","@id":"https:\/\/tuzlainfo.ba\/#\/schema\/person\/image\/","url":"https:\/\/tuzlainfo.ba\/wp-content\/litespeed\/avatar\/aabad687af24844af817603ac1cbdc4f.jpg?ver=1777306975","contentUrl":"https:\/\/tuzlainfo.ba\/wp-content\/litespeed\/avatar\/aabad687af24844af817603ac1cbdc4f.jpg?ver=1777306975","caption":"nedim"},"description":"Tuzlainfo.ba pratite na dru\u0161tvenim mre\u017eama: Facebook, Instagram i Youtube. Svoje pri\u010de, upite i fotografije \u0161aljite na na\u0161u e-mail adresu."}]}},"_links":{"self":[{"href":"https:\/\/tuzlainfo.ba\/index.php\/wp-json\/wp\/v2\/posts\/200043"}],"collection":[{"href":"https:\/\/tuzlainfo.ba\/index.php\/wp-json\/wp\/v2\/posts"}],"about":[{"href":"https:\/\/tuzlainfo.ba\/index.php\/wp-json\/wp\/v2\/types\/post"}],"author":[{"embeddable":true,"href":"https:\/\/tuzlainfo.ba\/index.php\/wp-json\/wp\/v2\/users\/2"}],"replies":[{"embeddable":true,"href":"https:\/\/tuzlainfo.ba\/index.php\/wp-json\/wp\/v2\/comments?post=200043"}],"version-history":[{"count":0,"href":"https:\/\/tuzlainfo.ba\/index.php\/wp-json\/wp\/v2\/posts\/200043\/revisions"}],"wp:featuredmedia":[{"embeddable":true,"href":"https:\/\/tuzlainfo.ba\/index.php\/wp-json\/wp\/v2\/media\/150014"}],"wp:attachment":[{"href":"https:\/\/tuzlainfo.ba\/index.php\/wp-json\/wp\/v2\/media?parent=200043"}],"wp:term":[{"taxonomy":"category","embeddable":true,"href":"https:\/\/tuzlainfo.ba\/index.php\/wp-json\/wp\/v2\/categories?post=200043"},{"taxonomy":"post_tag","embeddable":true,"href":"https:\/\/tuzlainfo.ba\/index.php\/wp-json\/wp\/v2\/tags?post=200043"}],"curies":[{"name":"wp","href":"https:\/\/api.w.org\/{rel}","templated":true}]}}