{"id":199896,"date":"2023-03-16T19:09:27","date_gmt":"2023-03-16T18:09:27","guid":{"rendered":"https:\/\/tuzlainfo.ba\/?p=199896"},"modified":"2023-03-16T17:03:46","modified_gmt":"2023-03-16T16:03:46","slug":"premijer-halilagic-potpisao-sporazum-o-lokalizaciji-ciljeva-odrzivog-razvoja","status":"publish","type":"post","link":"https:\/\/tuzlainfo.ba\/index.php\/novosti\/item\/199896-premijer-halilagic-potpisao-sporazum-o-lokalizaciji-ciljeva-odrzivog-razvoja\/","title":{"rendered":"Premijer Halilagi\u0107 potpisao Sporazum o lokalizaciji Ciljeva odr\u017eivog razvoja"},"content":{"rendered":"<p>Premijer Tuzlanskog kantona danas je u Sarajevu potpisao Sporazum o lokalizaciji Ciljeva odr\u017eivog razvoja. Naime, Tuzlanski kanton je jedan od tri kantona u Federaciji BiH, uz osam jedinica lokalne samouprave odabran da bude partnerski kanton za saradnju u programu Okvir za realizaciju Ciljeva odr\u017eivog razvoja kao temelj za odr\u017eiv i inkluzivan rast u Bosni i Hercegovini. Ovim je potvr\u0111ena liderska pozicija koju Tuzlanski kanton ima, s obzirom da ve\u0107 ima uspostavljen funkcionalan sistem upravljanja razvojem, ostvaruju zna\u010dajne razvojne rezultate, vode ra\u010duna o najugro\u017eenijim grupama stanovni\u0161tva, te \u017eele postati istinski lideri u provo\u0111enju Ciljeva odr\u017eivog razvoja. U narednom periodu saradnja \u0107e se odvijati kroz proces lokalizacije i operacionalizacije Ciljeva odr\u017eivog razvoja kroz sistemsku implementaciju strategija razvoja kantona i lokalnih samouprava. Pored toga, radit \u0107e se i na razvoju i pripremi dokumentacije za strate\u0161ke projekte koji doprinose ostvarivanju Ciljeva odr\u017eivog razvoja, kao i pripremi i implementaciji razvojnih projekata.<\/p>\n<p>\u201eUva\u017eavaju\u0107i zna\u010daj i doprinos Programa u procesima provo\u0111enja i lokalizacije Ciljeva odr\u017eivog razvoja, izra\u017eavam punu spremnost i opredijeljenost Tuzlanskog kantona da svoj rad i djelovanje usmjeri ka odr\u017eivom razvoju, koji \u0107e se ogledati u ravnomjernom ekonomskom rastu uz za\u0161titu okoli\u0161a i prirodnih resursa te kreiranje pravednog dru\u0161tva i smanjenje nejednakosti koje egzistiraju unutar Kantona\u201c, kazao je premijer Halilagi\u0107 dodaju\u0107i da Strategija razvoja Tuzlanskog kantona doprinosi ostvarenju sva tri pravca odr\u017eivog razvoja i u sektoru ekonomskog i dru\u0161tvenog razvoja, zdravstvene za\u0161tite, za\u0161tite \u017eivotne sredine, okoli\u0161a i infrastrukture. \u201eOsnovni ciljevi i smjernice rada Vlade Tuzlanskog kantona, utemeljeni su upravo na Strategiji razvoja Tuzlanskog kantona, te smo kroz dosada\u0161nju praksu kontinuirano doprinosili provo\u0111enju i lokalizaciji Ciljeva odr\u017eivog razvoja\u201c, zaklju\u010dio je Halilagi\u0107.<\/p>\n<p>Lisa Curman, zamjenica \u0161efice Odjela za razvojnu saradnju pri Ambasadi \u0160vedske u BiH je istaknula da \u201epromoviranje i podr\u0161ka lokalnim zajednicama u razvoju i implementaciji projekata koji doprinose ispunjavanju Agende 2030 posebno je va\u017ena jer akcije na lokalnom nivou igraju klju\u010dnu ulogu u ispunjavanju globalnih ciljeva. \u0160tavi\u0161e, projekti na lokalnom nivou imaju direktan uticaj na ljude koji \u017eive u tim zajednicama tako \u0161to unaprije\u0111uju njihove \u017eivotne uslove, a to je ono \u0161to je najva\u017enije.\u201c<\/p>\n<p>Veronika Vashchenko, zamjenica Predstavnice UNICEF-a u BiH je naglasila da su partnerstva sa lokalnim samoupravama klju\u010dna za identifikaciju i bolju socijalnu inkluziju najranjivijih grupa stanovni\u0161tva, \u0161to je u skladu sa principom Ciljeva odr\u017eivog razvoja da niko ne smije ostati isklju\u010den. \u201eDugoro\u010dno gledano, ovaj projekat \u0107e doprinijeti unapre\u0111enju socio-ekonomskog razvoja lokalnih zajednica, \u0161to je put ka prekidanju kruga siroma\u0161tva i socijalne isklju\u010denosti\u201c, dodala je Vashchenko.<\/p>\n<p>Jedan od klju\u010dnih partnera na realizaciji ovog programa je i Razvojni program ujedinjenih naroda (UNDP), sa kojim Tuzlanski kanton ve\u0107 ima uspostavljenu izuzetno uspje\u0161nu saradnju. Steliana Nedera, rezidentna predstavnica UNDP-a u BiH je danas istaknula da \u201elokalizacija SDG-a na kantonalnom i lokalnom nivou pove\u0107at \u0107e kapacitete za pripremu i provedbu konkretnih projekata koji \u0107e potaknuti promjene u \u017eivotima ljudi i pokazati kako ni\u017ei nivoi vlasti mogu doprinijeti postizanju Okvira za realizaciju Ciljeva odr\u017eivog razvoja (SDG), s posebnim fokusom na princip da niko ne smije biti izostavljen u procesu.\u201c<\/p>\n<p>Nakon potpisivanja Sporazuma, uprili\u010dene su i dvije plenarne konferencije u kojima je, prezentiraju\u0107i uspje\u0161ne primjere iz prakse na primjeru Tuzlanskog kantona, zna\u010dajno u\u010de\u0161\u0107e uzela i pomo\u0107nica ministra za razvoj Erna Kusturica.<\/p>\n<p>S obzirom da glavnu ulogu u provo\u0111enju ovih aktivnosti u Tuzlanskom kantonu ima Ministarstvo privrede TK, dana\u0161njem doga\u0111aju prisustvovao je i ministar Edin Durakovi\u0107.<\/p>\n<p>Na kraju treba napomenuti da program \u201ePrevo\u0111enje Okvira za realizaciju Ciljeva odr\u017eivog razvoja (SDGs) u BiH u odr\u017eivi i inkluzivni rast\u201d (SDG2BiH), finansira \u0160vedska, a implementira UNDP u partnerstvu sa UNICEF-om i UN Women u okviru podr\u0161ke Ujedinjenih nacija bosanskohercegova\u010dkim vlastima u implementaciji Okvira za realizaciju SDG-ova u BiH.<\/p>\n<p>&nbsp;<\/p>\n","protected":false},"excerpt":{"rendered":"<p>Premijer Tuzlanskog kantona danas je u Sarajevu potpisao Sporazum o lokalizaciji Ciljeva odr\u017eivog razvoja. Naime,&hellip;<\/p>\n","protected":false},"author":4,"featured_media":199897,"comment_status":"open","ping_status":"closed","sticky":false,"template":"","format":"standard","meta":{"_acf_changed":false,"footnotes":""},"categories":[304,12],"tags":[4189,360],"acf":[],"yoast_head":"<!-- This site is optimized with the Yoast SEO plugin v23.5 - https:\/\/yoast.com\/wordpress\/plugins\/seo\/ -->\n<title>Premijer Halilagi\u0107 potpisao Sporazum o lokalizaciji Ciljeva odr\u017eivog razvoja - TuzlaInfo.ba<\/title>\n<meta name=\"robots\" content=\"index, follow, max-snippet:-1, max-image-preview:large, max-video-preview:-1\" \/>\n<link rel=\"canonical\" href=\"https:\/\/tuzlainfo.ba\/index.php\/novosti\/item\/199896-premijer-halilagic-potpisao-sporazum-o-lokalizaciji-ciljeva-odrzivog-razvoja\/\" \/>\n<meta property=\"og:locale\" content=\"bs_BA\" \/>\n<meta property=\"og:type\" content=\"article\" \/>\n<meta property=\"og:title\" content=\"Premijer Halilagi\u0107 potpisao Sporazum o lokalizaciji Ciljeva odr\u017eivog razvoja - TuzlaInfo.ba\" \/>\n<meta property=\"og:description\" content=\"Premijer Tuzlanskog kantona danas je u Sarajevu potpisao Sporazum o lokalizaciji Ciljeva odr\u017eivog razvoja. Naime,&hellip;\" \/>\n<meta property=\"og:url\" content=\"https:\/\/tuzlainfo.ba\/index.php\/novosti\/item\/199896-premijer-halilagic-potpisao-sporazum-o-lokalizaciji-ciljeva-odrzivog-razvoja\/\" \/>\n<meta property=\"og:site_name\" content=\"TuzlaInfo.ba\" \/>\n<meta property=\"article:publisher\" content=\"https:\/\/www.facebook.com\/tuzlainfo.ba\/\" \/>\n<meta property=\"article:published_time\" content=\"2023-03-16T18:09:27+00:00\" \/>\n<meta property=\"article:modified_time\" content=\"2023-03-16T16:03:46+00:00\" \/>\n<meta property=\"og:image\" content=\"https:\/\/tuzlainfo.ba\/wp-content\/uploads\/2023\/03\/inbound2406189708683349594.jpg\" \/>\n\t<meta property=\"og:image:width\" content=\"1800\" \/>\n\t<meta property=\"og:image:height\" content=\"1013\" \/>\n\t<meta property=\"og:image:type\" content=\"image\/jpeg\" \/>\n<meta name=\"author\" content=\"Tuzla Info\" \/>\n<meta name=\"twitter:card\" content=\"summary_large_image\" \/>\n<meta name=\"twitter:label1\" content=\"Written by\" \/>\n\t<meta name=\"twitter:data1\" content=\"Tuzla Info\" \/>\n\t<meta name=\"twitter:label2\" content=\"Est. reading time\" \/>\n\t<meta name=\"twitter:data2\" content=\"3 minute\" \/>\n<script type=\"application\/ld+json\" class=\"yoast-schema-graph\">{\"@context\":\"https:\/\/schema.org\",\"@graph\":[{\"@type\":\"Article\",\"@id\":\"https:\/\/tuzlainfo.ba\/index.php\/novosti\/item\/199896-premijer-halilagic-potpisao-sporazum-o-lokalizaciji-ciljeva-odrzivog-razvoja\/#article\",\"isPartOf\":{\"@id\":\"https:\/\/tuzlainfo.ba\/index.php\/novosti\/item\/199896-premijer-halilagic-potpisao-sporazum-o-lokalizaciji-ciljeva-odrzivog-razvoja\/\"},\"author\":{\"name\":\"Tuzla Info\",\"@id\":\"https:\/\/tuzlainfo.ba\/#\/schema\/person\/46cad4c57790cbc50781edd14870825a\"},\"headline\":\"Premijer Halilagi\u0107 potpisao Sporazum o lokalizaciji Ciljeva odr\u017eivog razvoja\",\"datePublished\":\"2023-03-16T18:09:27+00:00\",\"dateModified\":\"2023-03-16T16:03:46+00:00\",\"mainEntityOfPage\":{\"@id\":\"https:\/\/tuzlainfo.ba\/index.php\/novosti\/item\/199896-premijer-halilagic-potpisao-sporazum-o-lokalizaciji-ciljeva-odrzivog-razvoja\/\"},\"wordCount\":672,\"commentCount\":0,\"publisher\":{\"@id\":\"https:\/\/tuzlainfo.ba\/#organization\"},\"image\":{\"@id\":\"https:\/\/tuzlainfo.ba\/index.php\/novosti\/item\/199896-premijer-halilagic-potpisao-sporazum-o-lokalizaciji-ciljeva-odrzivog-razvoja\/#primaryimage\"},\"thumbnailUrl\":\"https:\/\/tuzlainfo.ba\/wp-content\/uploads\/2023\/03\/inbound2406189708683349594.jpg\",\"keywords\":[\"irfan halilagic\",\"tuzlanski kanton\"],\"articleSection\":[\"Istaknuto\",\"Novosti\"],\"inLanguage\":\"bs-BA\"},{\"@type\":\"WebPage\",\"@id\":\"https:\/\/tuzlainfo.ba\/index.php\/novosti\/item\/199896-premijer-halilagic-potpisao-sporazum-o-lokalizaciji-ciljeva-odrzivog-razvoja\/\",\"url\":\"https:\/\/tuzlainfo.ba\/index.php\/novosti\/item\/199896-premijer-halilagic-potpisao-sporazum-o-lokalizaciji-ciljeva-odrzivog-razvoja\/\",\"name\":\"Premijer Halilagi\u0107 potpisao Sporazum o lokalizaciji Ciljeva odr\u017eivog razvoja - TuzlaInfo.ba\",\"isPartOf\":{\"@id\":\"https:\/\/tuzlainfo.ba\/#website\"},\"primaryImageOfPage\":{\"@id\":\"https:\/\/tuzlainfo.ba\/index.php\/novosti\/item\/199896-premijer-halilagic-potpisao-sporazum-o-lokalizaciji-ciljeva-odrzivog-razvoja\/#primaryimage\"},\"image\":{\"@id\":\"https:\/\/tuzlainfo.ba\/index.php\/novosti\/item\/199896-premijer-halilagic-potpisao-sporazum-o-lokalizaciji-ciljeva-odrzivog-razvoja\/#primaryimage\"},\"thumbnailUrl\":\"https:\/\/tuzlainfo.ba\/wp-content\/uploads\/2023\/03\/inbound2406189708683349594.jpg\",\"datePublished\":\"2023-03-16T18:09:27+00:00\",\"dateModified\":\"2023-03-16T16:03:46+00:00\",\"breadcrumb\":{\"@id\":\"https:\/\/tuzlainfo.ba\/index.php\/novosti\/item\/199896-premijer-halilagic-potpisao-sporazum-o-lokalizaciji-ciljeva-odrzivog-razvoja\/#breadcrumb\"},\"inLanguage\":\"bs-BA\",\"potentialAction\":[{\"@type\":\"ReadAction\",\"target\":[\"https:\/\/tuzlainfo.ba\/index.php\/novosti\/item\/199896-premijer-halilagic-potpisao-sporazum-o-lokalizaciji-ciljeva-odrzivog-razvoja\/\"]}]},{\"@type\":\"ImageObject\",\"inLanguage\":\"bs-BA\",\"@id\":\"https:\/\/tuzlainfo.ba\/index.php\/novosti\/item\/199896-premijer-halilagic-potpisao-sporazum-o-lokalizaciji-ciljeva-odrzivog-razvoja\/#primaryimage\",\"url\":\"https:\/\/tuzlainfo.ba\/wp-content\/uploads\/2023\/03\/inbound2406189708683349594.jpg\",\"contentUrl\":\"https:\/\/tuzlainfo.ba\/wp-content\/uploads\/2023\/03\/inbound2406189708683349594.jpg\",\"width\":1800,\"height\":1013},{\"@type\":\"BreadcrumbList\",\"@id\":\"https:\/\/tuzlainfo.ba\/index.php\/novosti\/item\/199896-premijer-halilagic-potpisao-sporazum-o-lokalizaciji-ciljeva-odrzivog-razvoja\/#breadcrumb\",\"itemListElement\":[{\"@type\":\"ListItem\",\"position\":1,\"name\":\"Home\",\"item\":\"https:\/\/tuzlainfo.ba\/\"},{\"@type\":\"ListItem\",\"position\":2,\"name\":\"Premijer Halilagi\u0107 potpisao Sporazum o lokalizaciji Ciljeva odr\u017eivog razvoja\"}]},{\"@type\":\"WebSite\",\"@id\":\"https:\/\/tuzlainfo.ba\/#website\",\"url\":\"https:\/\/tuzlainfo.ba\/\",\"name\":\"TuzlaInfo.ba\",\"description\":\"Tuzla info, gradski informator - Tuzla na dlanu\",\"publisher\":{\"@id\":\"https:\/\/tuzlainfo.ba\/#organization\"},\"potentialAction\":[{\"@type\":\"SearchAction\",\"target\":{\"@type\":\"EntryPoint\",\"urlTemplate\":\"https:\/\/tuzlainfo.ba\/?s={search_term_string}\"},\"query-input\":{\"@type\":\"PropertyValueSpecification\",\"valueRequired\":true,\"valueName\":\"search_term_string\"}}],\"inLanguage\":\"bs-BA\"},{\"@type\":\"Organization\",\"@id\":\"https:\/\/tuzlainfo.ba\/#organization\",\"name\":\"TuzlaInfo.ba\",\"url\":\"https:\/\/tuzlainfo.ba\/\",\"logo\":{\"@type\":\"ImageObject\",\"inLanguage\":\"bs-BA\",\"@id\":\"https:\/\/tuzlainfo.ba\/#\/schema\/logo\/image\/\",\"url\":\"https:\/\/tuzlainfo.ba\/wp-content\/uploads\/2021\/03\/logo-ver-3-1.png\",\"contentUrl\":\"https:\/\/tuzlainfo.ba\/wp-content\/uploads\/2021\/03\/logo-ver-3-1.png\",\"width\":350,\"height\":95,\"caption\":\"TuzlaInfo.ba\"},\"image\":{\"@id\":\"https:\/\/tuzlainfo.ba\/#\/schema\/logo\/image\/\"},\"sameAs\":[\"https:\/\/www.facebook.com\/tuzlainfo.ba\/\"]},{\"@type\":\"Person\",\"@id\":\"https:\/\/tuzlainfo.ba\/#\/schema\/person\/46cad4c57790cbc50781edd14870825a\",\"name\":\"Tuzla Info\",\"image\":{\"@type\":\"ImageObject\",\"inLanguage\":\"bs-BA\",\"@id\":\"https:\/\/tuzlainfo.ba\/#\/schema\/person\/image\/\",\"url\":\"https:\/\/tuzlainfo.ba\/wp-content\/litespeed\/avatar\/b6c453a6c38e3654f2e4416c643fc25c.jpg?ver=1777051911\",\"contentUrl\":\"https:\/\/tuzlainfo.ba\/wp-content\/litespeed\/avatar\/b6c453a6c38e3654f2e4416c643fc25c.jpg?ver=1777051911\",\"caption\":\"Tuzla Info\"}}]}<\/script>\n<!-- \/ Yoast SEO plugin. -->","yoast_head_json":{"title":"Premijer Halilagi\u0107 potpisao Sporazum o lokalizaciji Ciljeva odr\u017eivog razvoja - TuzlaInfo.ba","robots":{"index":"index","follow":"follow","max-snippet":"max-snippet:-1","max-image-preview":"max-image-preview:large","max-video-preview":"max-video-preview:-1"},"canonical":"https:\/\/tuzlainfo.ba\/index.php\/novosti\/item\/199896-premijer-halilagic-potpisao-sporazum-o-lokalizaciji-ciljeva-odrzivog-razvoja\/","og_locale":"bs_BA","og_type":"article","og_title":"Premijer Halilagi\u0107 potpisao Sporazum o lokalizaciji Ciljeva odr\u017eivog razvoja - TuzlaInfo.ba","og_description":"Premijer Tuzlanskog kantona danas je u Sarajevu potpisao Sporazum o lokalizaciji Ciljeva odr\u017eivog razvoja. Naime,&hellip;","og_url":"https:\/\/tuzlainfo.ba\/index.php\/novosti\/item\/199896-premijer-halilagic-potpisao-sporazum-o-lokalizaciji-ciljeva-odrzivog-razvoja\/","og_site_name":"TuzlaInfo.ba","article_publisher":"https:\/\/www.facebook.com\/tuzlainfo.ba\/","article_published_time":"2023-03-16T18:09:27+00:00","article_modified_time":"2023-03-16T16:03:46+00:00","og_image":[{"width":1800,"height":1013,"url":"https:\/\/tuzlainfo.ba\/wp-content\/uploads\/2023\/03\/inbound2406189708683349594.jpg","type":"image\/jpeg"}],"author":"Tuzla Info","twitter_card":"summary_large_image","twitter_misc":{"Written by":"Tuzla Info","Est. reading time":"3 minute"},"schema":{"@context":"https:\/\/schema.org","@graph":[{"@type":"Article","@id":"https:\/\/tuzlainfo.ba\/index.php\/novosti\/item\/199896-premijer-halilagic-potpisao-sporazum-o-lokalizaciji-ciljeva-odrzivog-razvoja\/#article","isPartOf":{"@id":"https:\/\/tuzlainfo.ba\/index.php\/novosti\/item\/199896-premijer-halilagic-potpisao-sporazum-o-lokalizaciji-ciljeva-odrzivog-razvoja\/"},"author":{"name":"Tuzla Info","@id":"https:\/\/tuzlainfo.ba\/#\/schema\/person\/46cad4c57790cbc50781edd14870825a"},"headline":"Premijer Halilagi\u0107 potpisao Sporazum o lokalizaciji Ciljeva odr\u017eivog razvoja","datePublished":"2023-03-16T18:09:27+00:00","dateModified":"2023-03-16T16:03:46+00:00","mainEntityOfPage":{"@id":"https:\/\/tuzlainfo.ba\/index.php\/novosti\/item\/199896-premijer-halilagic-potpisao-sporazum-o-lokalizaciji-ciljeva-odrzivog-razvoja\/"},"wordCount":672,"commentCount":0,"publisher":{"@id":"https:\/\/tuzlainfo.ba\/#organization"},"image":{"@id":"https:\/\/tuzlainfo.ba\/index.php\/novosti\/item\/199896-premijer-halilagic-potpisao-sporazum-o-lokalizaciji-ciljeva-odrzivog-razvoja\/#primaryimage"},"thumbnailUrl":"https:\/\/tuzlainfo.ba\/wp-content\/uploads\/2023\/03\/inbound2406189708683349594.jpg","keywords":["irfan halilagic","tuzlanski kanton"],"articleSection":["Istaknuto","Novosti"],"inLanguage":"bs-BA"},{"@type":"WebPage","@id":"https:\/\/tuzlainfo.ba\/index.php\/novosti\/item\/199896-premijer-halilagic-potpisao-sporazum-o-lokalizaciji-ciljeva-odrzivog-razvoja\/","url":"https:\/\/tuzlainfo.ba\/index.php\/novosti\/item\/199896-premijer-halilagic-potpisao-sporazum-o-lokalizaciji-ciljeva-odrzivog-razvoja\/","name":"Premijer Halilagi\u0107 potpisao Sporazum o lokalizaciji Ciljeva odr\u017eivog razvoja - TuzlaInfo.ba","isPartOf":{"@id":"https:\/\/tuzlainfo.ba\/#website"},"primaryImageOfPage":{"@id":"https:\/\/tuzlainfo.ba\/index.php\/novosti\/item\/199896-premijer-halilagic-potpisao-sporazum-o-lokalizaciji-ciljeva-odrzivog-razvoja\/#primaryimage"},"image":{"@id":"https:\/\/tuzlainfo.ba\/index.php\/novosti\/item\/199896-premijer-halilagic-potpisao-sporazum-o-lokalizaciji-ciljeva-odrzivog-razvoja\/#primaryimage"},"thumbnailUrl":"https:\/\/tuzlainfo.ba\/wp-content\/uploads\/2023\/03\/inbound2406189708683349594.jpg","datePublished":"2023-03-16T18:09:27+00:00","dateModified":"2023-03-16T16:03:46+00:00","breadcrumb":{"@id":"https:\/\/tuzlainfo.ba\/index.php\/novosti\/item\/199896-premijer-halilagic-potpisao-sporazum-o-lokalizaciji-ciljeva-odrzivog-razvoja\/#breadcrumb"},"inLanguage":"bs-BA","potentialAction":[{"@type":"ReadAction","target":["https:\/\/tuzlainfo.ba\/index.php\/novosti\/item\/199896-premijer-halilagic-potpisao-sporazum-o-lokalizaciji-ciljeva-odrzivog-razvoja\/"]}]},{"@type":"ImageObject","inLanguage":"bs-BA","@id":"https:\/\/tuzlainfo.ba\/index.php\/novosti\/item\/199896-premijer-halilagic-potpisao-sporazum-o-lokalizaciji-ciljeva-odrzivog-razvoja\/#primaryimage","url":"https:\/\/tuzlainfo.ba\/wp-content\/uploads\/2023\/03\/inbound2406189708683349594.jpg","contentUrl":"https:\/\/tuzlainfo.ba\/wp-content\/uploads\/2023\/03\/inbound2406189708683349594.jpg","width":1800,"height":1013},{"@type":"BreadcrumbList","@id":"https:\/\/tuzlainfo.ba\/index.php\/novosti\/item\/199896-premijer-halilagic-potpisao-sporazum-o-lokalizaciji-ciljeva-odrzivog-razvoja\/#breadcrumb","itemListElement":[{"@type":"ListItem","position":1,"name":"Home","item":"https:\/\/tuzlainfo.ba\/"},{"@type":"ListItem","position":2,"name":"Premijer Halilagi\u0107 potpisao Sporazum o lokalizaciji Ciljeva odr\u017eivog razvoja"}]},{"@type":"WebSite","@id":"https:\/\/tuzlainfo.ba\/#website","url":"https:\/\/tuzlainfo.ba\/","name":"TuzlaInfo.ba","description":"Tuzla info, gradski informator - Tuzla na dlanu","publisher":{"@id":"https:\/\/tuzlainfo.ba\/#organization"},"potentialAction":[{"@type":"SearchAction","target":{"@type":"EntryPoint","urlTemplate":"https:\/\/tuzlainfo.ba\/?s={search_term_string}"},"query-input":{"@type":"PropertyValueSpecification","valueRequired":true,"valueName":"search_term_string"}}],"inLanguage":"bs-BA"},{"@type":"Organization","@id":"https:\/\/tuzlainfo.ba\/#organization","name":"TuzlaInfo.ba","url":"https:\/\/tuzlainfo.ba\/","logo":{"@type":"ImageObject","inLanguage":"bs-BA","@id":"https:\/\/tuzlainfo.ba\/#\/schema\/logo\/image\/","url":"https:\/\/tuzlainfo.ba\/wp-content\/uploads\/2021\/03\/logo-ver-3-1.png","contentUrl":"https:\/\/tuzlainfo.ba\/wp-content\/uploads\/2021\/03\/logo-ver-3-1.png","width":350,"height":95,"caption":"TuzlaInfo.ba"},"image":{"@id":"https:\/\/tuzlainfo.ba\/#\/schema\/logo\/image\/"},"sameAs":["https:\/\/www.facebook.com\/tuzlainfo.ba\/"]},{"@type":"Person","@id":"https:\/\/tuzlainfo.ba\/#\/schema\/person\/46cad4c57790cbc50781edd14870825a","name":"Tuzla Info","image":{"@type":"ImageObject","inLanguage":"bs-BA","@id":"https:\/\/tuzlainfo.ba\/#\/schema\/person\/image\/","url":"https:\/\/tuzlainfo.ba\/wp-content\/litespeed\/avatar\/b6c453a6c38e3654f2e4416c643fc25c.jpg?ver=1777051911","contentUrl":"https:\/\/tuzlainfo.ba\/wp-content\/litespeed\/avatar\/b6c453a6c38e3654f2e4416c643fc25c.jpg?ver=1777051911","caption":"Tuzla Info"}}]}},"_links":{"self":[{"href":"https:\/\/tuzlainfo.ba\/index.php\/wp-json\/wp\/v2\/posts\/199896"}],"collection":[{"href":"https:\/\/tuzlainfo.ba\/index.php\/wp-json\/wp\/v2\/posts"}],"about":[{"href":"https:\/\/tuzlainfo.ba\/index.php\/wp-json\/wp\/v2\/types\/post"}],"author":[{"embeddable":true,"href":"https:\/\/tuzlainfo.ba\/index.php\/wp-json\/wp\/v2\/users\/4"}],"replies":[{"embeddable":true,"href":"https:\/\/tuzlainfo.ba\/index.php\/wp-json\/wp\/v2\/comments?post=199896"}],"version-history":[{"count":0,"href":"https:\/\/tuzlainfo.ba\/index.php\/wp-json\/wp\/v2\/posts\/199896\/revisions"}],"wp:featuredmedia":[{"embeddable":true,"href":"https:\/\/tuzlainfo.ba\/index.php\/wp-json\/wp\/v2\/media\/199897"}],"wp:attachment":[{"href":"https:\/\/tuzlainfo.ba\/index.php\/wp-json\/wp\/v2\/media?parent=199896"}],"wp:term":[{"taxonomy":"category","embeddable":true,"href":"https:\/\/tuzlainfo.ba\/index.php\/wp-json\/wp\/v2\/categories?post=199896"},{"taxonomy":"post_tag","embeddable":true,"href":"https:\/\/tuzlainfo.ba\/index.php\/wp-json\/wp\/v2\/tags?post=199896"}],"curies":[{"name":"wp","href":"https:\/\/api.w.org\/{rel}","templated":true}]}}