{"id":199455,"date":"2023-03-11T14:34:25","date_gmt":"2023-03-11T13:34:25","guid":{"rendered":"https:\/\/tuzlainfo.ba\/?p=199455"},"modified":"2023-03-11T14:35:13","modified_gmt":"2023-03-11T13:35:13","slug":"adidas-odlazi-u-historiju-zmajeve-odijeva-novi-tehnicki-sponzor","status":"publish","type":"post","link":"https:\/\/tuzlainfo.ba\/index.php\/bosna-i-hercegovina\/item\/199455-adidas-odlazi-u-historiju-zmajeve-odijeva-novi-tehnicki-sponzor\/","title":{"rendered":"Adidas odlazi u historiju: Zmajeve odijeva novi tehni\u010dki sponzor"},"content":{"rendered":"<p>Nogometni\/Fudbalski savez Bosne i Hercegovine i proizvo\u0111a\u010d sportske opreme \u201eKelme\u201c su ju\u010der u Sarajevu potpisali ugovor o tehni\u010dkoj saradnji, kojim je potvr\u0111ena saglasnost strana za saradnju i partnerstvo u narednom periodu.<\/p>\n<p>Reprezentativci na\u0161e zemlje \u0107e ve\u010d u narednim kvalifikacionim utakmicama, sa Islandom i Slova\u010dkom, nastupiti u novoj \u201eKelme\u201c opremi.<\/p>\n<p>Adnan D\u017eemid\u017ei\u0107, v.d. generalni sekretar NS\/FS BiH, je povodom potpisa ugovora o tehni\u010dkoj saradnji izjavio:<\/p>\n<p>\u201eU novi kvalifikacioni ciklus za plasman na Evropsko prvenstvo 2024. u Njema\u010dkoj ulazimo sa novim tehni\u010dkim sponzorom i \u017eeljom da zajedni\u010dkim snagama ostvarimo plasman na ovo presti\u017eno takmi\u010denje. Saradnja koju smo zaklju\u010dili donosi i nove benefite za obje strane. Mi sa svoje strane stremimo svojim zacrtanim ciljevima, a \u201eKelme\u201c je kompanija koja \u0107e u predstoje\u0107em periodu biti zajedno sa nama da nas prati na tom putu.\u201c<\/p>\n<p>Sr\u0111an Ja\u0107imovi\u0107, zamjenik direktora firme \u201eJa\u0107imovi\u0107\u201c d.o.o. koja je zastupnik \u201eKelme\u201c sportske opreme za Bosnu i Hercegovinu, je rekao:<\/p>\n<p>\u201eOvo je za nas veoma izazovan projekat, ozbiljan profesionalni zadatak koji zahtjeva veliku odgovornost i potpunu posve\u0107enost. Izazov je raditi za reprezentaciju Bosne i Hercegovine na putu ostvarenja novih rezultata. \u201eKelme\u201c kao evropski brend sa dugom tradicijom je prepoznao snagu brenda NS\/FS BiH i fudbalske reprezentacije BiH, te je zajedno sa nama u\u010destvovao u dostavljanju najatraktivnije sponzorske ponude. Materijali od kojih se proizvodi sportska oprema \u201eKelme\u201c je reprezentativnog kvaliteta materijala, provjerena na tr\u017ei\u0161tu. Stoga iskreno vjerujemo da \u0107e reprezentacija Bosne i Hercegovine u novoj sportskoj opremi ostvariti i svoj prvi plasman na Evropsko prvenstvo u fudbalu.\u201c<\/p>\n<p>\u201eKelme\u201c je \u0161panska firma za proizvodnju sportske opreme, osnovana 1963. godine, \u010diji su proizvodi prvenstveno namijenjeni za fudbal, futsal, ko\u0161arku, tr\u010danje, biciklizam, kriket, tenis, kao i druge sportove.<\/p>\n","protected":false},"excerpt":{"rendered":"<p>Nogometni\/Fudbalski savez Bosne i Hercegovine i proizvo\u0111a\u010d sportske opreme \u201eKelme\u201c su ju\u010der u Sarajevu potpisali&hellip;<\/p>\n","protected":false},"author":2,"featured_media":199456,"comment_status":"open","ping_status":"closed","sticky":false,"template":"","format":"standard","meta":{"_acf_changed":false,"footnotes":""},"categories":[291],"tags":[6470,2530],"acf":[],"yoast_head":"<!-- This site is optimized with the Yoast SEO plugin v23.5 - https:\/\/yoast.com\/wordpress\/plugins\/seo\/ -->\n<title>Adidas odlazi u historiju: Zmajeve odijeva novi tehni\u010dki sponzor - TuzlaInfo.ba<\/title>\n<meta name=\"robots\" content=\"index, follow, max-snippet:-1, max-image-preview:large, max-video-preview:-1\" \/>\n<link rel=\"canonical\" href=\"https:\/\/tuzlainfo.ba\/index.php\/bosna-i-hercegovina\/item\/199455-adidas-odlazi-u-historiju-zmajeve-odijeva-novi-tehnicki-sponzor\/\" \/>\n<meta property=\"og:locale\" content=\"bs_BA\" \/>\n<meta property=\"og:type\" content=\"article\" \/>\n<meta property=\"og:title\" content=\"Adidas odlazi u historiju: Zmajeve odijeva novi tehni\u010dki sponzor - TuzlaInfo.ba\" \/>\n<meta property=\"og:description\" content=\"Nogometni\/Fudbalski savez Bosne i Hercegovine i proizvo\u0111a\u010d sportske opreme \u201eKelme\u201c su ju\u010der u Sarajevu potpisali&hellip;\" \/>\n<meta property=\"og:url\" content=\"https:\/\/tuzlainfo.ba\/index.php\/bosna-i-hercegovina\/item\/199455-adidas-odlazi-u-historiju-zmajeve-odijeva-novi-tehnicki-sponzor\/\" \/>\n<meta property=\"og:site_name\" content=\"TuzlaInfo.ba\" \/>\n<meta property=\"article:publisher\" content=\"https:\/\/www.facebook.com\/tuzlainfo.ba\/\" \/>\n<meta property=\"article:published_time\" content=\"2023-03-11T13:34:25+00:00\" \/>\n<meta property=\"article:modified_time\" content=\"2023-03-11T13:35:13+00:00\" \/>\n<meta property=\"og:image\" content=\"https:\/\/tuzlainfo.ba\/wp-content\/uploads\/2023\/03\/1103_kelme.jpg\" \/>\n\t<meta property=\"og:image:width\" content=\"1024\" \/>\n\t<meta property=\"og:image:height\" content=\"683\" \/>\n\t<meta property=\"og:image:type\" content=\"image\/jpeg\" \/>\n<meta name=\"author\" content=\"nedim\" \/>\n<meta name=\"twitter:card\" content=\"summary_large_image\" \/>\n<meta name=\"twitter:label1\" content=\"Written by\" \/>\n\t<meta name=\"twitter:data1\" content=\"nedim\" \/>\n\t<meta name=\"twitter:label2\" content=\"Est. reading time\" \/>\n\t<meta name=\"twitter:data2\" content=\"2 minute\" \/>\n<script type=\"application\/ld+json\" class=\"yoast-schema-graph\">{\"@context\":\"https:\/\/schema.org\",\"@graph\":[{\"@type\":\"Article\",\"@id\":\"https:\/\/tuzlainfo.ba\/index.php\/bosna-i-hercegovina\/item\/199455-adidas-odlazi-u-historiju-zmajeve-odijeva-novi-tehnicki-sponzor\/#article\",\"isPartOf\":{\"@id\":\"https:\/\/tuzlainfo.ba\/index.php\/bosna-i-hercegovina\/item\/199455-adidas-odlazi-u-historiju-zmajeve-odijeva-novi-tehnicki-sponzor\/\"},\"author\":{\"name\":\"nedim\",\"@id\":\"https:\/\/tuzlainfo.ba\/#\/schema\/person\/f434e20dc27ea133923aab08451b7f7f\"},\"headline\":\"Adidas odlazi u historiju: Zmajeve odijeva novi tehni\u010dki sponzor\",\"datePublished\":\"2023-03-11T13:34:25+00:00\",\"dateModified\":\"2023-03-11T13:35:13+00:00\",\"mainEntityOfPage\":{\"@id\":\"https:\/\/tuzlainfo.ba\/index.php\/bosna-i-hercegovina\/item\/199455-adidas-odlazi-u-historiju-zmajeve-odijeva-novi-tehnicki-sponzor\/\"},\"wordCount\":312,\"commentCount\":0,\"publisher\":{\"@id\":\"https:\/\/tuzlainfo.ba\/#organization\"},\"image\":{\"@id\":\"https:\/\/tuzlainfo.ba\/index.php\/bosna-i-hercegovina\/item\/199455-adidas-odlazi-u-historiju-zmajeve-odijeva-novi-tehnicki-sponzor\/#primaryimage\"},\"thumbnailUrl\":\"https:\/\/tuzlainfo.ba\/wp-content\/uploads\/2023\/03\/1103_kelme.jpg\",\"keywords\":[\"kelme\",\"NFSBiH\"],\"articleSection\":[\"Bosna i Hercegovina\"],\"inLanguage\":\"bs-BA\"},{\"@type\":\"WebPage\",\"@id\":\"https:\/\/tuzlainfo.ba\/index.php\/bosna-i-hercegovina\/item\/199455-adidas-odlazi-u-historiju-zmajeve-odijeva-novi-tehnicki-sponzor\/\",\"url\":\"https:\/\/tuzlainfo.ba\/index.php\/bosna-i-hercegovina\/item\/199455-adidas-odlazi-u-historiju-zmajeve-odijeva-novi-tehnicki-sponzor\/\",\"name\":\"Adidas odlazi u historiju: Zmajeve odijeva novi tehni\u010dki sponzor - TuzlaInfo.ba\",\"isPartOf\":{\"@id\":\"https:\/\/tuzlainfo.ba\/#website\"},\"primaryImageOfPage\":{\"@id\":\"https:\/\/tuzlainfo.ba\/index.php\/bosna-i-hercegovina\/item\/199455-adidas-odlazi-u-historiju-zmajeve-odijeva-novi-tehnicki-sponzor\/#primaryimage\"},\"image\":{\"@id\":\"https:\/\/tuzlainfo.ba\/index.php\/bosna-i-hercegovina\/item\/199455-adidas-odlazi-u-historiju-zmajeve-odijeva-novi-tehnicki-sponzor\/#primaryimage\"},\"thumbnailUrl\":\"https:\/\/tuzlainfo.ba\/wp-content\/uploads\/2023\/03\/1103_kelme.jpg\",\"datePublished\":\"2023-03-11T13:34:25+00:00\",\"dateModified\":\"2023-03-11T13:35:13+00:00\",\"breadcrumb\":{\"@id\":\"https:\/\/tuzlainfo.ba\/index.php\/bosna-i-hercegovina\/item\/199455-adidas-odlazi-u-historiju-zmajeve-odijeva-novi-tehnicki-sponzor\/#breadcrumb\"},\"inLanguage\":\"bs-BA\",\"potentialAction\":[{\"@type\":\"ReadAction\",\"target\":[\"https:\/\/tuzlainfo.ba\/index.php\/bosna-i-hercegovina\/item\/199455-adidas-odlazi-u-historiju-zmajeve-odijeva-novi-tehnicki-sponzor\/\"]}]},{\"@type\":\"ImageObject\",\"inLanguage\":\"bs-BA\",\"@id\":\"https:\/\/tuzlainfo.ba\/index.php\/bosna-i-hercegovina\/item\/199455-adidas-odlazi-u-historiju-zmajeve-odijeva-novi-tehnicki-sponzor\/#primaryimage\",\"url\":\"https:\/\/tuzlainfo.ba\/wp-content\/uploads\/2023\/03\/1103_kelme.jpg\",\"contentUrl\":\"https:\/\/tuzlainfo.ba\/wp-content\/uploads\/2023\/03\/1103_kelme.jpg\",\"width\":1024,\"height\":683},{\"@type\":\"BreadcrumbList\",\"@id\":\"https:\/\/tuzlainfo.ba\/index.php\/bosna-i-hercegovina\/item\/199455-adidas-odlazi-u-historiju-zmajeve-odijeva-novi-tehnicki-sponzor\/#breadcrumb\",\"itemListElement\":[{\"@type\":\"ListItem\",\"position\":1,\"name\":\"Home\",\"item\":\"https:\/\/tuzlainfo.ba\/\"},{\"@type\":\"ListItem\",\"position\":2,\"name\":\"Adidas odlazi u historiju: Zmajeve odijeva novi tehni\u010dki sponzor\"}]},{\"@type\":\"WebSite\",\"@id\":\"https:\/\/tuzlainfo.ba\/#website\",\"url\":\"https:\/\/tuzlainfo.ba\/\",\"name\":\"TuzlaInfo.ba\",\"description\":\"Tuzla info, gradski informator - Tuzla na dlanu\",\"publisher\":{\"@id\":\"https:\/\/tuzlainfo.ba\/#organization\"},\"potentialAction\":[{\"@type\":\"SearchAction\",\"target\":{\"@type\":\"EntryPoint\",\"urlTemplate\":\"https:\/\/tuzlainfo.ba\/?s={search_term_string}\"},\"query-input\":{\"@type\":\"PropertyValueSpecification\",\"valueRequired\":true,\"valueName\":\"search_term_string\"}}],\"inLanguage\":\"bs-BA\"},{\"@type\":\"Organization\",\"@id\":\"https:\/\/tuzlainfo.ba\/#organization\",\"name\":\"TuzlaInfo.ba\",\"url\":\"https:\/\/tuzlainfo.ba\/\",\"logo\":{\"@type\":\"ImageObject\",\"inLanguage\":\"bs-BA\",\"@id\":\"https:\/\/tuzlainfo.ba\/#\/schema\/logo\/image\/\",\"url\":\"https:\/\/tuzlainfo.ba\/wp-content\/uploads\/2021\/03\/logo-ver-3-1.png\",\"contentUrl\":\"https:\/\/tuzlainfo.ba\/wp-content\/uploads\/2021\/03\/logo-ver-3-1.png\",\"width\":350,\"height\":95,\"caption\":\"TuzlaInfo.ba\"},\"image\":{\"@id\":\"https:\/\/tuzlainfo.ba\/#\/schema\/logo\/image\/\"},\"sameAs\":[\"https:\/\/www.facebook.com\/tuzlainfo.ba\/\"]},{\"@type\":\"Person\",\"@id\":\"https:\/\/tuzlainfo.ba\/#\/schema\/person\/f434e20dc27ea133923aab08451b7f7f\",\"name\":\"nedim\",\"image\":{\"@type\":\"ImageObject\",\"inLanguage\":\"bs-BA\",\"@id\":\"https:\/\/tuzlainfo.ba\/#\/schema\/person\/image\/\",\"url\":\"https:\/\/tuzlainfo.ba\/wp-content\/litespeed\/avatar\/aabad687af24844af817603ac1cbdc4f.jpg?ver=1776702173\",\"contentUrl\":\"https:\/\/tuzlainfo.ba\/wp-content\/litespeed\/avatar\/aabad687af24844af817603ac1cbdc4f.jpg?ver=1776702173\",\"caption\":\"nedim\"},\"description\":\"Tuzlainfo.ba pratite na dru\u0161tvenim mre\u017eama: Facebook, Instagram i Youtube. Svoje pri\u010de, upite i fotografije \u0161aljite na na\u0161u e-mail adresu.\"}]}<\/script>\n<!-- \/ Yoast SEO plugin. -->","yoast_head_json":{"title":"Adidas odlazi u historiju: Zmajeve odijeva novi tehni\u010dki sponzor - TuzlaInfo.ba","robots":{"index":"index","follow":"follow","max-snippet":"max-snippet:-1","max-image-preview":"max-image-preview:large","max-video-preview":"max-video-preview:-1"},"canonical":"https:\/\/tuzlainfo.ba\/index.php\/bosna-i-hercegovina\/item\/199455-adidas-odlazi-u-historiju-zmajeve-odijeva-novi-tehnicki-sponzor\/","og_locale":"bs_BA","og_type":"article","og_title":"Adidas odlazi u historiju: Zmajeve odijeva novi tehni\u010dki sponzor - TuzlaInfo.ba","og_description":"Nogometni\/Fudbalski savez Bosne i Hercegovine i proizvo\u0111a\u010d sportske opreme \u201eKelme\u201c su ju\u010der u Sarajevu potpisali&hellip;","og_url":"https:\/\/tuzlainfo.ba\/index.php\/bosna-i-hercegovina\/item\/199455-adidas-odlazi-u-historiju-zmajeve-odijeva-novi-tehnicki-sponzor\/","og_site_name":"TuzlaInfo.ba","article_publisher":"https:\/\/www.facebook.com\/tuzlainfo.ba\/","article_published_time":"2023-03-11T13:34:25+00:00","article_modified_time":"2023-03-11T13:35:13+00:00","og_image":[{"width":1024,"height":683,"url":"https:\/\/tuzlainfo.ba\/wp-content\/uploads\/2023\/03\/1103_kelme.jpg","type":"image\/jpeg"}],"author":"nedim","twitter_card":"summary_large_image","twitter_misc":{"Written by":"nedim","Est. reading time":"2 minute"},"schema":{"@context":"https:\/\/schema.org","@graph":[{"@type":"Article","@id":"https:\/\/tuzlainfo.ba\/index.php\/bosna-i-hercegovina\/item\/199455-adidas-odlazi-u-historiju-zmajeve-odijeva-novi-tehnicki-sponzor\/#article","isPartOf":{"@id":"https:\/\/tuzlainfo.ba\/index.php\/bosna-i-hercegovina\/item\/199455-adidas-odlazi-u-historiju-zmajeve-odijeva-novi-tehnicki-sponzor\/"},"author":{"name":"nedim","@id":"https:\/\/tuzlainfo.ba\/#\/schema\/person\/f434e20dc27ea133923aab08451b7f7f"},"headline":"Adidas odlazi u historiju: Zmajeve odijeva novi tehni\u010dki sponzor","datePublished":"2023-03-11T13:34:25+00:00","dateModified":"2023-03-11T13:35:13+00:00","mainEntityOfPage":{"@id":"https:\/\/tuzlainfo.ba\/index.php\/bosna-i-hercegovina\/item\/199455-adidas-odlazi-u-historiju-zmajeve-odijeva-novi-tehnicki-sponzor\/"},"wordCount":312,"commentCount":0,"publisher":{"@id":"https:\/\/tuzlainfo.ba\/#organization"},"image":{"@id":"https:\/\/tuzlainfo.ba\/index.php\/bosna-i-hercegovina\/item\/199455-adidas-odlazi-u-historiju-zmajeve-odijeva-novi-tehnicki-sponzor\/#primaryimage"},"thumbnailUrl":"https:\/\/tuzlainfo.ba\/wp-content\/uploads\/2023\/03\/1103_kelme.jpg","keywords":["kelme","NFSBiH"],"articleSection":["Bosna i Hercegovina"],"inLanguage":"bs-BA"},{"@type":"WebPage","@id":"https:\/\/tuzlainfo.ba\/index.php\/bosna-i-hercegovina\/item\/199455-adidas-odlazi-u-historiju-zmajeve-odijeva-novi-tehnicki-sponzor\/","url":"https:\/\/tuzlainfo.ba\/index.php\/bosna-i-hercegovina\/item\/199455-adidas-odlazi-u-historiju-zmajeve-odijeva-novi-tehnicki-sponzor\/","name":"Adidas odlazi u historiju: Zmajeve odijeva novi tehni\u010dki sponzor - TuzlaInfo.ba","isPartOf":{"@id":"https:\/\/tuzlainfo.ba\/#website"},"primaryImageOfPage":{"@id":"https:\/\/tuzlainfo.ba\/index.php\/bosna-i-hercegovina\/item\/199455-adidas-odlazi-u-historiju-zmajeve-odijeva-novi-tehnicki-sponzor\/#primaryimage"},"image":{"@id":"https:\/\/tuzlainfo.ba\/index.php\/bosna-i-hercegovina\/item\/199455-adidas-odlazi-u-historiju-zmajeve-odijeva-novi-tehnicki-sponzor\/#primaryimage"},"thumbnailUrl":"https:\/\/tuzlainfo.ba\/wp-content\/uploads\/2023\/03\/1103_kelme.jpg","datePublished":"2023-03-11T13:34:25+00:00","dateModified":"2023-03-11T13:35:13+00:00","breadcrumb":{"@id":"https:\/\/tuzlainfo.ba\/index.php\/bosna-i-hercegovina\/item\/199455-adidas-odlazi-u-historiju-zmajeve-odijeva-novi-tehnicki-sponzor\/#breadcrumb"},"inLanguage":"bs-BA","potentialAction":[{"@type":"ReadAction","target":["https:\/\/tuzlainfo.ba\/index.php\/bosna-i-hercegovina\/item\/199455-adidas-odlazi-u-historiju-zmajeve-odijeva-novi-tehnicki-sponzor\/"]}]},{"@type":"ImageObject","inLanguage":"bs-BA","@id":"https:\/\/tuzlainfo.ba\/index.php\/bosna-i-hercegovina\/item\/199455-adidas-odlazi-u-historiju-zmajeve-odijeva-novi-tehnicki-sponzor\/#primaryimage","url":"https:\/\/tuzlainfo.ba\/wp-content\/uploads\/2023\/03\/1103_kelme.jpg","contentUrl":"https:\/\/tuzlainfo.ba\/wp-content\/uploads\/2023\/03\/1103_kelme.jpg","width":1024,"height":683},{"@type":"BreadcrumbList","@id":"https:\/\/tuzlainfo.ba\/index.php\/bosna-i-hercegovina\/item\/199455-adidas-odlazi-u-historiju-zmajeve-odijeva-novi-tehnicki-sponzor\/#breadcrumb","itemListElement":[{"@type":"ListItem","position":1,"name":"Home","item":"https:\/\/tuzlainfo.ba\/"},{"@type":"ListItem","position":2,"name":"Adidas odlazi u historiju: Zmajeve odijeva novi tehni\u010dki sponzor"}]},{"@type":"WebSite","@id":"https:\/\/tuzlainfo.ba\/#website","url":"https:\/\/tuzlainfo.ba\/","name":"TuzlaInfo.ba","description":"Tuzla info, gradski informator - Tuzla na dlanu","publisher":{"@id":"https:\/\/tuzlainfo.ba\/#organization"},"potentialAction":[{"@type":"SearchAction","target":{"@type":"EntryPoint","urlTemplate":"https:\/\/tuzlainfo.ba\/?s={search_term_string}"},"query-input":{"@type":"PropertyValueSpecification","valueRequired":true,"valueName":"search_term_string"}}],"inLanguage":"bs-BA"},{"@type":"Organization","@id":"https:\/\/tuzlainfo.ba\/#organization","name":"TuzlaInfo.ba","url":"https:\/\/tuzlainfo.ba\/","logo":{"@type":"ImageObject","inLanguage":"bs-BA","@id":"https:\/\/tuzlainfo.ba\/#\/schema\/logo\/image\/","url":"https:\/\/tuzlainfo.ba\/wp-content\/uploads\/2021\/03\/logo-ver-3-1.png","contentUrl":"https:\/\/tuzlainfo.ba\/wp-content\/uploads\/2021\/03\/logo-ver-3-1.png","width":350,"height":95,"caption":"TuzlaInfo.ba"},"image":{"@id":"https:\/\/tuzlainfo.ba\/#\/schema\/logo\/image\/"},"sameAs":["https:\/\/www.facebook.com\/tuzlainfo.ba\/"]},{"@type":"Person","@id":"https:\/\/tuzlainfo.ba\/#\/schema\/person\/f434e20dc27ea133923aab08451b7f7f","name":"nedim","image":{"@type":"ImageObject","inLanguage":"bs-BA","@id":"https:\/\/tuzlainfo.ba\/#\/schema\/person\/image\/","url":"https:\/\/tuzlainfo.ba\/wp-content\/litespeed\/avatar\/aabad687af24844af817603ac1cbdc4f.jpg?ver=1776702173","contentUrl":"https:\/\/tuzlainfo.ba\/wp-content\/litespeed\/avatar\/aabad687af24844af817603ac1cbdc4f.jpg?ver=1776702173","caption":"nedim"},"description":"Tuzlainfo.ba pratite na dru\u0161tvenim mre\u017eama: Facebook, Instagram i Youtube. Svoje pri\u010de, upite i fotografije \u0161aljite na na\u0161u e-mail adresu."}]}},"_links":{"self":[{"href":"https:\/\/tuzlainfo.ba\/index.php\/wp-json\/wp\/v2\/posts\/199455"}],"collection":[{"href":"https:\/\/tuzlainfo.ba\/index.php\/wp-json\/wp\/v2\/posts"}],"about":[{"href":"https:\/\/tuzlainfo.ba\/index.php\/wp-json\/wp\/v2\/types\/post"}],"author":[{"embeddable":true,"href":"https:\/\/tuzlainfo.ba\/index.php\/wp-json\/wp\/v2\/users\/2"}],"replies":[{"embeddable":true,"href":"https:\/\/tuzlainfo.ba\/index.php\/wp-json\/wp\/v2\/comments?post=199455"}],"version-history":[{"count":0,"href":"https:\/\/tuzlainfo.ba\/index.php\/wp-json\/wp\/v2\/posts\/199455\/revisions"}],"wp:featuredmedia":[{"embeddable":true,"href":"https:\/\/tuzlainfo.ba\/index.php\/wp-json\/wp\/v2\/media\/199456"}],"wp:attachment":[{"href":"https:\/\/tuzlainfo.ba\/index.php\/wp-json\/wp\/v2\/media?parent=199455"}],"wp:term":[{"taxonomy":"category","embeddable":true,"href":"https:\/\/tuzlainfo.ba\/index.php\/wp-json\/wp\/v2\/categories?post=199455"},{"taxonomy":"post_tag","embeddable":true,"href":"https:\/\/tuzlainfo.ba\/index.php\/wp-json\/wp\/v2\/tags?post=199455"}],"curies":[{"name":"wp","href":"https:\/\/api.w.org\/{rel}","templated":true}]}}