{"id":199246,"date":"2023-03-09T11:13:10","date_gmt":"2023-03-09T10:13:10","guid":{"rendered":"https:\/\/tuzlainfo.ba\/?p=199246"},"modified":"2023-03-09T09:29:46","modified_gmt":"2023-03-09T08:29:46","slug":"kucz-u-protekla-24-sata-u-tk-zabiljezene-poplave-pozari-i-klizista","status":"publish","type":"post","link":"https:\/\/tuzlainfo.ba\/index.php\/novosti\/item\/199246-kucz-u-protekla-24-sata-u-tk-zabiljezene-poplave-pozari-i-klizista\/","title":{"rendered":"KUCZ: U protekla 24 sata u TK zabilje\u017eene poplave, po\u017eari i klizi\u0161ta"},"content":{"rendered":"<p align=\"justify\">Prema izvje\u0161taju KUCZ, u protekla 24 sata u Tuzlanskom kantonu zabilje\u017eene su poplrave, po\u017eari ali i klizi\u0161ta.<\/p>\n<p class=\"western\" align=\"justify\"><strong><span style=\"font-family: Arial, serif;\">Poplave<\/span><\/strong><\/p>\n<p class=\"western\" align=\"justify\"><span style=\"font-family: Arial, serif;\">Uslijed otapanja snijega u proteklom periodu i porasta lokalnih vodotoka na podru\u010dju Grada Gra\u010danica pod vodom je oko 5 do 10 Ha poljoprivrednog zemlji\u0161ta.<\/span><\/p>\n<p class=\"western\" align=\"justify\"><span style=\"font-family: Arial, serif;\">Vodostaj rijeke Spre\u010de na mjernom mjestu Karanovac jutros u 07.00 sati bio je 261 cm i trenutno je u opadanju.<\/span><\/p>\n<p class=\"western\" align=\"justify\"><span style=\"font-family: Arial, serif;\"><b>Klizanje tla<\/b><\/span><\/p>\n<p class=\"western\" align=\"justify\"><span style=\"font-family: Arial, serif;\"><b>Grad Gra\u010danica<\/b><\/span><\/p>\n<p class=\"western\" align=\"justify\"><span style=\"font-family: Arial, serif;\">Dana 8.3.2023. godine slu\u017eba civilne za\u0161tite Grada Gra\u010danica je zaprimila dojavu o reaktiviranju klizi\u0161ta na podru\u010dju naselja Buk. Slu\u017ebenici civilne za\u0161tite su zajedno sa stru\u010dnim saradnikom za geologiju iza\u0161li na lokalitet reaktiviranog klizi\u0161ta o \u010demu \u0107e naknadno biti sa\u010dinjen zapisnik.<\/span><\/p>\n<p class=\"western\" align=\"justify\"><span style=\"font-family: Arial, serif;\"><b>Po\u017eari <\/b><\/span><\/p>\n<p class=\"western\" align=\"justify\"><span style=\"font-family: Arial, serif;\">Prema izvje\u0161tajima operativnih centara civilne za\u0161tite sa podru\u010dja Tuzlanskog kantona u protekla 24 sata vatrogasne jedinice su imale \u010detiri intervencije na ga\u0161enju po\u017eara i to na podru\u010dju Grada Gra\u010danica gdje je u naselju Babi\u0107i gorio napu\u0161teni stambeni objekat zatim na podru\u010dju Grada Lukavac gdje je u blizini fabrike Koksara gorjela \u0161uma i nisko rastinje na manjoj povr\u0161ini te na podru\u010dju Grada Tuzla gdje je u ulici Bogumilska i u naselju Lipnica gorjelo nisko rastinje na manjoj povr\u0161ini. Svi po\u017eari su lokalizirani i uga\u0161eni, stoji u izvje\u0161taju KUCZ.<\/span><\/p>\n","protected":false},"excerpt":{"rendered":"<p>Prema izvje\u0161taju KUCZ, u protekla 24 sata u Tuzlanskom kantonu zabilje\u017eene su poplrave, po\u017eari ali&hellip;<\/p>\n","protected":false},"author":4,"featured_media":153604,"comment_status":"open","ping_status":"closed","sticky":false,"template":"","format":"standard","meta":{"_acf_changed":false,"footnotes":""},"categories":[304,12],"tags":[2955,3602,1508,2122],"acf":[],"yoast_head":"<!-- This site is optimized with the Yoast SEO plugin v23.5 - https:\/\/yoast.com\/wordpress\/plugins\/seo\/ -->\n<title>KUCZ: U protekla 24 sata u TK zabilje\u017eene poplave, po\u017eari i klizi\u0161ta - TuzlaInfo.ba<\/title>\n<meta name=\"robots\" content=\"index, follow, max-snippet:-1, max-image-preview:large, max-video-preview:-1\" \/>\n<link rel=\"canonical\" href=\"https:\/\/tuzlainfo.ba\/index.php\/novosti\/item\/199246-kucz-u-protekla-24-sata-u-tk-zabiljezene-poplave-pozari-i-klizista\/\" \/>\n<meta property=\"og:locale\" content=\"bs_BA\" \/>\n<meta property=\"og:type\" content=\"article\" \/>\n<meta property=\"og:title\" content=\"KUCZ: U protekla 24 sata u TK zabilje\u017eene poplave, po\u017eari i klizi\u0161ta - TuzlaInfo.ba\" \/>\n<meta property=\"og:description\" content=\"Prema izvje\u0161taju KUCZ, u protekla 24 sata u Tuzlanskom kantonu zabilje\u017eene su poplrave, po\u017eari ali&hellip;\" \/>\n<meta property=\"og:url\" content=\"https:\/\/tuzlainfo.ba\/index.php\/novosti\/item\/199246-kucz-u-protekla-24-sata-u-tk-zabiljezene-poplave-pozari-i-klizista\/\" \/>\n<meta property=\"og:site_name\" content=\"TuzlaInfo.ba\" \/>\n<meta property=\"article:publisher\" content=\"https:\/\/www.facebook.com\/tuzlainfo.ba\/\" \/>\n<meta property=\"article:published_time\" content=\"2023-03-09T10:13:10+00:00\" \/>\n<meta property=\"article:modified_time\" content=\"2023-03-09T08:29:46+00:00\" \/>\n<meta property=\"og:image\" content=\"https:\/\/tuzlainfo.ba\/wp-content\/uploads\/2021\/11\/0711_poplave_strasanj-2.jpg\" \/>\n\t<meta property=\"og:image:width\" content=\"1600\" \/>\n\t<meta property=\"og:image:height\" content=\"721\" \/>\n\t<meta property=\"og:image:type\" content=\"image\/jpeg\" \/>\n<meta name=\"author\" content=\"Tuzla Info\" \/>\n<meta name=\"twitter:card\" content=\"summary_large_image\" \/>\n<meta name=\"twitter:label1\" content=\"Written by\" \/>\n\t<meta name=\"twitter:data1\" content=\"Tuzla Info\" \/>\n\t<meta name=\"twitter:label2\" content=\"Est. reading time\" \/>\n\t<meta name=\"twitter:data2\" content=\"1 minuta\" \/>\n<script type=\"application\/ld+json\" class=\"yoast-schema-graph\">{\"@context\":\"https:\/\/schema.org\",\"@graph\":[{\"@type\":\"Article\",\"@id\":\"https:\/\/tuzlainfo.ba\/index.php\/novosti\/item\/199246-kucz-u-protekla-24-sata-u-tk-zabiljezene-poplave-pozari-i-klizista\/#article\",\"isPartOf\":{\"@id\":\"https:\/\/tuzlainfo.ba\/index.php\/novosti\/item\/199246-kucz-u-protekla-24-sata-u-tk-zabiljezene-poplave-pozari-i-klizista\/\"},\"author\":{\"name\":\"Tuzla Info\",\"@id\":\"https:\/\/tuzlainfo.ba\/#\/schema\/person\/46cad4c57790cbc50781edd14870825a\"},\"headline\":\"KUCZ: U protekla 24 sata u TK zabilje\u017eene poplave, po\u017eari i klizi\u0161ta\",\"datePublished\":\"2023-03-09T10:13:10+00:00\",\"dateModified\":\"2023-03-09T08:29:46+00:00\",\"mainEntityOfPage\":{\"@id\":\"https:\/\/tuzlainfo.ba\/index.php\/novosti\/item\/199246-kucz-u-protekla-24-sata-u-tk-zabiljezene-poplave-pozari-i-klizista\/\"},\"wordCount\":238,\"commentCount\":0,\"publisher\":{\"@id\":\"https:\/\/tuzlainfo.ba\/#organization\"},\"image\":{\"@id\":\"https:\/\/tuzlainfo.ba\/index.php\/novosti\/item\/199246-kucz-u-protekla-24-sata-u-tk-zabiljezene-poplave-pozari-i-klizista\/#primaryimage\"},\"thumbnailUrl\":\"https:\/\/tuzlainfo.ba\/wp-content\/uploads\/2021\/11\/0711_poplave_strasanj-2.jpg\",\"keywords\":[\"klizi\u0161ta\",\"KUCZ\",\"poplave\",\"po\u017eari\"],\"articleSection\":[\"Istaknuto\",\"Novosti\"],\"inLanguage\":\"bs-BA\"},{\"@type\":\"WebPage\",\"@id\":\"https:\/\/tuzlainfo.ba\/index.php\/novosti\/item\/199246-kucz-u-protekla-24-sata-u-tk-zabiljezene-poplave-pozari-i-klizista\/\",\"url\":\"https:\/\/tuzlainfo.ba\/index.php\/novosti\/item\/199246-kucz-u-protekla-24-sata-u-tk-zabiljezene-poplave-pozari-i-klizista\/\",\"name\":\"KUCZ: U protekla 24 sata u TK zabilje\u017eene poplave, po\u017eari i klizi\u0161ta - TuzlaInfo.ba\",\"isPartOf\":{\"@id\":\"https:\/\/tuzlainfo.ba\/#website\"},\"primaryImageOfPage\":{\"@id\":\"https:\/\/tuzlainfo.ba\/index.php\/novosti\/item\/199246-kucz-u-protekla-24-sata-u-tk-zabiljezene-poplave-pozari-i-klizista\/#primaryimage\"},\"image\":{\"@id\":\"https:\/\/tuzlainfo.ba\/index.php\/novosti\/item\/199246-kucz-u-protekla-24-sata-u-tk-zabiljezene-poplave-pozari-i-klizista\/#primaryimage\"},\"thumbnailUrl\":\"https:\/\/tuzlainfo.ba\/wp-content\/uploads\/2021\/11\/0711_poplave_strasanj-2.jpg\",\"datePublished\":\"2023-03-09T10:13:10+00:00\",\"dateModified\":\"2023-03-09T08:29:46+00:00\",\"breadcrumb\":{\"@id\":\"https:\/\/tuzlainfo.ba\/index.php\/novosti\/item\/199246-kucz-u-protekla-24-sata-u-tk-zabiljezene-poplave-pozari-i-klizista\/#breadcrumb\"},\"inLanguage\":\"bs-BA\",\"potentialAction\":[{\"@type\":\"ReadAction\",\"target\":[\"https:\/\/tuzlainfo.ba\/index.php\/novosti\/item\/199246-kucz-u-protekla-24-sata-u-tk-zabiljezene-poplave-pozari-i-klizista\/\"]}]},{\"@type\":\"ImageObject\",\"inLanguage\":\"bs-BA\",\"@id\":\"https:\/\/tuzlainfo.ba\/index.php\/novosti\/item\/199246-kucz-u-protekla-24-sata-u-tk-zabiljezene-poplave-pozari-i-klizista\/#primaryimage\",\"url\":\"https:\/\/tuzlainfo.ba\/wp-content\/uploads\/2021\/11\/0711_poplave_strasanj-2.jpg\",\"contentUrl\":\"https:\/\/tuzlainfo.ba\/wp-content\/uploads\/2021\/11\/0711_poplave_strasanj-2.jpg\",\"width\":1600,\"height\":721,\"caption\":\"Foto: Ilustracija\"},{\"@type\":\"BreadcrumbList\",\"@id\":\"https:\/\/tuzlainfo.ba\/index.php\/novosti\/item\/199246-kucz-u-protekla-24-sata-u-tk-zabiljezene-poplave-pozari-i-klizista\/#breadcrumb\",\"itemListElement\":[{\"@type\":\"ListItem\",\"position\":1,\"name\":\"Home\",\"item\":\"https:\/\/tuzlainfo.ba\/\"},{\"@type\":\"ListItem\",\"position\":2,\"name\":\"KUCZ: U protekla 24 sata u TK zabilje\u017eene poplave, po\u017eari i klizi\u0161ta\"}]},{\"@type\":\"WebSite\",\"@id\":\"https:\/\/tuzlainfo.ba\/#website\",\"url\":\"https:\/\/tuzlainfo.ba\/\",\"name\":\"TuzlaInfo.ba\",\"description\":\"Tuzla info, gradski informator - Tuzla na dlanu\",\"publisher\":{\"@id\":\"https:\/\/tuzlainfo.ba\/#organization\"},\"potentialAction\":[{\"@type\":\"SearchAction\",\"target\":{\"@type\":\"EntryPoint\",\"urlTemplate\":\"https:\/\/tuzlainfo.ba\/?s={search_term_string}\"},\"query-input\":{\"@type\":\"PropertyValueSpecification\",\"valueRequired\":true,\"valueName\":\"search_term_string\"}}],\"inLanguage\":\"bs-BA\"},{\"@type\":\"Organization\",\"@id\":\"https:\/\/tuzlainfo.ba\/#organization\",\"name\":\"TuzlaInfo.ba\",\"url\":\"https:\/\/tuzlainfo.ba\/\",\"logo\":{\"@type\":\"ImageObject\",\"inLanguage\":\"bs-BA\",\"@id\":\"https:\/\/tuzlainfo.ba\/#\/schema\/logo\/image\/\",\"url\":\"https:\/\/tuzlainfo.ba\/wp-content\/uploads\/2021\/03\/logo-ver-3-1.png\",\"contentUrl\":\"https:\/\/tuzlainfo.ba\/wp-content\/uploads\/2021\/03\/logo-ver-3-1.png\",\"width\":350,\"height\":95,\"caption\":\"TuzlaInfo.ba\"},\"image\":{\"@id\":\"https:\/\/tuzlainfo.ba\/#\/schema\/logo\/image\/\"},\"sameAs\":[\"https:\/\/www.facebook.com\/tuzlainfo.ba\/\"]},{\"@type\":\"Person\",\"@id\":\"https:\/\/tuzlainfo.ba\/#\/schema\/person\/46cad4c57790cbc50781edd14870825a\",\"name\":\"Tuzla Info\",\"image\":{\"@type\":\"ImageObject\",\"inLanguage\":\"bs-BA\",\"@id\":\"https:\/\/tuzlainfo.ba\/#\/schema\/person\/image\/\",\"url\":\"https:\/\/tuzlainfo.ba\/wp-content\/litespeed\/avatar\/b6c453a6c38e3654f2e4416c643fc25c.jpg?ver=1777051911\",\"contentUrl\":\"https:\/\/tuzlainfo.ba\/wp-content\/litespeed\/avatar\/b6c453a6c38e3654f2e4416c643fc25c.jpg?ver=1777051911\",\"caption\":\"Tuzla Info\"}}]}<\/script>\n<!-- \/ Yoast SEO plugin. -->","yoast_head_json":{"title":"KUCZ: U protekla 24 sata u TK zabilje\u017eene poplave, po\u017eari i klizi\u0161ta - TuzlaInfo.ba","robots":{"index":"index","follow":"follow","max-snippet":"max-snippet:-1","max-image-preview":"max-image-preview:large","max-video-preview":"max-video-preview:-1"},"canonical":"https:\/\/tuzlainfo.ba\/index.php\/novosti\/item\/199246-kucz-u-protekla-24-sata-u-tk-zabiljezene-poplave-pozari-i-klizista\/","og_locale":"bs_BA","og_type":"article","og_title":"KUCZ: U protekla 24 sata u TK zabilje\u017eene poplave, po\u017eari i klizi\u0161ta - TuzlaInfo.ba","og_description":"Prema izvje\u0161taju KUCZ, u protekla 24 sata u Tuzlanskom kantonu zabilje\u017eene su poplrave, po\u017eari ali&hellip;","og_url":"https:\/\/tuzlainfo.ba\/index.php\/novosti\/item\/199246-kucz-u-protekla-24-sata-u-tk-zabiljezene-poplave-pozari-i-klizista\/","og_site_name":"TuzlaInfo.ba","article_publisher":"https:\/\/www.facebook.com\/tuzlainfo.ba\/","article_published_time":"2023-03-09T10:13:10+00:00","article_modified_time":"2023-03-09T08:29:46+00:00","og_image":[{"width":1600,"height":721,"url":"https:\/\/tuzlainfo.ba\/wp-content\/uploads\/2021\/11\/0711_poplave_strasanj-2.jpg","type":"image\/jpeg"}],"author":"Tuzla Info","twitter_card":"summary_large_image","twitter_misc":{"Written by":"Tuzla Info","Est. reading time":"1 minuta"},"schema":{"@context":"https:\/\/schema.org","@graph":[{"@type":"Article","@id":"https:\/\/tuzlainfo.ba\/index.php\/novosti\/item\/199246-kucz-u-protekla-24-sata-u-tk-zabiljezene-poplave-pozari-i-klizista\/#article","isPartOf":{"@id":"https:\/\/tuzlainfo.ba\/index.php\/novosti\/item\/199246-kucz-u-protekla-24-sata-u-tk-zabiljezene-poplave-pozari-i-klizista\/"},"author":{"name":"Tuzla Info","@id":"https:\/\/tuzlainfo.ba\/#\/schema\/person\/46cad4c57790cbc50781edd14870825a"},"headline":"KUCZ: U protekla 24 sata u TK zabilje\u017eene poplave, po\u017eari i klizi\u0161ta","datePublished":"2023-03-09T10:13:10+00:00","dateModified":"2023-03-09T08:29:46+00:00","mainEntityOfPage":{"@id":"https:\/\/tuzlainfo.ba\/index.php\/novosti\/item\/199246-kucz-u-protekla-24-sata-u-tk-zabiljezene-poplave-pozari-i-klizista\/"},"wordCount":238,"commentCount":0,"publisher":{"@id":"https:\/\/tuzlainfo.ba\/#organization"},"image":{"@id":"https:\/\/tuzlainfo.ba\/index.php\/novosti\/item\/199246-kucz-u-protekla-24-sata-u-tk-zabiljezene-poplave-pozari-i-klizista\/#primaryimage"},"thumbnailUrl":"https:\/\/tuzlainfo.ba\/wp-content\/uploads\/2021\/11\/0711_poplave_strasanj-2.jpg","keywords":["klizi\u0161ta","KUCZ","poplave","po\u017eari"],"articleSection":["Istaknuto","Novosti"],"inLanguage":"bs-BA"},{"@type":"WebPage","@id":"https:\/\/tuzlainfo.ba\/index.php\/novosti\/item\/199246-kucz-u-protekla-24-sata-u-tk-zabiljezene-poplave-pozari-i-klizista\/","url":"https:\/\/tuzlainfo.ba\/index.php\/novosti\/item\/199246-kucz-u-protekla-24-sata-u-tk-zabiljezene-poplave-pozari-i-klizista\/","name":"KUCZ: U protekla 24 sata u TK zabilje\u017eene poplave, po\u017eari i klizi\u0161ta - TuzlaInfo.ba","isPartOf":{"@id":"https:\/\/tuzlainfo.ba\/#website"},"primaryImageOfPage":{"@id":"https:\/\/tuzlainfo.ba\/index.php\/novosti\/item\/199246-kucz-u-protekla-24-sata-u-tk-zabiljezene-poplave-pozari-i-klizista\/#primaryimage"},"image":{"@id":"https:\/\/tuzlainfo.ba\/index.php\/novosti\/item\/199246-kucz-u-protekla-24-sata-u-tk-zabiljezene-poplave-pozari-i-klizista\/#primaryimage"},"thumbnailUrl":"https:\/\/tuzlainfo.ba\/wp-content\/uploads\/2021\/11\/0711_poplave_strasanj-2.jpg","datePublished":"2023-03-09T10:13:10+00:00","dateModified":"2023-03-09T08:29:46+00:00","breadcrumb":{"@id":"https:\/\/tuzlainfo.ba\/index.php\/novosti\/item\/199246-kucz-u-protekla-24-sata-u-tk-zabiljezene-poplave-pozari-i-klizista\/#breadcrumb"},"inLanguage":"bs-BA","potentialAction":[{"@type":"ReadAction","target":["https:\/\/tuzlainfo.ba\/index.php\/novosti\/item\/199246-kucz-u-protekla-24-sata-u-tk-zabiljezene-poplave-pozari-i-klizista\/"]}]},{"@type":"ImageObject","inLanguage":"bs-BA","@id":"https:\/\/tuzlainfo.ba\/index.php\/novosti\/item\/199246-kucz-u-protekla-24-sata-u-tk-zabiljezene-poplave-pozari-i-klizista\/#primaryimage","url":"https:\/\/tuzlainfo.ba\/wp-content\/uploads\/2021\/11\/0711_poplave_strasanj-2.jpg","contentUrl":"https:\/\/tuzlainfo.ba\/wp-content\/uploads\/2021\/11\/0711_poplave_strasanj-2.jpg","width":1600,"height":721,"caption":"Foto: Ilustracija"},{"@type":"BreadcrumbList","@id":"https:\/\/tuzlainfo.ba\/index.php\/novosti\/item\/199246-kucz-u-protekla-24-sata-u-tk-zabiljezene-poplave-pozari-i-klizista\/#breadcrumb","itemListElement":[{"@type":"ListItem","position":1,"name":"Home","item":"https:\/\/tuzlainfo.ba\/"},{"@type":"ListItem","position":2,"name":"KUCZ: U protekla 24 sata u TK zabilje\u017eene poplave, po\u017eari i klizi\u0161ta"}]},{"@type":"WebSite","@id":"https:\/\/tuzlainfo.ba\/#website","url":"https:\/\/tuzlainfo.ba\/","name":"TuzlaInfo.ba","description":"Tuzla info, gradski informator - Tuzla na dlanu","publisher":{"@id":"https:\/\/tuzlainfo.ba\/#organization"},"potentialAction":[{"@type":"SearchAction","target":{"@type":"EntryPoint","urlTemplate":"https:\/\/tuzlainfo.ba\/?s={search_term_string}"},"query-input":{"@type":"PropertyValueSpecification","valueRequired":true,"valueName":"search_term_string"}}],"inLanguage":"bs-BA"},{"@type":"Organization","@id":"https:\/\/tuzlainfo.ba\/#organization","name":"TuzlaInfo.ba","url":"https:\/\/tuzlainfo.ba\/","logo":{"@type":"ImageObject","inLanguage":"bs-BA","@id":"https:\/\/tuzlainfo.ba\/#\/schema\/logo\/image\/","url":"https:\/\/tuzlainfo.ba\/wp-content\/uploads\/2021\/03\/logo-ver-3-1.png","contentUrl":"https:\/\/tuzlainfo.ba\/wp-content\/uploads\/2021\/03\/logo-ver-3-1.png","width":350,"height":95,"caption":"TuzlaInfo.ba"},"image":{"@id":"https:\/\/tuzlainfo.ba\/#\/schema\/logo\/image\/"},"sameAs":["https:\/\/www.facebook.com\/tuzlainfo.ba\/"]},{"@type":"Person","@id":"https:\/\/tuzlainfo.ba\/#\/schema\/person\/46cad4c57790cbc50781edd14870825a","name":"Tuzla Info","image":{"@type":"ImageObject","inLanguage":"bs-BA","@id":"https:\/\/tuzlainfo.ba\/#\/schema\/person\/image\/","url":"https:\/\/tuzlainfo.ba\/wp-content\/litespeed\/avatar\/b6c453a6c38e3654f2e4416c643fc25c.jpg?ver=1777051911","contentUrl":"https:\/\/tuzlainfo.ba\/wp-content\/litespeed\/avatar\/b6c453a6c38e3654f2e4416c643fc25c.jpg?ver=1777051911","caption":"Tuzla Info"}}]}},"_links":{"self":[{"href":"https:\/\/tuzlainfo.ba\/index.php\/wp-json\/wp\/v2\/posts\/199246"}],"collection":[{"href":"https:\/\/tuzlainfo.ba\/index.php\/wp-json\/wp\/v2\/posts"}],"about":[{"href":"https:\/\/tuzlainfo.ba\/index.php\/wp-json\/wp\/v2\/types\/post"}],"author":[{"embeddable":true,"href":"https:\/\/tuzlainfo.ba\/index.php\/wp-json\/wp\/v2\/users\/4"}],"replies":[{"embeddable":true,"href":"https:\/\/tuzlainfo.ba\/index.php\/wp-json\/wp\/v2\/comments?post=199246"}],"version-history":[{"count":0,"href":"https:\/\/tuzlainfo.ba\/index.php\/wp-json\/wp\/v2\/posts\/199246\/revisions"}],"wp:featuredmedia":[{"embeddable":true,"href":"https:\/\/tuzlainfo.ba\/index.php\/wp-json\/wp\/v2\/media\/153604"}],"wp:attachment":[{"href":"https:\/\/tuzlainfo.ba\/index.php\/wp-json\/wp\/v2\/media?parent=199246"}],"wp:term":[{"taxonomy":"category","embeddable":true,"href":"https:\/\/tuzlainfo.ba\/index.php\/wp-json\/wp\/v2\/categories?post=199246"},{"taxonomy":"post_tag","embeddable":true,"href":"https:\/\/tuzlainfo.ba\/index.php\/wp-json\/wp\/v2\/tags?post=199246"}],"curies":[{"name":"wp","href":"https:\/\/api.w.org\/{rel}","templated":true}]}}