{"id":198892,"date":"2023-03-05T10:16:49","date_gmt":"2023-03-05T09:16:49","guid":{"rendered":"https:\/\/tuzlainfo.ba\/?p=198892"},"modified":"2023-03-05T10:17:23","modified_gmt":"2023-03-05T09:17:23","slug":"velika-tragedija-u-novom-pazaru-u-pozaru-stradalo-cetvoro-djece-roditelji-tesko-povrijedjeni","status":"publish","type":"post","link":"https:\/\/tuzlainfo.ba\/index.php\/clanci\/sa-svih-strana\/item\/198892-velika-tragedija-u-novom-pazaru-u-pozaru-stradalo-cetvoro-djece-roditelji-tesko-povrijedjeni\/","title":{"rendered":"Velika tragedija u Novom Pazaru: U po\u017earu stradalo \u010detvoro djece, roditelji te\u0161ko povrije\u0111eni"},"content":{"rendered":"<p class=\"single-intro\">\u010cetvoro djece ugu\u0161ilo se jutros u po\u017earu koji je izbio jutros oko 7 sati u Novom Pazaru.<\/p>\n<p>Po\u017ear je izbio u jednoj stambenoj zgradi.<\/p>\n<p class=\"single-intro\">Vatrogasci su do\u0161li na mjesto po\u017eara za \u010detiri minuta, ali je bilo prekasno, mali\u0161anima nije bilo spasa. Otac i majka djece su u bolnici.<\/p>\n<div class=\"single-text\">\n<p>Prema nezvani\u010dnim saznanjima beogradskih medija, \u010detvoro mali\u0161ana je prona\u0111eno mrtvo u stanu.<\/p>\n<p>Euronews pi\u0161e da je otac nastradale djece je te\u0161ko povrije\u0111en, na 45 odsto povr\u0161ine tijela ima opekotine drugog, tre\u0107eg i \u010detvrtog stepena. Povrije\u0111ena \u017eena je tako\u0111e u te\u0161kom stanju, gdje je 18 odsto tijela u opekotinama drugog i tre\u0107eg stepena.<\/p>\n<p>Prema prvim informacijama, dva slu\u010dajna prolaznika su ugledala po\u017ear i zajedno sa kom\u0161ijama krenuli u pomo\u0107, ali nisu mogli dovoljno da se pribli\u017ee zbog jake vatre.<\/p>\n<p>U pomo\u0107 su pored vatrogasaca pritekli i policajci.<\/p>\n<\/div>\n","protected":false},"excerpt":{"rendered":"<p>\u010cetvoro djece ugu\u0161ilo se jutros u po\u017earu koji je izbio jutros oko 7 sati u&hellip;<\/p>\n","protected":false},"author":2,"featured_media":198893,"comment_status":"open","ping_status":"closed","sticky":false,"template":"","format":"standard","meta":{"_acf_changed":false,"footnotes":""},"categories":[16],"tags":[1317,459],"acf":[],"yoast_head":"<!-- This site is optimized with the Yoast SEO plugin v23.5 - https:\/\/yoast.com\/wordpress\/plugins\/seo\/ -->\n<title>Velika tragedija u Novom Pazaru: U po\u017earu stradalo \u010detvoro djece, roditelji te\u0161ko povrije\u0111eni - TuzlaInfo.ba<\/title>\n<meta name=\"robots\" content=\"index, follow, max-snippet:-1, max-image-preview:large, max-video-preview:-1\" \/>\n<link rel=\"canonical\" href=\"https:\/\/tuzlainfo.ba\/index.php\/clanci\/sa-svih-strana\/item\/198892-velika-tragedija-u-novom-pazaru-u-pozaru-stradalo-cetvoro-djece-roditelji-tesko-povrijedjeni\/\" \/>\n<meta property=\"og:locale\" content=\"bs_BA\" \/>\n<meta property=\"og:type\" content=\"article\" \/>\n<meta property=\"og:title\" content=\"Velika tragedija u Novom Pazaru: U po\u017earu stradalo \u010detvoro djece, roditelji te\u0161ko povrije\u0111eni - TuzlaInfo.ba\" \/>\n<meta property=\"og:description\" content=\"\u010cetvoro djece ugu\u0161ilo se jutros u po\u017earu koji je izbio jutros oko 7 sati u&hellip;\" \/>\n<meta property=\"og:url\" content=\"https:\/\/tuzlainfo.ba\/index.php\/clanci\/sa-svih-strana\/item\/198892-velika-tragedija-u-novom-pazaru-u-pozaru-stradalo-cetvoro-djece-roditelji-tesko-povrijedjeni\/\" \/>\n<meta property=\"og:site_name\" content=\"TuzlaInfo.ba\" \/>\n<meta property=\"article:publisher\" content=\"https:\/\/www.facebook.com\/tuzlainfo.ba\/\" \/>\n<meta property=\"article:published_time\" content=\"2023-03-05T09:16:49+00:00\" \/>\n<meta property=\"article:modified_time\" content=\"2023-03-05T09:17:23+00:00\" \/>\n<meta property=\"og:image\" content=\"https:\/\/tuzlainfo.ba\/wp-content\/uploads\/2023\/03\/0503_np_poz.jpg\" \/>\n\t<meta property=\"og:image:width\" content=\"800\" \/>\n\t<meta property=\"og:image:height\" content=\"435\" \/>\n\t<meta property=\"og:image:type\" content=\"image\/jpeg\" \/>\n<meta name=\"author\" content=\"nedim\" \/>\n<meta name=\"twitter:card\" content=\"summary_large_image\" \/>\n<meta name=\"twitter:label1\" content=\"Written by\" \/>\n\t<meta name=\"twitter:data1\" content=\"nedim\" \/>\n\t<meta name=\"twitter:label2\" content=\"Est. reading time\" \/>\n\t<meta name=\"twitter:data2\" content=\"1 minuta\" \/>\n<script type=\"application\/ld+json\" class=\"yoast-schema-graph\">{\"@context\":\"https:\/\/schema.org\",\"@graph\":[{\"@type\":\"Article\",\"@id\":\"https:\/\/tuzlainfo.ba\/index.php\/clanci\/sa-svih-strana\/item\/198892-velika-tragedija-u-novom-pazaru-u-pozaru-stradalo-cetvoro-djece-roditelji-tesko-povrijedjeni\/#article\",\"isPartOf\":{\"@id\":\"https:\/\/tuzlainfo.ba\/index.php\/clanci\/sa-svih-strana\/item\/198892-velika-tragedija-u-novom-pazaru-u-pozaru-stradalo-cetvoro-djece-roditelji-tesko-povrijedjeni\/\"},\"author\":{\"name\":\"nedim\",\"@id\":\"https:\/\/tuzlainfo.ba\/#\/schema\/person\/f434e20dc27ea133923aab08451b7f7f\"},\"headline\":\"Velika tragedija u Novom Pazaru: U po\u017earu stradalo \u010detvoro djece, roditelji te\u0161ko povrije\u0111eni\",\"datePublished\":\"2023-03-05T09:16:49+00:00\",\"dateModified\":\"2023-03-05T09:17:23+00:00\",\"mainEntityOfPage\":{\"@id\":\"https:\/\/tuzlainfo.ba\/index.php\/clanci\/sa-svih-strana\/item\/198892-velika-tragedija-u-novom-pazaru-u-pozaru-stradalo-cetvoro-djece-roditelji-tesko-povrijedjeni\/\"},\"wordCount\":169,\"commentCount\":0,\"publisher\":{\"@id\":\"https:\/\/tuzlainfo.ba\/#organization\"},\"image\":{\"@id\":\"https:\/\/tuzlainfo.ba\/index.php\/clanci\/sa-svih-strana\/item\/198892-velika-tragedija-u-novom-pazaru-u-pozaru-stradalo-cetvoro-djece-roditelji-tesko-povrijedjeni\/#primaryimage\"},\"thumbnailUrl\":\"https:\/\/tuzlainfo.ba\/wp-content\/uploads\/2023\/03\/0503_np_poz.jpg\",\"keywords\":[\"novi pazar\",\"po\u017ear\"],\"articleSection\":[\"Sa svih strana\"],\"inLanguage\":\"bs-BA\"},{\"@type\":\"WebPage\",\"@id\":\"https:\/\/tuzlainfo.ba\/index.php\/clanci\/sa-svih-strana\/item\/198892-velika-tragedija-u-novom-pazaru-u-pozaru-stradalo-cetvoro-djece-roditelji-tesko-povrijedjeni\/\",\"url\":\"https:\/\/tuzlainfo.ba\/index.php\/clanci\/sa-svih-strana\/item\/198892-velika-tragedija-u-novom-pazaru-u-pozaru-stradalo-cetvoro-djece-roditelji-tesko-povrijedjeni\/\",\"name\":\"Velika tragedija u Novom Pazaru: U po\u017earu stradalo \u010detvoro djece, roditelji te\u0161ko povrije\u0111eni - TuzlaInfo.ba\",\"isPartOf\":{\"@id\":\"https:\/\/tuzlainfo.ba\/#website\"},\"primaryImageOfPage\":{\"@id\":\"https:\/\/tuzlainfo.ba\/index.php\/clanci\/sa-svih-strana\/item\/198892-velika-tragedija-u-novom-pazaru-u-pozaru-stradalo-cetvoro-djece-roditelji-tesko-povrijedjeni\/#primaryimage\"},\"image\":{\"@id\":\"https:\/\/tuzlainfo.ba\/index.php\/clanci\/sa-svih-strana\/item\/198892-velika-tragedija-u-novom-pazaru-u-pozaru-stradalo-cetvoro-djece-roditelji-tesko-povrijedjeni\/#primaryimage\"},\"thumbnailUrl\":\"https:\/\/tuzlainfo.ba\/wp-content\/uploads\/2023\/03\/0503_np_poz.jpg\",\"datePublished\":\"2023-03-05T09:16:49+00:00\",\"dateModified\":\"2023-03-05T09:17:23+00:00\",\"breadcrumb\":{\"@id\":\"https:\/\/tuzlainfo.ba\/index.php\/clanci\/sa-svih-strana\/item\/198892-velika-tragedija-u-novom-pazaru-u-pozaru-stradalo-cetvoro-djece-roditelji-tesko-povrijedjeni\/#breadcrumb\"},\"inLanguage\":\"bs-BA\",\"potentialAction\":[{\"@type\":\"ReadAction\",\"target\":[\"https:\/\/tuzlainfo.ba\/index.php\/clanci\/sa-svih-strana\/item\/198892-velika-tragedija-u-novom-pazaru-u-pozaru-stradalo-cetvoro-djece-roditelji-tesko-povrijedjeni\/\"]}]},{\"@type\":\"ImageObject\",\"inLanguage\":\"bs-BA\",\"@id\":\"https:\/\/tuzlainfo.ba\/index.php\/clanci\/sa-svih-strana\/item\/198892-velika-tragedija-u-novom-pazaru-u-pozaru-stradalo-cetvoro-djece-roditelji-tesko-povrijedjeni\/#primaryimage\",\"url\":\"https:\/\/tuzlainfo.ba\/wp-content\/uploads\/2023\/03\/0503_np_poz.jpg\",\"contentUrl\":\"https:\/\/tuzlainfo.ba\/wp-content\/uploads\/2023\/03\/0503_np_poz.jpg\",\"width\":800,\"height\":435,\"caption\":\"Foto: Sandzakbosna.com\"},{\"@type\":\"BreadcrumbList\",\"@id\":\"https:\/\/tuzlainfo.ba\/index.php\/clanci\/sa-svih-strana\/item\/198892-velika-tragedija-u-novom-pazaru-u-pozaru-stradalo-cetvoro-djece-roditelji-tesko-povrijedjeni\/#breadcrumb\",\"itemListElement\":[{\"@type\":\"ListItem\",\"position\":1,\"name\":\"Home\",\"item\":\"https:\/\/tuzlainfo.ba\/\"},{\"@type\":\"ListItem\",\"position\":2,\"name\":\"Velika tragedija u Novom Pazaru: U po\u017earu stradalo \u010detvoro djece, roditelji te\u0161ko povrije\u0111eni\"}]},{\"@type\":\"WebSite\",\"@id\":\"https:\/\/tuzlainfo.ba\/#website\",\"url\":\"https:\/\/tuzlainfo.ba\/\",\"name\":\"TuzlaInfo.ba\",\"description\":\"Tuzla info, gradski informator - Tuzla na dlanu\",\"publisher\":{\"@id\":\"https:\/\/tuzlainfo.ba\/#organization\"},\"potentialAction\":[{\"@type\":\"SearchAction\",\"target\":{\"@type\":\"EntryPoint\",\"urlTemplate\":\"https:\/\/tuzlainfo.ba\/?s={search_term_string}\"},\"query-input\":{\"@type\":\"PropertyValueSpecification\",\"valueRequired\":true,\"valueName\":\"search_term_string\"}}],\"inLanguage\":\"bs-BA\"},{\"@type\":\"Organization\",\"@id\":\"https:\/\/tuzlainfo.ba\/#organization\",\"name\":\"TuzlaInfo.ba\",\"url\":\"https:\/\/tuzlainfo.ba\/\",\"logo\":{\"@type\":\"ImageObject\",\"inLanguage\":\"bs-BA\",\"@id\":\"https:\/\/tuzlainfo.ba\/#\/schema\/logo\/image\/\",\"url\":\"https:\/\/tuzlainfo.ba\/wp-content\/uploads\/2021\/03\/logo-ver-3-1.png\",\"contentUrl\":\"https:\/\/tuzlainfo.ba\/wp-content\/uploads\/2021\/03\/logo-ver-3-1.png\",\"width\":350,\"height\":95,\"caption\":\"TuzlaInfo.ba\"},\"image\":{\"@id\":\"https:\/\/tuzlainfo.ba\/#\/schema\/logo\/image\/\"},\"sameAs\":[\"https:\/\/www.facebook.com\/tuzlainfo.ba\/\"]},{\"@type\":\"Person\",\"@id\":\"https:\/\/tuzlainfo.ba\/#\/schema\/person\/f434e20dc27ea133923aab08451b7f7f\",\"name\":\"nedim\",\"image\":{\"@type\":\"ImageObject\",\"inLanguage\":\"bs-BA\",\"@id\":\"https:\/\/tuzlainfo.ba\/#\/schema\/person\/image\/\",\"url\":\"https:\/\/tuzlainfo.ba\/wp-content\/litespeed\/avatar\/aabad687af24844af817603ac1cbdc4f.jpg?ver=1776702173\",\"contentUrl\":\"https:\/\/tuzlainfo.ba\/wp-content\/litespeed\/avatar\/aabad687af24844af817603ac1cbdc4f.jpg?ver=1776702173\",\"caption\":\"nedim\"},\"description\":\"Tuzlainfo.ba pratite na dru\u0161tvenim mre\u017eama: Facebook, Instagram i Youtube. Svoje pri\u010de, upite i fotografije \u0161aljite na na\u0161u e-mail adresu.\"}]}<\/script>\n<!-- \/ Yoast SEO plugin. -->","yoast_head_json":{"title":"Velika tragedija u Novom Pazaru: U po\u017earu stradalo \u010detvoro djece, roditelji te\u0161ko povrije\u0111eni - TuzlaInfo.ba","robots":{"index":"index","follow":"follow","max-snippet":"max-snippet:-1","max-image-preview":"max-image-preview:large","max-video-preview":"max-video-preview:-1"},"canonical":"https:\/\/tuzlainfo.ba\/index.php\/clanci\/sa-svih-strana\/item\/198892-velika-tragedija-u-novom-pazaru-u-pozaru-stradalo-cetvoro-djece-roditelji-tesko-povrijedjeni\/","og_locale":"bs_BA","og_type":"article","og_title":"Velika tragedija u Novom Pazaru: U po\u017earu stradalo \u010detvoro djece, roditelji te\u0161ko povrije\u0111eni - TuzlaInfo.ba","og_description":"\u010cetvoro djece ugu\u0161ilo se jutros u po\u017earu koji je izbio jutros oko 7 sati u&hellip;","og_url":"https:\/\/tuzlainfo.ba\/index.php\/clanci\/sa-svih-strana\/item\/198892-velika-tragedija-u-novom-pazaru-u-pozaru-stradalo-cetvoro-djece-roditelji-tesko-povrijedjeni\/","og_site_name":"TuzlaInfo.ba","article_publisher":"https:\/\/www.facebook.com\/tuzlainfo.ba\/","article_published_time":"2023-03-05T09:16:49+00:00","article_modified_time":"2023-03-05T09:17:23+00:00","og_image":[{"width":800,"height":435,"url":"https:\/\/tuzlainfo.ba\/wp-content\/uploads\/2023\/03\/0503_np_poz.jpg","type":"image\/jpeg"}],"author":"nedim","twitter_card":"summary_large_image","twitter_misc":{"Written by":"nedim","Est. reading time":"1 minuta"},"schema":{"@context":"https:\/\/schema.org","@graph":[{"@type":"Article","@id":"https:\/\/tuzlainfo.ba\/index.php\/clanci\/sa-svih-strana\/item\/198892-velika-tragedija-u-novom-pazaru-u-pozaru-stradalo-cetvoro-djece-roditelji-tesko-povrijedjeni\/#article","isPartOf":{"@id":"https:\/\/tuzlainfo.ba\/index.php\/clanci\/sa-svih-strana\/item\/198892-velika-tragedija-u-novom-pazaru-u-pozaru-stradalo-cetvoro-djece-roditelji-tesko-povrijedjeni\/"},"author":{"name":"nedim","@id":"https:\/\/tuzlainfo.ba\/#\/schema\/person\/f434e20dc27ea133923aab08451b7f7f"},"headline":"Velika tragedija u Novom Pazaru: U po\u017earu stradalo \u010detvoro djece, roditelji te\u0161ko povrije\u0111eni","datePublished":"2023-03-05T09:16:49+00:00","dateModified":"2023-03-05T09:17:23+00:00","mainEntityOfPage":{"@id":"https:\/\/tuzlainfo.ba\/index.php\/clanci\/sa-svih-strana\/item\/198892-velika-tragedija-u-novom-pazaru-u-pozaru-stradalo-cetvoro-djece-roditelji-tesko-povrijedjeni\/"},"wordCount":169,"commentCount":0,"publisher":{"@id":"https:\/\/tuzlainfo.ba\/#organization"},"image":{"@id":"https:\/\/tuzlainfo.ba\/index.php\/clanci\/sa-svih-strana\/item\/198892-velika-tragedija-u-novom-pazaru-u-pozaru-stradalo-cetvoro-djece-roditelji-tesko-povrijedjeni\/#primaryimage"},"thumbnailUrl":"https:\/\/tuzlainfo.ba\/wp-content\/uploads\/2023\/03\/0503_np_poz.jpg","keywords":["novi pazar","po\u017ear"],"articleSection":["Sa svih strana"],"inLanguage":"bs-BA"},{"@type":"WebPage","@id":"https:\/\/tuzlainfo.ba\/index.php\/clanci\/sa-svih-strana\/item\/198892-velika-tragedija-u-novom-pazaru-u-pozaru-stradalo-cetvoro-djece-roditelji-tesko-povrijedjeni\/","url":"https:\/\/tuzlainfo.ba\/index.php\/clanci\/sa-svih-strana\/item\/198892-velika-tragedija-u-novom-pazaru-u-pozaru-stradalo-cetvoro-djece-roditelji-tesko-povrijedjeni\/","name":"Velika tragedija u Novom Pazaru: U po\u017earu stradalo \u010detvoro djece, roditelji te\u0161ko povrije\u0111eni - TuzlaInfo.ba","isPartOf":{"@id":"https:\/\/tuzlainfo.ba\/#website"},"primaryImageOfPage":{"@id":"https:\/\/tuzlainfo.ba\/index.php\/clanci\/sa-svih-strana\/item\/198892-velika-tragedija-u-novom-pazaru-u-pozaru-stradalo-cetvoro-djece-roditelji-tesko-povrijedjeni\/#primaryimage"},"image":{"@id":"https:\/\/tuzlainfo.ba\/index.php\/clanci\/sa-svih-strana\/item\/198892-velika-tragedija-u-novom-pazaru-u-pozaru-stradalo-cetvoro-djece-roditelji-tesko-povrijedjeni\/#primaryimage"},"thumbnailUrl":"https:\/\/tuzlainfo.ba\/wp-content\/uploads\/2023\/03\/0503_np_poz.jpg","datePublished":"2023-03-05T09:16:49+00:00","dateModified":"2023-03-05T09:17:23+00:00","breadcrumb":{"@id":"https:\/\/tuzlainfo.ba\/index.php\/clanci\/sa-svih-strana\/item\/198892-velika-tragedija-u-novom-pazaru-u-pozaru-stradalo-cetvoro-djece-roditelji-tesko-povrijedjeni\/#breadcrumb"},"inLanguage":"bs-BA","potentialAction":[{"@type":"ReadAction","target":["https:\/\/tuzlainfo.ba\/index.php\/clanci\/sa-svih-strana\/item\/198892-velika-tragedija-u-novom-pazaru-u-pozaru-stradalo-cetvoro-djece-roditelji-tesko-povrijedjeni\/"]}]},{"@type":"ImageObject","inLanguage":"bs-BA","@id":"https:\/\/tuzlainfo.ba\/index.php\/clanci\/sa-svih-strana\/item\/198892-velika-tragedija-u-novom-pazaru-u-pozaru-stradalo-cetvoro-djece-roditelji-tesko-povrijedjeni\/#primaryimage","url":"https:\/\/tuzlainfo.ba\/wp-content\/uploads\/2023\/03\/0503_np_poz.jpg","contentUrl":"https:\/\/tuzlainfo.ba\/wp-content\/uploads\/2023\/03\/0503_np_poz.jpg","width":800,"height":435,"caption":"Foto: Sandzakbosna.com"},{"@type":"BreadcrumbList","@id":"https:\/\/tuzlainfo.ba\/index.php\/clanci\/sa-svih-strana\/item\/198892-velika-tragedija-u-novom-pazaru-u-pozaru-stradalo-cetvoro-djece-roditelji-tesko-povrijedjeni\/#breadcrumb","itemListElement":[{"@type":"ListItem","position":1,"name":"Home","item":"https:\/\/tuzlainfo.ba\/"},{"@type":"ListItem","position":2,"name":"Velika tragedija u Novom Pazaru: U po\u017earu stradalo \u010detvoro djece, roditelji te\u0161ko povrije\u0111eni"}]},{"@type":"WebSite","@id":"https:\/\/tuzlainfo.ba\/#website","url":"https:\/\/tuzlainfo.ba\/","name":"TuzlaInfo.ba","description":"Tuzla info, gradski informator - Tuzla na dlanu","publisher":{"@id":"https:\/\/tuzlainfo.ba\/#organization"},"potentialAction":[{"@type":"SearchAction","target":{"@type":"EntryPoint","urlTemplate":"https:\/\/tuzlainfo.ba\/?s={search_term_string}"},"query-input":{"@type":"PropertyValueSpecification","valueRequired":true,"valueName":"search_term_string"}}],"inLanguage":"bs-BA"},{"@type":"Organization","@id":"https:\/\/tuzlainfo.ba\/#organization","name":"TuzlaInfo.ba","url":"https:\/\/tuzlainfo.ba\/","logo":{"@type":"ImageObject","inLanguage":"bs-BA","@id":"https:\/\/tuzlainfo.ba\/#\/schema\/logo\/image\/","url":"https:\/\/tuzlainfo.ba\/wp-content\/uploads\/2021\/03\/logo-ver-3-1.png","contentUrl":"https:\/\/tuzlainfo.ba\/wp-content\/uploads\/2021\/03\/logo-ver-3-1.png","width":350,"height":95,"caption":"TuzlaInfo.ba"},"image":{"@id":"https:\/\/tuzlainfo.ba\/#\/schema\/logo\/image\/"},"sameAs":["https:\/\/www.facebook.com\/tuzlainfo.ba\/"]},{"@type":"Person","@id":"https:\/\/tuzlainfo.ba\/#\/schema\/person\/f434e20dc27ea133923aab08451b7f7f","name":"nedim","image":{"@type":"ImageObject","inLanguage":"bs-BA","@id":"https:\/\/tuzlainfo.ba\/#\/schema\/person\/image\/","url":"https:\/\/tuzlainfo.ba\/wp-content\/litespeed\/avatar\/aabad687af24844af817603ac1cbdc4f.jpg?ver=1776702173","contentUrl":"https:\/\/tuzlainfo.ba\/wp-content\/litespeed\/avatar\/aabad687af24844af817603ac1cbdc4f.jpg?ver=1776702173","caption":"nedim"},"description":"Tuzlainfo.ba pratite na dru\u0161tvenim mre\u017eama: Facebook, Instagram i Youtube. Svoje pri\u010de, upite i fotografije \u0161aljite na na\u0161u e-mail adresu."}]}},"_links":{"self":[{"href":"https:\/\/tuzlainfo.ba\/index.php\/wp-json\/wp\/v2\/posts\/198892"}],"collection":[{"href":"https:\/\/tuzlainfo.ba\/index.php\/wp-json\/wp\/v2\/posts"}],"about":[{"href":"https:\/\/tuzlainfo.ba\/index.php\/wp-json\/wp\/v2\/types\/post"}],"author":[{"embeddable":true,"href":"https:\/\/tuzlainfo.ba\/index.php\/wp-json\/wp\/v2\/users\/2"}],"replies":[{"embeddable":true,"href":"https:\/\/tuzlainfo.ba\/index.php\/wp-json\/wp\/v2\/comments?post=198892"}],"version-history":[{"count":0,"href":"https:\/\/tuzlainfo.ba\/index.php\/wp-json\/wp\/v2\/posts\/198892\/revisions"}],"wp:featuredmedia":[{"embeddable":true,"href":"https:\/\/tuzlainfo.ba\/index.php\/wp-json\/wp\/v2\/media\/198893"}],"wp:attachment":[{"href":"https:\/\/tuzlainfo.ba\/index.php\/wp-json\/wp\/v2\/media?parent=198892"}],"wp:term":[{"taxonomy":"category","embeddable":true,"href":"https:\/\/tuzlainfo.ba\/index.php\/wp-json\/wp\/v2\/categories?post=198892"},{"taxonomy":"post_tag","embeddable":true,"href":"https:\/\/tuzlainfo.ba\/index.php\/wp-json\/wp\/v2\/tags?post=198892"}],"curies":[{"name":"wp","href":"https:\/\/api.w.org\/{rel}","templated":true}]}}