{"id":198652,"date":"2023-03-02T10:35:04","date_gmt":"2023-03-02T09:35:04","guid":{"rendered":"https:\/\/tuzlainfo.ba\/?p=198652"},"modified":"2023-03-02T10:35:04","modified_gmt":"2023-03-02T09:35:04","slug":"policija-u-banjoj-luci-uhapsila-svoje-kolege","status":"publish","type":"post","link":"https:\/\/tuzlainfo.ba\/index.php\/bosna-i-hercegovina\/item\/198652-policija-u-banjoj-luci-uhapsila-svoje-kolege\/","title":{"rendered":"Policija u Banjoj Luci uhapsila svoje kolege"},"content":{"rendered":"<p>Policijski slu\u017ebenici Uprave za organizovani i te\u0161ki kriminalitet MUP-a RS-a su okviru nastavka operativne akcije kodnog naziva &#8220;Transporter&#8221; uhapsili su \u0161est osoba.<\/p>\n<div id=\"intext_container\" class=\"bg-gray-100 dark:bg-gray-700\"><\/div>\n<div id=\"text\" class=\"break-words mt-3 text-lg lg:text-xl space-y-4 mb-3 leading-6 md:leading-8 dark:text-gray-200\">Uhap\u0161ene su osobe inicijala B.C., M.M., P.V., S.V., D.K. i M.V. na podru\u010dju Banje Luke.Portal Srpskainfo saznaje da su uhap\u0161ena tri biv\u0161a i dva sada\u0161nja pripadnika MUP Republike Srpske zbog sumnje da su radili za Bojana Cvijeti\u0107a, biv\u0161eg savjetnika ministra sigurnosti BiH Dragana Mekti\u0107a.<\/p>\n<p>Oni \u0107e danas biti predati u nadle\u017enost Tu\u017eila\u0161tva BiH, a nadle\u017enom tu\u017eila\u0161tvu bi\u0107e dostavljen i izvje\u0161taj o po\u010dinjenom krivi\u010dnom djelu organizovani kriminal.<\/p>\n<ul>\n<li>za osobu B.C. kao organizatora kriminalne grupe i osobu A.N. u vezi sa krivi\u010dnim djelom &#8220;Neovla\u0161teni promet opojnim drogama&#8221;<\/li>\n<li>za osobu M.M. i P.V. u vezi sa krivi\u010dnim djelom NNeovla\u0161teni promet opojnim drogama\u201c i \u201cZloupotreba slu\u017ebenog polo\u017eaja ili ovla\u0161tenja&#8221; za osobu P.D., kao organizatora kriminalne grupe, te osobe M.M., D.K., S.V. i M.V. u vezi sa krivi\u010dnim djelom &#8220;Zloupotreba slu\u017ebenog polo\u017eaja&#8221; i &#8220;Spre\u010davanje dokazivanja&#8221;.Sve aktivnosti se sprovode po naredbama Suda BiH i pod nadzorom Tu\u017eila\u0161tva BiH.\n<p>Imaju\u0107i u vidu da se me\u0111u uhap\u0161enim nalaze i dva policijska slu\u017ebenika, D.K. i M.V., isti \u0107e biti suspendovani, a protiv njih \u0107e biti pokrenut disciplinski postupak.<\/li>\n<\/ul>\n<p>Prema nezvani\u010dnim informacijama osoba inicijala B.C. je Bojan Cvijeti\u0107, biv\u0161i savjetnik nekada\u0161njeg ministra sigurnosti BiH Dragana Mekti\u0107a. On je i ranije hap\u0161en u ovoj akciji.<\/p>\n<p>Podsje\u0107amo da su u akciji &#8220;Transporter&#8221; koja se realizuje jo\u0161 od 2021. godine. policijski slu\u017ebenici prona\u0161li i oduzeli 303 kg opojne droge skank, a privremeno je oduzeto vi\u0161e skupocjenih putni\u010dkih motornih vozila.<\/p>\n<\/div>\n","protected":false},"excerpt":{"rendered":"<p>Policijski slu\u017ebenici Uprave za organizovani i te\u0161ki kriminalitet MUP-a RS-a su okviru nastavka operativne akcije&hellip;<\/p>\n","protected":false},"author":4,"featured_media":147670,"comment_status":"open","ping_status":"closed","sticky":false,"template":"","format":"standard","meta":{"_acf_changed":false,"footnotes":""},"categories":[291],"tags":[589],"acf":[],"yoast_head":"<!-- This site is optimized with the Yoast SEO plugin v23.5 - https:\/\/yoast.com\/wordpress\/plugins\/seo\/ -->\n<title>Policija u Banjoj Luci uhapsila svoje kolege - TuzlaInfo.ba<\/title>\n<meta name=\"robots\" content=\"index, follow, max-snippet:-1, max-image-preview:large, max-video-preview:-1\" \/>\n<link rel=\"canonical\" href=\"https:\/\/tuzlainfo.ba\/index.php\/bosna-i-hercegovina\/item\/198652-policija-u-banjoj-luci-uhapsila-svoje-kolege\/\" \/>\n<meta property=\"og:locale\" content=\"bs_BA\" \/>\n<meta property=\"og:type\" content=\"article\" \/>\n<meta property=\"og:title\" content=\"Policija u Banjoj Luci uhapsila svoje kolege - TuzlaInfo.ba\" \/>\n<meta property=\"og:description\" content=\"Policijski slu\u017ebenici Uprave za organizovani i te\u0161ki kriminalitet MUP-a RS-a su okviru nastavka operativne akcije&hellip;\" \/>\n<meta property=\"og:url\" content=\"https:\/\/tuzlainfo.ba\/index.php\/bosna-i-hercegovina\/item\/198652-policija-u-banjoj-luci-uhapsila-svoje-kolege\/\" \/>\n<meta property=\"og:site_name\" content=\"TuzlaInfo.ba\" \/>\n<meta property=\"article:publisher\" content=\"https:\/\/www.facebook.com\/tuzlainfo.ba\/\" \/>\n<meta property=\"article:published_time\" content=\"2023-03-02T09:35:04+00:00\" \/>\n<meta property=\"og:image\" content=\"https:\/\/tuzlainfo.ba\/wp-content\/uploads\/2021\/09\/1209_rs_policija.jpg\" \/>\n\t<meta property=\"og:image:width\" content=\"800\" \/>\n\t<meta property=\"og:image:height\" content=\"399\" \/>\n\t<meta property=\"og:image:type\" content=\"image\/jpeg\" \/>\n<meta name=\"author\" content=\"Tuzla Info\" \/>\n<meta name=\"twitter:card\" content=\"summary_large_image\" \/>\n<meta name=\"twitter:label1\" content=\"Written by\" \/>\n\t<meta name=\"twitter:data1\" content=\"Tuzla Info\" \/>\n\t<meta name=\"twitter:label2\" content=\"Est. reading time\" \/>\n\t<meta name=\"twitter:data2\" content=\"2 minute\" \/>\n<script type=\"application\/ld+json\" class=\"yoast-schema-graph\">{\"@context\":\"https:\/\/schema.org\",\"@graph\":[{\"@type\":\"Article\",\"@id\":\"https:\/\/tuzlainfo.ba\/index.php\/bosna-i-hercegovina\/item\/198652-policija-u-banjoj-luci-uhapsila-svoje-kolege\/#article\",\"isPartOf\":{\"@id\":\"https:\/\/tuzlainfo.ba\/index.php\/bosna-i-hercegovina\/item\/198652-policija-u-banjoj-luci-uhapsila-svoje-kolege\/\"},\"author\":{\"name\":\"Tuzla Info\",\"@id\":\"https:\/\/tuzlainfo.ba\/#\/schema\/person\/46cad4c57790cbc50781edd14870825a\"},\"headline\":\"Policija u Banjoj Luci uhapsila svoje kolege\",\"datePublished\":\"2023-03-02T09:35:04+00:00\",\"dateModified\":\"2023-03-02T09:35:04+00:00\",\"mainEntityOfPage\":{\"@id\":\"https:\/\/tuzlainfo.ba\/index.php\/bosna-i-hercegovina\/item\/198652-policija-u-banjoj-luci-uhapsila-svoje-kolege\/\"},\"wordCount\":320,\"commentCount\":0,\"publisher\":{\"@id\":\"https:\/\/tuzlainfo.ba\/#organization\"},\"image\":{\"@id\":\"https:\/\/tuzlainfo.ba\/index.php\/bosna-i-hercegovina\/item\/198652-policija-u-banjoj-luci-uhapsila-svoje-kolege\/#primaryimage\"},\"thumbnailUrl\":\"https:\/\/tuzlainfo.ba\/wp-content\/uploads\/2021\/09\/1209_rs_policija.jpg\",\"keywords\":[\"banja luka\"],\"articleSection\":[\"Bosna i Hercegovina\"],\"inLanguage\":\"bs-BA\"},{\"@type\":\"WebPage\",\"@id\":\"https:\/\/tuzlainfo.ba\/index.php\/bosna-i-hercegovina\/item\/198652-policija-u-banjoj-luci-uhapsila-svoje-kolege\/\",\"url\":\"https:\/\/tuzlainfo.ba\/index.php\/bosna-i-hercegovina\/item\/198652-policija-u-banjoj-luci-uhapsila-svoje-kolege\/\",\"name\":\"Policija u Banjoj Luci uhapsila svoje kolege - TuzlaInfo.ba\",\"isPartOf\":{\"@id\":\"https:\/\/tuzlainfo.ba\/#website\"},\"primaryImageOfPage\":{\"@id\":\"https:\/\/tuzlainfo.ba\/index.php\/bosna-i-hercegovina\/item\/198652-policija-u-banjoj-luci-uhapsila-svoje-kolege\/#primaryimage\"},\"image\":{\"@id\":\"https:\/\/tuzlainfo.ba\/index.php\/bosna-i-hercegovina\/item\/198652-policija-u-banjoj-luci-uhapsila-svoje-kolege\/#primaryimage\"},\"thumbnailUrl\":\"https:\/\/tuzlainfo.ba\/wp-content\/uploads\/2021\/09\/1209_rs_policija.jpg\",\"datePublished\":\"2023-03-02T09:35:04+00:00\",\"dateModified\":\"2023-03-02T09:35:04+00:00\",\"breadcrumb\":{\"@id\":\"https:\/\/tuzlainfo.ba\/index.php\/bosna-i-hercegovina\/item\/198652-policija-u-banjoj-luci-uhapsila-svoje-kolege\/#breadcrumb\"},\"inLanguage\":\"bs-BA\",\"potentialAction\":[{\"@type\":\"ReadAction\",\"target\":[\"https:\/\/tuzlainfo.ba\/index.php\/bosna-i-hercegovina\/item\/198652-policija-u-banjoj-luci-uhapsila-svoje-kolege\/\"]}]},{\"@type\":\"ImageObject\",\"inLanguage\":\"bs-BA\",\"@id\":\"https:\/\/tuzlainfo.ba\/index.php\/bosna-i-hercegovina\/item\/198652-policija-u-banjoj-luci-uhapsila-svoje-kolege\/#primaryimage\",\"url\":\"https:\/\/tuzlainfo.ba\/wp-content\/uploads\/2021\/09\/1209_rs_policija.jpg\",\"contentUrl\":\"https:\/\/tuzlainfo.ba\/wp-content\/uploads\/2021\/09\/1209_rs_policija.jpg\",\"width\":800,\"height\":399},{\"@type\":\"BreadcrumbList\",\"@id\":\"https:\/\/tuzlainfo.ba\/index.php\/bosna-i-hercegovina\/item\/198652-policija-u-banjoj-luci-uhapsila-svoje-kolege\/#breadcrumb\",\"itemListElement\":[{\"@type\":\"ListItem\",\"position\":1,\"name\":\"Home\",\"item\":\"https:\/\/tuzlainfo.ba\/\"},{\"@type\":\"ListItem\",\"position\":2,\"name\":\"Policija u Banjoj Luci uhapsila svoje kolege\"}]},{\"@type\":\"WebSite\",\"@id\":\"https:\/\/tuzlainfo.ba\/#website\",\"url\":\"https:\/\/tuzlainfo.ba\/\",\"name\":\"TuzlaInfo.ba\",\"description\":\"Tuzla info, gradski informator - Tuzla na dlanu\",\"publisher\":{\"@id\":\"https:\/\/tuzlainfo.ba\/#organization\"},\"potentialAction\":[{\"@type\":\"SearchAction\",\"target\":{\"@type\":\"EntryPoint\",\"urlTemplate\":\"https:\/\/tuzlainfo.ba\/?s={search_term_string}\"},\"query-input\":{\"@type\":\"PropertyValueSpecification\",\"valueRequired\":true,\"valueName\":\"search_term_string\"}}],\"inLanguage\":\"bs-BA\"},{\"@type\":\"Organization\",\"@id\":\"https:\/\/tuzlainfo.ba\/#organization\",\"name\":\"TuzlaInfo.ba\",\"url\":\"https:\/\/tuzlainfo.ba\/\",\"logo\":{\"@type\":\"ImageObject\",\"inLanguage\":\"bs-BA\",\"@id\":\"https:\/\/tuzlainfo.ba\/#\/schema\/logo\/image\/\",\"url\":\"https:\/\/tuzlainfo.ba\/wp-content\/uploads\/2021\/03\/logo-ver-3-1.png\",\"contentUrl\":\"https:\/\/tuzlainfo.ba\/wp-content\/uploads\/2021\/03\/logo-ver-3-1.png\",\"width\":350,\"height\":95,\"caption\":\"TuzlaInfo.ba\"},\"image\":{\"@id\":\"https:\/\/tuzlainfo.ba\/#\/schema\/logo\/image\/\"},\"sameAs\":[\"https:\/\/www.facebook.com\/tuzlainfo.ba\/\"]},{\"@type\":\"Person\",\"@id\":\"https:\/\/tuzlainfo.ba\/#\/schema\/person\/46cad4c57790cbc50781edd14870825a\",\"name\":\"Tuzla Info\",\"image\":{\"@type\":\"ImageObject\",\"inLanguage\":\"bs-BA\",\"@id\":\"https:\/\/tuzlainfo.ba\/#\/schema\/person\/image\/\",\"url\":\"https:\/\/tuzlainfo.ba\/wp-content\/litespeed\/avatar\/b6c453a6c38e3654f2e4416c643fc25c.jpg?ver=1777051911\",\"contentUrl\":\"https:\/\/tuzlainfo.ba\/wp-content\/litespeed\/avatar\/b6c453a6c38e3654f2e4416c643fc25c.jpg?ver=1777051911\",\"caption\":\"Tuzla Info\"}}]}<\/script>\n<!-- \/ Yoast SEO plugin. -->","yoast_head_json":{"title":"Policija u Banjoj Luci uhapsila svoje kolege - TuzlaInfo.ba","robots":{"index":"index","follow":"follow","max-snippet":"max-snippet:-1","max-image-preview":"max-image-preview:large","max-video-preview":"max-video-preview:-1"},"canonical":"https:\/\/tuzlainfo.ba\/index.php\/bosna-i-hercegovina\/item\/198652-policija-u-banjoj-luci-uhapsila-svoje-kolege\/","og_locale":"bs_BA","og_type":"article","og_title":"Policija u Banjoj Luci uhapsila svoje kolege - TuzlaInfo.ba","og_description":"Policijski slu\u017ebenici Uprave za organizovani i te\u0161ki kriminalitet MUP-a RS-a su okviru nastavka operativne akcije&hellip;","og_url":"https:\/\/tuzlainfo.ba\/index.php\/bosna-i-hercegovina\/item\/198652-policija-u-banjoj-luci-uhapsila-svoje-kolege\/","og_site_name":"TuzlaInfo.ba","article_publisher":"https:\/\/www.facebook.com\/tuzlainfo.ba\/","article_published_time":"2023-03-02T09:35:04+00:00","og_image":[{"width":800,"height":399,"url":"https:\/\/tuzlainfo.ba\/wp-content\/uploads\/2021\/09\/1209_rs_policija.jpg","type":"image\/jpeg"}],"author":"Tuzla Info","twitter_card":"summary_large_image","twitter_misc":{"Written by":"Tuzla Info","Est. reading time":"2 minute"},"schema":{"@context":"https:\/\/schema.org","@graph":[{"@type":"Article","@id":"https:\/\/tuzlainfo.ba\/index.php\/bosna-i-hercegovina\/item\/198652-policija-u-banjoj-luci-uhapsila-svoje-kolege\/#article","isPartOf":{"@id":"https:\/\/tuzlainfo.ba\/index.php\/bosna-i-hercegovina\/item\/198652-policija-u-banjoj-luci-uhapsila-svoje-kolege\/"},"author":{"name":"Tuzla Info","@id":"https:\/\/tuzlainfo.ba\/#\/schema\/person\/46cad4c57790cbc50781edd14870825a"},"headline":"Policija u Banjoj Luci uhapsila svoje kolege","datePublished":"2023-03-02T09:35:04+00:00","dateModified":"2023-03-02T09:35:04+00:00","mainEntityOfPage":{"@id":"https:\/\/tuzlainfo.ba\/index.php\/bosna-i-hercegovina\/item\/198652-policija-u-banjoj-luci-uhapsila-svoje-kolege\/"},"wordCount":320,"commentCount":0,"publisher":{"@id":"https:\/\/tuzlainfo.ba\/#organization"},"image":{"@id":"https:\/\/tuzlainfo.ba\/index.php\/bosna-i-hercegovina\/item\/198652-policija-u-banjoj-luci-uhapsila-svoje-kolege\/#primaryimage"},"thumbnailUrl":"https:\/\/tuzlainfo.ba\/wp-content\/uploads\/2021\/09\/1209_rs_policija.jpg","keywords":["banja luka"],"articleSection":["Bosna i Hercegovina"],"inLanguage":"bs-BA"},{"@type":"WebPage","@id":"https:\/\/tuzlainfo.ba\/index.php\/bosna-i-hercegovina\/item\/198652-policija-u-banjoj-luci-uhapsila-svoje-kolege\/","url":"https:\/\/tuzlainfo.ba\/index.php\/bosna-i-hercegovina\/item\/198652-policija-u-banjoj-luci-uhapsila-svoje-kolege\/","name":"Policija u Banjoj Luci uhapsila svoje kolege - TuzlaInfo.ba","isPartOf":{"@id":"https:\/\/tuzlainfo.ba\/#website"},"primaryImageOfPage":{"@id":"https:\/\/tuzlainfo.ba\/index.php\/bosna-i-hercegovina\/item\/198652-policija-u-banjoj-luci-uhapsila-svoje-kolege\/#primaryimage"},"image":{"@id":"https:\/\/tuzlainfo.ba\/index.php\/bosna-i-hercegovina\/item\/198652-policija-u-banjoj-luci-uhapsila-svoje-kolege\/#primaryimage"},"thumbnailUrl":"https:\/\/tuzlainfo.ba\/wp-content\/uploads\/2021\/09\/1209_rs_policija.jpg","datePublished":"2023-03-02T09:35:04+00:00","dateModified":"2023-03-02T09:35:04+00:00","breadcrumb":{"@id":"https:\/\/tuzlainfo.ba\/index.php\/bosna-i-hercegovina\/item\/198652-policija-u-banjoj-luci-uhapsila-svoje-kolege\/#breadcrumb"},"inLanguage":"bs-BA","potentialAction":[{"@type":"ReadAction","target":["https:\/\/tuzlainfo.ba\/index.php\/bosna-i-hercegovina\/item\/198652-policija-u-banjoj-luci-uhapsila-svoje-kolege\/"]}]},{"@type":"ImageObject","inLanguage":"bs-BA","@id":"https:\/\/tuzlainfo.ba\/index.php\/bosna-i-hercegovina\/item\/198652-policija-u-banjoj-luci-uhapsila-svoje-kolege\/#primaryimage","url":"https:\/\/tuzlainfo.ba\/wp-content\/uploads\/2021\/09\/1209_rs_policija.jpg","contentUrl":"https:\/\/tuzlainfo.ba\/wp-content\/uploads\/2021\/09\/1209_rs_policija.jpg","width":800,"height":399},{"@type":"BreadcrumbList","@id":"https:\/\/tuzlainfo.ba\/index.php\/bosna-i-hercegovina\/item\/198652-policija-u-banjoj-luci-uhapsila-svoje-kolege\/#breadcrumb","itemListElement":[{"@type":"ListItem","position":1,"name":"Home","item":"https:\/\/tuzlainfo.ba\/"},{"@type":"ListItem","position":2,"name":"Policija u Banjoj Luci uhapsila svoje kolege"}]},{"@type":"WebSite","@id":"https:\/\/tuzlainfo.ba\/#website","url":"https:\/\/tuzlainfo.ba\/","name":"TuzlaInfo.ba","description":"Tuzla info, gradski informator - Tuzla na dlanu","publisher":{"@id":"https:\/\/tuzlainfo.ba\/#organization"},"potentialAction":[{"@type":"SearchAction","target":{"@type":"EntryPoint","urlTemplate":"https:\/\/tuzlainfo.ba\/?s={search_term_string}"},"query-input":{"@type":"PropertyValueSpecification","valueRequired":true,"valueName":"search_term_string"}}],"inLanguage":"bs-BA"},{"@type":"Organization","@id":"https:\/\/tuzlainfo.ba\/#organization","name":"TuzlaInfo.ba","url":"https:\/\/tuzlainfo.ba\/","logo":{"@type":"ImageObject","inLanguage":"bs-BA","@id":"https:\/\/tuzlainfo.ba\/#\/schema\/logo\/image\/","url":"https:\/\/tuzlainfo.ba\/wp-content\/uploads\/2021\/03\/logo-ver-3-1.png","contentUrl":"https:\/\/tuzlainfo.ba\/wp-content\/uploads\/2021\/03\/logo-ver-3-1.png","width":350,"height":95,"caption":"TuzlaInfo.ba"},"image":{"@id":"https:\/\/tuzlainfo.ba\/#\/schema\/logo\/image\/"},"sameAs":["https:\/\/www.facebook.com\/tuzlainfo.ba\/"]},{"@type":"Person","@id":"https:\/\/tuzlainfo.ba\/#\/schema\/person\/46cad4c57790cbc50781edd14870825a","name":"Tuzla Info","image":{"@type":"ImageObject","inLanguage":"bs-BA","@id":"https:\/\/tuzlainfo.ba\/#\/schema\/person\/image\/","url":"https:\/\/tuzlainfo.ba\/wp-content\/litespeed\/avatar\/b6c453a6c38e3654f2e4416c643fc25c.jpg?ver=1777051911","contentUrl":"https:\/\/tuzlainfo.ba\/wp-content\/litespeed\/avatar\/b6c453a6c38e3654f2e4416c643fc25c.jpg?ver=1777051911","caption":"Tuzla Info"}}]}},"_links":{"self":[{"href":"https:\/\/tuzlainfo.ba\/index.php\/wp-json\/wp\/v2\/posts\/198652"}],"collection":[{"href":"https:\/\/tuzlainfo.ba\/index.php\/wp-json\/wp\/v2\/posts"}],"about":[{"href":"https:\/\/tuzlainfo.ba\/index.php\/wp-json\/wp\/v2\/types\/post"}],"author":[{"embeddable":true,"href":"https:\/\/tuzlainfo.ba\/index.php\/wp-json\/wp\/v2\/users\/4"}],"replies":[{"embeddable":true,"href":"https:\/\/tuzlainfo.ba\/index.php\/wp-json\/wp\/v2\/comments?post=198652"}],"version-history":[{"count":0,"href":"https:\/\/tuzlainfo.ba\/index.php\/wp-json\/wp\/v2\/posts\/198652\/revisions"}],"wp:featuredmedia":[{"embeddable":true,"href":"https:\/\/tuzlainfo.ba\/index.php\/wp-json\/wp\/v2\/media\/147670"}],"wp:attachment":[{"href":"https:\/\/tuzlainfo.ba\/index.php\/wp-json\/wp\/v2\/media?parent=198652"}],"wp:term":[{"taxonomy":"category","embeddable":true,"href":"https:\/\/tuzlainfo.ba\/index.php\/wp-json\/wp\/v2\/categories?post=198652"},{"taxonomy":"post_tag","embeddable":true,"href":"https:\/\/tuzlainfo.ba\/index.php\/wp-json\/wp\/v2\/tags?post=198652"}],"curies":[{"name":"wp","href":"https:\/\/api.w.org\/{rel}","templated":true}]}}