{"id":198578,"date":"2023-03-01T11:58:06","date_gmt":"2023-03-01T10:58:06","guid":{"rendered":"https:\/\/tuzlainfo.ba\/?p=198578"},"modified":"2023-03-01T11:58:06","modified_gmt":"2023-03-01T10:58:06","slug":"nisu-izvrsili-naredjenje-ministra-konakovica-dodikovi-ambasadori-odbili-obiljeziti-dan-nezavisnosti-bih","status":"publish","type":"post","link":"https:\/\/tuzlainfo.ba\/index.php\/bosna-i-hercegovina\/item\/198578-nisu-izvrsili-naredjenje-ministra-konakovica-dodikovi-ambasadori-odbili-obiljeziti-dan-nezavisnosti-bih\/","title":{"rendered":"Nisu izvr\u0161ili nare\u0111enje ministra Konakovi\u0107a: &#8220;Dodikovi&#8221; ambasadori odbili obilje\u017eiti Dan nezavisnosti BiH"},"content":{"rendered":"<p>Ambasadori BiH koji su pod kontrolom predsjednika RS-a Milorada Dodika uputili su pismo u kojem kritikuju ministra vanjskih poslova BiH Elmedina Konakovi\u010da zbog nalo\u017eene instrukcije o obilje\u017eavanju1. marta &#8211; Dana nezavisnosti BiH.<\/p>\n<p>Ova sramotna praksa ignorisanja dr\u017eavnih praznika se ponavlja iz godine u godinu, a sada ambasadori koje je imenovao Milorad Dodik za vrijeme svog mandata u Predsjedni\u0161tvu BiH nastavljaju udare na bh. institucije, a trenutna meta je Konakovi\u0107.<\/p>\n<p>&nbsp;<\/p>\n<p>&#8220;Ministar vanjskih poslova Elmedin Konakovi\u0107, dostavljaju\u0107i instrukciju svim ambasadama i generalnim konzulatima BiH da obilje\u017ee 1. mart, nepostoje\u0107i Dan nezavisnosti BiH, u kojoj daje neprihvatljivo tuma\u010denje osnovanosti obilje\u017eavanja ovog datuma, zloupotrebljava funkciju ministra isto kao \u0161to je radila i njegov prethodnik Bisera Turkovi\u0107&#8221;, naveli su u pismu.<\/p>\n<p>&nbsp;<\/p>\n<p>Diplomate i uposlenici ambasada \u0161irom svijeta koje bi trebale predstavljati interese BiH i slaviti dr\u017eavne praznike, a ne raditi po \u017eeljama i instrukcijama strana\u010dkog \u0161efa koji zagovara raspad BiH, su saop\u0107ile da ambasadori i generalni konzuli BiH iz reda srpskog naroda ne\u0107e postupiti po instrukciji \u0161efa bh. diplomatije.<\/p>\n<p>Sada je na Konakovi\u0107u da se odredi prema neposlu\u0161nosti ambasadora BiH kojima je on nadre\u0111en i poku\u0161a zaustaviti praksu koja \u0161teti ugledu BiH u svijetu, koji ve\u0107 odavno okaljan.<\/p>\n<p>&nbsp;<\/p>\n<p>&#8220;Ovakva praksa ne ide u prilog njegovim najavama da \u0107e popraviti lo\u0161e stanje u Ministarstvu vanjskih poslova koje je zatekao nakon brojnih zloupotreba njegovog prethodnika Bisere Turkovi\u0107, a koja se slu\u017eila istim metodama i praksom da dodatno uru\u0161i odnose tri konstitutivna naroda i spoljnopoliti\u010dku poziciju BiH u svijetu&#8221;, nagla\u0161ava se u saop\u0161tenju ambasadora &#8220;pobunjenika&#8221;, prenosi Klix.<\/p>\n<p>&nbsp;<\/p>\n<p>Saop\u0161tenje su potpisali ambasadori i generalni konzuli BiH: Aleksandar Vranje\u0161, Biljana Guti\u0107 Bjelica, Bojan Vuji\u0107, Bojana Kondi\u0107 Pani\u0107, Boro Bronza, Vera Saji\u0107, Dragan \u0408a\u0107imovi\u0107, Du\u0161ko Kova\u010devi\u0107, \u017deljko Samard\u017eija, Zdravko Begovi\u0107, Koviljka \u0160piri\u0107, Marko Milisav, Milica Ristovi\u0107 Krsti\u0107, Milorad \u017divkovi\u0107, Sini\u0161a Bencun, Sini\u0161a Berjan, Sini\u0161a Mihailovi\u0107, Slavi\u0161a \u0106erani\u0107.<\/p>\n<p>&nbsp;<\/p>\n<p>Podsjetit \u0107emo da se ova skandalozna praksa ponavljala i za vrijeme prethodne ministrice vanjskih poslova BiH Bisere Turkovi\u0107. Tada su ambasadori iz reda srpskog naroda odbijali obilje\u017eiti Dan dr\u017eavnosti BiH, Dan nezavisnosti BiH, a nisu \u017eeljeli spustiti zastavu BiH na pola koplja povodom obilje\u017eavanja godi\u0161njice genocida u Srebrenici 11. jula.<\/p>\n","protected":false},"excerpt":{"rendered":"<p>Ambasadori BiH koji su pod kontrolom predsjednika RS-a Milorada Dodika uputili su pismo u kojem&hellip;<\/p>\n","protected":false},"author":4,"featured_media":75072,"comment_status":"open","ping_status":"closed","sticky":false,"template":"","format":"standard","meta":{"_acf_changed":false,"footnotes":""},"categories":[291],"tags":[2991,1832,535],"acf":[],"yoast_head":"<!-- This site is optimized with the Yoast SEO plugin v23.5 - https:\/\/yoast.com\/wordpress\/plugins\/seo\/ -->\n<title>Nisu izvr\u0161ili nare\u0111enje ministra Konakovi\u0107a: &quot;Dodikovi&quot; ambasadori odbili obilje\u017eiti Dan nezavisnosti BiH - TuzlaInfo.ba<\/title>\n<meta name=\"robots\" content=\"index, follow, max-snippet:-1, max-image-preview:large, max-video-preview:-1\" \/>\n<link rel=\"canonical\" href=\"https:\/\/tuzlainfo.ba\/index.php\/bosna-i-hercegovina\/item\/198578-nisu-izvrsili-naredjenje-ministra-konakovica-dodikovi-ambasadori-odbili-obiljeziti-dan-nezavisnosti-bih\/\" \/>\n<meta property=\"og:locale\" content=\"bs_BA\" \/>\n<meta property=\"og:type\" content=\"article\" \/>\n<meta property=\"og:title\" content=\"Nisu izvr\u0161ili nare\u0111enje ministra Konakovi\u0107a: &quot;Dodikovi&quot; ambasadori odbili obilje\u017eiti Dan nezavisnosti BiH - TuzlaInfo.ba\" \/>\n<meta property=\"og:description\" content=\"Ambasadori BiH koji su pod kontrolom predsjednika RS-a Milorada Dodika uputili su pismo u kojem&hellip;\" \/>\n<meta property=\"og:url\" content=\"https:\/\/tuzlainfo.ba\/index.php\/bosna-i-hercegovina\/item\/198578-nisu-izvrsili-naredjenje-ministra-konakovica-dodikovi-ambasadori-odbili-obiljeziti-dan-nezavisnosti-bih\/\" \/>\n<meta property=\"og:site_name\" content=\"TuzlaInfo.ba\" \/>\n<meta property=\"article:publisher\" content=\"https:\/\/www.facebook.com\/tuzlainfo.ba\/\" \/>\n<meta property=\"article:published_time\" content=\"2023-03-01T10:58:06+00:00\" \/>\n<meta property=\"og:image\" content=\"https:\/\/tuzlainfo.ba\/wp-content\/uploads\/2019\/11\/sadrzaj_2017_20171101_2511_zastava.jpg\" \/>\n\t<meta property=\"og:image:width\" content=\"750\" \/>\n\t<meta property=\"og:image:height\" content=\"435\" \/>\n\t<meta property=\"og:image:type\" content=\"image\/jpeg\" \/>\n<meta name=\"author\" content=\"Tuzla Info\" \/>\n<meta name=\"twitter:card\" content=\"summary_large_image\" \/>\n<meta name=\"twitter:label1\" content=\"Written by\" \/>\n\t<meta name=\"twitter:data1\" content=\"Tuzla Info\" \/>\n\t<meta name=\"twitter:label2\" content=\"Est. reading time\" \/>\n\t<meta name=\"twitter:data2\" content=\"2 minute\" \/>\n<script type=\"application\/ld+json\" class=\"yoast-schema-graph\">{\"@context\":\"https:\/\/schema.org\",\"@graph\":[{\"@type\":\"Article\",\"@id\":\"https:\/\/tuzlainfo.ba\/index.php\/bosna-i-hercegovina\/item\/198578-nisu-izvrsili-naredjenje-ministra-konakovica-dodikovi-ambasadori-odbili-obiljeziti-dan-nezavisnosti-bih\/#article\",\"isPartOf\":{\"@id\":\"https:\/\/tuzlainfo.ba\/index.php\/bosna-i-hercegovina\/item\/198578-nisu-izvrsili-naredjenje-ministra-konakovica-dodikovi-ambasadori-odbili-obiljeziti-dan-nezavisnosti-bih\/\"},\"author\":{\"name\":\"Tuzla Info\",\"@id\":\"https:\/\/tuzlainfo.ba\/#\/schema\/person\/46cad4c57790cbc50781edd14870825a\"},\"headline\":\"Nisu izvr\u0161ili nare\u0111enje ministra Konakovi\u0107a: &#8220;Dodikovi&#8221; ambasadori odbili obilje\u017eiti Dan nezavisnosti BiH\",\"datePublished\":\"2023-03-01T10:58:06+00:00\",\"dateModified\":\"2023-03-01T10:58:06+00:00\",\"mainEntityOfPage\":{\"@id\":\"https:\/\/tuzlainfo.ba\/index.php\/bosna-i-hercegovina\/item\/198578-nisu-izvrsili-naredjenje-ministra-konakovica-dodikovi-ambasadori-odbili-obiljeziti-dan-nezavisnosti-bih\/\"},\"wordCount\":402,\"commentCount\":0,\"publisher\":{\"@id\":\"https:\/\/tuzlainfo.ba\/#organization\"},\"image\":{\"@id\":\"https:\/\/tuzlainfo.ba\/index.php\/bosna-i-hercegovina\/item\/198578-nisu-izvrsili-naredjenje-ministra-konakovica-dodikovi-ambasadori-odbili-obiljeziti-dan-nezavisnosti-bih\/#primaryimage\"},\"thumbnailUrl\":\"https:\/\/tuzlainfo.ba\/wp-content\/uploads\/2019\/11\/sadrzaj_2017_20171101_2511_zastava.jpg\",\"keywords\":[\"ambasadori\",\"elmedin konakovi\u0107\",\"milorad dodik\"],\"articleSection\":[\"Bosna i Hercegovina\"],\"inLanguage\":\"bs-BA\"},{\"@type\":\"WebPage\",\"@id\":\"https:\/\/tuzlainfo.ba\/index.php\/bosna-i-hercegovina\/item\/198578-nisu-izvrsili-naredjenje-ministra-konakovica-dodikovi-ambasadori-odbili-obiljeziti-dan-nezavisnosti-bih\/\",\"url\":\"https:\/\/tuzlainfo.ba\/index.php\/bosna-i-hercegovina\/item\/198578-nisu-izvrsili-naredjenje-ministra-konakovica-dodikovi-ambasadori-odbili-obiljeziti-dan-nezavisnosti-bih\/\",\"name\":\"Nisu izvr\u0161ili nare\u0111enje ministra Konakovi\u0107a: \\\"Dodikovi\\\" ambasadori odbili obilje\u017eiti Dan nezavisnosti BiH - TuzlaInfo.ba\",\"isPartOf\":{\"@id\":\"https:\/\/tuzlainfo.ba\/#website\"},\"primaryImageOfPage\":{\"@id\":\"https:\/\/tuzlainfo.ba\/index.php\/bosna-i-hercegovina\/item\/198578-nisu-izvrsili-naredjenje-ministra-konakovica-dodikovi-ambasadori-odbili-obiljeziti-dan-nezavisnosti-bih\/#primaryimage\"},\"image\":{\"@id\":\"https:\/\/tuzlainfo.ba\/index.php\/bosna-i-hercegovina\/item\/198578-nisu-izvrsili-naredjenje-ministra-konakovica-dodikovi-ambasadori-odbili-obiljeziti-dan-nezavisnosti-bih\/#primaryimage\"},\"thumbnailUrl\":\"https:\/\/tuzlainfo.ba\/wp-content\/uploads\/2019\/11\/sadrzaj_2017_20171101_2511_zastava.jpg\",\"datePublished\":\"2023-03-01T10:58:06+00:00\",\"dateModified\":\"2023-03-01T10:58:06+00:00\",\"breadcrumb\":{\"@id\":\"https:\/\/tuzlainfo.ba\/index.php\/bosna-i-hercegovina\/item\/198578-nisu-izvrsili-naredjenje-ministra-konakovica-dodikovi-ambasadori-odbili-obiljeziti-dan-nezavisnosti-bih\/#breadcrumb\"},\"inLanguage\":\"bs-BA\",\"potentialAction\":[{\"@type\":\"ReadAction\",\"target\":[\"https:\/\/tuzlainfo.ba\/index.php\/bosna-i-hercegovina\/item\/198578-nisu-izvrsili-naredjenje-ministra-konakovica-dodikovi-ambasadori-odbili-obiljeziti-dan-nezavisnosti-bih\/\"]}]},{\"@type\":\"ImageObject\",\"inLanguage\":\"bs-BA\",\"@id\":\"https:\/\/tuzlainfo.ba\/index.php\/bosna-i-hercegovina\/item\/198578-nisu-izvrsili-naredjenje-ministra-konakovica-dodikovi-ambasadori-odbili-obiljeziti-dan-nezavisnosti-bih\/#primaryimage\",\"url\":\"https:\/\/tuzlainfo.ba\/wp-content\/uploads\/2019\/11\/sadrzaj_2017_20171101_2511_zastava.jpg\",\"contentUrl\":\"https:\/\/tuzlainfo.ba\/wp-content\/uploads\/2019\/11\/sadrzaj_2017_20171101_2511_zastava.jpg\",\"width\":750,\"height\":435,\"caption\":\"2511 zastava\"},{\"@type\":\"BreadcrumbList\",\"@id\":\"https:\/\/tuzlainfo.ba\/index.php\/bosna-i-hercegovina\/item\/198578-nisu-izvrsili-naredjenje-ministra-konakovica-dodikovi-ambasadori-odbili-obiljeziti-dan-nezavisnosti-bih\/#breadcrumb\",\"itemListElement\":[{\"@type\":\"ListItem\",\"position\":1,\"name\":\"Home\",\"item\":\"https:\/\/tuzlainfo.ba\/\"},{\"@type\":\"ListItem\",\"position\":2,\"name\":\"Nisu izvr\u0161ili nare\u0111enje ministra Konakovi\u0107a: &#8220;Dodikovi&#8221; ambasadori odbili obilje\u017eiti Dan nezavisnosti BiH\"}]},{\"@type\":\"WebSite\",\"@id\":\"https:\/\/tuzlainfo.ba\/#website\",\"url\":\"https:\/\/tuzlainfo.ba\/\",\"name\":\"TuzlaInfo.ba\",\"description\":\"Tuzla info, gradski informator - Tuzla na dlanu\",\"publisher\":{\"@id\":\"https:\/\/tuzlainfo.ba\/#organization\"},\"potentialAction\":[{\"@type\":\"SearchAction\",\"target\":{\"@type\":\"EntryPoint\",\"urlTemplate\":\"https:\/\/tuzlainfo.ba\/?s={search_term_string}\"},\"query-input\":{\"@type\":\"PropertyValueSpecification\",\"valueRequired\":true,\"valueName\":\"search_term_string\"}}],\"inLanguage\":\"bs-BA\"},{\"@type\":\"Organization\",\"@id\":\"https:\/\/tuzlainfo.ba\/#organization\",\"name\":\"TuzlaInfo.ba\",\"url\":\"https:\/\/tuzlainfo.ba\/\",\"logo\":{\"@type\":\"ImageObject\",\"inLanguage\":\"bs-BA\",\"@id\":\"https:\/\/tuzlainfo.ba\/#\/schema\/logo\/image\/\",\"url\":\"https:\/\/tuzlainfo.ba\/wp-content\/uploads\/2021\/03\/logo-ver-3-1.png\",\"contentUrl\":\"https:\/\/tuzlainfo.ba\/wp-content\/uploads\/2021\/03\/logo-ver-3-1.png\",\"width\":350,\"height\":95,\"caption\":\"TuzlaInfo.ba\"},\"image\":{\"@id\":\"https:\/\/tuzlainfo.ba\/#\/schema\/logo\/image\/\"},\"sameAs\":[\"https:\/\/www.facebook.com\/tuzlainfo.ba\/\"]},{\"@type\":\"Person\",\"@id\":\"https:\/\/tuzlainfo.ba\/#\/schema\/person\/46cad4c57790cbc50781edd14870825a\",\"name\":\"Tuzla Info\",\"image\":{\"@type\":\"ImageObject\",\"inLanguage\":\"bs-BA\",\"@id\":\"https:\/\/tuzlainfo.ba\/#\/schema\/person\/image\/\",\"url\":\"https:\/\/tuzlainfo.ba\/wp-content\/litespeed\/avatar\/b6c453a6c38e3654f2e4416c643fc25c.jpg?ver=1777656712\",\"contentUrl\":\"https:\/\/tuzlainfo.ba\/wp-content\/litespeed\/avatar\/b6c453a6c38e3654f2e4416c643fc25c.jpg?ver=1777656712\",\"caption\":\"Tuzla Info\"}}]}<\/script>\n<!-- \/ Yoast SEO plugin. -->","yoast_head_json":{"title":"Nisu izvr\u0161ili nare\u0111enje ministra Konakovi\u0107a: \"Dodikovi\" ambasadori odbili obilje\u017eiti Dan nezavisnosti BiH - TuzlaInfo.ba","robots":{"index":"index","follow":"follow","max-snippet":"max-snippet:-1","max-image-preview":"max-image-preview:large","max-video-preview":"max-video-preview:-1"},"canonical":"https:\/\/tuzlainfo.ba\/index.php\/bosna-i-hercegovina\/item\/198578-nisu-izvrsili-naredjenje-ministra-konakovica-dodikovi-ambasadori-odbili-obiljeziti-dan-nezavisnosti-bih\/","og_locale":"bs_BA","og_type":"article","og_title":"Nisu izvr\u0161ili nare\u0111enje ministra Konakovi\u0107a: \"Dodikovi\" ambasadori odbili obilje\u017eiti Dan nezavisnosti BiH - TuzlaInfo.ba","og_description":"Ambasadori BiH koji su pod kontrolom predsjednika RS-a Milorada Dodika uputili su pismo u kojem&hellip;","og_url":"https:\/\/tuzlainfo.ba\/index.php\/bosna-i-hercegovina\/item\/198578-nisu-izvrsili-naredjenje-ministra-konakovica-dodikovi-ambasadori-odbili-obiljeziti-dan-nezavisnosti-bih\/","og_site_name":"TuzlaInfo.ba","article_publisher":"https:\/\/www.facebook.com\/tuzlainfo.ba\/","article_published_time":"2023-03-01T10:58:06+00:00","og_image":[{"width":750,"height":435,"url":"https:\/\/tuzlainfo.ba\/wp-content\/uploads\/2019\/11\/sadrzaj_2017_20171101_2511_zastava.jpg","type":"image\/jpeg"}],"author":"Tuzla Info","twitter_card":"summary_large_image","twitter_misc":{"Written by":"Tuzla Info","Est. reading time":"2 minute"},"schema":{"@context":"https:\/\/schema.org","@graph":[{"@type":"Article","@id":"https:\/\/tuzlainfo.ba\/index.php\/bosna-i-hercegovina\/item\/198578-nisu-izvrsili-naredjenje-ministra-konakovica-dodikovi-ambasadori-odbili-obiljeziti-dan-nezavisnosti-bih\/#article","isPartOf":{"@id":"https:\/\/tuzlainfo.ba\/index.php\/bosna-i-hercegovina\/item\/198578-nisu-izvrsili-naredjenje-ministra-konakovica-dodikovi-ambasadori-odbili-obiljeziti-dan-nezavisnosti-bih\/"},"author":{"name":"Tuzla Info","@id":"https:\/\/tuzlainfo.ba\/#\/schema\/person\/46cad4c57790cbc50781edd14870825a"},"headline":"Nisu izvr\u0161ili nare\u0111enje ministra Konakovi\u0107a: &#8220;Dodikovi&#8221; ambasadori odbili obilje\u017eiti Dan nezavisnosti BiH","datePublished":"2023-03-01T10:58:06+00:00","dateModified":"2023-03-01T10:58:06+00:00","mainEntityOfPage":{"@id":"https:\/\/tuzlainfo.ba\/index.php\/bosna-i-hercegovina\/item\/198578-nisu-izvrsili-naredjenje-ministra-konakovica-dodikovi-ambasadori-odbili-obiljeziti-dan-nezavisnosti-bih\/"},"wordCount":402,"commentCount":0,"publisher":{"@id":"https:\/\/tuzlainfo.ba\/#organization"},"image":{"@id":"https:\/\/tuzlainfo.ba\/index.php\/bosna-i-hercegovina\/item\/198578-nisu-izvrsili-naredjenje-ministra-konakovica-dodikovi-ambasadori-odbili-obiljeziti-dan-nezavisnosti-bih\/#primaryimage"},"thumbnailUrl":"https:\/\/tuzlainfo.ba\/wp-content\/uploads\/2019\/11\/sadrzaj_2017_20171101_2511_zastava.jpg","keywords":["ambasadori","elmedin konakovi\u0107","milorad dodik"],"articleSection":["Bosna i Hercegovina"],"inLanguage":"bs-BA"},{"@type":"WebPage","@id":"https:\/\/tuzlainfo.ba\/index.php\/bosna-i-hercegovina\/item\/198578-nisu-izvrsili-naredjenje-ministra-konakovica-dodikovi-ambasadori-odbili-obiljeziti-dan-nezavisnosti-bih\/","url":"https:\/\/tuzlainfo.ba\/index.php\/bosna-i-hercegovina\/item\/198578-nisu-izvrsili-naredjenje-ministra-konakovica-dodikovi-ambasadori-odbili-obiljeziti-dan-nezavisnosti-bih\/","name":"Nisu izvr\u0161ili nare\u0111enje ministra Konakovi\u0107a: \"Dodikovi\" ambasadori odbili obilje\u017eiti Dan nezavisnosti BiH - TuzlaInfo.ba","isPartOf":{"@id":"https:\/\/tuzlainfo.ba\/#website"},"primaryImageOfPage":{"@id":"https:\/\/tuzlainfo.ba\/index.php\/bosna-i-hercegovina\/item\/198578-nisu-izvrsili-naredjenje-ministra-konakovica-dodikovi-ambasadori-odbili-obiljeziti-dan-nezavisnosti-bih\/#primaryimage"},"image":{"@id":"https:\/\/tuzlainfo.ba\/index.php\/bosna-i-hercegovina\/item\/198578-nisu-izvrsili-naredjenje-ministra-konakovica-dodikovi-ambasadori-odbili-obiljeziti-dan-nezavisnosti-bih\/#primaryimage"},"thumbnailUrl":"https:\/\/tuzlainfo.ba\/wp-content\/uploads\/2019\/11\/sadrzaj_2017_20171101_2511_zastava.jpg","datePublished":"2023-03-01T10:58:06+00:00","dateModified":"2023-03-01T10:58:06+00:00","breadcrumb":{"@id":"https:\/\/tuzlainfo.ba\/index.php\/bosna-i-hercegovina\/item\/198578-nisu-izvrsili-naredjenje-ministra-konakovica-dodikovi-ambasadori-odbili-obiljeziti-dan-nezavisnosti-bih\/#breadcrumb"},"inLanguage":"bs-BA","potentialAction":[{"@type":"ReadAction","target":["https:\/\/tuzlainfo.ba\/index.php\/bosna-i-hercegovina\/item\/198578-nisu-izvrsili-naredjenje-ministra-konakovica-dodikovi-ambasadori-odbili-obiljeziti-dan-nezavisnosti-bih\/"]}]},{"@type":"ImageObject","inLanguage":"bs-BA","@id":"https:\/\/tuzlainfo.ba\/index.php\/bosna-i-hercegovina\/item\/198578-nisu-izvrsili-naredjenje-ministra-konakovica-dodikovi-ambasadori-odbili-obiljeziti-dan-nezavisnosti-bih\/#primaryimage","url":"https:\/\/tuzlainfo.ba\/wp-content\/uploads\/2019\/11\/sadrzaj_2017_20171101_2511_zastava.jpg","contentUrl":"https:\/\/tuzlainfo.ba\/wp-content\/uploads\/2019\/11\/sadrzaj_2017_20171101_2511_zastava.jpg","width":750,"height":435,"caption":"2511 zastava"},{"@type":"BreadcrumbList","@id":"https:\/\/tuzlainfo.ba\/index.php\/bosna-i-hercegovina\/item\/198578-nisu-izvrsili-naredjenje-ministra-konakovica-dodikovi-ambasadori-odbili-obiljeziti-dan-nezavisnosti-bih\/#breadcrumb","itemListElement":[{"@type":"ListItem","position":1,"name":"Home","item":"https:\/\/tuzlainfo.ba\/"},{"@type":"ListItem","position":2,"name":"Nisu izvr\u0161ili nare\u0111enje ministra Konakovi\u0107a: &#8220;Dodikovi&#8221; ambasadori odbili obilje\u017eiti Dan nezavisnosti BiH"}]},{"@type":"WebSite","@id":"https:\/\/tuzlainfo.ba\/#website","url":"https:\/\/tuzlainfo.ba\/","name":"TuzlaInfo.ba","description":"Tuzla info, gradski informator - Tuzla na dlanu","publisher":{"@id":"https:\/\/tuzlainfo.ba\/#organization"},"potentialAction":[{"@type":"SearchAction","target":{"@type":"EntryPoint","urlTemplate":"https:\/\/tuzlainfo.ba\/?s={search_term_string}"},"query-input":{"@type":"PropertyValueSpecification","valueRequired":true,"valueName":"search_term_string"}}],"inLanguage":"bs-BA"},{"@type":"Organization","@id":"https:\/\/tuzlainfo.ba\/#organization","name":"TuzlaInfo.ba","url":"https:\/\/tuzlainfo.ba\/","logo":{"@type":"ImageObject","inLanguage":"bs-BA","@id":"https:\/\/tuzlainfo.ba\/#\/schema\/logo\/image\/","url":"https:\/\/tuzlainfo.ba\/wp-content\/uploads\/2021\/03\/logo-ver-3-1.png","contentUrl":"https:\/\/tuzlainfo.ba\/wp-content\/uploads\/2021\/03\/logo-ver-3-1.png","width":350,"height":95,"caption":"TuzlaInfo.ba"},"image":{"@id":"https:\/\/tuzlainfo.ba\/#\/schema\/logo\/image\/"},"sameAs":["https:\/\/www.facebook.com\/tuzlainfo.ba\/"]},{"@type":"Person","@id":"https:\/\/tuzlainfo.ba\/#\/schema\/person\/46cad4c57790cbc50781edd14870825a","name":"Tuzla Info","image":{"@type":"ImageObject","inLanguage":"bs-BA","@id":"https:\/\/tuzlainfo.ba\/#\/schema\/person\/image\/","url":"https:\/\/tuzlainfo.ba\/wp-content\/litespeed\/avatar\/b6c453a6c38e3654f2e4416c643fc25c.jpg?ver=1777656712","contentUrl":"https:\/\/tuzlainfo.ba\/wp-content\/litespeed\/avatar\/b6c453a6c38e3654f2e4416c643fc25c.jpg?ver=1777656712","caption":"Tuzla Info"}}]}},"_links":{"self":[{"href":"https:\/\/tuzlainfo.ba\/index.php\/wp-json\/wp\/v2\/posts\/198578"}],"collection":[{"href":"https:\/\/tuzlainfo.ba\/index.php\/wp-json\/wp\/v2\/posts"}],"about":[{"href":"https:\/\/tuzlainfo.ba\/index.php\/wp-json\/wp\/v2\/types\/post"}],"author":[{"embeddable":true,"href":"https:\/\/tuzlainfo.ba\/index.php\/wp-json\/wp\/v2\/users\/4"}],"replies":[{"embeddable":true,"href":"https:\/\/tuzlainfo.ba\/index.php\/wp-json\/wp\/v2\/comments?post=198578"}],"version-history":[{"count":0,"href":"https:\/\/tuzlainfo.ba\/index.php\/wp-json\/wp\/v2\/posts\/198578\/revisions"}],"wp:featuredmedia":[{"embeddable":true,"href":"https:\/\/tuzlainfo.ba\/index.php\/wp-json\/wp\/v2\/media\/75072"}],"wp:attachment":[{"href":"https:\/\/tuzlainfo.ba\/index.php\/wp-json\/wp\/v2\/media?parent=198578"}],"wp:term":[{"taxonomy":"category","embeddable":true,"href":"https:\/\/tuzlainfo.ba\/index.php\/wp-json\/wp\/v2\/categories?post=198578"},{"taxonomy":"post_tag","embeddable":true,"href":"https:\/\/tuzlainfo.ba\/index.php\/wp-json\/wp\/v2\/tags?post=198578"}],"curies":[{"name":"wp","href":"https:\/\/api.w.org\/{rel}","templated":true}]}}