{"id":198069,"date":"2023-02-23T11:10:13","date_gmt":"2023-02-23T10:10:13","guid":{"rendered":"https:\/\/tuzlainfo.ba\/?p=198069"},"modified":"2023-02-23T15:00:20","modified_gmt":"2023-02-23T14:00:20","slug":"video-teren-stadiona-tusanj-napokon-u-novom-ruhu-uskoro-i-prve-utakmice","status":"publish","type":"post","link":"https:\/\/tuzlainfo.ba\/index.php\/novosti\/item\/198069-video-teren-stadiona-tusanj-napokon-u-novom-ruhu-uskoro-i-prve-utakmice\/","title":{"rendered":"VIDEO \/ Teren stadiona Tu\u0161anj napokon u novom ruhu, uskoro i prve utakmice"},"content":{"rendered":"<p>Radovi na rekonstrukciji terena stasiona Tu\u0161anj, koji su po\u010deli u julu 2022. godine, trebali su biti zavr\u0161eni za dva mjeseca.<\/p>\n<p>Me\u0111utim, zbog mnog\u0161tva problema I zastoja u radu koje je najve\u0107im dijelom prouzrokovao izvo\u0111a\u010d radova, radovi ni nakon vi\u0161e od sedam mejseci jo\u0161 uvijek nisu u potpunosti zavr\u0161eni.<\/p>\n<p>Iako su javnost iz NFSBiH-a, koji zajedno sa Gradskom upravom Grada Tuzla finansira rekonstrukciju terena u okviru projekta \u201cPotpuna rekonstrukcija glavnih terena Premijer lige BiH\u201d, uvjeravali da \u0107e teren biti spreman za prve utakmice u ovoj godini, to se jo\u0161 uvijek nije desilo.<\/p>\n<p>Tako na stadionu Tu\u0161anj nije biti odigrana ji utakmica Kupa Bosne i Hercegovine izme\u0111u Slobode i Sloge iz Doboja, a ne\u0107e ni ni prvi sljede\u0107i prvenstveni me\u010d izme\u0111u Tuzla Cityja i Vele\u017ea.<\/p>\n<p>U tom trenutku je re\u010deno je da golovi na stadionu nisu postavljeni i da se \u010deka ljep\u0161e vijeme, koje je u\u00a0 me\u0111uvremnu do\u0161lo, a jedan od problema je i da grijanje terena nije bilo spojeno na trafo stanicu.<\/p>\n<div id=\"penci-post-gallery__95956\" class=\"penci-post-gallery-container masonry grid column-3\" data-height=\"150\" data-margin=\"3\"><div class=\"inner-gallery-masonry-container\"><div class=\"item-gallery-masonry grid\"><a class=\"\" href=\"https:\/\/tuzlainfo.ba\/wp-content\/uploads\/2023\/02\/2302_tusanj-1.jpg\" data-cap=\"Foto: Dronos.ba\/Tuzlainfo.ba\"><div class=\"inner-item-masonry-gallery\"><img decoding=\"async\" src=\"https:\/\/tuzlainfo.ba\/wp-content\/uploads\/2023\/02\/2302_tusanj-1-585x390.jpg\" alt=\"\" title=\"2302_tusanj (1)\"><\/div><\/a><\/div><div class=\"item-gallery-masonry grid\"><a class=\"\" href=\"https:\/\/tuzlainfo.ba\/wp-content\/uploads\/2023\/02\/2302_tusanj-2.jpg\" data-cap=\"Foto: Dronos.ba\/Tuzlainfo.ba\"><div class=\"inner-item-masonry-gallery\"><img decoding=\"async\" src=\"https:\/\/tuzlainfo.ba\/wp-content\/uploads\/2023\/02\/2302_tusanj-2-585x390.jpg\" alt=\"\" title=\"2302_tusanj (2)\"><\/div><\/a><\/div><div class=\"item-gallery-masonry grid\"><a class=\"\" href=\"https:\/\/tuzlainfo.ba\/wp-content\/uploads\/2023\/02\/2302_tusanj-3.jpg\" data-cap=\"Foto: Dronos.ba\/Tuzlainfo.ba\"><div class=\"inner-item-masonry-gallery\"><img decoding=\"async\" src=\"https:\/\/tuzlainfo.ba\/wp-content\/uploads\/2023\/02\/2302_tusanj-3-585x390.jpg\" alt=\"\" title=\"2302_tusanj (3)\"><\/div><\/a><\/div><\/div><\/div>\n<p>Ju\u010der smo snimili novi travnjak na Tu\u0161nju, gdje su golovi napokon postavljeni, a radi se i na rje\u0161avanju problema sa trafo stanicom, tako da se o\u010dekuje se da bi prvu utakmicu na novom travnjku trebali odigrati Tuzla City i Sloga 4. Marta, dok bi Sloboda trebala na novom terenu igrati protiv Leotara 11. marta.<\/p>\n<p>Kako teren izgleda iz drona je za Tuzlainfo.ba snimila vrijedna ekipa <a href=\"https:\/\/www.facebook.com\/profile.php?id=100089130932208\"><strong>Dronos.ba<\/strong><\/a>.<\/p>\n<p><iframe title=\"Stadion Tu\u0161anj, novi travnjak (februar 2023.)\" width=\"1170\" height=\"658\" src=\"https:\/\/www.youtube.com\/embed\/Zq-1gJNwFdU?feature=oembed\" frameborder=\"0\" allow=\"accelerometer; autoplay; clipboard-write; encrypted-media; gyroscope; picture-in-picture; web-share\" allowfullscreen><\/iframe><\/p>\n<p>Podsje\u0107amo, sanacija terena zna\u010di ugradnju grijanja terena, te instalaciju hibridnog travnatog terena, \u010dime se pove\u0107ava broj sati igranja i ve\u0107a izdr\u017eljivost za intenzivne rasporede upotrebe tokom du\u017eeg vremenskog perioda, te bolju stabilnost travnate povr\u0161ine.<strong>\/Tuzlainfo.ba\/<\/strong><\/p>\n","protected":false},"excerpt":{"rendered":"<p>Radovi na rekonstrukciji terena stasiona Tu\u0161anj, koji su po\u010deli u julu 2022. godine, trebali su&hellip;<\/p>\n","protected":false},"author":2,"featured_media":198073,"comment_status":"open","ping_status":"closed","sticky":false,"template":"","format":"standard","meta":{"_acf_changed":false,"footnotes":""},"categories":[304,12,306],"tags":[6359,2388,6358],"acf":[],"yoast_head":"<!-- This site is optimized with the Yoast SEO plugin v23.5 - https:\/\/yoast.com\/wordpress\/plugins\/seo\/ -->\n<title>VIDEO \/ Teren stadiona Tu\u0161anj napokon u novom ruhu, uskoro i prve utakmice - TuzlaInfo.ba<\/title>\n<meta name=\"robots\" content=\"index, follow, max-snippet:-1, max-image-preview:large, max-video-preview:-1\" \/>\n<link rel=\"canonical\" href=\"https:\/\/tuzlainfo.ba\/index.php\/novosti\/item\/198069-video-teren-stadiona-tusanj-napokon-u-novom-ruhu-uskoro-i-prve-utakmice\/\" \/>\n<meta property=\"og:locale\" content=\"bs_BA\" \/>\n<meta property=\"og:type\" content=\"article\" \/>\n<meta property=\"og:title\" content=\"VIDEO \/ Teren stadiona Tu\u0161anj napokon u novom ruhu, uskoro i prve utakmice - TuzlaInfo.ba\" \/>\n<meta property=\"og:description\" content=\"Radovi na rekonstrukciji terena stasiona Tu\u0161anj, koji su po\u010deli u julu 2022. godine, trebali su&hellip;\" \/>\n<meta property=\"og:url\" content=\"https:\/\/tuzlainfo.ba\/index.php\/novosti\/item\/198069-video-teren-stadiona-tusanj-napokon-u-novom-ruhu-uskoro-i-prve-utakmice\/\" \/>\n<meta property=\"og:site_name\" content=\"TuzlaInfo.ba\" \/>\n<meta property=\"article:publisher\" content=\"https:\/\/www.facebook.com\/tuzlainfo.ba\/\" \/>\n<meta property=\"article:published_time\" content=\"2023-02-23T10:10:13+00:00\" \/>\n<meta property=\"article:modified_time\" content=\"2023-02-23T14:00:20+00:00\" \/>\n<meta property=\"og:image\" content=\"https:\/\/tuzlainfo.ba\/wp-content\/uploads\/2023\/02\/2302_tusanj-4.jpg\" \/>\n\t<meta property=\"og:image:width\" content=\"1000\" \/>\n\t<meta property=\"og:image:height\" content=\"549\" \/>\n\t<meta property=\"og:image:type\" content=\"image\/jpeg\" \/>\n<meta name=\"author\" content=\"nedim\" \/>\n<meta name=\"twitter:card\" content=\"summary_large_image\" \/>\n<meta name=\"twitter:label1\" content=\"Written by\" \/>\n\t<meta name=\"twitter:data1\" content=\"nedim\" \/>\n\t<meta name=\"twitter:label2\" content=\"Est. reading time\" \/>\n\t<meta name=\"twitter:data2\" content=\"2 minute\" \/>\n<script type=\"application\/ld+json\" class=\"yoast-schema-graph\">{\"@context\":\"https:\/\/schema.org\",\"@graph\":[{\"@type\":\"Article\",\"@id\":\"https:\/\/tuzlainfo.ba\/index.php\/novosti\/item\/198069-video-teren-stadiona-tusanj-napokon-u-novom-ruhu-uskoro-i-prve-utakmice\/#article\",\"isPartOf\":{\"@id\":\"https:\/\/tuzlainfo.ba\/index.php\/novosti\/item\/198069-video-teren-stadiona-tusanj-napokon-u-novom-ruhu-uskoro-i-prve-utakmice\/\"},\"author\":{\"name\":\"nedim\",\"@id\":\"https:\/\/tuzlainfo.ba\/#\/schema\/person\/f434e20dc27ea133923aab08451b7f7f\"},\"headline\":\"VIDEO \/ Teren stadiona Tu\u0161anj napokon u novom ruhu, uskoro i prve utakmice\",\"datePublished\":\"2023-02-23T10:10:13+00:00\",\"dateModified\":\"2023-02-23T14:00:20+00:00\",\"mainEntityOfPage\":{\"@id\":\"https:\/\/tuzlainfo.ba\/index.php\/novosti\/item\/198069-video-teren-stadiona-tusanj-napokon-u-novom-ruhu-uskoro-i-prve-utakmice\/\"},\"wordCount\":314,\"commentCount\":0,\"publisher\":{\"@id\":\"https:\/\/tuzlainfo.ba\/#organization\"},\"image\":{\"@id\":\"https:\/\/tuzlainfo.ba\/index.php\/novosti\/item\/198069-video-teren-stadiona-tusanj-napokon-u-novom-ruhu-uskoro-i-prve-utakmice\/#primaryimage\"},\"thumbnailUrl\":\"https:\/\/tuzlainfo.ba\/wp-content\/uploads\/2023\/02\/2302_tusanj-4.jpg\",\"keywords\":[\"dronos.ba\",\"stadion tu\u0161anj\",\"travnjak\"],\"articleSection\":[\"Istaknuto\",\"Novosti\",\"Preporu\u010dujemo\"],\"inLanguage\":\"bs-BA\"},{\"@type\":\"WebPage\",\"@id\":\"https:\/\/tuzlainfo.ba\/index.php\/novosti\/item\/198069-video-teren-stadiona-tusanj-napokon-u-novom-ruhu-uskoro-i-prve-utakmice\/\",\"url\":\"https:\/\/tuzlainfo.ba\/index.php\/novosti\/item\/198069-video-teren-stadiona-tusanj-napokon-u-novom-ruhu-uskoro-i-prve-utakmice\/\",\"name\":\"VIDEO \/ Teren stadiona Tu\u0161anj napokon u novom ruhu, uskoro i prve utakmice - TuzlaInfo.ba\",\"isPartOf\":{\"@id\":\"https:\/\/tuzlainfo.ba\/#website\"},\"primaryImageOfPage\":{\"@id\":\"https:\/\/tuzlainfo.ba\/index.php\/novosti\/item\/198069-video-teren-stadiona-tusanj-napokon-u-novom-ruhu-uskoro-i-prve-utakmice\/#primaryimage\"},\"image\":{\"@id\":\"https:\/\/tuzlainfo.ba\/index.php\/novosti\/item\/198069-video-teren-stadiona-tusanj-napokon-u-novom-ruhu-uskoro-i-prve-utakmice\/#primaryimage\"},\"thumbnailUrl\":\"https:\/\/tuzlainfo.ba\/wp-content\/uploads\/2023\/02\/2302_tusanj-4.jpg\",\"datePublished\":\"2023-02-23T10:10:13+00:00\",\"dateModified\":\"2023-02-23T14:00:20+00:00\",\"breadcrumb\":{\"@id\":\"https:\/\/tuzlainfo.ba\/index.php\/novosti\/item\/198069-video-teren-stadiona-tusanj-napokon-u-novom-ruhu-uskoro-i-prve-utakmice\/#breadcrumb\"},\"inLanguage\":\"bs-BA\",\"potentialAction\":[{\"@type\":\"ReadAction\",\"target\":[\"https:\/\/tuzlainfo.ba\/index.php\/novosti\/item\/198069-video-teren-stadiona-tusanj-napokon-u-novom-ruhu-uskoro-i-prve-utakmice\/\"]}]},{\"@type\":\"ImageObject\",\"inLanguage\":\"bs-BA\",\"@id\":\"https:\/\/tuzlainfo.ba\/index.php\/novosti\/item\/198069-video-teren-stadiona-tusanj-napokon-u-novom-ruhu-uskoro-i-prve-utakmice\/#primaryimage\",\"url\":\"https:\/\/tuzlainfo.ba\/wp-content\/uploads\/2023\/02\/2302_tusanj-4.jpg\",\"contentUrl\":\"https:\/\/tuzlainfo.ba\/wp-content\/uploads\/2023\/02\/2302_tusanj-4.jpg\",\"width\":1000,\"height\":549,\"caption\":\"Foto: Stadion Tuu\u0161anj , Foto: Dronos.ba\/Tuzlainfo.ba\"},{\"@type\":\"BreadcrumbList\",\"@id\":\"https:\/\/tuzlainfo.ba\/index.php\/novosti\/item\/198069-video-teren-stadiona-tusanj-napokon-u-novom-ruhu-uskoro-i-prve-utakmice\/#breadcrumb\",\"itemListElement\":[{\"@type\":\"ListItem\",\"position\":1,\"name\":\"Home\",\"item\":\"https:\/\/tuzlainfo.ba\/\"},{\"@type\":\"ListItem\",\"position\":2,\"name\":\"VIDEO \/ Teren stadiona Tu\u0161anj napokon u novom ruhu, uskoro i prve utakmice\"}]},{\"@type\":\"WebSite\",\"@id\":\"https:\/\/tuzlainfo.ba\/#website\",\"url\":\"https:\/\/tuzlainfo.ba\/\",\"name\":\"TuzlaInfo.ba\",\"description\":\"Tuzla info, gradski informator - Tuzla na dlanu\",\"publisher\":{\"@id\":\"https:\/\/tuzlainfo.ba\/#organization\"},\"potentialAction\":[{\"@type\":\"SearchAction\",\"target\":{\"@type\":\"EntryPoint\",\"urlTemplate\":\"https:\/\/tuzlainfo.ba\/?s={search_term_string}\"},\"query-input\":{\"@type\":\"PropertyValueSpecification\",\"valueRequired\":true,\"valueName\":\"search_term_string\"}}],\"inLanguage\":\"bs-BA\"},{\"@type\":\"Organization\",\"@id\":\"https:\/\/tuzlainfo.ba\/#organization\",\"name\":\"TuzlaInfo.ba\",\"url\":\"https:\/\/tuzlainfo.ba\/\",\"logo\":{\"@type\":\"ImageObject\",\"inLanguage\":\"bs-BA\",\"@id\":\"https:\/\/tuzlainfo.ba\/#\/schema\/logo\/image\/\",\"url\":\"https:\/\/tuzlainfo.ba\/wp-content\/uploads\/2021\/03\/logo-ver-3-1.png\",\"contentUrl\":\"https:\/\/tuzlainfo.ba\/wp-content\/uploads\/2021\/03\/logo-ver-3-1.png\",\"width\":350,\"height\":95,\"caption\":\"TuzlaInfo.ba\"},\"image\":{\"@id\":\"https:\/\/tuzlainfo.ba\/#\/schema\/logo\/image\/\"},\"sameAs\":[\"https:\/\/www.facebook.com\/tuzlainfo.ba\/\"]},{\"@type\":\"Person\",\"@id\":\"https:\/\/tuzlainfo.ba\/#\/schema\/person\/f434e20dc27ea133923aab08451b7f7f\",\"name\":\"nedim\",\"image\":{\"@type\":\"ImageObject\",\"inLanguage\":\"bs-BA\",\"@id\":\"https:\/\/tuzlainfo.ba\/#\/schema\/person\/image\/\",\"url\":\"https:\/\/tuzlainfo.ba\/wp-content\/litespeed\/avatar\/aabad687af24844af817603ac1cbdc4f.jpg?ver=1776702173\",\"contentUrl\":\"https:\/\/tuzlainfo.ba\/wp-content\/litespeed\/avatar\/aabad687af24844af817603ac1cbdc4f.jpg?ver=1776702173\",\"caption\":\"nedim\"},\"description\":\"Tuzlainfo.ba pratite na dru\u0161tvenim mre\u017eama: Facebook, Instagram i Youtube. Svoje pri\u010de, upite i fotografije \u0161aljite na na\u0161u e-mail adresu.\"}]}<\/script>\n<!-- \/ Yoast SEO plugin. -->","yoast_head_json":{"title":"VIDEO \/ Teren stadiona Tu\u0161anj napokon u novom ruhu, uskoro i prve utakmice - TuzlaInfo.ba","robots":{"index":"index","follow":"follow","max-snippet":"max-snippet:-1","max-image-preview":"max-image-preview:large","max-video-preview":"max-video-preview:-1"},"canonical":"https:\/\/tuzlainfo.ba\/index.php\/novosti\/item\/198069-video-teren-stadiona-tusanj-napokon-u-novom-ruhu-uskoro-i-prve-utakmice\/","og_locale":"bs_BA","og_type":"article","og_title":"VIDEO \/ Teren stadiona Tu\u0161anj napokon u novom ruhu, uskoro i prve utakmice - TuzlaInfo.ba","og_description":"Radovi na rekonstrukciji terena stasiona Tu\u0161anj, koji su po\u010deli u julu 2022. godine, trebali su&hellip;","og_url":"https:\/\/tuzlainfo.ba\/index.php\/novosti\/item\/198069-video-teren-stadiona-tusanj-napokon-u-novom-ruhu-uskoro-i-prve-utakmice\/","og_site_name":"TuzlaInfo.ba","article_publisher":"https:\/\/www.facebook.com\/tuzlainfo.ba\/","article_published_time":"2023-02-23T10:10:13+00:00","article_modified_time":"2023-02-23T14:00:20+00:00","og_image":[{"width":1000,"height":549,"url":"https:\/\/tuzlainfo.ba\/wp-content\/uploads\/2023\/02\/2302_tusanj-4.jpg","type":"image\/jpeg"}],"author":"nedim","twitter_card":"summary_large_image","twitter_misc":{"Written by":"nedim","Est. reading time":"2 minute"},"schema":{"@context":"https:\/\/schema.org","@graph":[{"@type":"Article","@id":"https:\/\/tuzlainfo.ba\/index.php\/novosti\/item\/198069-video-teren-stadiona-tusanj-napokon-u-novom-ruhu-uskoro-i-prve-utakmice\/#article","isPartOf":{"@id":"https:\/\/tuzlainfo.ba\/index.php\/novosti\/item\/198069-video-teren-stadiona-tusanj-napokon-u-novom-ruhu-uskoro-i-prve-utakmice\/"},"author":{"name":"nedim","@id":"https:\/\/tuzlainfo.ba\/#\/schema\/person\/f434e20dc27ea133923aab08451b7f7f"},"headline":"VIDEO \/ Teren stadiona Tu\u0161anj napokon u novom ruhu, uskoro i prve utakmice","datePublished":"2023-02-23T10:10:13+00:00","dateModified":"2023-02-23T14:00:20+00:00","mainEntityOfPage":{"@id":"https:\/\/tuzlainfo.ba\/index.php\/novosti\/item\/198069-video-teren-stadiona-tusanj-napokon-u-novom-ruhu-uskoro-i-prve-utakmice\/"},"wordCount":314,"commentCount":0,"publisher":{"@id":"https:\/\/tuzlainfo.ba\/#organization"},"image":{"@id":"https:\/\/tuzlainfo.ba\/index.php\/novosti\/item\/198069-video-teren-stadiona-tusanj-napokon-u-novom-ruhu-uskoro-i-prve-utakmice\/#primaryimage"},"thumbnailUrl":"https:\/\/tuzlainfo.ba\/wp-content\/uploads\/2023\/02\/2302_tusanj-4.jpg","keywords":["dronos.ba","stadion tu\u0161anj","travnjak"],"articleSection":["Istaknuto","Novosti","Preporu\u010dujemo"],"inLanguage":"bs-BA"},{"@type":"WebPage","@id":"https:\/\/tuzlainfo.ba\/index.php\/novosti\/item\/198069-video-teren-stadiona-tusanj-napokon-u-novom-ruhu-uskoro-i-prve-utakmice\/","url":"https:\/\/tuzlainfo.ba\/index.php\/novosti\/item\/198069-video-teren-stadiona-tusanj-napokon-u-novom-ruhu-uskoro-i-prve-utakmice\/","name":"VIDEO \/ Teren stadiona Tu\u0161anj napokon u novom ruhu, uskoro i prve utakmice - TuzlaInfo.ba","isPartOf":{"@id":"https:\/\/tuzlainfo.ba\/#website"},"primaryImageOfPage":{"@id":"https:\/\/tuzlainfo.ba\/index.php\/novosti\/item\/198069-video-teren-stadiona-tusanj-napokon-u-novom-ruhu-uskoro-i-prve-utakmice\/#primaryimage"},"image":{"@id":"https:\/\/tuzlainfo.ba\/index.php\/novosti\/item\/198069-video-teren-stadiona-tusanj-napokon-u-novom-ruhu-uskoro-i-prve-utakmice\/#primaryimage"},"thumbnailUrl":"https:\/\/tuzlainfo.ba\/wp-content\/uploads\/2023\/02\/2302_tusanj-4.jpg","datePublished":"2023-02-23T10:10:13+00:00","dateModified":"2023-02-23T14:00:20+00:00","breadcrumb":{"@id":"https:\/\/tuzlainfo.ba\/index.php\/novosti\/item\/198069-video-teren-stadiona-tusanj-napokon-u-novom-ruhu-uskoro-i-prve-utakmice\/#breadcrumb"},"inLanguage":"bs-BA","potentialAction":[{"@type":"ReadAction","target":["https:\/\/tuzlainfo.ba\/index.php\/novosti\/item\/198069-video-teren-stadiona-tusanj-napokon-u-novom-ruhu-uskoro-i-prve-utakmice\/"]}]},{"@type":"ImageObject","inLanguage":"bs-BA","@id":"https:\/\/tuzlainfo.ba\/index.php\/novosti\/item\/198069-video-teren-stadiona-tusanj-napokon-u-novom-ruhu-uskoro-i-prve-utakmice\/#primaryimage","url":"https:\/\/tuzlainfo.ba\/wp-content\/uploads\/2023\/02\/2302_tusanj-4.jpg","contentUrl":"https:\/\/tuzlainfo.ba\/wp-content\/uploads\/2023\/02\/2302_tusanj-4.jpg","width":1000,"height":549,"caption":"Foto: Stadion Tuu\u0161anj , Foto: Dronos.ba\/Tuzlainfo.ba"},{"@type":"BreadcrumbList","@id":"https:\/\/tuzlainfo.ba\/index.php\/novosti\/item\/198069-video-teren-stadiona-tusanj-napokon-u-novom-ruhu-uskoro-i-prve-utakmice\/#breadcrumb","itemListElement":[{"@type":"ListItem","position":1,"name":"Home","item":"https:\/\/tuzlainfo.ba\/"},{"@type":"ListItem","position":2,"name":"VIDEO \/ Teren stadiona Tu\u0161anj napokon u novom ruhu, uskoro i prve utakmice"}]},{"@type":"WebSite","@id":"https:\/\/tuzlainfo.ba\/#website","url":"https:\/\/tuzlainfo.ba\/","name":"TuzlaInfo.ba","description":"Tuzla info, gradski informator - Tuzla na dlanu","publisher":{"@id":"https:\/\/tuzlainfo.ba\/#organization"},"potentialAction":[{"@type":"SearchAction","target":{"@type":"EntryPoint","urlTemplate":"https:\/\/tuzlainfo.ba\/?s={search_term_string}"},"query-input":{"@type":"PropertyValueSpecification","valueRequired":true,"valueName":"search_term_string"}}],"inLanguage":"bs-BA"},{"@type":"Organization","@id":"https:\/\/tuzlainfo.ba\/#organization","name":"TuzlaInfo.ba","url":"https:\/\/tuzlainfo.ba\/","logo":{"@type":"ImageObject","inLanguage":"bs-BA","@id":"https:\/\/tuzlainfo.ba\/#\/schema\/logo\/image\/","url":"https:\/\/tuzlainfo.ba\/wp-content\/uploads\/2021\/03\/logo-ver-3-1.png","contentUrl":"https:\/\/tuzlainfo.ba\/wp-content\/uploads\/2021\/03\/logo-ver-3-1.png","width":350,"height":95,"caption":"TuzlaInfo.ba"},"image":{"@id":"https:\/\/tuzlainfo.ba\/#\/schema\/logo\/image\/"},"sameAs":["https:\/\/www.facebook.com\/tuzlainfo.ba\/"]},{"@type":"Person","@id":"https:\/\/tuzlainfo.ba\/#\/schema\/person\/f434e20dc27ea133923aab08451b7f7f","name":"nedim","image":{"@type":"ImageObject","inLanguage":"bs-BA","@id":"https:\/\/tuzlainfo.ba\/#\/schema\/person\/image\/","url":"https:\/\/tuzlainfo.ba\/wp-content\/litespeed\/avatar\/aabad687af24844af817603ac1cbdc4f.jpg?ver=1776702173","contentUrl":"https:\/\/tuzlainfo.ba\/wp-content\/litespeed\/avatar\/aabad687af24844af817603ac1cbdc4f.jpg?ver=1776702173","caption":"nedim"},"description":"Tuzlainfo.ba pratite na dru\u0161tvenim mre\u017eama: Facebook, Instagram i Youtube. Svoje pri\u010de, upite i fotografije \u0161aljite na na\u0161u e-mail adresu."}]}},"_links":{"self":[{"href":"https:\/\/tuzlainfo.ba\/index.php\/wp-json\/wp\/v2\/posts\/198069"}],"collection":[{"href":"https:\/\/tuzlainfo.ba\/index.php\/wp-json\/wp\/v2\/posts"}],"about":[{"href":"https:\/\/tuzlainfo.ba\/index.php\/wp-json\/wp\/v2\/types\/post"}],"author":[{"embeddable":true,"href":"https:\/\/tuzlainfo.ba\/index.php\/wp-json\/wp\/v2\/users\/2"}],"replies":[{"embeddable":true,"href":"https:\/\/tuzlainfo.ba\/index.php\/wp-json\/wp\/v2\/comments?post=198069"}],"version-history":[{"count":0,"href":"https:\/\/tuzlainfo.ba\/index.php\/wp-json\/wp\/v2\/posts\/198069\/revisions"}],"wp:featuredmedia":[{"embeddable":true,"href":"https:\/\/tuzlainfo.ba\/index.php\/wp-json\/wp\/v2\/media\/198073"}],"wp:attachment":[{"href":"https:\/\/tuzlainfo.ba\/index.php\/wp-json\/wp\/v2\/media?parent=198069"}],"wp:term":[{"taxonomy":"category","embeddable":true,"href":"https:\/\/tuzlainfo.ba\/index.php\/wp-json\/wp\/v2\/categories?post=198069"},{"taxonomy":"post_tag","embeddable":true,"href":"https:\/\/tuzlainfo.ba\/index.php\/wp-json\/wp\/v2\/tags?post=198069"}],"curies":[{"name":"wp","href":"https:\/\/api.w.org\/{rel}","templated":true}]}}