{"id":197982,"date":"2023-02-22T13:49:02","date_gmt":"2023-02-22T12:49:02","guid":{"rendered":"https:\/\/tuzlainfo.ba\/?p=197982"},"modified":"2023-02-22T13:29:53","modified_gmt":"2023-02-22T12:29:53","slug":"premijer-halilagic-uprilicio-prijem-za-ekipu-spasilaca-koji-su-bili-dio-bh-tima-u-turskoj","status":"publish","type":"post","link":"https:\/\/tuzlainfo.ba\/index.php\/novosti\/item\/197982-premijer-halilagic-uprilicio-prijem-za-ekipu-spasilaca-koji-su-bili-dio-bh-tima-u-turskoj\/","title":{"rendered":"Premijer Halilagi\u0107 uprili\u010dio prijem za ekipu spasilaca koji su bili dio bh. tima u Turskoj"},"content":{"rendered":"<p>\u201eHvala vam za izuzetan profesionalizam, hvala za po\u017ertvovanost, za hrabrost i veliko srce koje ste pokazali. Hvala vam \u0161to ste u ovo te\u0161ko vrijeme u kojem se trenutno nalaze Turska i Sirija na najbolji na\u010din predstavili Bosnu i Hercegovinu i Tuzlanski kanton. Ponosni smo na sve vas\u201c, kazao je danas premijer Tuzlanskog kantona Irfan Halilagi\u0107 na prijemu kojeg je uprili\u010dio za \u010dlanove spasila\u010dkih slu\u017ebi sa podru\u010dja na\u0161eg kantona, a koji su u okvirima cjelovitog tima iz Federacije Bosne i Hercegovine pomagali u spasila\u010dkim akcijama nakon zemljotresa u Turskoj i Siriji.<\/p>\n<p>Podsje\u0107amo \u010dlanovi vatrogasnih jedinica, gorske slu\u017ebe spa\u0161avanja i civilne za\u0161tite sa podru\u010dja Tuzlanskog kantona dobrovoljno su se prijavili i odmah nakon zemljotresa otputovali pru\u017eiti pomo\u0107 u traganju za pre\u017eivjelima.<\/p>\n<p>\u201eIskustva ovih ljudi sa terena iz Turske nam ukazuju da ovakve situacije, iako su se desile relativno daleko, tjeraju nas da otvorimo neka pitanja i pomnije sagledamo situaciju i na\u0161e kapacitete u oblasti za\u0161tite i spa\u0161avanja u Tuzlanskom kantonu. Vlada Tuzlanskog kantona tu stoji na dispoziciji i spremni smo ulo\u017eiti dodatne napore kako bismo stanje u ovoj oblasti zna\u010dajno unaprijedili\u201c, kazao je premijer Halilagi\u0107.<\/p>\n<p>Dana\u0161njem prijemu zbog opravdanih razloga nisu mogli prisustvovati svi \u010dlanovi spasila\u010dke misije, ali su njihove kolege poku\u0161ale do\u010darati stanje koje su zatekli i ulogu koju su ostvarili u Turskoj.<\/p>\n<p>\u201ePo na\u0161em dolasku u Tursku zatekli smo i mnogo ja\u010de i ve\u0107e zemlje od Bosne i Hercegovine. Oprema koju su oni posjedovali, u odnosu na opremu s kojom smo mi tamo do\u0161li je impozantna. Bez obzira na svu tu njihovu opremljenost na\u0161i \u010dlanovi tamo su radili 24 sata dnevno. Imali smo timovi koji su konstantno, u koordinaciji sa AFAD-om, bili na terenu. Bili smo jedina zemlja koja je do\u0161la u Tursku i ponudila 24-osatnu pomo\u0107. I zaista smo 24 sata bili na terenu i niti jednom nismo postavili pitanje kada akcija spasavanja prestaje. Na\u0161a jedina misao je bila da budemo tamo i da pru\u017eimo 300% na\u0161ih mogu\u0107nosti. Tursku smo napustili tek onda kada je AFAD odlu\u010dio da se prekidaju akcije spa\u0161avanja. Posljednja smo dr\u017eava koja je napustila Tursku i nevjerovatne su scene na\u0161eg ispra\u0107aja iz regije, gdje ljudi\u00a0 zahvaljuju na doprinosu kojeg ste dali\u201c, ukratko je poku\u0161ala objasniti svoje utiske iz Turske \u010dlanica Federalne uprave civilne za\u0161tite Sandra Musi\u0107.<\/p>\n<p>\u201eDana\u0161nji sastanak dodatno je akcentirao neophodnost ja\u010danja postoje\u0107ih i formiranja dodatnih specijaliziranih jedinica za\u0161tite i spa\u0161avanja. Na nivou Tuzlanskog kantona Kantonalna uprava civilne za\u0161tite \u0107e, uz podr\u0161ku vlade raditi na formiranju ekspertnih timova na kantonalnom nivou, te u koordinaciji sa Federalnom upravom civilne za\u0161tite, formiranju centra za obuku. Time bismo ljude, eksperte za pojedine oblasti, koje ve\u0107 imamo maksimalno iskoristili i njihovo znanje prenijeli na nove generacije, te pro\u0161irili na\u0161e kapacitete\u201c, kazao je direktor Kantonalne uprave civilne za\u0161tite Mirza D\u017einovi\u0107.<\/p>\n<p>U narednom periodu o\u010dekuje se da u Turskoj na teren u\u0111e te\u0161ka mehanizacija i zapo\u010dne ra\u0161\u010di\u0161\u0107avanje potpuno razru\u0161enog podru\u010dja. Isti\u010du da se u uklanjanju ru\u0161evina i dalje mora voditi ra\u010duna da se uklanja sloj po sloj u slu\u010daju da se dogodi \u010dudo da je netko i dalje \u017eiv pod ru\u0161evinama.<\/p>\n","protected":false},"excerpt":{"rendered":"<p>\u201eHvala vam za izuzetan profesionalizam, hvala za po\u017ertvovanost, za hrabrost i veliko srce koje ste pokazali. Hvala vam \u0161to ste u ovo te\u0161ko vrijeme u kojem se trenutno nalaze Turska i Sirija na najbolji na\u010din predstavili Bosnu i Hercegovinu i Tuzlanski kanton. Ponosni smo na sve vas\u201c, kazao je danas premijer Tuzlanskog kantona Irfan Halilagi\u0107 [&hellip;]<\/p>\n","protected":false},"author":2,"featured_media":197983,"comment_status":"open","ping_status":"closed","sticky":false,"template":"","format":"standard","meta":{"footnotes":""},"categories":[304,12],"tags":[876,5140,336],"class_list":["post-197982","post","type-post","status-publish","format-standard","has-post-thumbnail","hentry","category-istaknuto","category-novosti","tag-gss","tag-spasioci","tag-vlada-tk"],"yoast_head":"<!-- This site is optimized with the Yoast SEO plugin v28.3 - https:\/\/yoast.com\/product\/yoast-seo-wordpress\/ -->\n<title>Premijer Halilagi\u0107 uprili\u010dio prijem za ekipu spasilaca koji su bili dio bh. tima u Turskoj<\/title>\n<meta name=\"robots\" content=\"index, follow, max-snippet:-1, max-image-preview:large, max-video-preview:-1\" \/>\n<link rel=\"canonical\" href=\"https:\/\/tuzlainfo.ba\/index.php\/novosti\/item\/197982-premijer-halilagic-uprilicio-prijem-za-ekipu-spasilaca-koji-su-bili-dio-bh-tima-u-turskoj\/\" \/>\n<meta property=\"og:locale\" content=\"bs_BA\" \/>\n<meta property=\"og:type\" content=\"article\" \/>\n<meta property=\"og:title\" content=\"Premijer Halilagi\u0107 uprili\u010dio prijem za ekipu spasilaca koji su bili dio bh. tima u Turskoj\" \/>\n<meta property=\"og:description\" content=\"\u201eHvala vam za izuzetan profesionalizam, hvala za po\u017ertvovanost, za hrabrost i veliko srce koje ste pokazali. Hvala vam \u0161to ste u ovo te\u0161ko vrijeme u kojem se trenutno nalaze Turska i Sirija na najbolji na\u010din predstavili Bosnu i Hercegovinu i Tuzlanski kanton. Ponosni smo na sve vas\u201c, kazao je danas premijer Tuzlanskog kantona Irfan Halilagi\u0107 [&hellip;]\" \/>\n<meta property=\"og:url\" content=\"https:\/\/tuzlainfo.ba\/index.php\/novosti\/item\/197982-premijer-halilagic-uprilicio-prijem-za-ekipu-spasilaca-koji-su-bili-dio-bh-tima-u-turskoj\/\" \/>\n<meta property=\"og:site_name\" content=\"TuzlaInfo.ba\" \/>\n<meta property=\"article:publisher\" content=\"https:\/\/www.facebook.com\/tuzlainfo.ba\/\" \/>\n<meta property=\"article:published_time\" content=\"2023-02-22T12:49:02+00:00\" \/>\n<meta property=\"og:image\" content=\"https:\/\/tuzlainfo.ba\/wp-content\/uploads\/2023\/02\/2202_prijem_spasioci.jpg\" \/>\n\t<meta property=\"og:image:width\" content=\"800\" \/>\n\t<meta property=\"og:image:height\" content=\"471\" \/>\n\t<meta property=\"og:image:type\" content=\"image\/jpeg\" \/>\n<meta name=\"author\" content=\"nedim\" \/>\n<meta name=\"twitter:card\" content=\"summary_large_image\" \/>\n<meta name=\"twitter:label1\" content=\"Written by\" \/>\n\t<meta name=\"twitter:data1\" content=\"nedim\" \/>\n\t<meta name=\"twitter:label2\" content=\"Est. reading time\" \/>\n\t<meta name=\"twitter:data2\" content=\"3 minute\" \/>\n<script type=\"application\/ld+json\" class=\"yoast-schema-graph\">{\"@context\":\"https:\\\/\\\/schema.org\",\"@graph\":[{\"@type\":\"Article\",\"@id\":\"https:\\\/\\\/tuzlainfo.ba\\\/index.php\\\/novosti\\\/item\\\/197982-premijer-halilagic-uprilicio-prijem-za-ekipu-spasilaca-koji-su-bili-dio-bh-tima-u-turskoj\\\/#article\",\"isPartOf\":{\"@id\":\"https:\\\/\\\/tuzlainfo.ba\\\/index.php\\\/novosti\\\/item\\\/197982-premijer-halilagic-uprilicio-prijem-za-ekipu-spasilaca-koji-su-bili-dio-bh-tima-u-turskoj\\\/\"},\"author\":{\"name\":\"nedim\",\"@id\":\"https:\\\/\\\/tuzlainfo.ba\\\/#\\\/schema\\\/person\\\/f434e20dc27ea133923aab08451b7f7f\"},\"headline\":\"Premijer Halilagi\u0107 uprili\u010dio prijem za ekipu spasilaca koji su bili dio bh. tima u Turskoj\",\"datePublished\":\"2023-02-22T12:49:02+00:00\",\"mainEntityOfPage\":{\"@id\":\"https:\\\/\\\/tuzlainfo.ba\\\/index.php\\\/novosti\\\/item\\\/197982-premijer-halilagic-uprilicio-prijem-za-ekipu-spasilaca-koji-su-bili-dio-bh-tima-u-turskoj\\\/\"},\"wordCount\":581,\"commentCount\":0,\"publisher\":{\"@id\":\"https:\\\/\\\/tuzlainfo.ba\\\/#organization\"},\"image\":{\"@id\":\"https:\\\/\\\/tuzlainfo.ba\\\/index.php\\\/novosti\\\/item\\\/197982-premijer-halilagic-uprilicio-prijem-za-ekipu-spasilaca-koji-su-bili-dio-bh-tima-u-turskoj\\\/#primaryimage\"},\"thumbnailUrl\":\"https:\\\/\\\/tuzlainfo.ba\\\/wp-content\\\/uploads\\\/2023\\\/02\\\/2202_prijem_spasioci.jpg\",\"keywords\":[\"GSS\",\"Spasioci\",\"vlada tk\"],\"articleSection\":[\"Istaknuto\",\"Novosti\"],\"inLanguage\":\"bs-BA\",\"copyrightYear\":\"2023\",\"copyrightHolder\":{\"@id\":\"https:\\\/\\\/tuzlainfo.ba\\\/#organization\"}},{\"@type\":\"WebPage\",\"@id\":\"https:\\\/\\\/tuzlainfo.ba\\\/index.php\\\/novosti\\\/item\\\/197982-premijer-halilagic-uprilicio-prijem-za-ekipu-spasilaca-koji-su-bili-dio-bh-tima-u-turskoj\\\/\",\"url\":\"https:\\\/\\\/tuzlainfo.ba\\\/index.php\\\/novosti\\\/item\\\/197982-premijer-halilagic-uprilicio-prijem-za-ekipu-spasilaca-koji-su-bili-dio-bh-tima-u-turskoj\\\/\",\"name\":\"Premijer Halilagi\u0107 uprili\u010dio prijem za ekipu spasilaca koji su bili dio bh. tima u Turskoj\",\"isPartOf\":{\"@id\":\"https:\\\/\\\/tuzlainfo.ba\\\/#website\"},\"primaryImageOfPage\":{\"@id\":\"https:\\\/\\\/tuzlainfo.ba\\\/index.php\\\/novosti\\\/item\\\/197982-premijer-halilagic-uprilicio-prijem-za-ekipu-spasilaca-koji-su-bili-dio-bh-tima-u-turskoj\\\/#primaryimage\"},\"image\":{\"@id\":\"https:\\\/\\\/tuzlainfo.ba\\\/index.php\\\/novosti\\\/item\\\/197982-premijer-halilagic-uprilicio-prijem-za-ekipu-spasilaca-koji-su-bili-dio-bh-tima-u-turskoj\\\/#primaryimage\"},\"thumbnailUrl\":\"https:\\\/\\\/tuzlainfo.ba\\\/wp-content\\\/uploads\\\/2023\\\/02\\\/2202_prijem_spasioci.jpg\",\"datePublished\":\"2023-02-22T12:49:02+00:00\",\"breadcrumb\":{\"@id\":\"https:\\\/\\\/tuzlainfo.ba\\\/index.php\\\/novosti\\\/item\\\/197982-premijer-halilagic-uprilicio-prijem-za-ekipu-spasilaca-koji-su-bili-dio-bh-tima-u-turskoj\\\/#breadcrumb\"},\"inLanguage\":\"bs-BA\",\"potentialAction\":[{\"@type\":\"ReadAction\",\"target\":[\"https:\\\/\\\/tuzlainfo.ba\\\/index.php\\\/novosti\\\/item\\\/197982-premijer-halilagic-uprilicio-prijem-za-ekipu-spasilaca-koji-su-bili-dio-bh-tima-u-turskoj\\\/\"]}]},{\"@type\":\"ImageObject\",\"inLanguage\":\"bs-BA\",\"@id\":\"https:\\\/\\\/tuzlainfo.ba\\\/index.php\\\/novosti\\\/item\\\/197982-premijer-halilagic-uprilicio-prijem-za-ekipu-spasilaca-koji-su-bili-dio-bh-tima-u-turskoj\\\/#primaryimage\",\"url\":\"https:\\\/\\\/tuzlainfo.ba\\\/wp-content\\\/uploads\\\/2023\\\/02\\\/2202_prijem_spasioci.jpg\",\"contentUrl\":\"https:\\\/\\\/tuzlainfo.ba\\\/wp-content\\\/uploads\\\/2023\\\/02\\\/2202_prijem_spasioci.jpg\",\"width\":800,\"height\":471},{\"@type\":\"BreadcrumbList\",\"@id\":\"https:\\\/\\\/tuzlainfo.ba\\\/index.php\\\/novosti\\\/item\\\/197982-premijer-halilagic-uprilicio-prijem-za-ekipu-spasilaca-koji-su-bili-dio-bh-tima-u-turskoj\\\/#breadcrumb\",\"itemListElement\":[{\"@type\":\"ListItem\",\"position\":1,\"name\":\"Home\",\"item\":\"https:\\\/\\\/tuzlainfo.ba\\\/\"},{\"@type\":\"ListItem\",\"position\":2,\"name\":\"Premijer Halilagi\u0107 uprili\u010dio prijem za ekipu spasilaca koji su bili dio bh. tima u Turskoj\"}]},{\"@type\":\"WebSite\",\"@id\":\"https:\\\/\\\/tuzlainfo.ba\\\/#website\",\"url\":\"https:\\\/\\\/tuzlainfo.ba\\\/\",\"name\":\"TuzlaInfo.ba\",\"description\":\"Tuzla info, gradski informator - Tuzla na dlanu\",\"publisher\":{\"@id\":\"https:\\\/\\\/tuzlainfo.ba\\\/#organization\"},\"potentialAction\":[{\"@type\":\"SearchAction\",\"target\":{\"@type\":\"EntryPoint\",\"urlTemplate\":\"https:\\\/\\\/tuzlainfo.ba\\\/?s={search_term_string}\"},\"query-input\":{\"@type\":\"PropertyValueSpecification\",\"valueRequired\":true,\"valueName\":\"search_term_string\"}}],\"inLanguage\":\"bs-BA\"},{\"@type\":\"Organization\",\"@id\":\"https:\\\/\\\/tuzlainfo.ba\\\/#organization\",\"name\":\"TuzlaInfo.ba\",\"url\":\"https:\\\/\\\/tuzlainfo.ba\\\/\",\"logo\":{\"@type\":\"ImageObject\",\"inLanguage\":\"bs-BA\",\"@id\":\"https:\\\/\\\/tuzlainfo.ba\\\/#\\\/schema\\\/logo\\\/image\\\/\",\"url\":\"https:\\\/\\\/tuzlainfo.ba\\\/wp-content\\\/uploads\\\/2021\\\/03\\\/logo-ver-3-1.png\",\"contentUrl\":\"https:\\\/\\\/tuzlainfo.ba\\\/wp-content\\\/uploads\\\/2021\\\/03\\\/logo-ver-3-1.png\",\"width\":350,\"height\":95,\"caption\":\"TuzlaInfo.ba\"},\"image\":{\"@id\":\"https:\\\/\\\/tuzlainfo.ba\\\/#\\\/schema\\\/logo\\\/image\\\/\"},\"sameAs\":[\"https:\\\/\\\/www.facebook.com\\\/tuzlainfo.ba\\\/\"]},{\"@type\":\"Person\",\"@id\":\"https:\\\/\\\/tuzlainfo.ba\\\/#\\\/schema\\\/person\\\/f434e20dc27ea133923aab08451b7f7f\",\"name\":\"nedim\",\"image\":{\"@type\":\"ImageObject\",\"inLanguage\":\"bs-BA\",\"@id\":\"https:\\\/\\\/secure.gravatar.com\\\/avatar\\\/5b928a2e7e70a54208d2eb6c1edcb75a5350d6ae97d5f0a701203d456823f6f3?s=96&d=mm&r=g\",\"url\":\"https:\\\/\\\/secure.gravatar.com\\\/avatar\\\/5b928a2e7e70a54208d2eb6c1edcb75a5350d6ae97d5f0a701203d456823f6f3?s=96&d=mm&r=g\",\"contentUrl\":\"https:\\\/\\\/secure.gravatar.com\\\/avatar\\\/5b928a2e7e70a54208d2eb6c1edcb75a5350d6ae97d5f0a701203d456823f6f3?s=96&d=mm&r=g\",\"caption\":\"nedim\"},\"description\":\"Tuzlainfo.ba pratite na dru\u0161tvenim mre\u017eama: Facebook, Instagram i Youtube. Svoje pri\u010de, upite i fotografije \u0161aljite na na\u0161u e-mail adresu.\"}]}<\/script>\n<!-- \/ Yoast SEO plugin. -->","yoast_head_json":{"title":"Premijer Halilagi\u0107 uprili\u010dio prijem za ekipu spasilaca koji su bili dio bh. tima u Turskoj","robots":{"index":"index","follow":"follow","max-snippet":"max-snippet:-1","max-image-preview":"max-image-preview:large","max-video-preview":"max-video-preview:-1"},"canonical":"https:\/\/tuzlainfo.ba\/index.php\/novosti\/item\/197982-premijer-halilagic-uprilicio-prijem-za-ekipu-spasilaca-koji-su-bili-dio-bh-tima-u-turskoj\/","og_locale":"bs_BA","og_type":"article","og_title":"Premijer Halilagi\u0107 uprili\u010dio prijem za ekipu spasilaca koji su bili dio bh. tima u Turskoj","og_description":"\u201eHvala vam za izuzetan profesionalizam, hvala za po\u017ertvovanost, za hrabrost i veliko srce koje ste pokazali. Hvala vam \u0161to ste u ovo te\u0161ko vrijeme u kojem se trenutno nalaze Turska i Sirija na najbolji na\u010din predstavili Bosnu i Hercegovinu i Tuzlanski kanton. Ponosni smo na sve vas\u201c, kazao je danas premijer Tuzlanskog kantona Irfan Halilagi\u0107 [&hellip;]","og_url":"https:\/\/tuzlainfo.ba\/index.php\/novosti\/item\/197982-premijer-halilagic-uprilicio-prijem-za-ekipu-spasilaca-koji-su-bili-dio-bh-tima-u-turskoj\/","og_site_name":"TuzlaInfo.ba","article_publisher":"https:\/\/www.facebook.com\/tuzlainfo.ba\/","article_published_time":"2023-02-22T12:49:02+00:00","og_image":[{"width":800,"height":471,"url":"https:\/\/tuzlainfo.ba\/wp-content\/uploads\/2023\/02\/2202_prijem_spasioci.jpg","type":"image\/jpeg"}],"author":"nedim","twitter_card":"summary_large_image","twitter_misc":{"Written by":"nedim","Est. reading time":"3 minute"},"schema":{"@context":"https:\/\/schema.org","@graph":[{"@type":"Article","@id":"https:\/\/tuzlainfo.ba\/index.php\/novosti\/item\/197982-premijer-halilagic-uprilicio-prijem-za-ekipu-spasilaca-koji-su-bili-dio-bh-tima-u-turskoj\/#article","isPartOf":{"@id":"https:\/\/tuzlainfo.ba\/index.php\/novosti\/item\/197982-premijer-halilagic-uprilicio-prijem-za-ekipu-spasilaca-koji-su-bili-dio-bh-tima-u-turskoj\/"},"author":{"name":"nedim","@id":"https:\/\/tuzlainfo.ba\/#\/schema\/person\/f434e20dc27ea133923aab08451b7f7f"},"headline":"Premijer Halilagi\u0107 uprili\u010dio prijem za ekipu spasilaca koji su bili dio bh. tima u Turskoj","datePublished":"2023-02-22T12:49:02+00:00","mainEntityOfPage":{"@id":"https:\/\/tuzlainfo.ba\/index.php\/novosti\/item\/197982-premijer-halilagic-uprilicio-prijem-za-ekipu-spasilaca-koji-su-bili-dio-bh-tima-u-turskoj\/"},"wordCount":581,"commentCount":0,"publisher":{"@id":"https:\/\/tuzlainfo.ba\/#organization"},"image":{"@id":"https:\/\/tuzlainfo.ba\/index.php\/novosti\/item\/197982-premijer-halilagic-uprilicio-prijem-za-ekipu-spasilaca-koji-su-bili-dio-bh-tima-u-turskoj\/#primaryimage"},"thumbnailUrl":"https:\/\/tuzlainfo.ba\/wp-content\/uploads\/2023\/02\/2202_prijem_spasioci.jpg","keywords":["GSS","Spasioci","vlada tk"],"articleSection":["Istaknuto","Novosti"],"inLanguage":"bs-BA","copyrightYear":"2023","copyrightHolder":{"@id":"https:\/\/tuzlainfo.ba\/#organization"}},{"@type":"WebPage","@id":"https:\/\/tuzlainfo.ba\/index.php\/novosti\/item\/197982-premijer-halilagic-uprilicio-prijem-za-ekipu-spasilaca-koji-su-bili-dio-bh-tima-u-turskoj\/","url":"https:\/\/tuzlainfo.ba\/index.php\/novosti\/item\/197982-premijer-halilagic-uprilicio-prijem-za-ekipu-spasilaca-koji-su-bili-dio-bh-tima-u-turskoj\/","name":"Premijer Halilagi\u0107 uprili\u010dio prijem za ekipu spasilaca koji su bili dio bh. tima u Turskoj","isPartOf":{"@id":"https:\/\/tuzlainfo.ba\/#website"},"primaryImageOfPage":{"@id":"https:\/\/tuzlainfo.ba\/index.php\/novosti\/item\/197982-premijer-halilagic-uprilicio-prijem-za-ekipu-spasilaca-koji-su-bili-dio-bh-tima-u-turskoj\/#primaryimage"},"image":{"@id":"https:\/\/tuzlainfo.ba\/index.php\/novosti\/item\/197982-premijer-halilagic-uprilicio-prijem-za-ekipu-spasilaca-koji-su-bili-dio-bh-tima-u-turskoj\/#primaryimage"},"thumbnailUrl":"https:\/\/tuzlainfo.ba\/wp-content\/uploads\/2023\/02\/2202_prijem_spasioci.jpg","datePublished":"2023-02-22T12:49:02+00:00","breadcrumb":{"@id":"https:\/\/tuzlainfo.ba\/index.php\/novosti\/item\/197982-premijer-halilagic-uprilicio-prijem-za-ekipu-spasilaca-koji-su-bili-dio-bh-tima-u-turskoj\/#breadcrumb"},"inLanguage":"bs-BA","potentialAction":[{"@type":"ReadAction","target":["https:\/\/tuzlainfo.ba\/index.php\/novosti\/item\/197982-premijer-halilagic-uprilicio-prijem-za-ekipu-spasilaca-koji-su-bili-dio-bh-tima-u-turskoj\/"]}]},{"@type":"ImageObject","inLanguage":"bs-BA","@id":"https:\/\/tuzlainfo.ba\/index.php\/novosti\/item\/197982-premijer-halilagic-uprilicio-prijem-za-ekipu-spasilaca-koji-su-bili-dio-bh-tima-u-turskoj\/#primaryimage","url":"https:\/\/tuzlainfo.ba\/wp-content\/uploads\/2023\/02\/2202_prijem_spasioci.jpg","contentUrl":"https:\/\/tuzlainfo.ba\/wp-content\/uploads\/2023\/02\/2202_prijem_spasioci.jpg","width":800,"height":471},{"@type":"BreadcrumbList","@id":"https:\/\/tuzlainfo.ba\/index.php\/novosti\/item\/197982-premijer-halilagic-uprilicio-prijem-za-ekipu-spasilaca-koji-su-bili-dio-bh-tima-u-turskoj\/#breadcrumb","itemListElement":[{"@type":"ListItem","position":1,"name":"Home","item":"https:\/\/tuzlainfo.ba\/"},{"@type":"ListItem","position":2,"name":"Premijer Halilagi\u0107 uprili\u010dio prijem za ekipu spasilaca koji su bili dio bh. tima u Turskoj"}]},{"@type":"WebSite","@id":"https:\/\/tuzlainfo.ba\/#website","url":"https:\/\/tuzlainfo.ba\/","name":"TuzlaInfo.ba","description":"Tuzla info, gradski informator - Tuzla na dlanu","publisher":{"@id":"https:\/\/tuzlainfo.ba\/#organization"},"potentialAction":[{"@type":"SearchAction","target":{"@type":"EntryPoint","urlTemplate":"https:\/\/tuzlainfo.ba\/?s={search_term_string}"},"query-input":{"@type":"PropertyValueSpecification","valueRequired":true,"valueName":"search_term_string"}}],"inLanguage":"bs-BA"},{"@type":"Organization","@id":"https:\/\/tuzlainfo.ba\/#organization","name":"TuzlaInfo.ba","url":"https:\/\/tuzlainfo.ba\/","logo":{"@type":"ImageObject","inLanguage":"bs-BA","@id":"https:\/\/tuzlainfo.ba\/#\/schema\/logo\/image\/","url":"https:\/\/tuzlainfo.ba\/wp-content\/uploads\/2021\/03\/logo-ver-3-1.png","contentUrl":"https:\/\/tuzlainfo.ba\/wp-content\/uploads\/2021\/03\/logo-ver-3-1.png","width":350,"height":95,"caption":"TuzlaInfo.ba"},"image":{"@id":"https:\/\/tuzlainfo.ba\/#\/schema\/logo\/image\/"},"sameAs":["https:\/\/www.facebook.com\/tuzlainfo.ba\/"]},{"@type":"Person","@id":"https:\/\/tuzlainfo.ba\/#\/schema\/person\/f434e20dc27ea133923aab08451b7f7f","name":"nedim","image":{"@type":"ImageObject","inLanguage":"bs-BA","@id":"https:\/\/secure.gravatar.com\/avatar\/5b928a2e7e70a54208d2eb6c1edcb75a5350d6ae97d5f0a701203d456823f6f3?s=96&d=mm&r=g","url":"https:\/\/secure.gravatar.com\/avatar\/5b928a2e7e70a54208d2eb6c1edcb75a5350d6ae97d5f0a701203d456823f6f3?s=96&d=mm&r=g","contentUrl":"https:\/\/secure.gravatar.com\/avatar\/5b928a2e7e70a54208d2eb6c1edcb75a5350d6ae97d5f0a701203d456823f6f3?s=96&d=mm&r=g","caption":"nedim"},"description":"Tuzlainfo.ba pratite na dru\u0161tvenim mre\u017eama: Facebook, Instagram i Youtube. Svoje pri\u010de, upite i fotografije \u0161aljite na na\u0161u e-mail adresu."}]}},"_links":{"self":[{"href":"https:\/\/tuzlainfo.ba\/index.php\/wp-json\/wp\/v2\/posts\/197982","targetHints":{"allow":["GET"]}}],"collection":[{"href":"https:\/\/tuzlainfo.ba\/index.php\/wp-json\/wp\/v2\/posts"}],"about":[{"href":"https:\/\/tuzlainfo.ba\/index.php\/wp-json\/wp\/v2\/types\/post"}],"author":[{"embeddable":true,"href":"https:\/\/tuzlainfo.ba\/index.php\/wp-json\/wp\/v2\/users\/2"}],"replies":[{"embeddable":true,"href":"https:\/\/tuzlainfo.ba\/index.php\/wp-json\/wp\/v2\/comments?post=197982"}],"version-history":[{"count":0,"href":"https:\/\/tuzlainfo.ba\/index.php\/wp-json\/wp\/v2\/posts\/197982\/revisions"}],"wp:featuredmedia":[{"embeddable":true,"href":"https:\/\/tuzlainfo.ba\/index.php\/wp-json\/wp\/v2\/media\/197983"}],"wp:attachment":[{"href":"https:\/\/tuzlainfo.ba\/index.php\/wp-json\/wp\/v2\/media?parent=197982"}],"wp:term":[{"taxonomy":"category","embeddable":true,"href":"https:\/\/tuzlainfo.ba\/index.php\/wp-json\/wp\/v2\/categories?post=197982"},{"taxonomy":"post_tag","embeddable":true,"href":"https:\/\/tuzlainfo.ba\/index.php\/wp-json\/wp\/v2\/tags?post=197982"}],"curies":[{"name":"wp","href":"https:\/\/api.w.org\/{rel}","templated":true}]}}