{"id":197845,"date":"2023-02-20T21:43:16","date_gmt":"2023-02-20T20:43:16","guid":{"rendered":"https:\/\/tuzlainfo.ba\/?p=197845"},"modified":"2023-02-20T21:44:03","modified_gmt":"2023-02-20T20:44:03","slug":"u-novom-zemljotresu-u-hatayu-poginule-najmanje-tri-a-povrijedjeno-vise-od-200-osoba","status":"publish","type":"post","link":"https:\/\/tuzlainfo.ba\/index.php\/clanci\/sa-svih-strana\/item\/197845-u-novom-zemljotresu-u-hatayu-poginule-najmanje-tri-a-povrijedjeno-vise-od-200-osoba\/","title":{"rendered":"U novom zemljotresu u Hatayu poginule najmanje tri, a povrije\u0111eno vi\u0161e od 200 osoba"},"content":{"rendered":"<p>Turski ministar unutra\u0161njih poslova Soylu sap\u0107io je da su od posljedica ve\u010dera\u0161njih zemljotresa u Hatayu poginule najmanje tri, a povrije\u0111eno je 213 osoba.<\/p>\n<p>Dva zemljotresa ja\u010dine 6,4 i 5,8 stepeni po Richteru ve\u010deras su pogodila ju\u017enu tursku provinciju Hatay, a potres se osjetio i na sjeverozapadu susjedne Sirije. Epicentri potresa registrirani su u okruzima Defne i Samandag.<\/p>\n<div class=\"post-content post-content-holder\">\n<p>Od posljedica zemljotresa ja\u010dine 6,4 stepena u gradu Antakya (Antiohija) su se uru\u0161ile dvije zgrade ispod \u010dijih ru\u0161evina su spa\u0161ene tri osobe, javlja Anadolija. Na ove lokacije odmah su upu\u0107eni timovi za traganje i spa\u0161avanje.<\/p>\n<p>Jedna osoba prona\u0111ena je ispod ru\u0161evine zgrade u \u010detvrti Gazi te je spa\u0161ena i odvezena u bolnicu.<\/p>\n<p>Timovi spasilaca nastavljaju sa akcijom spa\u0161avanja kako bi do\u0161li do jo\u0161 tri osobe koje su navodno ostale pod ru\u0161evinama iste zgrade.<\/p>\n<p>Dvije osobe su tako\u0111er izvu\u010dene iz ru\u0161evine uru\u0161ene zgrade u \u010detvrti Kucukdalyan i pru\u017eena im je pomo\u0107. Iz ru\u0161evina iste zgrade izvu\u010deno je tijelo jedne osobe.<\/p>\n<p>Ahmet Basman je za Anadoliju kazao da je sam uspio da iza\u0111e iz ru\u0161evina.<\/p>\n<p>&#8211; Tokom zemljotresa nas je bilo \u010detvero-petero unutra. Moja k\u0107erka je te\u0161ko povrije\u0111ena, amid\u017ea joj je preminuo. Ostali su iza\u0161li &#8211; rekao je Basman.<\/p>\n<\/div>\n","protected":false},"excerpt":{"rendered":"<p>Turski ministar unutra\u0161njih poslova Soylu sap\u0107io je da su od posljedica ve\u010dera\u0161njih zemljotresa u Hatayu poginule najmanje tri, a povrije\u0111eno je 213 osoba. Dva zemljotresa ja\u010dine 6,4 i 5,8 stepeni po Richteru ve\u010deras su pogodila ju\u017enu tursku provinciju Hatay, a potres se osjetio i na sjeverozapadu susjedne Sirije. Epicentri potresa registrirani su u okruzima Defne [&hellip;]<\/p>\n","protected":false},"author":2,"featured_media":197846,"comment_status":"open","ping_status":"closed","sticky":false,"template":"","format":"standard","meta":{"footnotes":""},"categories":[16],"tags":[6248],"class_list":["post-197845","post","type-post","status-publish","format-standard","has-post-thumbnail","hentry","category-sa-svih-strana","tag-zemljotres-u-turskoj"],"yoast_head":"<!-- This site is optimized with the Yoast SEO plugin v28.3 - https:\/\/yoast.com\/product\/yoast-seo-wordpress\/ -->\n<title>U novom zemljotresu u Hatayu poginule najmanje tri, a povrije\u0111eno vi\u0161e od 200 osoba<\/title>\n<meta name=\"robots\" content=\"index, follow, max-snippet:-1, max-image-preview:large, max-video-preview:-1\" \/>\n<link rel=\"canonical\" href=\"https:\/\/tuzlainfo.ba\/index.php\/clanci\/sa-svih-strana\/item\/197845-u-novom-zemljotresu-u-hatayu-poginule-najmanje-tri-a-povrijedjeno-vise-od-200-osoba\/\" \/>\n<meta property=\"og:locale\" content=\"bs_BA\" \/>\n<meta property=\"og:type\" content=\"article\" \/>\n<meta property=\"og:title\" content=\"U novom zemljotresu u Hatayu poginule najmanje tri, a povrije\u0111eno vi\u0161e od 200 osoba\" \/>\n<meta property=\"og:description\" content=\"Turski ministar unutra\u0161njih poslova Soylu sap\u0107io je da su od posljedica ve\u010dera\u0161njih zemljotresa u Hatayu poginule najmanje tri, a povrije\u0111eno je 213 osoba. Dva zemljotresa ja\u010dine 6,4 i 5,8 stepeni po Richteru ve\u010deras su pogodila ju\u017enu tursku provinciju Hatay, a potres se osjetio i na sjeverozapadu susjedne Sirije. Epicentri potresa registrirani su u okruzima Defne [&hellip;]\" \/>\n<meta property=\"og:url\" content=\"https:\/\/tuzlainfo.ba\/index.php\/clanci\/sa-svih-strana\/item\/197845-u-novom-zemljotresu-u-hatayu-poginule-najmanje-tri-a-povrijedjeno-vise-od-200-osoba\/\" \/>\n<meta property=\"og:site_name\" content=\"TuzlaInfo.ba\" \/>\n<meta property=\"article:publisher\" content=\"https:\/\/www.facebook.com\/tuzlainfo.ba\/\" \/>\n<meta property=\"article:published_time\" content=\"2023-02-20T20:43:16+00:00\" \/>\n<meta property=\"article:modified_time\" content=\"2023-02-20T20:44:03+00:00\" \/>\n<meta property=\"og:image\" content=\"https:\/\/tuzlainfo.ba\/wp-content\/uploads\/2023\/02\/2002_tur_zem1.jpg\" \/>\n\t<meta property=\"og:image:width\" content=\"800\" \/>\n\t<meta property=\"og:image:height\" content=\"462\" \/>\n\t<meta property=\"og:image:type\" content=\"image\/jpeg\" \/>\n<meta name=\"author\" content=\"nedim\" \/>\n<meta name=\"twitter:card\" content=\"summary_large_image\" \/>\n<meta name=\"twitter:label1\" content=\"Written by\" \/>\n\t<meta name=\"twitter:data1\" content=\"nedim\" \/>\n\t<meta name=\"twitter:label2\" content=\"Est. reading time\" \/>\n\t<meta name=\"twitter:data2\" content=\"1 minuta\" \/>\n<script type=\"application\/ld+json\" class=\"yoast-schema-graph\">{\"@context\":\"https:\\\/\\\/schema.org\",\"@graph\":[{\"@type\":\"Article\",\"@id\":\"https:\\\/\\\/tuzlainfo.ba\\\/index.php\\\/clanci\\\/sa-svih-strana\\\/item\\\/197845-u-novom-zemljotresu-u-hatayu-poginule-najmanje-tri-a-povrijedjeno-vise-od-200-osoba\\\/#article\",\"isPartOf\":{\"@id\":\"https:\\\/\\\/tuzlainfo.ba\\\/index.php\\\/clanci\\\/sa-svih-strana\\\/item\\\/197845-u-novom-zemljotresu-u-hatayu-poginule-najmanje-tri-a-povrijedjeno-vise-od-200-osoba\\\/\"},\"author\":{\"name\":\"nedim\",\"@id\":\"https:\\\/\\\/tuzlainfo.ba\\\/#\\\/schema\\\/person\\\/f434e20dc27ea133923aab08451b7f7f\"},\"headline\":\"U novom zemljotresu u Hatayu poginule najmanje tri, a povrije\u0111eno vi\u0161e od 200 osoba\",\"datePublished\":\"2023-02-20T20:43:16+00:00\",\"dateModified\":\"2023-02-20T20:44:03+00:00\",\"mainEntityOfPage\":{\"@id\":\"https:\\\/\\\/tuzlainfo.ba\\\/index.php\\\/clanci\\\/sa-svih-strana\\\/item\\\/197845-u-novom-zemljotresu-u-hatayu-poginule-najmanje-tri-a-povrijedjeno-vise-od-200-osoba\\\/\"},\"wordCount\":239,\"commentCount\":0,\"publisher\":{\"@id\":\"https:\\\/\\\/tuzlainfo.ba\\\/#organization\"},\"image\":{\"@id\":\"https:\\\/\\\/tuzlainfo.ba\\\/index.php\\\/clanci\\\/sa-svih-strana\\\/item\\\/197845-u-novom-zemljotresu-u-hatayu-poginule-najmanje-tri-a-povrijedjeno-vise-od-200-osoba\\\/#primaryimage\"},\"thumbnailUrl\":\"https:\\\/\\\/tuzlainfo.ba\\\/wp-content\\\/uploads\\\/2023\\\/02\\\/2002_tur_zem1.jpg\",\"keywords\":[\"zemljotres u turskoj\"],\"articleSection\":[\"Sa svih strana\"],\"inLanguage\":\"bs-BA\",\"copyrightYear\":\"2023\",\"copyrightHolder\":{\"@id\":\"https:\\\/\\\/tuzlainfo.ba\\\/#organization\"}},{\"@type\":\"WebPage\",\"@id\":\"https:\\\/\\\/tuzlainfo.ba\\\/index.php\\\/clanci\\\/sa-svih-strana\\\/item\\\/197845-u-novom-zemljotresu-u-hatayu-poginule-najmanje-tri-a-povrijedjeno-vise-od-200-osoba\\\/\",\"url\":\"https:\\\/\\\/tuzlainfo.ba\\\/index.php\\\/clanci\\\/sa-svih-strana\\\/item\\\/197845-u-novom-zemljotresu-u-hatayu-poginule-najmanje-tri-a-povrijedjeno-vise-od-200-osoba\\\/\",\"name\":\"U novom zemljotresu u Hatayu poginule najmanje tri, a povrije\u0111eno vi\u0161e od 200 osoba\",\"isPartOf\":{\"@id\":\"https:\\\/\\\/tuzlainfo.ba\\\/#website\"},\"primaryImageOfPage\":{\"@id\":\"https:\\\/\\\/tuzlainfo.ba\\\/index.php\\\/clanci\\\/sa-svih-strana\\\/item\\\/197845-u-novom-zemljotresu-u-hatayu-poginule-najmanje-tri-a-povrijedjeno-vise-od-200-osoba\\\/#primaryimage\"},\"image\":{\"@id\":\"https:\\\/\\\/tuzlainfo.ba\\\/index.php\\\/clanci\\\/sa-svih-strana\\\/item\\\/197845-u-novom-zemljotresu-u-hatayu-poginule-najmanje-tri-a-povrijedjeno-vise-od-200-osoba\\\/#primaryimage\"},\"thumbnailUrl\":\"https:\\\/\\\/tuzlainfo.ba\\\/wp-content\\\/uploads\\\/2023\\\/02\\\/2002_tur_zem1.jpg\",\"datePublished\":\"2023-02-20T20:43:16+00:00\",\"dateModified\":\"2023-02-20T20:44:03+00:00\",\"breadcrumb\":{\"@id\":\"https:\\\/\\\/tuzlainfo.ba\\\/index.php\\\/clanci\\\/sa-svih-strana\\\/item\\\/197845-u-novom-zemljotresu-u-hatayu-poginule-najmanje-tri-a-povrijedjeno-vise-od-200-osoba\\\/#breadcrumb\"},\"inLanguage\":\"bs-BA\",\"potentialAction\":[{\"@type\":\"ReadAction\",\"target\":[\"https:\\\/\\\/tuzlainfo.ba\\\/index.php\\\/clanci\\\/sa-svih-strana\\\/item\\\/197845-u-novom-zemljotresu-u-hatayu-poginule-najmanje-tri-a-povrijedjeno-vise-od-200-osoba\\\/\"]}]},{\"@type\":\"ImageObject\",\"inLanguage\":\"bs-BA\",\"@id\":\"https:\\\/\\\/tuzlainfo.ba\\\/index.php\\\/clanci\\\/sa-svih-strana\\\/item\\\/197845-u-novom-zemljotresu-u-hatayu-poginule-najmanje-tri-a-povrijedjeno-vise-od-200-osoba\\\/#primaryimage\",\"url\":\"https:\\\/\\\/tuzlainfo.ba\\\/wp-content\\\/uploads\\\/2023\\\/02\\\/2002_tur_zem1.jpg\",\"contentUrl\":\"https:\\\/\\\/tuzlainfo.ba\\\/wp-content\\\/uploads\\\/2023\\\/02\\\/2002_tur_zem1.jpg\",\"width\":800,\"height\":462},{\"@type\":\"BreadcrumbList\",\"@id\":\"https:\\\/\\\/tuzlainfo.ba\\\/index.php\\\/clanci\\\/sa-svih-strana\\\/item\\\/197845-u-novom-zemljotresu-u-hatayu-poginule-najmanje-tri-a-povrijedjeno-vise-od-200-osoba\\\/#breadcrumb\",\"itemListElement\":[{\"@type\":\"ListItem\",\"position\":1,\"name\":\"Home\",\"item\":\"https:\\\/\\\/tuzlainfo.ba\\\/\"},{\"@type\":\"ListItem\",\"position\":2,\"name\":\"U novom zemljotresu u Hatayu poginule najmanje tri, a povrije\u0111eno vi\u0161e od 200 osoba\"}]},{\"@type\":\"WebSite\",\"@id\":\"https:\\\/\\\/tuzlainfo.ba\\\/#website\",\"url\":\"https:\\\/\\\/tuzlainfo.ba\\\/\",\"name\":\"TuzlaInfo.ba\",\"description\":\"Tuzla info, gradski informator - Tuzla na dlanu\",\"publisher\":{\"@id\":\"https:\\\/\\\/tuzlainfo.ba\\\/#organization\"},\"potentialAction\":[{\"@type\":\"SearchAction\",\"target\":{\"@type\":\"EntryPoint\",\"urlTemplate\":\"https:\\\/\\\/tuzlainfo.ba\\\/?s={search_term_string}\"},\"query-input\":{\"@type\":\"PropertyValueSpecification\",\"valueRequired\":true,\"valueName\":\"search_term_string\"}}],\"inLanguage\":\"bs-BA\"},{\"@type\":\"Organization\",\"@id\":\"https:\\\/\\\/tuzlainfo.ba\\\/#organization\",\"name\":\"TuzlaInfo.ba\",\"url\":\"https:\\\/\\\/tuzlainfo.ba\\\/\",\"logo\":{\"@type\":\"ImageObject\",\"inLanguage\":\"bs-BA\",\"@id\":\"https:\\\/\\\/tuzlainfo.ba\\\/#\\\/schema\\\/logo\\\/image\\\/\",\"url\":\"https:\\\/\\\/tuzlainfo.ba\\\/wp-content\\\/uploads\\\/2021\\\/03\\\/logo-ver-3-1.png\",\"contentUrl\":\"https:\\\/\\\/tuzlainfo.ba\\\/wp-content\\\/uploads\\\/2021\\\/03\\\/logo-ver-3-1.png\",\"width\":350,\"height\":95,\"caption\":\"TuzlaInfo.ba\"},\"image\":{\"@id\":\"https:\\\/\\\/tuzlainfo.ba\\\/#\\\/schema\\\/logo\\\/image\\\/\"},\"sameAs\":[\"https:\\\/\\\/www.facebook.com\\\/tuzlainfo.ba\\\/\"]},{\"@type\":\"Person\",\"@id\":\"https:\\\/\\\/tuzlainfo.ba\\\/#\\\/schema\\\/person\\\/f434e20dc27ea133923aab08451b7f7f\",\"name\":\"nedim\",\"image\":{\"@type\":\"ImageObject\",\"inLanguage\":\"bs-BA\",\"@id\":\"https:\\\/\\\/secure.gravatar.com\\\/avatar\\\/5b928a2e7e70a54208d2eb6c1edcb75a5350d6ae97d5f0a701203d456823f6f3?s=96&d=mm&r=g\",\"url\":\"https:\\\/\\\/secure.gravatar.com\\\/avatar\\\/5b928a2e7e70a54208d2eb6c1edcb75a5350d6ae97d5f0a701203d456823f6f3?s=96&d=mm&r=g\",\"contentUrl\":\"https:\\\/\\\/secure.gravatar.com\\\/avatar\\\/5b928a2e7e70a54208d2eb6c1edcb75a5350d6ae97d5f0a701203d456823f6f3?s=96&d=mm&r=g\",\"caption\":\"nedim\"},\"description\":\"Tuzlainfo.ba pratite na dru\u0161tvenim mre\u017eama: Facebook, Instagram i Youtube. Svoje pri\u010de, upite i fotografije \u0161aljite na na\u0161u e-mail adresu.\"}]}<\/script>\n<!-- \/ Yoast SEO plugin. -->","yoast_head_json":{"title":"U novom zemljotresu u Hatayu poginule najmanje tri, a povrije\u0111eno vi\u0161e od 200 osoba","robots":{"index":"index","follow":"follow","max-snippet":"max-snippet:-1","max-image-preview":"max-image-preview:large","max-video-preview":"max-video-preview:-1"},"canonical":"https:\/\/tuzlainfo.ba\/index.php\/clanci\/sa-svih-strana\/item\/197845-u-novom-zemljotresu-u-hatayu-poginule-najmanje-tri-a-povrijedjeno-vise-od-200-osoba\/","og_locale":"bs_BA","og_type":"article","og_title":"U novom zemljotresu u Hatayu poginule najmanje tri, a povrije\u0111eno vi\u0161e od 200 osoba","og_description":"Turski ministar unutra\u0161njih poslova Soylu sap\u0107io je da su od posljedica ve\u010dera\u0161njih zemljotresa u Hatayu poginule najmanje tri, a povrije\u0111eno je 213 osoba. Dva zemljotresa ja\u010dine 6,4 i 5,8 stepeni po Richteru ve\u010deras su pogodila ju\u017enu tursku provinciju Hatay, a potres se osjetio i na sjeverozapadu susjedne Sirije. Epicentri potresa registrirani su u okruzima Defne [&hellip;]","og_url":"https:\/\/tuzlainfo.ba\/index.php\/clanci\/sa-svih-strana\/item\/197845-u-novom-zemljotresu-u-hatayu-poginule-najmanje-tri-a-povrijedjeno-vise-od-200-osoba\/","og_site_name":"TuzlaInfo.ba","article_publisher":"https:\/\/www.facebook.com\/tuzlainfo.ba\/","article_published_time":"2023-02-20T20:43:16+00:00","article_modified_time":"2023-02-20T20:44:03+00:00","og_image":[{"width":800,"height":462,"url":"https:\/\/tuzlainfo.ba\/wp-content\/uploads\/2023\/02\/2002_tur_zem1.jpg","type":"image\/jpeg"}],"author":"nedim","twitter_card":"summary_large_image","twitter_misc":{"Written by":"nedim","Est. reading time":"1 minuta"},"schema":{"@context":"https:\/\/schema.org","@graph":[{"@type":"Article","@id":"https:\/\/tuzlainfo.ba\/index.php\/clanci\/sa-svih-strana\/item\/197845-u-novom-zemljotresu-u-hatayu-poginule-najmanje-tri-a-povrijedjeno-vise-od-200-osoba\/#article","isPartOf":{"@id":"https:\/\/tuzlainfo.ba\/index.php\/clanci\/sa-svih-strana\/item\/197845-u-novom-zemljotresu-u-hatayu-poginule-najmanje-tri-a-povrijedjeno-vise-od-200-osoba\/"},"author":{"name":"nedim","@id":"https:\/\/tuzlainfo.ba\/#\/schema\/person\/f434e20dc27ea133923aab08451b7f7f"},"headline":"U novom zemljotresu u Hatayu poginule najmanje tri, a povrije\u0111eno vi\u0161e od 200 osoba","datePublished":"2023-02-20T20:43:16+00:00","dateModified":"2023-02-20T20:44:03+00:00","mainEntityOfPage":{"@id":"https:\/\/tuzlainfo.ba\/index.php\/clanci\/sa-svih-strana\/item\/197845-u-novom-zemljotresu-u-hatayu-poginule-najmanje-tri-a-povrijedjeno-vise-od-200-osoba\/"},"wordCount":239,"commentCount":0,"publisher":{"@id":"https:\/\/tuzlainfo.ba\/#organization"},"image":{"@id":"https:\/\/tuzlainfo.ba\/index.php\/clanci\/sa-svih-strana\/item\/197845-u-novom-zemljotresu-u-hatayu-poginule-najmanje-tri-a-povrijedjeno-vise-od-200-osoba\/#primaryimage"},"thumbnailUrl":"https:\/\/tuzlainfo.ba\/wp-content\/uploads\/2023\/02\/2002_tur_zem1.jpg","keywords":["zemljotres u turskoj"],"articleSection":["Sa svih strana"],"inLanguage":"bs-BA","copyrightYear":"2023","copyrightHolder":{"@id":"https:\/\/tuzlainfo.ba\/#organization"}},{"@type":"WebPage","@id":"https:\/\/tuzlainfo.ba\/index.php\/clanci\/sa-svih-strana\/item\/197845-u-novom-zemljotresu-u-hatayu-poginule-najmanje-tri-a-povrijedjeno-vise-od-200-osoba\/","url":"https:\/\/tuzlainfo.ba\/index.php\/clanci\/sa-svih-strana\/item\/197845-u-novom-zemljotresu-u-hatayu-poginule-najmanje-tri-a-povrijedjeno-vise-od-200-osoba\/","name":"U novom zemljotresu u Hatayu poginule najmanje tri, a povrije\u0111eno vi\u0161e od 200 osoba","isPartOf":{"@id":"https:\/\/tuzlainfo.ba\/#website"},"primaryImageOfPage":{"@id":"https:\/\/tuzlainfo.ba\/index.php\/clanci\/sa-svih-strana\/item\/197845-u-novom-zemljotresu-u-hatayu-poginule-najmanje-tri-a-povrijedjeno-vise-od-200-osoba\/#primaryimage"},"image":{"@id":"https:\/\/tuzlainfo.ba\/index.php\/clanci\/sa-svih-strana\/item\/197845-u-novom-zemljotresu-u-hatayu-poginule-najmanje-tri-a-povrijedjeno-vise-od-200-osoba\/#primaryimage"},"thumbnailUrl":"https:\/\/tuzlainfo.ba\/wp-content\/uploads\/2023\/02\/2002_tur_zem1.jpg","datePublished":"2023-02-20T20:43:16+00:00","dateModified":"2023-02-20T20:44:03+00:00","breadcrumb":{"@id":"https:\/\/tuzlainfo.ba\/index.php\/clanci\/sa-svih-strana\/item\/197845-u-novom-zemljotresu-u-hatayu-poginule-najmanje-tri-a-povrijedjeno-vise-od-200-osoba\/#breadcrumb"},"inLanguage":"bs-BA","potentialAction":[{"@type":"ReadAction","target":["https:\/\/tuzlainfo.ba\/index.php\/clanci\/sa-svih-strana\/item\/197845-u-novom-zemljotresu-u-hatayu-poginule-najmanje-tri-a-povrijedjeno-vise-od-200-osoba\/"]}]},{"@type":"ImageObject","inLanguage":"bs-BA","@id":"https:\/\/tuzlainfo.ba\/index.php\/clanci\/sa-svih-strana\/item\/197845-u-novom-zemljotresu-u-hatayu-poginule-najmanje-tri-a-povrijedjeno-vise-od-200-osoba\/#primaryimage","url":"https:\/\/tuzlainfo.ba\/wp-content\/uploads\/2023\/02\/2002_tur_zem1.jpg","contentUrl":"https:\/\/tuzlainfo.ba\/wp-content\/uploads\/2023\/02\/2002_tur_zem1.jpg","width":800,"height":462},{"@type":"BreadcrumbList","@id":"https:\/\/tuzlainfo.ba\/index.php\/clanci\/sa-svih-strana\/item\/197845-u-novom-zemljotresu-u-hatayu-poginule-najmanje-tri-a-povrijedjeno-vise-od-200-osoba\/#breadcrumb","itemListElement":[{"@type":"ListItem","position":1,"name":"Home","item":"https:\/\/tuzlainfo.ba\/"},{"@type":"ListItem","position":2,"name":"U novom zemljotresu u Hatayu poginule najmanje tri, a povrije\u0111eno vi\u0161e od 200 osoba"}]},{"@type":"WebSite","@id":"https:\/\/tuzlainfo.ba\/#website","url":"https:\/\/tuzlainfo.ba\/","name":"TuzlaInfo.ba","description":"Tuzla info, gradski informator - Tuzla na dlanu","publisher":{"@id":"https:\/\/tuzlainfo.ba\/#organization"},"potentialAction":[{"@type":"SearchAction","target":{"@type":"EntryPoint","urlTemplate":"https:\/\/tuzlainfo.ba\/?s={search_term_string}"},"query-input":{"@type":"PropertyValueSpecification","valueRequired":true,"valueName":"search_term_string"}}],"inLanguage":"bs-BA"},{"@type":"Organization","@id":"https:\/\/tuzlainfo.ba\/#organization","name":"TuzlaInfo.ba","url":"https:\/\/tuzlainfo.ba\/","logo":{"@type":"ImageObject","inLanguage":"bs-BA","@id":"https:\/\/tuzlainfo.ba\/#\/schema\/logo\/image\/","url":"https:\/\/tuzlainfo.ba\/wp-content\/uploads\/2021\/03\/logo-ver-3-1.png","contentUrl":"https:\/\/tuzlainfo.ba\/wp-content\/uploads\/2021\/03\/logo-ver-3-1.png","width":350,"height":95,"caption":"TuzlaInfo.ba"},"image":{"@id":"https:\/\/tuzlainfo.ba\/#\/schema\/logo\/image\/"},"sameAs":["https:\/\/www.facebook.com\/tuzlainfo.ba\/"]},{"@type":"Person","@id":"https:\/\/tuzlainfo.ba\/#\/schema\/person\/f434e20dc27ea133923aab08451b7f7f","name":"nedim","image":{"@type":"ImageObject","inLanguage":"bs-BA","@id":"https:\/\/secure.gravatar.com\/avatar\/5b928a2e7e70a54208d2eb6c1edcb75a5350d6ae97d5f0a701203d456823f6f3?s=96&d=mm&r=g","url":"https:\/\/secure.gravatar.com\/avatar\/5b928a2e7e70a54208d2eb6c1edcb75a5350d6ae97d5f0a701203d456823f6f3?s=96&d=mm&r=g","contentUrl":"https:\/\/secure.gravatar.com\/avatar\/5b928a2e7e70a54208d2eb6c1edcb75a5350d6ae97d5f0a701203d456823f6f3?s=96&d=mm&r=g","caption":"nedim"},"description":"Tuzlainfo.ba pratite na dru\u0161tvenim mre\u017eama: Facebook, Instagram i Youtube. Svoje pri\u010de, upite i fotografije \u0161aljite na na\u0161u e-mail adresu."}]}},"_links":{"self":[{"href":"https:\/\/tuzlainfo.ba\/index.php\/wp-json\/wp\/v2\/posts\/197845","targetHints":{"allow":["GET"]}}],"collection":[{"href":"https:\/\/tuzlainfo.ba\/index.php\/wp-json\/wp\/v2\/posts"}],"about":[{"href":"https:\/\/tuzlainfo.ba\/index.php\/wp-json\/wp\/v2\/types\/post"}],"author":[{"embeddable":true,"href":"https:\/\/tuzlainfo.ba\/index.php\/wp-json\/wp\/v2\/users\/2"}],"replies":[{"embeddable":true,"href":"https:\/\/tuzlainfo.ba\/index.php\/wp-json\/wp\/v2\/comments?post=197845"}],"version-history":[{"count":0,"href":"https:\/\/tuzlainfo.ba\/index.php\/wp-json\/wp\/v2\/posts\/197845\/revisions"}],"wp:featuredmedia":[{"embeddable":true,"href":"https:\/\/tuzlainfo.ba\/index.php\/wp-json\/wp\/v2\/media\/197846"}],"wp:attachment":[{"href":"https:\/\/tuzlainfo.ba\/index.php\/wp-json\/wp\/v2\/media?parent=197845"}],"wp:term":[{"taxonomy":"category","embeddable":true,"href":"https:\/\/tuzlainfo.ba\/index.php\/wp-json\/wp\/v2\/categories?post=197845"},{"taxonomy":"post_tag","embeddable":true,"href":"https:\/\/tuzlainfo.ba\/index.php\/wp-json\/wp\/v2\/tags?post=197845"}],"curies":[{"name":"wp","href":"https:\/\/api.w.org\/{rel}","templated":true}]}}