{"id":197665,"date":"2023-02-18T21:53:46","date_gmt":"2023-02-18T20:53:46","guid":{"rendered":"https:\/\/tuzlainfo.ba\/?p=197665"},"modified":"2023-02-18T21:53:46","modified_gmt":"2023-02-18T20:53:46","slug":"u-vec-porusenom-podrucju-novi-snazan-zemljotres-pogodio-tursku","status":"publish","type":"post","link":"https:\/\/tuzlainfo.ba\/index.php\/clanci\/sa-svih-strana\/item\/197665-u-vec-porusenom-podrucju-novi-snazan-zemljotres-pogodio-tursku\/","title":{"rendered":"U ve\u0107 poru\u0161enom podru\u010dju: Novi sna\u017ean zemljotres pogodio Tursku"},"content":{"rendered":"<p>Novi sna\u017ean zemljotres je ve\u010deras pogodio Tursku.<\/p>\n<p>Zemljotres ja\u010dine 5,2 stepena po Richterovoj skali pogodio je centralni dio zemlje. Zemljotres se dogodio oko 22.31 sat prema lokalnom vremenu.<\/p>\n<p>Epicentar zemljotresa bio je u blizini Karamanmarasa, odnosno oko 54 kilometra sjeverozapadno od tog grada.<\/p>\n<p>Podsje\u0107amo, Karamanmaras je razoren u zemljotresima koji su pogodili Tursku i Siriju prije dvije sedmice.<\/p>\n<p>Ve\u010dera\u0161nji zemljotres je pogodio Tursku na dubini od oko 10 kilometara, javlja EMSC. Ovo je jedan od najja\u010dih zemljotresa nakon ponih koji su prije dvije sedmice razorili jug Turske i sjever Sirije, te odnijeli desetine hiljada \u017eivota.<\/p>\n","protected":false},"excerpt":{"rendered":"<p>Novi sna\u017ean zemljotres je ve\u010deras pogodio Tursku. Zemljotres ja\u010dine 5,2 stepena po Richterovoj skali pogodio je centralni dio zemlje. Zemljotres se dogodio oko 22.31 sat prema lokalnom vremenu. Epicentar zemljotresa bio je u blizini Karamanmarasa, odnosno oko 54 kilometra sjeverozapadno od tog grada. Podsje\u0107amo, Karamanmaras je razoren u zemljotresima koji su pogodili Tursku i Siriju [&hellip;]<\/p>\n","protected":false},"author":2,"featured_media":197031,"comment_status":"open","ping_status":"closed","sticky":false,"template":"","format":"standard","meta":{"footnotes":""},"categories":[16],"tags":[6248],"class_list":["post-197665","post","type-post","status-publish","format-standard","has-post-thumbnail","hentry","category-sa-svih-strana","tag-zemljotres-u-turskoj"],"yoast_head":"<!-- This site is optimized with the Yoast SEO plugin v28.3 - https:\/\/yoast.com\/product\/yoast-seo-wordpress\/ -->\n<title>U ve\u0107 poru\u0161enom podru\u010dju: Novi sna\u017ean zemljotres pogodio Tursku<\/title>\n<meta name=\"robots\" content=\"index, follow, max-snippet:-1, max-image-preview:large, max-video-preview:-1\" \/>\n<link rel=\"canonical\" href=\"https:\/\/tuzlainfo.ba\/index.php\/clanci\/sa-svih-strana\/item\/197665-u-vec-porusenom-podrucju-novi-snazan-zemljotres-pogodio-tursku\/\" \/>\n<meta property=\"og:locale\" content=\"bs_BA\" \/>\n<meta property=\"og:type\" content=\"article\" \/>\n<meta property=\"og:title\" content=\"U ve\u0107 poru\u0161enom podru\u010dju: Novi sna\u017ean zemljotres pogodio Tursku\" \/>\n<meta property=\"og:description\" content=\"Novi sna\u017ean zemljotres je ve\u010deras pogodio Tursku. Zemljotres ja\u010dine 5,2 stepena po Richterovoj skali pogodio je centralni dio zemlje. Zemljotres se dogodio oko 22.31 sat prema lokalnom vremenu. Epicentar zemljotresa bio je u blizini Karamanmarasa, odnosno oko 54 kilometra sjeverozapadno od tog grada. Podsje\u0107amo, Karamanmaras je razoren u zemljotresima koji su pogodili Tursku i Siriju [&hellip;]\" \/>\n<meta property=\"og:url\" content=\"https:\/\/tuzlainfo.ba\/index.php\/clanci\/sa-svih-strana\/item\/197665-u-vec-porusenom-podrucju-novi-snazan-zemljotres-pogodio-tursku\/\" \/>\n<meta property=\"og:site_name\" content=\"TuzlaInfo.ba\" \/>\n<meta property=\"article:publisher\" content=\"https:\/\/www.facebook.com\/tuzlainfo.ba\/\" \/>\n<meta property=\"article:published_time\" content=\"2023-02-18T20:53:46+00:00\" \/>\n<meta property=\"og:image\" content=\"https:\/\/tuzlainfo.ba\/wp-content\/uploads\/2023\/02\/1102_zemljotres_hatay.jpg\" \/>\n\t<meta property=\"og:image:width\" content=\"800\" \/>\n\t<meta property=\"og:image:height\" content=\"434\" \/>\n\t<meta property=\"og:image:type\" content=\"image\/jpeg\" \/>\n<meta name=\"author\" content=\"nedim\" \/>\n<meta name=\"twitter:card\" content=\"summary_large_image\" \/>\n<meta name=\"twitter:label1\" content=\"Written by\" \/>\n\t<meta name=\"twitter:data1\" content=\"nedim\" \/>\n<script type=\"application\/ld+json\" class=\"yoast-schema-graph\">{\"@context\":\"https:\\\/\\\/schema.org\",\"@graph\":[{\"@type\":\"Article\",\"@id\":\"https:\\\/\\\/tuzlainfo.ba\\\/index.php\\\/clanci\\\/sa-svih-strana\\\/item\\\/197665-u-vec-porusenom-podrucju-novi-snazan-zemljotres-pogodio-tursku\\\/#article\",\"isPartOf\":{\"@id\":\"https:\\\/\\\/tuzlainfo.ba\\\/index.php\\\/clanci\\\/sa-svih-strana\\\/item\\\/197665-u-vec-porusenom-podrucju-novi-snazan-zemljotres-pogodio-tursku\\\/\"},\"author\":{\"name\":\"nedim\",\"@id\":\"https:\\\/\\\/tuzlainfo.ba\\\/#\\\/schema\\\/person\\\/f434e20dc27ea133923aab08451b7f7f\"},\"headline\":\"U ve\u0107 poru\u0161enom podru\u010dju: Novi sna\u017ean zemljotres pogodio Tursku\",\"datePublished\":\"2023-02-18T20:53:46+00:00\",\"mainEntityOfPage\":{\"@id\":\"https:\\\/\\\/tuzlainfo.ba\\\/index.php\\\/clanci\\\/sa-svih-strana\\\/item\\\/197665-u-vec-porusenom-podrucju-novi-snazan-zemljotres-pogodio-tursku\\\/\"},\"wordCount\":110,\"commentCount\":0,\"publisher\":{\"@id\":\"https:\\\/\\\/tuzlainfo.ba\\\/#organization\"},\"image\":{\"@id\":\"https:\\\/\\\/tuzlainfo.ba\\\/index.php\\\/clanci\\\/sa-svih-strana\\\/item\\\/197665-u-vec-porusenom-podrucju-novi-snazan-zemljotres-pogodio-tursku\\\/#primaryimage\"},\"thumbnailUrl\":\"https:\\\/\\\/tuzlainfo.ba\\\/wp-content\\\/uploads\\\/2023\\\/02\\\/1102_zemljotres_hatay.jpg\",\"keywords\":[\"zemljotres u turskoj\"],\"articleSection\":[\"Sa svih strana\"],\"inLanguage\":\"bs-BA\",\"copyrightYear\":\"2023\",\"copyrightHolder\":{\"@id\":\"https:\\\/\\\/tuzlainfo.ba\\\/#organization\"}},{\"@type\":\"WebPage\",\"@id\":\"https:\\\/\\\/tuzlainfo.ba\\\/index.php\\\/clanci\\\/sa-svih-strana\\\/item\\\/197665-u-vec-porusenom-podrucju-novi-snazan-zemljotres-pogodio-tursku\\\/\",\"url\":\"https:\\\/\\\/tuzlainfo.ba\\\/index.php\\\/clanci\\\/sa-svih-strana\\\/item\\\/197665-u-vec-porusenom-podrucju-novi-snazan-zemljotres-pogodio-tursku\\\/\",\"name\":\"U ve\u0107 poru\u0161enom podru\u010dju: Novi sna\u017ean zemljotres pogodio Tursku\",\"isPartOf\":{\"@id\":\"https:\\\/\\\/tuzlainfo.ba\\\/#website\"},\"primaryImageOfPage\":{\"@id\":\"https:\\\/\\\/tuzlainfo.ba\\\/index.php\\\/clanci\\\/sa-svih-strana\\\/item\\\/197665-u-vec-porusenom-podrucju-novi-snazan-zemljotres-pogodio-tursku\\\/#primaryimage\"},\"image\":{\"@id\":\"https:\\\/\\\/tuzlainfo.ba\\\/index.php\\\/clanci\\\/sa-svih-strana\\\/item\\\/197665-u-vec-porusenom-podrucju-novi-snazan-zemljotres-pogodio-tursku\\\/#primaryimage\"},\"thumbnailUrl\":\"https:\\\/\\\/tuzlainfo.ba\\\/wp-content\\\/uploads\\\/2023\\\/02\\\/1102_zemljotres_hatay.jpg\",\"datePublished\":\"2023-02-18T20:53:46+00:00\",\"breadcrumb\":{\"@id\":\"https:\\\/\\\/tuzlainfo.ba\\\/index.php\\\/clanci\\\/sa-svih-strana\\\/item\\\/197665-u-vec-porusenom-podrucju-novi-snazan-zemljotres-pogodio-tursku\\\/#breadcrumb\"},\"inLanguage\":\"bs-BA\",\"potentialAction\":[{\"@type\":\"ReadAction\",\"target\":[\"https:\\\/\\\/tuzlainfo.ba\\\/index.php\\\/clanci\\\/sa-svih-strana\\\/item\\\/197665-u-vec-porusenom-podrucju-novi-snazan-zemljotres-pogodio-tursku\\\/\"]}]},{\"@type\":\"ImageObject\",\"inLanguage\":\"bs-BA\",\"@id\":\"https:\\\/\\\/tuzlainfo.ba\\\/index.php\\\/clanci\\\/sa-svih-strana\\\/item\\\/197665-u-vec-porusenom-podrucju-novi-snazan-zemljotres-pogodio-tursku\\\/#primaryimage\",\"url\":\"https:\\\/\\\/tuzlainfo.ba\\\/wp-content\\\/uploads\\\/2023\\\/02\\\/1102_zemljotres_hatay.jpg\",\"contentUrl\":\"https:\\\/\\\/tuzlainfo.ba\\\/wp-content\\\/uploads\\\/2023\\\/02\\\/1102_zemljotres_hatay.jpg\",\"width\":800,\"height\":434},{\"@type\":\"BreadcrumbList\",\"@id\":\"https:\\\/\\\/tuzlainfo.ba\\\/index.php\\\/clanci\\\/sa-svih-strana\\\/item\\\/197665-u-vec-porusenom-podrucju-novi-snazan-zemljotres-pogodio-tursku\\\/#breadcrumb\",\"itemListElement\":[{\"@type\":\"ListItem\",\"position\":1,\"name\":\"Home\",\"item\":\"https:\\\/\\\/tuzlainfo.ba\\\/\"},{\"@type\":\"ListItem\",\"position\":2,\"name\":\"U ve\u0107 poru\u0161enom podru\u010dju: Novi sna\u017ean zemljotres pogodio Tursku\"}]},{\"@type\":\"WebSite\",\"@id\":\"https:\\\/\\\/tuzlainfo.ba\\\/#website\",\"url\":\"https:\\\/\\\/tuzlainfo.ba\\\/\",\"name\":\"TuzlaInfo.ba\",\"description\":\"Tuzla info, gradski informator - Tuzla na dlanu\",\"publisher\":{\"@id\":\"https:\\\/\\\/tuzlainfo.ba\\\/#organization\"},\"potentialAction\":[{\"@type\":\"SearchAction\",\"target\":{\"@type\":\"EntryPoint\",\"urlTemplate\":\"https:\\\/\\\/tuzlainfo.ba\\\/?s={search_term_string}\"},\"query-input\":{\"@type\":\"PropertyValueSpecification\",\"valueRequired\":true,\"valueName\":\"search_term_string\"}}],\"inLanguage\":\"bs-BA\"},{\"@type\":\"Organization\",\"@id\":\"https:\\\/\\\/tuzlainfo.ba\\\/#organization\",\"name\":\"TuzlaInfo.ba\",\"url\":\"https:\\\/\\\/tuzlainfo.ba\\\/\",\"logo\":{\"@type\":\"ImageObject\",\"inLanguage\":\"bs-BA\",\"@id\":\"https:\\\/\\\/tuzlainfo.ba\\\/#\\\/schema\\\/logo\\\/image\\\/\",\"url\":\"https:\\\/\\\/tuzlainfo.ba\\\/wp-content\\\/uploads\\\/2021\\\/03\\\/logo-ver-3-1.png\",\"contentUrl\":\"https:\\\/\\\/tuzlainfo.ba\\\/wp-content\\\/uploads\\\/2021\\\/03\\\/logo-ver-3-1.png\",\"width\":350,\"height\":95,\"caption\":\"TuzlaInfo.ba\"},\"image\":{\"@id\":\"https:\\\/\\\/tuzlainfo.ba\\\/#\\\/schema\\\/logo\\\/image\\\/\"},\"sameAs\":[\"https:\\\/\\\/www.facebook.com\\\/tuzlainfo.ba\\\/\"]},{\"@type\":\"Person\",\"@id\":\"https:\\\/\\\/tuzlainfo.ba\\\/#\\\/schema\\\/person\\\/f434e20dc27ea133923aab08451b7f7f\",\"name\":\"nedim\",\"image\":{\"@type\":\"ImageObject\",\"inLanguage\":\"bs-BA\",\"@id\":\"https:\\\/\\\/secure.gravatar.com\\\/avatar\\\/5b928a2e7e70a54208d2eb6c1edcb75a5350d6ae97d5f0a701203d456823f6f3?s=96&d=mm&r=g\",\"url\":\"https:\\\/\\\/secure.gravatar.com\\\/avatar\\\/5b928a2e7e70a54208d2eb6c1edcb75a5350d6ae97d5f0a701203d456823f6f3?s=96&d=mm&r=g\",\"contentUrl\":\"https:\\\/\\\/secure.gravatar.com\\\/avatar\\\/5b928a2e7e70a54208d2eb6c1edcb75a5350d6ae97d5f0a701203d456823f6f3?s=96&d=mm&r=g\",\"caption\":\"nedim\"},\"description\":\"Tuzlainfo.ba pratite na dru\u0161tvenim mre\u017eama: Facebook, Instagram i Youtube. Svoje pri\u010de, upite i fotografije \u0161aljite na na\u0161u e-mail adresu.\"}]}<\/script>\n<!-- \/ Yoast SEO plugin. -->","yoast_head_json":{"title":"U ve\u0107 poru\u0161enom podru\u010dju: Novi sna\u017ean zemljotres pogodio Tursku","robots":{"index":"index","follow":"follow","max-snippet":"max-snippet:-1","max-image-preview":"max-image-preview:large","max-video-preview":"max-video-preview:-1"},"canonical":"https:\/\/tuzlainfo.ba\/index.php\/clanci\/sa-svih-strana\/item\/197665-u-vec-porusenom-podrucju-novi-snazan-zemljotres-pogodio-tursku\/","og_locale":"bs_BA","og_type":"article","og_title":"U ve\u0107 poru\u0161enom podru\u010dju: Novi sna\u017ean zemljotres pogodio Tursku","og_description":"Novi sna\u017ean zemljotres je ve\u010deras pogodio Tursku. Zemljotres ja\u010dine 5,2 stepena po Richterovoj skali pogodio je centralni dio zemlje. Zemljotres se dogodio oko 22.31 sat prema lokalnom vremenu. Epicentar zemljotresa bio je u blizini Karamanmarasa, odnosno oko 54 kilometra sjeverozapadno od tog grada. Podsje\u0107amo, Karamanmaras je razoren u zemljotresima koji su pogodili Tursku i Siriju [&hellip;]","og_url":"https:\/\/tuzlainfo.ba\/index.php\/clanci\/sa-svih-strana\/item\/197665-u-vec-porusenom-podrucju-novi-snazan-zemljotres-pogodio-tursku\/","og_site_name":"TuzlaInfo.ba","article_publisher":"https:\/\/www.facebook.com\/tuzlainfo.ba\/","article_published_time":"2023-02-18T20:53:46+00:00","og_image":[{"width":800,"height":434,"url":"https:\/\/tuzlainfo.ba\/wp-content\/uploads\/2023\/02\/1102_zemljotres_hatay.jpg","type":"image\/jpeg"}],"author":"nedim","twitter_card":"summary_large_image","twitter_misc":{"Written by":"nedim"},"schema":{"@context":"https:\/\/schema.org","@graph":[{"@type":"Article","@id":"https:\/\/tuzlainfo.ba\/index.php\/clanci\/sa-svih-strana\/item\/197665-u-vec-porusenom-podrucju-novi-snazan-zemljotres-pogodio-tursku\/#article","isPartOf":{"@id":"https:\/\/tuzlainfo.ba\/index.php\/clanci\/sa-svih-strana\/item\/197665-u-vec-porusenom-podrucju-novi-snazan-zemljotres-pogodio-tursku\/"},"author":{"name":"nedim","@id":"https:\/\/tuzlainfo.ba\/#\/schema\/person\/f434e20dc27ea133923aab08451b7f7f"},"headline":"U ve\u0107 poru\u0161enom podru\u010dju: Novi sna\u017ean zemljotres pogodio Tursku","datePublished":"2023-02-18T20:53:46+00:00","mainEntityOfPage":{"@id":"https:\/\/tuzlainfo.ba\/index.php\/clanci\/sa-svih-strana\/item\/197665-u-vec-porusenom-podrucju-novi-snazan-zemljotres-pogodio-tursku\/"},"wordCount":110,"commentCount":0,"publisher":{"@id":"https:\/\/tuzlainfo.ba\/#organization"},"image":{"@id":"https:\/\/tuzlainfo.ba\/index.php\/clanci\/sa-svih-strana\/item\/197665-u-vec-porusenom-podrucju-novi-snazan-zemljotres-pogodio-tursku\/#primaryimage"},"thumbnailUrl":"https:\/\/tuzlainfo.ba\/wp-content\/uploads\/2023\/02\/1102_zemljotres_hatay.jpg","keywords":["zemljotres u turskoj"],"articleSection":["Sa svih strana"],"inLanguage":"bs-BA","copyrightYear":"2023","copyrightHolder":{"@id":"https:\/\/tuzlainfo.ba\/#organization"}},{"@type":"WebPage","@id":"https:\/\/tuzlainfo.ba\/index.php\/clanci\/sa-svih-strana\/item\/197665-u-vec-porusenom-podrucju-novi-snazan-zemljotres-pogodio-tursku\/","url":"https:\/\/tuzlainfo.ba\/index.php\/clanci\/sa-svih-strana\/item\/197665-u-vec-porusenom-podrucju-novi-snazan-zemljotres-pogodio-tursku\/","name":"U ve\u0107 poru\u0161enom podru\u010dju: Novi sna\u017ean zemljotres pogodio Tursku","isPartOf":{"@id":"https:\/\/tuzlainfo.ba\/#website"},"primaryImageOfPage":{"@id":"https:\/\/tuzlainfo.ba\/index.php\/clanci\/sa-svih-strana\/item\/197665-u-vec-porusenom-podrucju-novi-snazan-zemljotres-pogodio-tursku\/#primaryimage"},"image":{"@id":"https:\/\/tuzlainfo.ba\/index.php\/clanci\/sa-svih-strana\/item\/197665-u-vec-porusenom-podrucju-novi-snazan-zemljotres-pogodio-tursku\/#primaryimage"},"thumbnailUrl":"https:\/\/tuzlainfo.ba\/wp-content\/uploads\/2023\/02\/1102_zemljotres_hatay.jpg","datePublished":"2023-02-18T20:53:46+00:00","breadcrumb":{"@id":"https:\/\/tuzlainfo.ba\/index.php\/clanci\/sa-svih-strana\/item\/197665-u-vec-porusenom-podrucju-novi-snazan-zemljotres-pogodio-tursku\/#breadcrumb"},"inLanguage":"bs-BA","potentialAction":[{"@type":"ReadAction","target":["https:\/\/tuzlainfo.ba\/index.php\/clanci\/sa-svih-strana\/item\/197665-u-vec-porusenom-podrucju-novi-snazan-zemljotres-pogodio-tursku\/"]}]},{"@type":"ImageObject","inLanguage":"bs-BA","@id":"https:\/\/tuzlainfo.ba\/index.php\/clanci\/sa-svih-strana\/item\/197665-u-vec-porusenom-podrucju-novi-snazan-zemljotres-pogodio-tursku\/#primaryimage","url":"https:\/\/tuzlainfo.ba\/wp-content\/uploads\/2023\/02\/1102_zemljotres_hatay.jpg","contentUrl":"https:\/\/tuzlainfo.ba\/wp-content\/uploads\/2023\/02\/1102_zemljotres_hatay.jpg","width":800,"height":434},{"@type":"BreadcrumbList","@id":"https:\/\/tuzlainfo.ba\/index.php\/clanci\/sa-svih-strana\/item\/197665-u-vec-porusenom-podrucju-novi-snazan-zemljotres-pogodio-tursku\/#breadcrumb","itemListElement":[{"@type":"ListItem","position":1,"name":"Home","item":"https:\/\/tuzlainfo.ba\/"},{"@type":"ListItem","position":2,"name":"U ve\u0107 poru\u0161enom podru\u010dju: Novi sna\u017ean zemljotres pogodio Tursku"}]},{"@type":"WebSite","@id":"https:\/\/tuzlainfo.ba\/#website","url":"https:\/\/tuzlainfo.ba\/","name":"TuzlaInfo.ba","description":"Tuzla info, gradski informator - Tuzla na dlanu","publisher":{"@id":"https:\/\/tuzlainfo.ba\/#organization"},"potentialAction":[{"@type":"SearchAction","target":{"@type":"EntryPoint","urlTemplate":"https:\/\/tuzlainfo.ba\/?s={search_term_string}"},"query-input":{"@type":"PropertyValueSpecification","valueRequired":true,"valueName":"search_term_string"}}],"inLanguage":"bs-BA"},{"@type":"Organization","@id":"https:\/\/tuzlainfo.ba\/#organization","name":"TuzlaInfo.ba","url":"https:\/\/tuzlainfo.ba\/","logo":{"@type":"ImageObject","inLanguage":"bs-BA","@id":"https:\/\/tuzlainfo.ba\/#\/schema\/logo\/image\/","url":"https:\/\/tuzlainfo.ba\/wp-content\/uploads\/2021\/03\/logo-ver-3-1.png","contentUrl":"https:\/\/tuzlainfo.ba\/wp-content\/uploads\/2021\/03\/logo-ver-3-1.png","width":350,"height":95,"caption":"TuzlaInfo.ba"},"image":{"@id":"https:\/\/tuzlainfo.ba\/#\/schema\/logo\/image\/"},"sameAs":["https:\/\/www.facebook.com\/tuzlainfo.ba\/"]},{"@type":"Person","@id":"https:\/\/tuzlainfo.ba\/#\/schema\/person\/f434e20dc27ea133923aab08451b7f7f","name":"nedim","image":{"@type":"ImageObject","inLanguage":"bs-BA","@id":"https:\/\/secure.gravatar.com\/avatar\/5b928a2e7e70a54208d2eb6c1edcb75a5350d6ae97d5f0a701203d456823f6f3?s=96&d=mm&r=g","url":"https:\/\/secure.gravatar.com\/avatar\/5b928a2e7e70a54208d2eb6c1edcb75a5350d6ae97d5f0a701203d456823f6f3?s=96&d=mm&r=g","contentUrl":"https:\/\/secure.gravatar.com\/avatar\/5b928a2e7e70a54208d2eb6c1edcb75a5350d6ae97d5f0a701203d456823f6f3?s=96&d=mm&r=g","caption":"nedim"},"description":"Tuzlainfo.ba pratite na dru\u0161tvenim mre\u017eama: Facebook, Instagram i Youtube. Svoje pri\u010de, upite i fotografije \u0161aljite na na\u0161u e-mail adresu."}]}},"_links":{"self":[{"href":"https:\/\/tuzlainfo.ba\/index.php\/wp-json\/wp\/v2\/posts\/197665","targetHints":{"allow":["GET"]}}],"collection":[{"href":"https:\/\/tuzlainfo.ba\/index.php\/wp-json\/wp\/v2\/posts"}],"about":[{"href":"https:\/\/tuzlainfo.ba\/index.php\/wp-json\/wp\/v2\/types\/post"}],"author":[{"embeddable":true,"href":"https:\/\/tuzlainfo.ba\/index.php\/wp-json\/wp\/v2\/users\/2"}],"replies":[{"embeddable":true,"href":"https:\/\/tuzlainfo.ba\/index.php\/wp-json\/wp\/v2\/comments?post=197665"}],"version-history":[{"count":0,"href":"https:\/\/tuzlainfo.ba\/index.php\/wp-json\/wp\/v2\/posts\/197665\/revisions"}],"wp:featuredmedia":[{"embeddable":true,"href":"https:\/\/tuzlainfo.ba\/index.php\/wp-json\/wp\/v2\/media\/197031"}],"wp:attachment":[{"href":"https:\/\/tuzlainfo.ba\/index.php\/wp-json\/wp\/v2\/media?parent=197665"}],"wp:term":[{"taxonomy":"category","embeddable":true,"href":"https:\/\/tuzlainfo.ba\/index.php\/wp-json\/wp\/v2\/categories?post=197665"},{"taxonomy":"post_tag","embeddable":true,"href":"https:\/\/tuzlainfo.ba\/index.php\/wp-json\/wp\/v2\/tags?post=197665"}],"curies":[{"name":"wp","href":"https:\/\/api.w.org\/{rel}","templated":true}]}}