{"id":197413,"date":"2023-02-15T21:33:39","date_gmt":"2023-02-15T20:33:39","guid":{"rendered":"https:\/\/tuzlainfo.ba\/?p=197413"},"modified":"2023-02-15T21:33:39","modified_gmt":"2023-02-15T20:33:39","slug":"hoce-li-ademovic-zasjesti-u-fotelju-voljom-hdz-a-i-snsd-a-a-preglasavanjem-bosnjaka","status":"publish","type":"post","link":"https:\/\/tuzlainfo.ba\/index.php\/bosna-i-hercegovina\/item\/197413-hoce-li-ademovic-zasjesti-u-fotelju-voljom-hdz-a-i-snsd-a-a-preglasavanjem-bosnjaka\/","title":{"rendered":"Ho\u0107e li Ademovi\u0107 zasjesti u fotelju voljom HDZ-a i SNSD-a, a preglasavanjem Bo\u0161njaka?"},"content":{"rendered":"<p>Novi saziv dr\u017eavnog Doma naroda sutra \u0107e prvi put sjesti u Plavu salu zgrade Parlamentarne skup\u0161tine BiH,\u00a0<strong>preuzeti svoje mandate i izabrati jednog Bo\u0161njaka, Hrvata i Srbina u Kolegij Doma.<\/strong><\/p>\n<p>Izvjesno je da \u0107e u Kolegiju ostati predsjednik HDZ-a BiH\u00a0<strong>Dragan \u010covi\u0107<\/strong>, na istoj poziciji najvjerovatnije ostaje i SNSD-ov\u00a0<strong>Nikola \u0160piri\u0107<\/strong>, dok bi odluku o imenu Bo\u0161njaka na \u010delu Doma naroda BiH mogli donijeti upravo HDZ i SNSD, a suprotno volji Kluba Bo\u0161njaka.<\/p>\n<p>Prema informacijama Slobodne Bosne, kandidat Kluba Bo\u0161njaka za Kolegij Doma naroda bit \u0107e\u00a0<strong>\u0160efik D\u017eaferovi\u0107<\/strong>, \u010diji bi izbor trebalo podr\u017eati najmanje tri, a vjerovatno i \u010detiri od ukupno pet delegata u Klubu Bo\u0161njaka. Me\u0111utim,\u00a0<strong>ve\u0107inska volja Bo\u0161njaka mo\u017eda ne\u0107e biti dovoljna za izbor D\u017eaferovi\u0107a u rukovodstvo Doma.<\/strong><\/p>\n<p>Delegat Naroda i pravde\u00a0<strong>Kemal Ademovi\u0107<\/strong>\u00a0mogao bi predlo\u017eiti sam sebe za \u010dlana Kolegija,\u00a0<strong>zatim glasati sam za sebe i uz podr\u0161ku delegata HDZ-a BiH i SNSD-a, a preglasavanjem ve\u0107ine Bo\u0161njaka, biti izabran na tu poziciju.<\/strong><\/p>\n<p><strong>Na taj bi na\u010din Ademovi\u0107 dobio poziciju u rukovodstvu, ali i te\u0161ko politi\u010dko breme da je izabran voljom Dragana \u010covi\u0107a i Milorada Dodika, a ne voljom Bo\u0161njaka. Time bi se ujedno jo\u0161 jednom ispunila Dodikova najava da \u0107e blok Srbi-Hrvati, a ne &#8220;muslimani iz Sarajeva&#8221;, birati ko \u0107e biti vlast.<\/strong><\/p>\n<p>S druge strane, ta bi situacija mogla imati dugoro\u010dne posljedice, prije svega po HDZBiH jer u parlamentarnu praksu uvodi do sada na dr\u017eavnom nivou nezabilje\u017een princip<strong>\u00a0u kojem se zanemaruje volja klubova naroda.<\/strong><\/p>\n<p>Na identi\u010dan bi na\u010din, primjera radi, HDZ nakon narednih Op\u0107ih izbora mogao ostati bez pozicije u rukovodstvu parlamenta, s obzirom da bi glasovi Bo\u0161njaka i dva delegata u Klubu Srba bila dovoljna da se u Kolegij izabere Hrvat koji pripada nekoj od gra\u0111anskih stranaka ili nekoj drugoj stranci sa hrvatskim etni\u010dkim predznakom koja bude imala mandat u Domu naroda.<\/p>\n<p>Drugim rije\u010dima,\u00a0<strong>HDZBiH bi se i definitivno odrekao koncepta \u201elegitimnog predstavljanja\u201c na kojem su decenijama gradili svoju politi\u010dku platformu.<\/strong> Delegati HDZ-a, predvo\u0111eni Draganom \u010covi\u0107em, u \u010detvrtak \u0107e pokazati da li su spremni napraviti epilog za takav razvoj doga\u0111aja, pi\u0161e <a href=\"https:\/\/www.slobodna-bosna.ba\/vijest\/288928\/chovic_i_dodik_biraju_svog_muslimana_ademovic_bi_mogao_zasjesti_u_fotelju_voljom_hdz_a_i_snsd_a_a_preglasavanjem_bosnjaka.html\"><strong>Slobodna Bosna<\/strong><\/a>.<\/p>\n","protected":false},"excerpt":{"rendered":"<p>Novi saziv dr\u017eavnog Doma naroda sutra \u0107e prvi put sjesti u Plavu salu zgrade Parlamentarne&hellip;<\/p>\n","protected":false},"author":2,"featured_media":197414,"comment_status":"open","ping_status":"closed","sticky":false,"template":"","format":"standard","meta":{"_acf_changed":false,"footnotes":""},"categories":[291],"tags":[4735,6298],"acf":[],"yoast_head":"<!-- This site is optimized with the Yoast SEO plugin v23.5 - https:\/\/yoast.com\/wordpress\/plugins\/seo\/ -->\n<title>Ho\u0107e li Ademovi\u0107 zasjesti u fotelju voljom HDZ-a i SNSD-a, a preglasavanjem Bo\u0161njaka? - TuzlaInfo.ba<\/title>\n<meta name=\"robots\" content=\"index, follow, max-snippet:-1, max-image-preview:large, max-video-preview:-1\" \/>\n<link rel=\"canonical\" href=\"https:\/\/tuzlainfo.ba\/index.php\/bosna-i-hercegovina\/item\/197413-hoce-li-ademovic-zasjesti-u-fotelju-voljom-hdz-a-i-snsd-a-a-preglasavanjem-bosnjaka\/\" \/>\n<meta property=\"og:locale\" content=\"bs_BA\" \/>\n<meta property=\"og:type\" content=\"article\" \/>\n<meta property=\"og:title\" content=\"Ho\u0107e li Ademovi\u0107 zasjesti u fotelju voljom HDZ-a i SNSD-a, a preglasavanjem Bo\u0161njaka? - TuzlaInfo.ba\" \/>\n<meta property=\"og:description\" content=\"Novi saziv dr\u017eavnog Doma naroda sutra \u0107e prvi put sjesti u Plavu salu zgrade Parlamentarne&hellip;\" \/>\n<meta property=\"og:url\" content=\"https:\/\/tuzlainfo.ba\/index.php\/bosna-i-hercegovina\/item\/197413-hoce-li-ademovic-zasjesti-u-fotelju-voljom-hdz-a-i-snsd-a-a-preglasavanjem-bosnjaka\/\" \/>\n<meta property=\"og:site_name\" content=\"TuzlaInfo.ba\" \/>\n<meta property=\"article:publisher\" content=\"https:\/\/www.facebook.com\/tuzlainfo.ba\/\" \/>\n<meta property=\"article:published_time\" content=\"2023-02-15T20:33:39+00:00\" \/>\n<meta property=\"og:image\" content=\"https:\/\/tuzlainfo.ba\/wp-content\/uploads\/2023\/02\/1502_kemal_ademovic.jpg\" \/>\n\t<meta property=\"og:image:width\" content=\"871\" \/>\n\t<meta property=\"og:image:height\" content=\"528\" \/>\n\t<meta property=\"og:image:type\" content=\"image\/jpeg\" \/>\n<meta name=\"author\" content=\"nedim\" \/>\n<meta name=\"twitter:card\" content=\"summary_large_image\" \/>\n<meta name=\"twitter:label1\" content=\"Written by\" \/>\n\t<meta name=\"twitter:data1\" content=\"nedim\" \/>\n\t<meta name=\"twitter:label2\" content=\"Est. reading time\" \/>\n\t<meta name=\"twitter:data2\" content=\"2 minute\" \/>\n<script type=\"application\/ld+json\" class=\"yoast-schema-graph\">{\"@context\":\"https:\/\/schema.org\",\"@graph\":[{\"@type\":\"Article\",\"@id\":\"https:\/\/tuzlainfo.ba\/index.php\/bosna-i-hercegovina\/item\/197413-hoce-li-ademovic-zasjesti-u-fotelju-voljom-hdz-a-i-snsd-a-a-preglasavanjem-bosnjaka\/#article\",\"isPartOf\":{\"@id\":\"https:\/\/tuzlainfo.ba\/index.php\/bosna-i-hercegovina\/item\/197413-hoce-li-ademovic-zasjesti-u-fotelju-voljom-hdz-a-i-snsd-a-a-preglasavanjem-bosnjaka\/\"},\"author\":{\"name\":\"nedim\",\"@id\":\"https:\/\/tuzlainfo.ba\/#\/schema\/person\/f434e20dc27ea133923aab08451b7f7f\"},\"headline\":\"Ho\u0107e li Ademovi\u0107 zasjesti u fotelju voljom HDZ-a i SNSD-a, a preglasavanjem Bo\u0161njaka?\",\"datePublished\":\"2023-02-15T20:33:39+00:00\",\"dateModified\":\"2023-02-15T20:33:39+00:00\",\"mainEntityOfPage\":{\"@id\":\"https:\/\/tuzlainfo.ba\/index.php\/bosna-i-hercegovina\/item\/197413-hoce-li-ademovic-zasjesti-u-fotelju-voljom-hdz-a-i-snsd-a-a-preglasavanjem-bosnjaka\/\"},\"wordCount\":394,\"commentCount\":0,\"publisher\":{\"@id\":\"https:\/\/tuzlainfo.ba\/#organization\"},\"image\":{\"@id\":\"https:\/\/tuzlainfo.ba\/index.php\/bosna-i-hercegovina\/item\/197413-hoce-li-ademovic-zasjesti-u-fotelju-voljom-hdz-a-i-snsd-a-a-preglasavanjem-bosnjaka\/#primaryimage\"},\"thumbnailUrl\":\"https:\/\/tuzlainfo.ba\/wp-content\/uploads\/2023\/02\/1502_kemal_ademovic.jpg\",\"keywords\":[\"dom naroda bih\",\"Kemal Ademovi\u0107\"],\"articleSection\":[\"Bosna i Hercegovina\"],\"inLanguage\":\"bs-BA\"},{\"@type\":\"WebPage\",\"@id\":\"https:\/\/tuzlainfo.ba\/index.php\/bosna-i-hercegovina\/item\/197413-hoce-li-ademovic-zasjesti-u-fotelju-voljom-hdz-a-i-snsd-a-a-preglasavanjem-bosnjaka\/\",\"url\":\"https:\/\/tuzlainfo.ba\/index.php\/bosna-i-hercegovina\/item\/197413-hoce-li-ademovic-zasjesti-u-fotelju-voljom-hdz-a-i-snsd-a-a-preglasavanjem-bosnjaka\/\",\"name\":\"Ho\u0107e li Ademovi\u0107 zasjesti u fotelju voljom HDZ-a i SNSD-a, a preglasavanjem Bo\u0161njaka? - TuzlaInfo.ba\",\"isPartOf\":{\"@id\":\"https:\/\/tuzlainfo.ba\/#website\"},\"primaryImageOfPage\":{\"@id\":\"https:\/\/tuzlainfo.ba\/index.php\/bosna-i-hercegovina\/item\/197413-hoce-li-ademovic-zasjesti-u-fotelju-voljom-hdz-a-i-snsd-a-a-preglasavanjem-bosnjaka\/#primaryimage\"},\"image\":{\"@id\":\"https:\/\/tuzlainfo.ba\/index.php\/bosna-i-hercegovina\/item\/197413-hoce-li-ademovic-zasjesti-u-fotelju-voljom-hdz-a-i-snsd-a-a-preglasavanjem-bosnjaka\/#primaryimage\"},\"thumbnailUrl\":\"https:\/\/tuzlainfo.ba\/wp-content\/uploads\/2023\/02\/1502_kemal_ademovic.jpg\",\"datePublished\":\"2023-02-15T20:33:39+00:00\",\"dateModified\":\"2023-02-15T20:33:39+00:00\",\"breadcrumb\":{\"@id\":\"https:\/\/tuzlainfo.ba\/index.php\/bosna-i-hercegovina\/item\/197413-hoce-li-ademovic-zasjesti-u-fotelju-voljom-hdz-a-i-snsd-a-a-preglasavanjem-bosnjaka\/#breadcrumb\"},\"inLanguage\":\"bs-BA\",\"potentialAction\":[{\"@type\":\"ReadAction\",\"target\":[\"https:\/\/tuzlainfo.ba\/index.php\/bosna-i-hercegovina\/item\/197413-hoce-li-ademovic-zasjesti-u-fotelju-voljom-hdz-a-i-snsd-a-a-preglasavanjem-bosnjaka\/\"]}]},{\"@type\":\"ImageObject\",\"inLanguage\":\"bs-BA\",\"@id\":\"https:\/\/tuzlainfo.ba\/index.php\/bosna-i-hercegovina\/item\/197413-hoce-li-ademovic-zasjesti-u-fotelju-voljom-hdz-a-i-snsd-a-a-preglasavanjem-bosnjaka\/#primaryimage\",\"url\":\"https:\/\/tuzlainfo.ba\/wp-content\/uploads\/2023\/02\/1502_kemal_ademovic.jpg\",\"contentUrl\":\"https:\/\/tuzlainfo.ba\/wp-content\/uploads\/2023\/02\/1502_kemal_ademovic.jpg\",\"width\":871,\"height\":528},{\"@type\":\"BreadcrumbList\",\"@id\":\"https:\/\/tuzlainfo.ba\/index.php\/bosna-i-hercegovina\/item\/197413-hoce-li-ademovic-zasjesti-u-fotelju-voljom-hdz-a-i-snsd-a-a-preglasavanjem-bosnjaka\/#breadcrumb\",\"itemListElement\":[{\"@type\":\"ListItem\",\"position\":1,\"name\":\"Home\",\"item\":\"https:\/\/tuzlainfo.ba\/\"},{\"@type\":\"ListItem\",\"position\":2,\"name\":\"Ho\u0107e li Ademovi\u0107 zasjesti u fotelju voljom HDZ-a i SNSD-a, a preglasavanjem Bo\u0161njaka?\"}]},{\"@type\":\"WebSite\",\"@id\":\"https:\/\/tuzlainfo.ba\/#website\",\"url\":\"https:\/\/tuzlainfo.ba\/\",\"name\":\"TuzlaInfo.ba\",\"description\":\"Tuzla info, gradski informator - Tuzla na dlanu\",\"publisher\":{\"@id\":\"https:\/\/tuzlainfo.ba\/#organization\"},\"potentialAction\":[{\"@type\":\"SearchAction\",\"target\":{\"@type\":\"EntryPoint\",\"urlTemplate\":\"https:\/\/tuzlainfo.ba\/?s={search_term_string}\"},\"query-input\":{\"@type\":\"PropertyValueSpecification\",\"valueRequired\":true,\"valueName\":\"search_term_string\"}}],\"inLanguage\":\"bs-BA\"},{\"@type\":\"Organization\",\"@id\":\"https:\/\/tuzlainfo.ba\/#organization\",\"name\":\"TuzlaInfo.ba\",\"url\":\"https:\/\/tuzlainfo.ba\/\",\"logo\":{\"@type\":\"ImageObject\",\"inLanguage\":\"bs-BA\",\"@id\":\"https:\/\/tuzlainfo.ba\/#\/schema\/logo\/image\/\",\"url\":\"https:\/\/tuzlainfo.ba\/wp-content\/uploads\/2021\/03\/logo-ver-3-1.png\",\"contentUrl\":\"https:\/\/tuzlainfo.ba\/wp-content\/uploads\/2021\/03\/logo-ver-3-1.png\",\"width\":350,\"height\":95,\"caption\":\"TuzlaInfo.ba\"},\"image\":{\"@id\":\"https:\/\/tuzlainfo.ba\/#\/schema\/logo\/image\/\"},\"sameAs\":[\"https:\/\/www.facebook.com\/tuzlainfo.ba\/\"]},{\"@type\":\"Person\",\"@id\":\"https:\/\/tuzlainfo.ba\/#\/schema\/person\/f434e20dc27ea133923aab08451b7f7f\",\"name\":\"nedim\",\"image\":{\"@type\":\"ImageObject\",\"inLanguage\":\"bs-BA\",\"@id\":\"https:\/\/tuzlainfo.ba\/#\/schema\/person\/image\/\",\"url\":\"https:\/\/tuzlainfo.ba\/wp-content\/litespeed\/avatar\/aabad687af24844af817603ac1cbdc4f.jpg?ver=1776702173\",\"contentUrl\":\"https:\/\/tuzlainfo.ba\/wp-content\/litespeed\/avatar\/aabad687af24844af817603ac1cbdc4f.jpg?ver=1776702173\",\"caption\":\"nedim\"},\"description\":\"Tuzlainfo.ba pratite na dru\u0161tvenim mre\u017eama: Facebook, Instagram i Youtube. Svoje pri\u010de, upite i fotografije \u0161aljite na na\u0161u e-mail adresu.\"}]}<\/script>\n<!-- \/ Yoast SEO plugin. -->","yoast_head_json":{"title":"Ho\u0107e li Ademovi\u0107 zasjesti u fotelju voljom HDZ-a i SNSD-a, a preglasavanjem Bo\u0161njaka? - TuzlaInfo.ba","robots":{"index":"index","follow":"follow","max-snippet":"max-snippet:-1","max-image-preview":"max-image-preview:large","max-video-preview":"max-video-preview:-1"},"canonical":"https:\/\/tuzlainfo.ba\/index.php\/bosna-i-hercegovina\/item\/197413-hoce-li-ademovic-zasjesti-u-fotelju-voljom-hdz-a-i-snsd-a-a-preglasavanjem-bosnjaka\/","og_locale":"bs_BA","og_type":"article","og_title":"Ho\u0107e li Ademovi\u0107 zasjesti u fotelju voljom HDZ-a i SNSD-a, a preglasavanjem Bo\u0161njaka? - TuzlaInfo.ba","og_description":"Novi saziv dr\u017eavnog Doma naroda sutra \u0107e prvi put sjesti u Plavu salu zgrade Parlamentarne&hellip;","og_url":"https:\/\/tuzlainfo.ba\/index.php\/bosna-i-hercegovina\/item\/197413-hoce-li-ademovic-zasjesti-u-fotelju-voljom-hdz-a-i-snsd-a-a-preglasavanjem-bosnjaka\/","og_site_name":"TuzlaInfo.ba","article_publisher":"https:\/\/www.facebook.com\/tuzlainfo.ba\/","article_published_time":"2023-02-15T20:33:39+00:00","og_image":[{"width":871,"height":528,"url":"https:\/\/tuzlainfo.ba\/wp-content\/uploads\/2023\/02\/1502_kemal_ademovic.jpg","type":"image\/jpeg"}],"author":"nedim","twitter_card":"summary_large_image","twitter_misc":{"Written by":"nedim","Est. reading time":"2 minute"},"schema":{"@context":"https:\/\/schema.org","@graph":[{"@type":"Article","@id":"https:\/\/tuzlainfo.ba\/index.php\/bosna-i-hercegovina\/item\/197413-hoce-li-ademovic-zasjesti-u-fotelju-voljom-hdz-a-i-snsd-a-a-preglasavanjem-bosnjaka\/#article","isPartOf":{"@id":"https:\/\/tuzlainfo.ba\/index.php\/bosna-i-hercegovina\/item\/197413-hoce-li-ademovic-zasjesti-u-fotelju-voljom-hdz-a-i-snsd-a-a-preglasavanjem-bosnjaka\/"},"author":{"name":"nedim","@id":"https:\/\/tuzlainfo.ba\/#\/schema\/person\/f434e20dc27ea133923aab08451b7f7f"},"headline":"Ho\u0107e li Ademovi\u0107 zasjesti u fotelju voljom HDZ-a i SNSD-a, a preglasavanjem Bo\u0161njaka?","datePublished":"2023-02-15T20:33:39+00:00","dateModified":"2023-02-15T20:33:39+00:00","mainEntityOfPage":{"@id":"https:\/\/tuzlainfo.ba\/index.php\/bosna-i-hercegovina\/item\/197413-hoce-li-ademovic-zasjesti-u-fotelju-voljom-hdz-a-i-snsd-a-a-preglasavanjem-bosnjaka\/"},"wordCount":394,"commentCount":0,"publisher":{"@id":"https:\/\/tuzlainfo.ba\/#organization"},"image":{"@id":"https:\/\/tuzlainfo.ba\/index.php\/bosna-i-hercegovina\/item\/197413-hoce-li-ademovic-zasjesti-u-fotelju-voljom-hdz-a-i-snsd-a-a-preglasavanjem-bosnjaka\/#primaryimage"},"thumbnailUrl":"https:\/\/tuzlainfo.ba\/wp-content\/uploads\/2023\/02\/1502_kemal_ademovic.jpg","keywords":["dom naroda bih","Kemal Ademovi\u0107"],"articleSection":["Bosna i Hercegovina"],"inLanguage":"bs-BA"},{"@type":"WebPage","@id":"https:\/\/tuzlainfo.ba\/index.php\/bosna-i-hercegovina\/item\/197413-hoce-li-ademovic-zasjesti-u-fotelju-voljom-hdz-a-i-snsd-a-a-preglasavanjem-bosnjaka\/","url":"https:\/\/tuzlainfo.ba\/index.php\/bosna-i-hercegovina\/item\/197413-hoce-li-ademovic-zasjesti-u-fotelju-voljom-hdz-a-i-snsd-a-a-preglasavanjem-bosnjaka\/","name":"Ho\u0107e li Ademovi\u0107 zasjesti u fotelju voljom HDZ-a i SNSD-a, a preglasavanjem Bo\u0161njaka? - TuzlaInfo.ba","isPartOf":{"@id":"https:\/\/tuzlainfo.ba\/#website"},"primaryImageOfPage":{"@id":"https:\/\/tuzlainfo.ba\/index.php\/bosna-i-hercegovina\/item\/197413-hoce-li-ademovic-zasjesti-u-fotelju-voljom-hdz-a-i-snsd-a-a-preglasavanjem-bosnjaka\/#primaryimage"},"image":{"@id":"https:\/\/tuzlainfo.ba\/index.php\/bosna-i-hercegovina\/item\/197413-hoce-li-ademovic-zasjesti-u-fotelju-voljom-hdz-a-i-snsd-a-a-preglasavanjem-bosnjaka\/#primaryimage"},"thumbnailUrl":"https:\/\/tuzlainfo.ba\/wp-content\/uploads\/2023\/02\/1502_kemal_ademovic.jpg","datePublished":"2023-02-15T20:33:39+00:00","dateModified":"2023-02-15T20:33:39+00:00","breadcrumb":{"@id":"https:\/\/tuzlainfo.ba\/index.php\/bosna-i-hercegovina\/item\/197413-hoce-li-ademovic-zasjesti-u-fotelju-voljom-hdz-a-i-snsd-a-a-preglasavanjem-bosnjaka\/#breadcrumb"},"inLanguage":"bs-BA","potentialAction":[{"@type":"ReadAction","target":["https:\/\/tuzlainfo.ba\/index.php\/bosna-i-hercegovina\/item\/197413-hoce-li-ademovic-zasjesti-u-fotelju-voljom-hdz-a-i-snsd-a-a-preglasavanjem-bosnjaka\/"]}]},{"@type":"ImageObject","inLanguage":"bs-BA","@id":"https:\/\/tuzlainfo.ba\/index.php\/bosna-i-hercegovina\/item\/197413-hoce-li-ademovic-zasjesti-u-fotelju-voljom-hdz-a-i-snsd-a-a-preglasavanjem-bosnjaka\/#primaryimage","url":"https:\/\/tuzlainfo.ba\/wp-content\/uploads\/2023\/02\/1502_kemal_ademovic.jpg","contentUrl":"https:\/\/tuzlainfo.ba\/wp-content\/uploads\/2023\/02\/1502_kemal_ademovic.jpg","width":871,"height":528},{"@type":"BreadcrumbList","@id":"https:\/\/tuzlainfo.ba\/index.php\/bosna-i-hercegovina\/item\/197413-hoce-li-ademovic-zasjesti-u-fotelju-voljom-hdz-a-i-snsd-a-a-preglasavanjem-bosnjaka\/#breadcrumb","itemListElement":[{"@type":"ListItem","position":1,"name":"Home","item":"https:\/\/tuzlainfo.ba\/"},{"@type":"ListItem","position":2,"name":"Ho\u0107e li Ademovi\u0107 zasjesti u fotelju voljom HDZ-a i SNSD-a, a preglasavanjem Bo\u0161njaka?"}]},{"@type":"WebSite","@id":"https:\/\/tuzlainfo.ba\/#website","url":"https:\/\/tuzlainfo.ba\/","name":"TuzlaInfo.ba","description":"Tuzla info, gradski informator - Tuzla na dlanu","publisher":{"@id":"https:\/\/tuzlainfo.ba\/#organization"},"potentialAction":[{"@type":"SearchAction","target":{"@type":"EntryPoint","urlTemplate":"https:\/\/tuzlainfo.ba\/?s={search_term_string}"},"query-input":{"@type":"PropertyValueSpecification","valueRequired":true,"valueName":"search_term_string"}}],"inLanguage":"bs-BA"},{"@type":"Organization","@id":"https:\/\/tuzlainfo.ba\/#organization","name":"TuzlaInfo.ba","url":"https:\/\/tuzlainfo.ba\/","logo":{"@type":"ImageObject","inLanguage":"bs-BA","@id":"https:\/\/tuzlainfo.ba\/#\/schema\/logo\/image\/","url":"https:\/\/tuzlainfo.ba\/wp-content\/uploads\/2021\/03\/logo-ver-3-1.png","contentUrl":"https:\/\/tuzlainfo.ba\/wp-content\/uploads\/2021\/03\/logo-ver-3-1.png","width":350,"height":95,"caption":"TuzlaInfo.ba"},"image":{"@id":"https:\/\/tuzlainfo.ba\/#\/schema\/logo\/image\/"},"sameAs":["https:\/\/www.facebook.com\/tuzlainfo.ba\/"]},{"@type":"Person","@id":"https:\/\/tuzlainfo.ba\/#\/schema\/person\/f434e20dc27ea133923aab08451b7f7f","name":"nedim","image":{"@type":"ImageObject","inLanguage":"bs-BA","@id":"https:\/\/tuzlainfo.ba\/#\/schema\/person\/image\/","url":"https:\/\/tuzlainfo.ba\/wp-content\/litespeed\/avatar\/aabad687af24844af817603ac1cbdc4f.jpg?ver=1776702173","contentUrl":"https:\/\/tuzlainfo.ba\/wp-content\/litespeed\/avatar\/aabad687af24844af817603ac1cbdc4f.jpg?ver=1776702173","caption":"nedim"},"description":"Tuzlainfo.ba pratite na dru\u0161tvenim mre\u017eama: Facebook, Instagram i Youtube. Svoje pri\u010de, upite i fotografije \u0161aljite na na\u0161u e-mail adresu."}]}},"_links":{"self":[{"href":"https:\/\/tuzlainfo.ba\/index.php\/wp-json\/wp\/v2\/posts\/197413"}],"collection":[{"href":"https:\/\/tuzlainfo.ba\/index.php\/wp-json\/wp\/v2\/posts"}],"about":[{"href":"https:\/\/tuzlainfo.ba\/index.php\/wp-json\/wp\/v2\/types\/post"}],"author":[{"embeddable":true,"href":"https:\/\/tuzlainfo.ba\/index.php\/wp-json\/wp\/v2\/users\/2"}],"replies":[{"embeddable":true,"href":"https:\/\/tuzlainfo.ba\/index.php\/wp-json\/wp\/v2\/comments?post=197413"}],"version-history":[{"count":0,"href":"https:\/\/tuzlainfo.ba\/index.php\/wp-json\/wp\/v2\/posts\/197413\/revisions"}],"wp:featuredmedia":[{"embeddable":true,"href":"https:\/\/tuzlainfo.ba\/index.php\/wp-json\/wp\/v2\/media\/197414"}],"wp:attachment":[{"href":"https:\/\/tuzlainfo.ba\/index.php\/wp-json\/wp\/v2\/media?parent=197413"}],"wp:term":[{"taxonomy":"category","embeddable":true,"href":"https:\/\/tuzlainfo.ba\/index.php\/wp-json\/wp\/v2\/categories?post=197413"},{"taxonomy":"post_tag","embeddable":true,"href":"https:\/\/tuzlainfo.ba\/index.php\/wp-json\/wp\/v2\/tags?post=197413"}],"curies":[{"name":"wp","href":"https:\/\/api.w.org\/{rel}","templated":true}]}}