{"id":197383,"date":"2023-02-15T18:45:02","date_gmt":"2023-02-15T17:45:02","guid":{"rendered":"https:\/\/tuzlainfo.ba\/?p=197383"},"modified":"2023-02-15T18:25:57","modified_gmt":"2023-02-15T17:25:57","slug":"u-turskoj-zavrsena-potraga-za-zivima-spasioci-se-vracaju-kucama","status":"publish","type":"post","link":"https:\/\/tuzlainfo.ba\/index.php\/clanci\/sa-svih-strana\/item\/197383-u-turskoj-zavrsena-potraga-za-zivima-spasioci-se-vracaju-kucama\/","title":{"rendered":"U Turskoj zavr\u0161ena potraga za \u017eivima, spasioci se vra\u0107aju ku\u0107ama"},"content":{"rendered":"<p>Spasila\u010dka internacionalna misija u Hatayu nema vi\u0161e svrhu ostanka, zato \u0161to ve\u0107 drugi dan ne dobijamo dojavu o prona\u0111enim \u017eivim osobama, izjavio je za Agenciju MINA D\u017eenadin Velad\u017ei\u0107 predsjednik Gorske slu\u017ebe spa\u0161avanja Federacije Bosne i Hercegovine (GSS FBiH).<\/p>\n<p>&nbsp;<\/p>\n<p>Brojni spasila\u010dki timovi raspore\u0111eni u Antakiji na istoku Turske ve\u0107 su oti\u0161li ili se spremaju za odlazak. Kamp GSS FBiH sa 70 spasilaca je ve\u0107 rasformiran, a za polazak se \u010deka povratak timova sa terena.<\/p>\n<p>Prema informacijama kojima raspola\u017ee novinar MINA-e na terenu, i ured Centra za koordinaciju operacija na terenu (On-site Operation Coordination Centre &#8211; OSOCC) trebao bi biti zatvoren krajem dana.<\/p>\n<p>&nbsp;<\/p>\n<p>Podsjetimo da se prva grupa spasilaca iz BiH danas vratila u Sarajevo.<\/p>\n<p>Odlaskom spasilaca iz Hataya potvrdile su se ranije najave da se ulazi u zavr\u0161nu fazu potrage i spa\u0161avanja nakon razornih zemljotresa, koja podrazumijeva \u010di\u0161\u0107enje i sanaciju terena.<\/p>\n<p>&nbsp;<\/p>\n<p>&#8220;Sporadi\u010dne slu\u010dajeve spa\u0161avanja koji se dese, mogu rije\u0161iti lokalni, nacionalni spasila\u010dki timovi koji su ve\u0107 tu na terenu. Pomo\u0107 koju smo mi ovdje pru\u017eili je zavr\u0161ena. Sad na teren dolaze timovi koji \u0107e raditi asanacije terena, izvla\u010denje tijela, \u010di\u0161\u0107enje ru\u0161evina, a to nije spasila\u010dki posao&#8221;, pojasnio je Velad\u017ei\u0107.<\/p>\n<p>&nbsp;<\/p>\n<p>\u010clanovi GSS-a su prethodnih dana bili ispomo\u0107 lokalnim timovima u potrazi i spa\u0161avanju stradalih u zemljotresima. Tri tima GSS-a FBiH i danas su na terenu od jutarnjih sati.<\/p>\n<p>&nbsp;<\/p>\n<p>&#8220;Ukoliko ne bude nikakvih potreba za spasila\u010dkim akcijama, mi se pakujemo i kre\u0107emo ve\u010deras ili rano ujutro&#8221;, dodao je Velad\u017ei\u0107.<\/p>\n<p>&nbsp;<\/p>\n<p>U narednom periodu \u0107e analizirati rezultate njihovog rada na terenu.<\/p>\n<p>&nbsp;<\/p>\n<p>&#8220;Ovo je ogromno iskustvo za GSS FBiH, odavde \u0107e spasioci do\u0107i puno bogatiji za iskustvo spa\u0161avanja. Tu \u0107emo analizu u\u010diniti za na\u0161e potrebe, ne mo\u017eemo izlaziti u javnost s informacijama koliko ljudi smo spasili, u koliko akcija smo u\u010destvovali. Jednostavno, na\u0161a etika ne dozvoljava da tim ciframa baratamo javno, da ljudske \u017eivote tretiramo kao brojeve&#8221;, naglasio je Velad\u017ei\u0107.<\/p>\n<p>&nbsp;<\/p>\n<p>Dodao je i kako su timovi GSS FBiH dobili pohvale od koordinacijskog tijela UN-a, koji je bio cjelokupni organizator svih intervencija.<\/p>\n<p>&nbsp;<\/p>\n<p>&#8220;Dobili smo pohvale i od turske vlade, od AFAD-a, koji je koordinirao timove. Na\u0161i psi su imali u\u010dinkovitost od sto posto. Tamo gdje su oni markirali, uvijek je prona\u0111ena \u017ertva zemljotresa. Na\u0161i timovi, gdje god su iza\u0161li na teren, dali su svoj maksimum. To je ono \u0161to mi nosimo odavde. Vra\u0107amo se ponosno u svoju zemlju&#8221;, poru\u010dio je Velad\u017ei\u0107.<\/p>\n<p>&nbsp;<\/p>\n<p>Prema dosada\u0161njim informacijama, broj poginulih u zemljotresima koji su 6. februara pogodili jug Turske porastao je na 35.418. Brojne spasila\u010dke ekipe, me\u0111u kojima i GSS FBiH, predano su radile na akcijama potrage i spa\u0161avanja ljudi zarobljenih u ru\u0161evinama zgrada.<\/p>\n<p>&nbsp;<\/p>\n<p>Zna\u010dajno je istaknuti da je turska novinska agencija Anadolija objavila i listu broja spasila\u010dkih ekipa koje borave na prostoru Turske, u svim provincijama, i koje danono\u0107no daju sve od sebe da pomognu turskom narodu, a na\u0161a zemlja je u vrhu te liste.<\/p>\n<p>&nbsp;<\/p>\n<p>Osim brojnih timova GSS-a, u Turskoj borave i timovi civilne za\u0161tite, kao i pripadnici Oru\u017eanih snaga Bosne i Hercegovine.<\/p>\n","protected":false},"excerpt":{"rendered":"<p>Spasila\u010dka internacionalna misija u Hatayu nema vi\u0161e svrhu ostanka, zato \u0161to ve\u0107 drugi dan ne dobijamo dojavu o prona\u0111enim \u017eivim osobama, izjavio je za Agenciju MINA D\u017eenadin Velad\u017ei\u0107 predsjednik Gorske slu\u017ebe spa\u0161avanja Federacije Bosne i Hercegovine (GSS FBiH). &nbsp; Brojni spasila\u010dki timovi raspore\u0111eni u Antakiji na istoku Turske ve\u0107 su oti\u0161li ili se spremaju za [&hellip;]<\/p>\n","protected":false},"author":4,"featured_media":197188,"comment_status":"open","ping_status":"closed","sticky":false,"template":"","format":"standard","meta":{"footnotes":""},"categories":[304,16],"tags":[2635,5140,617],"class_list":["post-197383","post","type-post","status-publish","format-standard","has-post-thumbnail","hentry","category-istaknuto","category-sa-svih-strana","tag-potraga","tag-spasioci","tag-turska"],"yoast_head":"<!-- This site is optimized with the Yoast SEO plugin v28.3 - https:\/\/yoast.com\/product\/yoast-seo-wordpress\/ -->\n<title>U Turskoj zavr\u0161ena potraga za \u017eivima, spasioci se vra\u0107aju ku\u0107ama<\/title>\n<meta name=\"robots\" content=\"index, follow, max-snippet:-1, max-image-preview:large, max-video-preview:-1\" \/>\n<link rel=\"canonical\" href=\"https:\/\/tuzlainfo.ba\/index.php\/clanci\/sa-svih-strana\/item\/197383-u-turskoj-zavrsena-potraga-za-zivima-spasioci-se-vracaju-kucama\/\" \/>\n<meta property=\"og:locale\" content=\"bs_BA\" \/>\n<meta property=\"og:type\" content=\"article\" \/>\n<meta property=\"og:title\" content=\"U Turskoj zavr\u0161ena potraga za \u017eivima, spasioci se vra\u0107aju ku\u0107ama\" \/>\n<meta property=\"og:description\" content=\"Spasila\u010dka internacionalna misija u Hatayu nema vi\u0161e svrhu ostanka, zato \u0161to ve\u0107 drugi dan ne dobijamo dojavu o prona\u0111enim \u017eivim osobama, izjavio je za Agenciju MINA D\u017eenadin Velad\u017ei\u0107 predsjednik Gorske slu\u017ebe spa\u0161avanja Federacije Bosne i Hercegovine (GSS FBiH). &nbsp; Brojni spasila\u010dki timovi raspore\u0111eni u Antakiji na istoku Turske ve\u0107 su oti\u0161li ili se spremaju za [&hellip;]\" \/>\n<meta property=\"og:url\" content=\"https:\/\/tuzlainfo.ba\/index.php\/clanci\/sa-svih-strana\/item\/197383-u-turskoj-zavrsena-potraga-za-zivima-spasioci-se-vracaju-kucama\/\" \/>\n<meta property=\"og:site_name\" content=\"TuzlaInfo.ba\" \/>\n<meta property=\"article:publisher\" content=\"https:\/\/www.facebook.com\/tuzlainfo.ba\/\" \/>\n<meta property=\"article:published_time\" content=\"2023-02-15T17:45:02+00:00\" \/>\n<meta property=\"og:image\" content=\"https:\/\/tuzlainfo.ba\/wp-content\/uploads\/2023\/02\/1302_fucz_spasioci.jpg\" \/>\n\t<meta property=\"og:image:width\" content=\"1000\" \/>\n\t<meta property=\"og:image:height\" content=\"668\" \/>\n\t<meta property=\"og:image:type\" content=\"image\/jpeg\" \/>\n<meta name=\"author\" content=\"Tuzla Info\" \/>\n<meta name=\"twitter:card\" content=\"summary_large_image\" \/>\n<meta name=\"twitter:label1\" content=\"Written by\" \/>\n\t<meta name=\"twitter:data1\" content=\"Tuzla Info\" \/>\n\t<meta name=\"twitter:label2\" content=\"Est. reading time\" \/>\n\t<meta name=\"twitter:data2\" content=\"3 minute\" \/>\n<script type=\"application\/ld+json\" class=\"yoast-schema-graph\">{\"@context\":\"https:\\\/\\\/schema.org\",\"@graph\":[{\"@type\":\"Article\",\"@id\":\"https:\\\/\\\/tuzlainfo.ba\\\/index.php\\\/clanci\\\/sa-svih-strana\\\/item\\\/197383-u-turskoj-zavrsena-potraga-za-zivima-spasioci-se-vracaju-kucama\\\/#article\",\"isPartOf\":{\"@id\":\"https:\\\/\\\/tuzlainfo.ba\\\/index.php\\\/clanci\\\/sa-svih-strana\\\/item\\\/197383-u-turskoj-zavrsena-potraga-za-zivima-spasioci-se-vracaju-kucama\\\/\"},\"author\":{\"name\":\"Tuzla Info\",\"@id\":\"https:\\\/\\\/tuzlainfo.ba\\\/#\\\/schema\\\/person\\\/46cad4c57790cbc50781edd14870825a\"},\"headline\":\"U Turskoj zavr\u0161ena potraga za \u017eivima, spasioci se vra\u0107aju ku\u0107ama\",\"datePublished\":\"2023-02-15T17:45:02+00:00\",\"mainEntityOfPage\":{\"@id\":\"https:\\\/\\\/tuzlainfo.ba\\\/index.php\\\/clanci\\\/sa-svih-strana\\\/item\\\/197383-u-turskoj-zavrsena-potraga-za-zivima-spasioci-se-vracaju-kucama\\\/\"},\"wordCount\":564,\"commentCount\":0,\"publisher\":{\"@id\":\"https:\\\/\\\/tuzlainfo.ba\\\/#organization\"},\"image\":{\"@id\":\"https:\\\/\\\/tuzlainfo.ba\\\/index.php\\\/clanci\\\/sa-svih-strana\\\/item\\\/197383-u-turskoj-zavrsena-potraga-za-zivima-spasioci-se-vracaju-kucama\\\/#primaryimage\"},\"thumbnailUrl\":\"https:\\\/\\\/tuzlainfo.ba\\\/wp-content\\\/uploads\\\/2023\\\/02\\\/1302_fucz_spasioci.jpg\",\"keywords\":[\"potraga\",\"Spasioci\",\"turska\"],\"articleSection\":[\"Istaknuto\",\"Sa svih strana\"],\"inLanguage\":\"bs-BA\",\"copyrightYear\":\"2023\",\"copyrightHolder\":{\"@id\":\"https:\\\/\\\/tuzlainfo.ba\\\/#organization\"}},{\"@type\":\"WebPage\",\"@id\":\"https:\\\/\\\/tuzlainfo.ba\\\/index.php\\\/clanci\\\/sa-svih-strana\\\/item\\\/197383-u-turskoj-zavrsena-potraga-za-zivima-spasioci-se-vracaju-kucama\\\/\",\"url\":\"https:\\\/\\\/tuzlainfo.ba\\\/index.php\\\/clanci\\\/sa-svih-strana\\\/item\\\/197383-u-turskoj-zavrsena-potraga-za-zivima-spasioci-se-vracaju-kucama\\\/\",\"name\":\"U Turskoj zavr\u0161ena potraga za \u017eivima, spasioci se vra\u0107aju ku\u0107ama\",\"isPartOf\":{\"@id\":\"https:\\\/\\\/tuzlainfo.ba\\\/#website\"},\"primaryImageOfPage\":{\"@id\":\"https:\\\/\\\/tuzlainfo.ba\\\/index.php\\\/clanci\\\/sa-svih-strana\\\/item\\\/197383-u-turskoj-zavrsena-potraga-za-zivima-spasioci-se-vracaju-kucama\\\/#primaryimage\"},\"image\":{\"@id\":\"https:\\\/\\\/tuzlainfo.ba\\\/index.php\\\/clanci\\\/sa-svih-strana\\\/item\\\/197383-u-turskoj-zavrsena-potraga-za-zivima-spasioci-se-vracaju-kucama\\\/#primaryimage\"},\"thumbnailUrl\":\"https:\\\/\\\/tuzlainfo.ba\\\/wp-content\\\/uploads\\\/2023\\\/02\\\/1302_fucz_spasioci.jpg\",\"datePublished\":\"2023-02-15T17:45:02+00:00\",\"breadcrumb\":{\"@id\":\"https:\\\/\\\/tuzlainfo.ba\\\/index.php\\\/clanci\\\/sa-svih-strana\\\/item\\\/197383-u-turskoj-zavrsena-potraga-za-zivima-spasioci-se-vracaju-kucama\\\/#breadcrumb\"},\"inLanguage\":\"bs-BA\",\"potentialAction\":[{\"@type\":\"ReadAction\",\"target\":[\"https:\\\/\\\/tuzlainfo.ba\\\/index.php\\\/clanci\\\/sa-svih-strana\\\/item\\\/197383-u-turskoj-zavrsena-potraga-za-zivima-spasioci-se-vracaju-kucama\\\/\"]}]},{\"@type\":\"ImageObject\",\"inLanguage\":\"bs-BA\",\"@id\":\"https:\\\/\\\/tuzlainfo.ba\\\/index.php\\\/clanci\\\/sa-svih-strana\\\/item\\\/197383-u-turskoj-zavrsena-potraga-za-zivima-spasioci-se-vracaju-kucama\\\/#primaryimage\",\"url\":\"https:\\\/\\\/tuzlainfo.ba\\\/wp-content\\\/uploads\\\/2023\\\/02\\\/1302_fucz_spasioci.jpg\",\"contentUrl\":\"https:\\\/\\\/tuzlainfo.ba\\\/wp-content\\\/uploads\\\/2023\\\/02\\\/1302_fucz_spasioci.jpg\",\"width\":1000,\"height\":668,\"caption\":\"Foto: FUCZ\"},{\"@type\":\"BreadcrumbList\",\"@id\":\"https:\\\/\\\/tuzlainfo.ba\\\/index.php\\\/clanci\\\/sa-svih-strana\\\/item\\\/197383-u-turskoj-zavrsena-potraga-za-zivima-spasioci-se-vracaju-kucama\\\/#breadcrumb\",\"itemListElement\":[{\"@type\":\"ListItem\",\"position\":1,\"name\":\"Home\",\"item\":\"https:\\\/\\\/tuzlainfo.ba\\\/\"},{\"@type\":\"ListItem\",\"position\":2,\"name\":\"U Turskoj zavr\u0161ena potraga za \u017eivima, spasioci se vra\u0107aju ku\u0107ama\"}]},{\"@type\":\"WebSite\",\"@id\":\"https:\\\/\\\/tuzlainfo.ba\\\/#website\",\"url\":\"https:\\\/\\\/tuzlainfo.ba\\\/\",\"name\":\"TuzlaInfo.ba\",\"description\":\"Tuzla info, gradski informator - Tuzla na dlanu\",\"publisher\":{\"@id\":\"https:\\\/\\\/tuzlainfo.ba\\\/#organization\"},\"potentialAction\":[{\"@type\":\"SearchAction\",\"target\":{\"@type\":\"EntryPoint\",\"urlTemplate\":\"https:\\\/\\\/tuzlainfo.ba\\\/?s={search_term_string}\"},\"query-input\":{\"@type\":\"PropertyValueSpecification\",\"valueRequired\":true,\"valueName\":\"search_term_string\"}}],\"inLanguage\":\"bs-BA\"},{\"@type\":\"Organization\",\"@id\":\"https:\\\/\\\/tuzlainfo.ba\\\/#organization\",\"name\":\"TuzlaInfo.ba\",\"url\":\"https:\\\/\\\/tuzlainfo.ba\\\/\",\"logo\":{\"@type\":\"ImageObject\",\"inLanguage\":\"bs-BA\",\"@id\":\"https:\\\/\\\/tuzlainfo.ba\\\/#\\\/schema\\\/logo\\\/image\\\/\",\"url\":\"https:\\\/\\\/tuzlainfo.ba\\\/wp-content\\\/uploads\\\/2021\\\/03\\\/logo-ver-3-1.png\",\"contentUrl\":\"https:\\\/\\\/tuzlainfo.ba\\\/wp-content\\\/uploads\\\/2021\\\/03\\\/logo-ver-3-1.png\",\"width\":350,\"height\":95,\"caption\":\"TuzlaInfo.ba\"},\"image\":{\"@id\":\"https:\\\/\\\/tuzlainfo.ba\\\/#\\\/schema\\\/logo\\\/image\\\/\"},\"sameAs\":[\"https:\\\/\\\/www.facebook.com\\\/tuzlainfo.ba\\\/\"]},{\"@type\":\"Person\",\"@id\":\"https:\\\/\\\/tuzlainfo.ba\\\/#\\\/schema\\\/person\\\/46cad4c57790cbc50781edd14870825a\",\"name\":\"Tuzla Info\",\"image\":{\"@type\":\"ImageObject\",\"inLanguage\":\"bs-BA\",\"@id\":\"https:\\\/\\\/secure.gravatar.com\\\/avatar\\\/e980921b00fa2e552723a2386544734ce6885d2b2304ccca3f45186f9ca4031d?s=96&d=mm&r=g\",\"url\":\"https:\\\/\\\/secure.gravatar.com\\\/avatar\\\/e980921b00fa2e552723a2386544734ce6885d2b2304ccca3f45186f9ca4031d?s=96&d=mm&r=g\",\"contentUrl\":\"https:\\\/\\\/secure.gravatar.com\\\/avatar\\\/e980921b00fa2e552723a2386544734ce6885d2b2304ccca3f45186f9ca4031d?s=96&d=mm&r=g\",\"caption\":\"Tuzla Info\"}}]}<\/script>\n<!-- \/ Yoast SEO plugin. -->","yoast_head_json":{"title":"U Turskoj zavr\u0161ena potraga za \u017eivima, spasioci se vra\u0107aju ku\u0107ama","robots":{"index":"index","follow":"follow","max-snippet":"max-snippet:-1","max-image-preview":"max-image-preview:large","max-video-preview":"max-video-preview:-1"},"canonical":"https:\/\/tuzlainfo.ba\/index.php\/clanci\/sa-svih-strana\/item\/197383-u-turskoj-zavrsena-potraga-za-zivima-spasioci-se-vracaju-kucama\/","og_locale":"bs_BA","og_type":"article","og_title":"U Turskoj zavr\u0161ena potraga za \u017eivima, spasioci se vra\u0107aju ku\u0107ama","og_description":"Spasila\u010dka internacionalna misija u Hatayu nema vi\u0161e svrhu ostanka, zato \u0161to ve\u0107 drugi dan ne dobijamo dojavu o prona\u0111enim \u017eivim osobama, izjavio je za Agenciju MINA D\u017eenadin Velad\u017ei\u0107 predsjednik Gorske slu\u017ebe spa\u0161avanja Federacije Bosne i Hercegovine (GSS FBiH). &nbsp; Brojni spasila\u010dki timovi raspore\u0111eni u Antakiji na istoku Turske ve\u0107 su oti\u0161li ili se spremaju za [&hellip;]","og_url":"https:\/\/tuzlainfo.ba\/index.php\/clanci\/sa-svih-strana\/item\/197383-u-turskoj-zavrsena-potraga-za-zivima-spasioci-se-vracaju-kucama\/","og_site_name":"TuzlaInfo.ba","article_publisher":"https:\/\/www.facebook.com\/tuzlainfo.ba\/","article_published_time":"2023-02-15T17:45:02+00:00","og_image":[{"width":1000,"height":668,"url":"https:\/\/tuzlainfo.ba\/wp-content\/uploads\/2023\/02\/1302_fucz_spasioci.jpg","type":"image\/jpeg"}],"author":"Tuzla Info","twitter_card":"summary_large_image","twitter_misc":{"Written by":"Tuzla Info","Est. reading time":"3 minute"},"schema":{"@context":"https:\/\/schema.org","@graph":[{"@type":"Article","@id":"https:\/\/tuzlainfo.ba\/index.php\/clanci\/sa-svih-strana\/item\/197383-u-turskoj-zavrsena-potraga-za-zivima-spasioci-se-vracaju-kucama\/#article","isPartOf":{"@id":"https:\/\/tuzlainfo.ba\/index.php\/clanci\/sa-svih-strana\/item\/197383-u-turskoj-zavrsena-potraga-za-zivima-spasioci-se-vracaju-kucama\/"},"author":{"name":"Tuzla Info","@id":"https:\/\/tuzlainfo.ba\/#\/schema\/person\/46cad4c57790cbc50781edd14870825a"},"headline":"U Turskoj zavr\u0161ena potraga za \u017eivima, spasioci se vra\u0107aju ku\u0107ama","datePublished":"2023-02-15T17:45:02+00:00","mainEntityOfPage":{"@id":"https:\/\/tuzlainfo.ba\/index.php\/clanci\/sa-svih-strana\/item\/197383-u-turskoj-zavrsena-potraga-za-zivima-spasioci-se-vracaju-kucama\/"},"wordCount":564,"commentCount":0,"publisher":{"@id":"https:\/\/tuzlainfo.ba\/#organization"},"image":{"@id":"https:\/\/tuzlainfo.ba\/index.php\/clanci\/sa-svih-strana\/item\/197383-u-turskoj-zavrsena-potraga-za-zivima-spasioci-se-vracaju-kucama\/#primaryimage"},"thumbnailUrl":"https:\/\/tuzlainfo.ba\/wp-content\/uploads\/2023\/02\/1302_fucz_spasioci.jpg","keywords":["potraga","Spasioci","turska"],"articleSection":["Istaknuto","Sa svih strana"],"inLanguage":"bs-BA","copyrightYear":"2023","copyrightHolder":{"@id":"https:\/\/tuzlainfo.ba\/#organization"}},{"@type":"WebPage","@id":"https:\/\/tuzlainfo.ba\/index.php\/clanci\/sa-svih-strana\/item\/197383-u-turskoj-zavrsena-potraga-za-zivima-spasioci-se-vracaju-kucama\/","url":"https:\/\/tuzlainfo.ba\/index.php\/clanci\/sa-svih-strana\/item\/197383-u-turskoj-zavrsena-potraga-za-zivima-spasioci-se-vracaju-kucama\/","name":"U Turskoj zavr\u0161ena potraga za \u017eivima, spasioci se vra\u0107aju ku\u0107ama","isPartOf":{"@id":"https:\/\/tuzlainfo.ba\/#website"},"primaryImageOfPage":{"@id":"https:\/\/tuzlainfo.ba\/index.php\/clanci\/sa-svih-strana\/item\/197383-u-turskoj-zavrsena-potraga-za-zivima-spasioci-se-vracaju-kucama\/#primaryimage"},"image":{"@id":"https:\/\/tuzlainfo.ba\/index.php\/clanci\/sa-svih-strana\/item\/197383-u-turskoj-zavrsena-potraga-za-zivima-spasioci-se-vracaju-kucama\/#primaryimage"},"thumbnailUrl":"https:\/\/tuzlainfo.ba\/wp-content\/uploads\/2023\/02\/1302_fucz_spasioci.jpg","datePublished":"2023-02-15T17:45:02+00:00","breadcrumb":{"@id":"https:\/\/tuzlainfo.ba\/index.php\/clanci\/sa-svih-strana\/item\/197383-u-turskoj-zavrsena-potraga-za-zivima-spasioci-se-vracaju-kucama\/#breadcrumb"},"inLanguage":"bs-BA","potentialAction":[{"@type":"ReadAction","target":["https:\/\/tuzlainfo.ba\/index.php\/clanci\/sa-svih-strana\/item\/197383-u-turskoj-zavrsena-potraga-za-zivima-spasioci-se-vracaju-kucama\/"]}]},{"@type":"ImageObject","inLanguage":"bs-BA","@id":"https:\/\/tuzlainfo.ba\/index.php\/clanci\/sa-svih-strana\/item\/197383-u-turskoj-zavrsena-potraga-za-zivima-spasioci-se-vracaju-kucama\/#primaryimage","url":"https:\/\/tuzlainfo.ba\/wp-content\/uploads\/2023\/02\/1302_fucz_spasioci.jpg","contentUrl":"https:\/\/tuzlainfo.ba\/wp-content\/uploads\/2023\/02\/1302_fucz_spasioci.jpg","width":1000,"height":668,"caption":"Foto: FUCZ"},{"@type":"BreadcrumbList","@id":"https:\/\/tuzlainfo.ba\/index.php\/clanci\/sa-svih-strana\/item\/197383-u-turskoj-zavrsena-potraga-za-zivima-spasioci-se-vracaju-kucama\/#breadcrumb","itemListElement":[{"@type":"ListItem","position":1,"name":"Home","item":"https:\/\/tuzlainfo.ba\/"},{"@type":"ListItem","position":2,"name":"U Turskoj zavr\u0161ena potraga za \u017eivima, spasioci se vra\u0107aju ku\u0107ama"}]},{"@type":"WebSite","@id":"https:\/\/tuzlainfo.ba\/#website","url":"https:\/\/tuzlainfo.ba\/","name":"TuzlaInfo.ba","description":"Tuzla info, gradski informator - Tuzla na dlanu","publisher":{"@id":"https:\/\/tuzlainfo.ba\/#organization"},"potentialAction":[{"@type":"SearchAction","target":{"@type":"EntryPoint","urlTemplate":"https:\/\/tuzlainfo.ba\/?s={search_term_string}"},"query-input":{"@type":"PropertyValueSpecification","valueRequired":true,"valueName":"search_term_string"}}],"inLanguage":"bs-BA"},{"@type":"Organization","@id":"https:\/\/tuzlainfo.ba\/#organization","name":"TuzlaInfo.ba","url":"https:\/\/tuzlainfo.ba\/","logo":{"@type":"ImageObject","inLanguage":"bs-BA","@id":"https:\/\/tuzlainfo.ba\/#\/schema\/logo\/image\/","url":"https:\/\/tuzlainfo.ba\/wp-content\/uploads\/2021\/03\/logo-ver-3-1.png","contentUrl":"https:\/\/tuzlainfo.ba\/wp-content\/uploads\/2021\/03\/logo-ver-3-1.png","width":350,"height":95,"caption":"TuzlaInfo.ba"},"image":{"@id":"https:\/\/tuzlainfo.ba\/#\/schema\/logo\/image\/"},"sameAs":["https:\/\/www.facebook.com\/tuzlainfo.ba\/"]},{"@type":"Person","@id":"https:\/\/tuzlainfo.ba\/#\/schema\/person\/46cad4c57790cbc50781edd14870825a","name":"Tuzla Info","image":{"@type":"ImageObject","inLanguage":"bs-BA","@id":"https:\/\/secure.gravatar.com\/avatar\/e980921b00fa2e552723a2386544734ce6885d2b2304ccca3f45186f9ca4031d?s=96&d=mm&r=g","url":"https:\/\/secure.gravatar.com\/avatar\/e980921b00fa2e552723a2386544734ce6885d2b2304ccca3f45186f9ca4031d?s=96&d=mm&r=g","contentUrl":"https:\/\/secure.gravatar.com\/avatar\/e980921b00fa2e552723a2386544734ce6885d2b2304ccca3f45186f9ca4031d?s=96&d=mm&r=g","caption":"Tuzla Info"}}]}},"_links":{"self":[{"href":"https:\/\/tuzlainfo.ba\/index.php\/wp-json\/wp\/v2\/posts\/197383","targetHints":{"allow":["GET"]}}],"collection":[{"href":"https:\/\/tuzlainfo.ba\/index.php\/wp-json\/wp\/v2\/posts"}],"about":[{"href":"https:\/\/tuzlainfo.ba\/index.php\/wp-json\/wp\/v2\/types\/post"}],"author":[{"embeddable":true,"href":"https:\/\/tuzlainfo.ba\/index.php\/wp-json\/wp\/v2\/users\/4"}],"replies":[{"embeddable":true,"href":"https:\/\/tuzlainfo.ba\/index.php\/wp-json\/wp\/v2\/comments?post=197383"}],"version-history":[{"count":0,"href":"https:\/\/tuzlainfo.ba\/index.php\/wp-json\/wp\/v2\/posts\/197383\/revisions"}],"wp:featuredmedia":[{"embeddable":true,"href":"https:\/\/tuzlainfo.ba\/index.php\/wp-json\/wp\/v2\/media\/197188"}],"wp:attachment":[{"href":"https:\/\/tuzlainfo.ba\/index.php\/wp-json\/wp\/v2\/media?parent=197383"}],"wp:term":[{"taxonomy":"category","embeddable":true,"href":"https:\/\/tuzlainfo.ba\/index.php\/wp-json\/wp\/v2\/categories?post=197383"},{"taxonomy":"post_tag","embeddable":true,"href":"https:\/\/tuzlainfo.ba\/index.php\/wp-json\/wp\/v2\/tags?post=197383"}],"curies":[{"name":"wp","href":"https:\/\/api.w.org\/{rel}","templated":true}]}}