{"id":197081,"date":"2023-02-12T18:28:21","date_gmt":"2023-02-12T17:28:21","guid":{"rendered":"https:\/\/tuzlainfo.ba\/?p=197081"},"modified":"2023-02-12T18:28:21","modified_gmt":"2023-02-12T17:28:21","slug":"jos-30-spasilaca-iz-bosne-i-hercegovine-otputovalo-u-tursku","status":"publish","type":"post","link":"https:\/\/tuzlainfo.ba\/index.php\/bosna-i-hercegovina\/item\/197081-jos-30-spasilaca-iz-bosne-i-hercegovine-otputovalo-u-tursku\/","title":{"rendered":"Jo\u0161 30 spasilaca iz Bosne i Hercegovine otputovalo u Tursku"},"content":{"rendered":"<p>Druga grupa spasilaca Gorske slu\u017ebe spa\u0161avanja Federacije Bosne i Hercegovine (GSS FBiH) krenula je jutros u Republiku Tursku.<\/p>\n<p>&#8220;Jutros u 8 sati iz Sarajeva dodatnih 30 spasilaca iz devet stanica GSS FBiH zaputilo se kopnenim putem sa svom potrebnom opremom prema Republici Turskoj kako bi pomogli u misiji pronalaska i spa\u0161avanja nastradalih u podru\u010djima pogo\u0111enim zemljotresima&#8221;, objavili su iz GSS FBiH.<\/p>\n<p>Dodaju da \u0107e se oni po dolasku pridru\u017eiti timovima koji su ve\u0107 na terenu i djeluju na podru\u010dju grada Hataja.<\/p>\n<p>Najmanje 24.617 ljudi poginulo u dva sna\u017ena zemljotresa koja su potresla jug Turske u ponedjeljak.<\/p>\n<p>Dva razorna zemljotresa ja\u010dine 7,7 i 7,6 stepeni po Richteru u ponedjeljak su pogodila ju\u017ene dijelove Turske s epicentrom u provinciji Kahramanmaras.<\/p>\n<p>Brojne spasila\u010dke ekipe i dalje predano rade na akcijama potrage i spa\u0161avanja ljudi zarobljenih u ru\u0161evinama zgrada.<\/p>\n<p>Vi\u0161e od 3.500 ljudi poginulo je u Siriji, dok je vi\u0161e od 5.000 ljudi povrije\u0111eno nakon niza zemljotresa koji su pogodili Tursku.<\/p>\n","protected":false},"excerpt":{"rendered":"<p>Druga grupa spasilaca Gorske slu\u017ebe spa\u0161avanja Federacije Bosne i Hercegovine (GSS FBiH) krenula je jutros u Republiku Tursku. &#8220;Jutros u 8 sati iz Sarajeva dodatnih 30 spasilaca iz devet stanica GSS FBiH zaputilo se kopnenim putem sa svom potrebnom opremom prema Republici Turskoj kako bi pomogli u misiji pronalaska i spa\u0161avanja nastradalih u podru\u010djima pogo\u0111enim [&hellip;]<\/p>\n","protected":false},"author":2,"featured_media":197083,"comment_status":"open","ping_status":"closed","sticky":false,"template":"","format":"standard","meta":{"footnotes":""},"categories":[291],"tags":[6277,6248],"class_list":["post-197081","post","type-post","status-publish","format-standard","has-post-thumbnail","hentry","category-bosna-i-hercegovina","tag-gss-fbih","tag-zemljotres-u-turskoj"],"yoast_head":"<!-- This site is optimized with the Yoast SEO plugin v28.4 - https:\/\/yoast.com\/product\/yoast-seo-wordpress\/ -->\n<title>Jo\u0161 30 spasilaca iz Bosne i Hercegovine otputovalo u Tursku<\/title>\n<meta name=\"robots\" content=\"index, follow, max-snippet:-1, max-image-preview:large, max-video-preview:-1\" \/>\n<link rel=\"canonical\" href=\"https:\/\/tuzlainfo.ba\/index.php\/bosna-i-hercegovina\/item\/197081-jos-30-spasilaca-iz-bosne-i-hercegovine-otputovalo-u-tursku\/\" \/>\n<meta property=\"og:locale\" content=\"bs_BA\" \/>\n<meta property=\"og:type\" content=\"article\" \/>\n<meta property=\"og:title\" content=\"Jo\u0161 30 spasilaca iz Bosne i Hercegovine otputovalo u Tursku\" \/>\n<meta property=\"og:description\" content=\"Druga grupa spasilaca Gorske slu\u017ebe spa\u0161avanja Federacije Bosne i Hercegovine (GSS FBiH) krenula je jutros u Republiku Tursku. &#8220;Jutros u 8 sati iz Sarajeva dodatnih 30 spasilaca iz devet stanica GSS FBiH zaputilo se kopnenim putem sa svom potrebnom opremom prema Republici Turskoj kako bi pomogli u misiji pronalaska i spa\u0161avanja nastradalih u podru\u010djima pogo\u0111enim [&hellip;]\" \/>\n<meta property=\"og:url\" content=\"https:\/\/tuzlainfo.ba\/index.php\/bosna-i-hercegovina\/item\/197081-jos-30-spasilaca-iz-bosne-i-hercegovine-otputovalo-u-tursku\/\" \/>\n<meta property=\"og:site_name\" content=\"TuzlaInfo.ba\" \/>\n<meta property=\"article:publisher\" content=\"https:\/\/www.facebook.com\/tuzlainfo.ba\/\" \/>\n<meta property=\"article:published_time\" content=\"2023-02-12T17:28:21+00:00\" \/>\n<meta property=\"og:image\" content=\"https:\/\/tuzlainfo.ba\/wp-content\/uploads\/2023\/02\/1202_gss1.jpg\" \/>\n\t<meta property=\"og:image:width\" content=\"960\" \/>\n\t<meta property=\"og:image:height\" content=\"541\" \/>\n\t<meta property=\"og:image:type\" content=\"image\/jpeg\" \/>\n<meta name=\"author\" content=\"nedim\" \/>\n<meta name=\"twitter:card\" content=\"summary_large_image\" \/>\n<meta name=\"twitter:label1\" content=\"Written by\" \/>\n\t<meta name=\"twitter:data1\" content=\"nedim\" \/>\n\t<meta name=\"twitter:label2\" content=\"Est. reading time\" \/>\n\t<meta name=\"twitter:data2\" content=\"1 minuta\" \/>\n<script type=\"application\/ld+json\" class=\"yoast-schema-graph\">{\"@context\":\"https:\\\/\\\/schema.org\",\"@graph\":[{\"@type\":\"Article\",\"@id\":\"https:\\\/\\\/tuzlainfo.ba\\\/index.php\\\/bosna-i-hercegovina\\\/item\\\/197081-jos-30-spasilaca-iz-bosne-i-hercegovine-otputovalo-u-tursku\\\/#article\",\"isPartOf\":{\"@id\":\"https:\\\/\\\/tuzlainfo.ba\\\/index.php\\\/bosna-i-hercegovina\\\/item\\\/197081-jos-30-spasilaca-iz-bosne-i-hercegovine-otputovalo-u-tursku\\\/\"},\"author\":{\"name\":\"nedim\",\"@id\":\"https:\\\/\\\/tuzlainfo.ba\\\/#\\\/schema\\\/person\\\/f434e20dc27ea133923aab08451b7f7f\"},\"headline\":\"Jo\u0161 30 spasilaca iz Bosne i Hercegovine otputovalo u Tursku\",\"datePublished\":\"2023-02-12T17:28:21+00:00\",\"mainEntityOfPage\":{\"@id\":\"https:\\\/\\\/tuzlainfo.ba\\\/index.php\\\/bosna-i-hercegovina\\\/item\\\/197081-jos-30-spasilaca-iz-bosne-i-hercegovine-otputovalo-u-tursku\\\/\"},\"wordCount\":175,\"commentCount\":0,\"publisher\":{\"@id\":\"https:\\\/\\\/tuzlainfo.ba\\\/#organization\"},\"image\":{\"@id\":\"https:\\\/\\\/tuzlainfo.ba\\\/index.php\\\/bosna-i-hercegovina\\\/item\\\/197081-jos-30-spasilaca-iz-bosne-i-hercegovine-otputovalo-u-tursku\\\/#primaryimage\"},\"thumbnailUrl\":\"https:\\\/\\\/tuzlainfo.ba\\\/wp-content\\\/uploads\\\/2023\\\/02\\\/1202_gss1.jpg\",\"keywords\":[\"GSS FBiH\",\"zemljotres u turskoj\"],\"articleSection\":[\"Bosna i Hercegovina\"],\"inLanguage\":\"bs-BA\",\"copyrightYear\":\"2023\",\"copyrightHolder\":{\"@id\":\"https:\\\/\\\/tuzlainfo.ba\\\/#organization\"}},{\"@type\":\"WebPage\",\"@id\":\"https:\\\/\\\/tuzlainfo.ba\\\/index.php\\\/bosna-i-hercegovina\\\/item\\\/197081-jos-30-spasilaca-iz-bosne-i-hercegovine-otputovalo-u-tursku\\\/\",\"url\":\"https:\\\/\\\/tuzlainfo.ba\\\/index.php\\\/bosna-i-hercegovina\\\/item\\\/197081-jos-30-spasilaca-iz-bosne-i-hercegovine-otputovalo-u-tursku\\\/\",\"name\":\"Jo\u0161 30 spasilaca iz Bosne i Hercegovine otputovalo u Tursku\",\"isPartOf\":{\"@id\":\"https:\\\/\\\/tuzlainfo.ba\\\/#website\"},\"primaryImageOfPage\":{\"@id\":\"https:\\\/\\\/tuzlainfo.ba\\\/index.php\\\/bosna-i-hercegovina\\\/item\\\/197081-jos-30-spasilaca-iz-bosne-i-hercegovine-otputovalo-u-tursku\\\/#primaryimage\"},\"image\":{\"@id\":\"https:\\\/\\\/tuzlainfo.ba\\\/index.php\\\/bosna-i-hercegovina\\\/item\\\/197081-jos-30-spasilaca-iz-bosne-i-hercegovine-otputovalo-u-tursku\\\/#primaryimage\"},\"thumbnailUrl\":\"https:\\\/\\\/tuzlainfo.ba\\\/wp-content\\\/uploads\\\/2023\\\/02\\\/1202_gss1.jpg\",\"datePublished\":\"2023-02-12T17:28:21+00:00\",\"breadcrumb\":{\"@id\":\"https:\\\/\\\/tuzlainfo.ba\\\/index.php\\\/bosna-i-hercegovina\\\/item\\\/197081-jos-30-spasilaca-iz-bosne-i-hercegovine-otputovalo-u-tursku\\\/#breadcrumb\"},\"inLanguage\":\"bs-BA\",\"potentialAction\":[{\"@type\":\"ReadAction\",\"target\":[\"https:\\\/\\\/tuzlainfo.ba\\\/index.php\\\/bosna-i-hercegovina\\\/item\\\/197081-jos-30-spasilaca-iz-bosne-i-hercegovine-otputovalo-u-tursku\\\/\"]}]},{\"@type\":\"ImageObject\",\"inLanguage\":\"bs-BA\",\"@id\":\"https:\\\/\\\/tuzlainfo.ba\\\/index.php\\\/bosna-i-hercegovina\\\/item\\\/197081-jos-30-spasilaca-iz-bosne-i-hercegovine-otputovalo-u-tursku\\\/#primaryimage\",\"url\":\"https:\\\/\\\/tuzlainfo.ba\\\/wp-content\\\/uploads\\\/2023\\\/02\\\/1202_gss1.jpg\",\"contentUrl\":\"https:\\\/\\\/tuzlainfo.ba\\\/wp-content\\\/uploads\\\/2023\\\/02\\\/1202_gss1.jpg\",\"width\":960,\"height\":541},{\"@type\":\"BreadcrumbList\",\"@id\":\"https:\\\/\\\/tuzlainfo.ba\\\/index.php\\\/bosna-i-hercegovina\\\/item\\\/197081-jos-30-spasilaca-iz-bosne-i-hercegovine-otputovalo-u-tursku\\\/#breadcrumb\",\"itemListElement\":[{\"@type\":\"ListItem\",\"position\":1,\"name\":\"Home\",\"item\":\"https:\\\/\\\/tuzlainfo.ba\\\/\"},{\"@type\":\"ListItem\",\"position\":2,\"name\":\"Jo\u0161 30 spasilaca iz Bosne i Hercegovine otputovalo u Tursku\"}]},{\"@type\":\"WebSite\",\"@id\":\"https:\\\/\\\/tuzlainfo.ba\\\/#website\",\"url\":\"https:\\\/\\\/tuzlainfo.ba\\\/\",\"name\":\"TuzlaInfo.ba\",\"description\":\"Tuzla info, gradski informator - Tuzla na dlanu\",\"publisher\":{\"@id\":\"https:\\\/\\\/tuzlainfo.ba\\\/#organization\"},\"potentialAction\":[{\"@type\":\"SearchAction\",\"target\":{\"@type\":\"EntryPoint\",\"urlTemplate\":\"https:\\\/\\\/tuzlainfo.ba\\\/?s={search_term_string}\"},\"query-input\":{\"@type\":\"PropertyValueSpecification\",\"valueRequired\":true,\"valueName\":\"search_term_string\"}}],\"inLanguage\":\"bs-BA\"},{\"@type\":\"Organization\",\"@id\":\"https:\\\/\\\/tuzlainfo.ba\\\/#organization\",\"name\":\"TuzlaInfo.ba\",\"url\":\"https:\\\/\\\/tuzlainfo.ba\\\/\",\"logo\":{\"@type\":\"ImageObject\",\"inLanguage\":\"bs-BA\",\"@id\":\"https:\\\/\\\/tuzlainfo.ba\\\/#\\\/schema\\\/logo\\\/image\\\/\",\"url\":\"https:\\\/\\\/tuzlainfo.ba\\\/wp-content\\\/uploads\\\/2021\\\/03\\\/logo-ver-3-1.png\",\"contentUrl\":\"https:\\\/\\\/tuzlainfo.ba\\\/wp-content\\\/uploads\\\/2021\\\/03\\\/logo-ver-3-1.png\",\"width\":350,\"height\":95,\"caption\":\"TuzlaInfo.ba\"},\"image\":{\"@id\":\"https:\\\/\\\/tuzlainfo.ba\\\/#\\\/schema\\\/logo\\\/image\\\/\"},\"sameAs\":[\"https:\\\/\\\/www.facebook.com\\\/tuzlainfo.ba\\\/\"]},{\"@type\":\"Person\",\"@id\":\"https:\\\/\\\/tuzlainfo.ba\\\/#\\\/schema\\\/person\\\/f434e20dc27ea133923aab08451b7f7f\",\"name\":\"nedim\",\"image\":{\"@type\":\"ImageObject\",\"inLanguage\":\"bs-BA\",\"@id\":\"https:\\\/\\\/secure.gravatar.com\\\/avatar\\\/5b928a2e7e70a54208d2eb6c1edcb75a5350d6ae97d5f0a701203d456823f6f3?s=96&d=mm&r=g\",\"url\":\"https:\\\/\\\/secure.gravatar.com\\\/avatar\\\/5b928a2e7e70a54208d2eb6c1edcb75a5350d6ae97d5f0a701203d456823f6f3?s=96&d=mm&r=g\",\"contentUrl\":\"https:\\\/\\\/secure.gravatar.com\\\/avatar\\\/5b928a2e7e70a54208d2eb6c1edcb75a5350d6ae97d5f0a701203d456823f6f3?s=96&d=mm&r=g\",\"caption\":\"nedim\"},\"description\":\"Tuzlainfo.ba pratite na dru\u0161tvenim mre\u017eama: Facebook, Instagram i Youtube. Svoje pri\u010de, upite i fotografije \u0161aljite na na\u0161u e-mail adresu.\"}]}<\/script>\n<!-- \/ Yoast SEO plugin. -->","yoast_head_json":{"title":"Jo\u0161 30 spasilaca iz Bosne i Hercegovine otputovalo u Tursku","robots":{"index":"index","follow":"follow","max-snippet":"max-snippet:-1","max-image-preview":"max-image-preview:large","max-video-preview":"max-video-preview:-1"},"canonical":"https:\/\/tuzlainfo.ba\/index.php\/bosna-i-hercegovina\/item\/197081-jos-30-spasilaca-iz-bosne-i-hercegovine-otputovalo-u-tursku\/","og_locale":"bs_BA","og_type":"article","og_title":"Jo\u0161 30 spasilaca iz Bosne i Hercegovine otputovalo u Tursku","og_description":"Druga grupa spasilaca Gorske slu\u017ebe spa\u0161avanja Federacije Bosne i Hercegovine (GSS FBiH) krenula je jutros u Republiku Tursku. &#8220;Jutros u 8 sati iz Sarajeva dodatnih 30 spasilaca iz devet stanica GSS FBiH zaputilo se kopnenim putem sa svom potrebnom opremom prema Republici Turskoj kako bi pomogli u misiji pronalaska i spa\u0161avanja nastradalih u podru\u010djima pogo\u0111enim [&hellip;]","og_url":"https:\/\/tuzlainfo.ba\/index.php\/bosna-i-hercegovina\/item\/197081-jos-30-spasilaca-iz-bosne-i-hercegovine-otputovalo-u-tursku\/","og_site_name":"TuzlaInfo.ba","article_publisher":"https:\/\/www.facebook.com\/tuzlainfo.ba\/","article_published_time":"2023-02-12T17:28:21+00:00","og_image":[{"width":960,"height":541,"url":"https:\/\/tuzlainfo.ba\/wp-content\/uploads\/2023\/02\/1202_gss1.jpg","type":"image\/jpeg"}],"author":"nedim","twitter_card":"summary_large_image","twitter_misc":{"Written by":"nedim","Est. reading time":"1 minuta"},"schema":{"@context":"https:\/\/schema.org","@graph":[{"@type":"Article","@id":"https:\/\/tuzlainfo.ba\/index.php\/bosna-i-hercegovina\/item\/197081-jos-30-spasilaca-iz-bosne-i-hercegovine-otputovalo-u-tursku\/#article","isPartOf":{"@id":"https:\/\/tuzlainfo.ba\/index.php\/bosna-i-hercegovina\/item\/197081-jos-30-spasilaca-iz-bosne-i-hercegovine-otputovalo-u-tursku\/"},"author":{"name":"nedim","@id":"https:\/\/tuzlainfo.ba\/#\/schema\/person\/f434e20dc27ea133923aab08451b7f7f"},"headline":"Jo\u0161 30 spasilaca iz Bosne i Hercegovine otputovalo u Tursku","datePublished":"2023-02-12T17:28:21+00:00","mainEntityOfPage":{"@id":"https:\/\/tuzlainfo.ba\/index.php\/bosna-i-hercegovina\/item\/197081-jos-30-spasilaca-iz-bosne-i-hercegovine-otputovalo-u-tursku\/"},"wordCount":175,"commentCount":0,"publisher":{"@id":"https:\/\/tuzlainfo.ba\/#organization"},"image":{"@id":"https:\/\/tuzlainfo.ba\/index.php\/bosna-i-hercegovina\/item\/197081-jos-30-spasilaca-iz-bosne-i-hercegovine-otputovalo-u-tursku\/#primaryimage"},"thumbnailUrl":"https:\/\/tuzlainfo.ba\/wp-content\/uploads\/2023\/02\/1202_gss1.jpg","keywords":["GSS FBiH","zemljotres u turskoj"],"articleSection":["Bosna i Hercegovina"],"inLanguage":"bs-BA","copyrightYear":"2023","copyrightHolder":{"@id":"https:\/\/tuzlainfo.ba\/#organization"}},{"@type":"WebPage","@id":"https:\/\/tuzlainfo.ba\/index.php\/bosna-i-hercegovina\/item\/197081-jos-30-spasilaca-iz-bosne-i-hercegovine-otputovalo-u-tursku\/","url":"https:\/\/tuzlainfo.ba\/index.php\/bosna-i-hercegovina\/item\/197081-jos-30-spasilaca-iz-bosne-i-hercegovine-otputovalo-u-tursku\/","name":"Jo\u0161 30 spasilaca iz Bosne i Hercegovine otputovalo u Tursku","isPartOf":{"@id":"https:\/\/tuzlainfo.ba\/#website"},"primaryImageOfPage":{"@id":"https:\/\/tuzlainfo.ba\/index.php\/bosna-i-hercegovina\/item\/197081-jos-30-spasilaca-iz-bosne-i-hercegovine-otputovalo-u-tursku\/#primaryimage"},"image":{"@id":"https:\/\/tuzlainfo.ba\/index.php\/bosna-i-hercegovina\/item\/197081-jos-30-spasilaca-iz-bosne-i-hercegovine-otputovalo-u-tursku\/#primaryimage"},"thumbnailUrl":"https:\/\/tuzlainfo.ba\/wp-content\/uploads\/2023\/02\/1202_gss1.jpg","datePublished":"2023-02-12T17:28:21+00:00","breadcrumb":{"@id":"https:\/\/tuzlainfo.ba\/index.php\/bosna-i-hercegovina\/item\/197081-jos-30-spasilaca-iz-bosne-i-hercegovine-otputovalo-u-tursku\/#breadcrumb"},"inLanguage":"bs-BA","potentialAction":[{"@type":"ReadAction","target":["https:\/\/tuzlainfo.ba\/index.php\/bosna-i-hercegovina\/item\/197081-jos-30-spasilaca-iz-bosne-i-hercegovine-otputovalo-u-tursku\/"]}]},{"@type":"ImageObject","inLanguage":"bs-BA","@id":"https:\/\/tuzlainfo.ba\/index.php\/bosna-i-hercegovina\/item\/197081-jos-30-spasilaca-iz-bosne-i-hercegovine-otputovalo-u-tursku\/#primaryimage","url":"https:\/\/tuzlainfo.ba\/wp-content\/uploads\/2023\/02\/1202_gss1.jpg","contentUrl":"https:\/\/tuzlainfo.ba\/wp-content\/uploads\/2023\/02\/1202_gss1.jpg","width":960,"height":541},{"@type":"BreadcrumbList","@id":"https:\/\/tuzlainfo.ba\/index.php\/bosna-i-hercegovina\/item\/197081-jos-30-spasilaca-iz-bosne-i-hercegovine-otputovalo-u-tursku\/#breadcrumb","itemListElement":[{"@type":"ListItem","position":1,"name":"Home","item":"https:\/\/tuzlainfo.ba\/"},{"@type":"ListItem","position":2,"name":"Jo\u0161 30 spasilaca iz Bosne i Hercegovine otputovalo u Tursku"}]},{"@type":"WebSite","@id":"https:\/\/tuzlainfo.ba\/#website","url":"https:\/\/tuzlainfo.ba\/","name":"TuzlaInfo.ba","description":"Tuzla info, gradski informator - Tuzla na dlanu","publisher":{"@id":"https:\/\/tuzlainfo.ba\/#organization"},"potentialAction":[{"@type":"SearchAction","target":{"@type":"EntryPoint","urlTemplate":"https:\/\/tuzlainfo.ba\/?s={search_term_string}"},"query-input":{"@type":"PropertyValueSpecification","valueRequired":true,"valueName":"search_term_string"}}],"inLanguage":"bs-BA"},{"@type":"Organization","@id":"https:\/\/tuzlainfo.ba\/#organization","name":"TuzlaInfo.ba","url":"https:\/\/tuzlainfo.ba\/","logo":{"@type":"ImageObject","inLanguage":"bs-BA","@id":"https:\/\/tuzlainfo.ba\/#\/schema\/logo\/image\/","url":"https:\/\/tuzlainfo.ba\/wp-content\/uploads\/2021\/03\/logo-ver-3-1.png","contentUrl":"https:\/\/tuzlainfo.ba\/wp-content\/uploads\/2021\/03\/logo-ver-3-1.png","width":350,"height":95,"caption":"TuzlaInfo.ba"},"image":{"@id":"https:\/\/tuzlainfo.ba\/#\/schema\/logo\/image\/"},"sameAs":["https:\/\/www.facebook.com\/tuzlainfo.ba\/"]},{"@type":"Person","@id":"https:\/\/tuzlainfo.ba\/#\/schema\/person\/f434e20dc27ea133923aab08451b7f7f","name":"nedim","image":{"@type":"ImageObject","inLanguage":"bs-BA","@id":"https:\/\/secure.gravatar.com\/avatar\/5b928a2e7e70a54208d2eb6c1edcb75a5350d6ae97d5f0a701203d456823f6f3?s=96&d=mm&r=g","url":"https:\/\/secure.gravatar.com\/avatar\/5b928a2e7e70a54208d2eb6c1edcb75a5350d6ae97d5f0a701203d456823f6f3?s=96&d=mm&r=g","contentUrl":"https:\/\/secure.gravatar.com\/avatar\/5b928a2e7e70a54208d2eb6c1edcb75a5350d6ae97d5f0a701203d456823f6f3?s=96&d=mm&r=g","caption":"nedim"},"description":"Tuzlainfo.ba pratite na dru\u0161tvenim mre\u017eama: Facebook, Instagram i Youtube. Svoje pri\u010de, upite i fotografije \u0161aljite na na\u0161u e-mail adresu."}]}},"_links":{"self":[{"href":"https:\/\/tuzlainfo.ba\/index.php\/wp-json\/wp\/v2\/posts\/197081","targetHints":{"allow":["GET"]}}],"collection":[{"href":"https:\/\/tuzlainfo.ba\/index.php\/wp-json\/wp\/v2\/posts"}],"about":[{"href":"https:\/\/tuzlainfo.ba\/index.php\/wp-json\/wp\/v2\/types\/post"}],"author":[{"embeddable":true,"href":"https:\/\/tuzlainfo.ba\/index.php\/wp-json\/wp\/v2\/users\/2"}],"replies":[{"embeddable":true,"href":"https:\/\/tuzlainfo.ba\/index.php\/wp-json\/wp\/v2\/comments?post=197081"}],"version-history":[{"count":0,"href":"https:\/\/tuzlainfo.ba\/index.php\/wp-json\/wp\/v2\/posts\/197081\/revisions"}],"wp:featuredmedia":[{"embeddable":true,"href":"https:\/\/tuzlainfo.ba\/index.php\/wp-json\/wp\/v2\/media\/197083"}],"wp:attachment":[{"href":"https:\/\/tuzlainfo.ba\/index.php\/wp-json\/wp\/v2\/media?parent=197081"}],"wp:term":[{"taxonomy":"category","embeddable":true,"href":"https:\/\/tuzlainfo.ba\/index.php\/wp-json\/wp\/v2\/categories?post=197081"},{"taxonomy":"post_tag","embeddable":true,"href":"https:\/\/tuzlainfo.ba\/index.php\/wp-json\/wp\/v2\/tags?post=197081"}],"curies":[{"name":"wp","href":"https:\/\/api.w.org\/{rel}","templated":true}]}}