{"id":197075,"date":"2023-02-12T17:53:43","date_gmt":"2023-02-12T16:53:43","guid":{"rendered":"https:\/\/tuzlainfo.ba\/?p=197075"},"modified":"2023-02-12T20:58:58","modified_gmt":"2023-02-12T19:58:58","slug":"novi-uspjeh-adnana-mujanovica-tuzlak-nagradjen-od-americkog-udruzenja-za-srce","status":"publish","type":"post","link":"https:\/\/tuzlainfo.ba\/index.php\/novosti\/item\/197075-novi-uspjeh-adnana-mujanovica-tuzlak-nagradjen-od-americkog-udruzenja-za-srce\/","title":{"rendered":"Novi uspjeh Adnana Mujanovi\u0107a, Tuzlak nagra\u0111en od Ameri\u010dkog udru\u017eenja za srce"},"content":{"rendered":"<p>Tuzlak Adnan Mujanovi\u0107 i njegov istra\u017eiva\u010dki tim nagra\u0111en su nagradom Paul Dudley White tokom ovogodi\u0161nje Me\u0111unarodne konferencije o mo\u017edanom udaru od strane Ameri\u010dkog udru\u017eenja za srce.<\/p>\n<p>Adnan je trenutno u \u0160vicarskoj na Univerzitetu u Bernu, gdje je doktorirao uz punu stipendiju. On je klini\u010dki istra\u017eiva\u010d na Univerzitetskom institutu za dijagnosti\u010dku i interventnu neuroradiologiju, Univerzitetska bolnica Bern.<\/p>\n<p>Njihov istra\u017eiva\u010dki rad mo\u017eete pro\u010ditati <a href=\"https:\/\/lnkd.in\/ecmW5GBD\"><strong>OVDJE<\/strong><\/a>.<\/p>\n<p>&#8211; Adnan je uzoran student i gra\u0111anin. Poznajem ga dugi niz godina, otkako je bio student medicine na Univerzitet u Tuzli &#8211; University of Tuzla. Uvjeren sam da \u0107e osvojiti brojne nagrade u narednim godinama. Ono \u0161to me je uvijek impresioniralo kod njega je njegov vanklasni volonterski rad, uvijek odan dru\u0161tvu &#8211; napisao je na svojoj Facebook stranici <span class=\"xt0psk2\"><a class=\"x1i10hfl xjbqb8w x6umtig x1b1mbwd xaqea5y xav7gou x9f619 x1ypdohk xt0psk2 xe8uvvx xdj266r x11i5rnm xat24cr x1mh8g0r xexx8yu x4uap5 x18d9i69 xkhd6sd x16tdsg8 x1hl2dhg xggy1nq x1a2a7pz xt0b8zv xzsf02u x1s688f\" tabindex=\"0\" role=\"link\" href=\"https:\/\/www.facebook.com\/prof.custovic?__cft__[0]=AZWYPsxr15Yvj3X7UWo0RDZA6_arBlP9FjXh3nrThGoAPKm5W9517fRcT2YYYg7Lo3pQfWF4e9Rm0UIlW21wa8kAJMJB5uIMD-ye71kNGT1JziSdaa-nZDtHsjJ_3VI2G7tfNylwZR0xtq2-P2Vll3JrdNsUBLJkzHObK-B3ZAhO74Owh2c_lGW1Cvlbi8iqL7Y&amp;__tn__=-UC%2CP-R\"><strong>Dr. Edhem \u010custovi\u0107<\/strong><\/a>.<\/span><\/p>\n","protected":false},"excerpt":{"rendered":"<p>Tuzlak Adnan Mujanovi\u0107 i njegov istra\u017eiva\u010dki tim nagra\u0111en su nagradom Paul Dudley White tokom ovogodi\u0161nje&hellip;<\/p>\n","protected":false},"author":2,"featured_media":197076,"comment_status":"open","ping_status":"closed","sticky":false,"template":"","format":"standard","meta":{"_acf_changed":false,"footnotes":""},"categories":[304,12,306],"tags":[3097,3249],"acf":[],"yoast_head":"<!-- This site is optimized with the Yoast SEO plugin v23.5 - https:\/\/yoast.com\/wordpress\/plugins\/seo\/ -->\n<title>Novi uspjeh Adnana Mujanovi\u0107a, Tuzlak nagra\u0111en od Ameri\u010dkog udru\u017eenja za srce - TuzlaInfo.ba<\/title>\n<meta name=\"robots\" content=\"index, follow, max-snippet:-1, max-image-preview:large, max-video-preview:-1\" \/>\n<link rel=\"canonical\" href=\"https:\/\/tuzlainfo.ba\/index.php\/novosti\/item\/197075-novi-uspjeh-adnana-mujanovica-tuzlak-nagradjen-od-americkog-udruzenja-za-srce\/\" \/>\n<meta property=\"og:locale\" content=\"bs_BA\" \/>\n<meta property=\"og:type\" content=\"article\" \/>\n<meta property=\"og:title\" content=\"Novi uspjeh Adnana Mujanovi\u0107a, Tuzlak nagra\u0111en od Ameri\u010dkog udru\u017eenja za srce - TuzlaInfo.ba\" \/>\n<meta property=\"og:description\" content=\"Tuzlak Adnan Mujanovi\u0107 i njegov istra\u017eiva\u010dki tim nagra\u0111en su nagradom Paul Dudley White tokom ovogodi\u0161nje&hellip;\" \/>\n<meta property=\"og:url\" content=\"https:\/\/tuzlainfo.ba\/index.php\/novosti\/item\/197075-novi-uspjeh-adnana-mujanovica-tuzlak-nagradjen-od-americkog-udruzenja-za-srce\/\" \/>\n<meta property=\"og:site_name\" content=\"TuzlaInfo.ba\" \/>\n<meta property=\"article:publisher\" content=\"https:\/\/www.facebook.com\/tuzlainfo.ba\/\" \/>\n<meta property=\"article:published_time\" content=\"2023-02-12T16:53:43+00:00\" \/>\n<meta property=\"article:modified_time\" content=\"2023-02-12T19:58:58+00:00\" \/>\n<meta property=\"og:image\" content=\"https:\/\/tuzlainfo.ba\/wp-content\/uploads\/2023\/02\/1202_adnan_mujanovic.jpg\" \/>\n\t<meta property=\"og:image:width\" content=\"938\" \/>\n\t<meta property=\"og:image:height\" content=\"599\" \/>\n\t<meta property=\"og:image:type\" content=\"image\/jpeg\" \/>\n<meta name=\"author\" content=\"nedim\" \/>\n<meta name=\"twitter:card\" content=\"summary_large_image\" \/>\n<meta name=\"twitter:label1\" content=\"Written by\" \/>\n\t<meta name=\"twitter:data1\" content=\"nedim\" \/>\n\t<meta name=\"twitter:label2\" content=\"Est. reading time\" \/>\n\t<meta name=\"twitter:data2\" content=\"1 minuta\" \/>\n<script type=\"application\/ld+json\" class=\"yoast-schema-graph\">{\"@context\":\"https:\/\/schema.org\",\"@graph\":[{\"@type\":\"Article\",\"@id\":\"https:\/\/tuzlainfo.ba\/index.php\/novosti\/item\/197075-novi-uspjeh-adnana-mujanovica-tuzlak-nagradjen-od-americkog-udruzenja-za-srce\/#article\",\"isPartOf\":{\"@id\":\"https:\/\/tuzlainfo.ba\/index.php\/novosti\/item\/197075-novi-uspjeh-adnana-mujanovica-tuzlak-nagradjen-od-americkog-udruzenja-za-srce\/\"},\"author\":{\"name\":\"nedim\",\"@id\":\"https:\/\/tuzlainfo.ba\/#\/schema\/person\/f434e20dc27ea133923aab08451b7f7f\"},\"headline\":\"Novi uspjeh Adnana Mujanovi\u0107a, Tuzlak nagra\u0111en od Ameri\u010dkog udru\u017eenja za srce\",\"datePublished\":\"2023-02-12T16:53:43+00:00\",\"dateModified\":\"2023-02-12T19:58:58+00:00\",\"mainEntityOfPage\":{\"@id\":\"https:\/\/tuzlainfo.ba\/index.php\/novosti\/item\/197075-novi-uspjeh-adnana-mujanovica-tuzlak-nagradjen-od-americkog-udruzenja-za-srce\/\"},\"wordCount\":155,\"commentCount\":0,\"publisher\":{\"@id\":\"https:\/\/tuzlainfo.ba\/#organization\"},\"image\":{\"@id\":\"https:\/\/tuzlainfo.ba\/index.php\/novosti\/item\/197075-novi-uspjeh-adnana-mujanovica-tuzlak-nagradjen-od-americkog-udruzenja-za-srce\/#primaryimage\"},\"thumbnailUrl\":\"https:\/\/tuzlainfo.ba\/wp-content\/uploads\/2023\/02\/1202_adnan_mujanovic.jpg\",\"keywords\":[\"Adnan Mujanovi\u0107\",\"Edhem (Eddie) \u010custovi\u0107\"],\"articleSection\":[\"Istaknuto\",\"Novosti\",\"Preporu\u010dujemo\"],\"inLanguage\":\"bs-BA\"},{\"@type\":\"WebPage\",\"@id\":\"https:\/\/tuzlainfo.ba\/index.php\/novosti\/item\/197075-novi-uspjeh-adnana-mujanovica-tuzlak-nagradjen-od-americkog-udruzenja-za-srce\/\",\"url\":\"https:\/\/tuzlainfo.ba\/index.php\/novosti\/item\/197075-novi-uspjeh-adnana-mujanovica-tuzlak-nagradjen-od-americkog-udruzenja-za-srce\/\",\"name\":\"Novi uspjeh Adnana Mujanovi\u0107a, Tuzlak nagra\u0111en od Ameri\u010dkog udru\u017eenja za srce - TuzlaInfo.ba\",\"isPartOf\":{\"@id\":\"https:\/\/tuzlainfo.ba\/#website\"},\"primaryImageOfPage\":{\"@id\":\"https:\/\/tuzlainfo.ba\/index.php\/novosti\/item\/197075-novi-uspjeh-adnana-mujanovica-tuzlak-nagradjen-od-americkog-udruzenja-za-srce\/#primaryimage\"},\"image\":{\"@id\":\"https:\/\/tuzlainfo.ba\/index.php\/novosti\/item\/197075-novi-uspjeh-adnana-mujanovica-tuzlak-nagradjen-od-americkog-udruzenja-za-srce\/#primaryimage\"},\"thumbnailUrl\":\"https:\/\/tuzlainfo.ba\/wp-content\/uploads\/2023\/02\/1202_adnan_mujanovic.jpg\",\"datePublished\":\"2023-02-12T16:53:43+00:00\",\"dateModified\":\"2023-02-12T19:58:58+00:00\",\"breadcrumb\":{\"@id\":\"https:\/\/tuzlainfo.ba\/index.php\/novosti\/item\/197075-novi-uspjeh-adnana-mujanovica-tuzlak-nagradjen-od-americkog-udruzenja-za-srce\/#breadcrumb\"},\"inLanguage\":\"bs-BA\",\"potentialAction\":[{\"@type\":\"ReadAction\",\"target\":[\"https:\/\/tuzlainfo.ba\/index.php\/novosti\/item\/197075-novi-uspjeh-adnana-mujanovica-tuzlak-nagradjen-od-americkog-udruzenja-za-srce\/\"]}]},{\"@type\":\"ImageObject\",\"inLanguage\":\"bs-BA\",\"@id\":\"https:\/\/tuzlainfo.ba\/index.php\/novosti\/item\/197075-novi-uspjeh-adnana-mujanovica-tuzlak-nagradjen-od-americkog-udruzenja-za-srce\/#primaryimage\",\"url\":\"https:\/\/tuzlainfo.ba\/wp-content\/uploads\/2023\/02\/1202_adnan_mujanovic.jpg\",\"contentUrl\":\"https:\/\/tuzlainfo.ba\/wp-content\/uploads\/2023\/02\/1202_adnan_mujanovic.jpg\",\"width\":938,\"height\":599},{\"@type\":\"BreadcrumbList\",\"@id\":\"https:\/\/tuzlainfo.ba\/index.php\/novosti\/item\/197075-novi-uspjeh-adnana-mujanovica-tuzlak-nagradjen-od-americkog-udruzenja-za-srce\/#breadcrumb\",\"itemListElement\":[{\"@type\":\"ListItem\",\"position\":1,\"name\":\"Home\",\"item\":\"https:\/\/tuzlainfo.ba\/\"},{\"@type\":\"ListItem\",\"position\":2,\"name\":\"Novi uspjeh Adnana Mujanovi\u0107a, Tuzlak nagra\u0111en od Ameri\u010dkog udru\u017eenja za srce\"}]},{\"@type\":\"WebSite\",\"@id\":\"https:\/\/tuzlainfo.ba\/#website\",\"url\":\"https:\/\/tuzlainfo.ba\/\",\"name\":\"TuzlaInfo.ba\",\"description\":\"Tuzla info, gradski informator - Tuzla na dlanu\",\"publisher\":{\"@id\":\"https:\/\/tuzlainfo.ba\/#organization\"},\"potentialAction\":[{\"@type\":\"SearchAction\",\"target\":{\"@type\":\"EntryPoint\",\"urlTemplate\":\"https:\/\/tuzlainfo.ba\/?s={search_term_string}\"},\"query-input\":{\"@type\":\"PropertyValueSpecification\",\"valueRequired\":true,\"valueName\":\"search_term_string\"}}],\"inLanguage\":\"bs-BA\"},{\"@type\":\"Organization\",\"@id\":\"https:\/\/tuzlainfo.ba\/#organization\",\"name\":\"TuzlaInfo.ba\",\"url\":\"https:\/\/tuzlainfo.ba\/\",\"logo\":{\"@type\":\"ImageObject\",\"inLanguage\":\"bs-BA\",\"@id\":\"https:\/\/tuzlainfo.ba\/#\/schema\/logo\/image\/\",\"url\":\"https:\/\/tuzlainfo.ba\/wp-content\/uploads\/2021\/03\/logo-ver-3-1.png\",\"contentUrl\":\"https:\/\/tuzlainfo.ba\/wp-content\/uploads\/2021\/03\/logo-ver-3-1.png\",\"width\":350,\"height\":95,\"caption\":\"TuzlaInfo.ba\"},\"image\":{\"@id\":\"https:\/\/tuzlainfo.ba\/#\/schema\/logo\/image\/\"},\"sameAs\":[\"https:\/\/www.facebook.com\/tuzlainfo.ba\/\"]},{\"@type\":\"Person\",\"@id\":\"https:\/\/tuzlainfo.ba\/#\/schema\/person\/f434e20dc27ea133923aab08451b7f7f\",\"name\":\"nedim\",\"image\":{\"@type\":\"ImageObject\",\"inLanguage\":\"bs-BA\",\"@id\":\"https:\/\/tuzlainfo.ba\/#\/schema\/person\/image\/\",\"url\":\"https:\/\/tuzlainfo.ba\/wp-content\/litespeed\/avatar\/aabad687af24844af817603ac1cbdc4f.jpg?ver=1776702173\",\"contentUrl\":\"https:\/\/tuzlainfo.ba\/wp-content\/litespeed\/avatar\/aabad687af24844af817603ac1cbdc4f.jpg?ver=1776702173\",\"caption\":\"nedim\"},\"description\":\"Tuzlainfo.ba pratite na dru\u0161tvenim mre\u017eama: Facebook, Instagram i Youtube. Svoje pri\u010de, upite i fotografije \u0161aljite na na\u0161u e-mail adresu.\"}]}<\/script>\n<!-- \/ Yoast SEO plugin. -->","yoast_head_json":{"title":"Novi uspjeh Adnana Mujanovi\u0107a, Tuzlak nagra\u0111en od Ameri\u010dkog udru\u017eenja za srce - TuzlaInfo.ba","robots":{"index":"index","follow":"follow","max-snippet":"max-snippet:-1","max-image-preview":"max-image-preview:large","max-video-preview":"max-video-preview:-1"},"canonical":"https:\/\/tuzlainfo.ba\/index.php\/novosti\/item\/197075-novi-uspjeh-adnana-mujanovica-tuzlak-nagradjen-od-americkog-udruzenja-za-srce\/","og_locale":"bs_BA","og_type":"article","og_title":"Novi uspjeh Adnana Mujanovi\u0107a, Tuzlak nagra\u0111en od Ameri\u010dkog udru\u017eenja za srce - TuzlaInfo.ba","og_description":"Tuzlak Adnan Mujanovi\u0107 i njegov istra\u017eiva\u010dki tim nagra\u0111en su nagradom Paul Dudley White tokom ovogodi\u0161nje&hellip;","og_url":"https:\/\/tuzlainfo.ba\/index.php\/novosti\/item\/197075-novi-uspjeh-adnana-mujanovica-tuzlak-nagradjen-od-americkog-udruzenja-za-srce\/","og_site_name":"TuzlaInfo.ba","article_publisher":"https:\/\/www.facebook.com\/tuzlainfo.ba\/","article_published_time":"2023-02-12T16:53:43+00:00","article_modified_time":"2023-02-12T19:58:58+00:00","og_image":[{"width":938,"height":599,"url":"https:\/\/tuzlainfo.ba\/wp-content\/uploads\/2023\/02\/1202_adnan_mujanovic.jpg","type":"image\/jpeg"}],"author":"nedim","twitter_card":"summary_large_image","twitter_misc":{"Written by":"nedim","Est. reading time":"1 minuta"},"schema":{"@context":"https:\/\/schema.org","@graph":[{"@type":"Article","@id":"https:\/\/tuzlainfo.ba\/index.php\/novosti\/item\/197075-novi-uspjeh-adnana-mujanovica-tuzlak-nagradjen-od-americkog-udruzenja-za-srce\/#article","isPartOf":{"@id":"https:\/\/tuzlainfo.ba\/index.php\/novosti\/item\/197075-novi-uspjeh-adnana-mujanovica-tuzlak-nagradjen-od-americkog-udruzenja-za-srce\/"},"author":{"name":"nedim","@id":"https:\/\/tuzlainfo.ba\/#\/schema\/person\/f434e20dc27ea133923aab08451b7f7f"},"headline":"Novi uspjeh Adnana Mujanovi\u0107a, Tuzlak nagra\u0111en od Ameri\u010dkog udru\u017eenja za srce","datePublished":"2023-02-12T16:53:43+00:00","dateModified":"2023-02-12T19:58:58+00:00","mainEntityOfPage":{"@id":"https:\/\/tuzlainfo.ba\/index.php\/novosti\/item\/197075-novi-uspjeh-adnana-mujanovica-tuzlak-nagradjen-od-americkog-udruzenja-za-srce\/"},"wordCount":155,"commentCount":0,"publisher":{"@id":"https:\/\/tuzlainfo.ba\/#organization"},"image":{"@id":"https:\/\/tuzlainfo.ba\/index.php\/novosti\/item\/197075-novi-uspjeh-adnana-mujanovica-tuzlak-nagradjen-od-americkog-udruzenja-za-srce\/#primaryimage"},"thumbnailUrl":"https:\/\/tuzlainfo.ba\/wp-content\/uploads\/2023\/02\/1202_adnan_mujanovic.jpg","keywords":["Adnan Mujanovi\u0107","Edhem (Eddie) \u010custovi\u0107"],"articleSection":["Istaknuto","Novosti","Preporu\u010dujemo"],"inLanguage":"bs-BA"},{"@type":"WebPage","@id":"https:\/\/tuzlainfo.ba\/index.php\/novosti\/item\/197075-novi-uspjeh-adnana-mujanovica-tuzlak-nagradjen-od-americkog-udruzenja-za-srce\/","url":"https:\/\/tuzlainfo.ba\/index.php\/novosti\/item\/197075-novi-uspjeh-adnana-mujanovica-tuzlak-nagradjen-od-americkog-udruzenja-za-srce\/","name":"Novi uspjeh Adnana Mujanovi\u0107a, Tuzlak nagra\u0111en od Ameri\u010dkog udru\u017eenja za srce - TuzlaInfo.ba","isPartOf":{"@id":"https:\/\/tuzlainfo.ba\/#website"},"primaryImageOfPage":{"@id":"https:\/\/tuzlainfo.ba\/index.php\/novosti\/item\/197075-novi-uspjeh-adnana-mujanovica-tuzlak-nagradjen-od-americkog-udruzenja-za-srce\/#primaryimage"},"image":{"@id":"https:\/\/tuzlainfo.ba\/index.php\/novosti\/item\/197075-novi-uspjeh-adnana-mujanovica-tuzlak-nagradjen-od-americkog-udruzenja-za-srce\/#primaryimage"},"thumbnailUrl":"https:\/\/tuzlainfo.ba\/wp-content\/uploads\/2023\/02\/1202_adnan_mujanovic.jpg","datePublished":"2023-02-12T16:53:43+00:00","dateModified":"2023-02-12T19:58:58+00:00","breadcrumb":{"@id":"https:\/\/tuzlainfo.ba\/index.php\/novosti\/item\/197075-novi-uspjeh-adnana-mujanovica-tuzlak-nagradjen-od-americkog-udruzenja-za-srce\/#breadcrumb"},"inLanguage":"bs-BA","potentialAction":[{"@type":"ReadAction","target":["https:\/\/tuzlainfo.ba\/index.php\/novosti\/item\/197075-novi-uspjeh-adnana-mujanovica-tuzlak-nagradjen-od-americkog-udruzenja-za-srce\/"]}]},{"@type":"ImageObject","inLanguage":"bs-BA","@id":"https:\/\/tuzlainfo.ba\/index.php\/novosti\/item\/197075-novi-uspjeh-adnana-mujanovica-tuzlak-nagradjen-od-americkog-udruzenja-za-srce\/#primaryimage","url":"https:\/\/tuzlainfo.ba\/wp-content\/uploads\/2023\/02\/1202_adnan_mujanovic.jpg","contentUrl":"https:\/\/tuzlainfo.ba\/wp-content\/uploads\/2023\/02\/1202_adnan_mujanovic.jpg","width":938,"height":599},{"@type":"BreadcrumbList","@id":"https:\/\/tuzlainfo.ba\/index.php\/novosti\/item\/197075-novi-uspjeh-adnana-mujanovica-tuzlak-nagradjen-od-americkog-udruzenja-za-srce\/#breadcrumb","itemListElement":[{"@type":"ListItem","position":1,"name":"Home","item":"https:\/\/tuzlainfo.ba\/"},{"@type":"ListItem","position":2,"name":"Novi uspjeh Adnana Mujanovi\u0107a, Tuzlak nagra\u0111en od Ameri\u010dkog udru\u017eenja za srce"}]},{"@type":"WebSite","@id":"https:\/\/tuzlainfo.ba\/#website","url":"https:\/\/tuzlainfo.ba\/","name":"TuzlaInfo.ba","description":"Tuzla info, gradski informator - Tuzla na dlanu","publisher":{"@id":"https:\/\/tuzlainfo.ba\/#organization"},"potentialAction":[{"@type":"SearchAction","target":{"@type":"EntryPoint","urlTemplate":"https:\/\/tuzlainfo.ba\/?s={search_term_string}"},"query-input":{"@type":"PropertyValueSpecification","valueRequired":true,"valueName":"search_term_string"}}],"inLanguage":"bs-BA"},{"@type":"Organization","@id":"https:\/\/tuzlainfo.ba\/#organization","name":"TuzlaInfo.ba","url":"https:\/\/tuzlainfo.ba\/","logo":{"@type":"ImageObject","inLanguage":"bs-BA","@id":"https:\/\/tuzlainfo.ba\/#\/schema\/logo\/image\/","url":"https:\/\/tuzlainfo.ba\/wp-content\/uploads\/2021\/03\/logo-ver-3-1.png","contentUrl":"https:\/\/tuzlainfo.ba\/wp-content\/uploads\/2021\/03\/logo-ver-3-1.png","width":350,"height":95,"caption":"TuzlaInfo.ba"},"image":{"@id":"https:\/\/tuzlainfo.ba\/#\/schema\/logo\/image\/"},"sameAs":["https:\/\/www.facebook.com\/tuzlainfo.ba\/"]},{"@type":"Person","@id":"https:\/\/tuzlainfo.ba\/#\/schema\/person\/f434e20dc27ea133923aab08451b7f7f","name":"nedim","image":{"@type":"ImageObject","inLanguage":"bs-BA","@id":"https:\/\/tuzlainfo.ba\/#\/schema\/person\/image\/","url":"https:\/\/tuzlainfo.ba\/wp-content\/litespeed\/avatar\/aabad687af24844af817603ac1cbdc4f.jpg?ver=1776702173","contentUrl":"https:\/\/tuzlainfo.ba\/wp-content\/litespeed\/avatar\/aabad687af24844af817603ac1cbdc4f.jpg?ver=1776702173","caption":"nedim"},"description":"Tuzlainfo.ba pratite na dru\u0161tvenim mre\u017eama: Facebook, Instagram i Youtube. Svoje pri\u010de, upite i fotografije \u0161aljite na na\u0161u e-mail adresu."}]}},"_links":{"self":[{"href":"https:\/\/tuzlainfo.ba\/index.php\/wp-json\/wp\/v2\/posts\/197075"}],"collection":[{"href":"https:\/\/tuzlainfo.ba\/index.php\/wp-json\/wp\/v2\/posts"}],"about":[{"href":"https:\/\/tuzlainfo.ba\/index.php\/wp-json\/wp\/v2\/types\/post"}],"author":[{"embeddable":true,"href":"https:\/\/tuzlainfo.ba\/index.php\/wp-json\/wp\/v2\/users\/2"}],"replies":[{"embeddable":true,"href":"https:\/\/tuzlainfo.ba\/index.php\/wp-json\/wp\/v2\/comments?post=197075"}],"version-history":[{"count":0,"href":"https:\/\/tuzlainfo.ba\/index.php\/wp-json\/wp\/v2\/posts\/197075\/revisions"}],"wp:featuredmedia":[{"embeddable":true,"href":"https:\/\/tuzlainfo.ba\/index.php\/wp-json\/wp\/v2\/media\/197076"}],"wp:attachment":[{"href":"https:\/\/tuzlainfo.ba\/index.php\/wp-json\/wp\/v2\/media?parent=197075"}],"wp:term":[{"taxonomy":"category","embeddable":true,"href":"https:\/\/tuzlainfo.ba\/index.php\/wp-json\/wp\/v2\/categories?post=197075"},{"taxonomy":"post_tag","embeddable":true,"href":"https:\/\/tuzlainfo.ba\/index.php\/wp-json\/wp\/v2\/tags?post=197075"}],"curies":[{"name":"wp","href":"https:\/\/api.w.org\/{rel}","templated":true}]}}