{"id":196356,"date":"2023-02-04T15:58:23","date_gmt":"2023-02-04T14:58:23","guid":{"rendered":"https:\/\/tuzlainfo.ba\/?p=196356"},"modified":"2023-02-04T15:58:23","modified_gmt":"2023-02-04T14:58:23","slug":"hns-bih-usvojio-svoju-deklaraciju-traze-novi-nacin-popune-doma-naroda-parlamenta-fbih","status":"publish","type":"post","link":"https:\/\/tuzlainfo.ba\/index.php\/bosna-i-hercegovina\/item\/196356-hns-bih-usvojio-svoju-deklaraciju-traze-novi-nacin-popune-doma-naroda-parlamenta-fbih\/","title":{"rendered":"HNS BiH usvojio svoju deklaraciju, tra\u017ee novi na\u010din popune Doma naroda Parlamenta FBiH"},"content":{"rendered":"<p>Hrvatski narodni sabor (HNS) BiH usvojio je Deklaraciju u kojoj je izrazio privr\u017eenost hrvatskog konstitutivnog naroda i krovne politi\u010dke organizacije Hrvata u BiH temeljnim europskim vrijednostima i ustavnim na\u010delima BiH te nedvosmislenu opredijeljenost punopravnom \u010dlanstvu BiH u Europskoj uniji (EU) i Sjevernoatlantskom savezu (NATO).<\/p>\n<p>Kako se dalje navodi u Deklaraciji, HNS BiH \u0107e se u svome radu nastaviti zalagati za daljnju decentralizaciju politi\u010dke, fiskalne i gospodarske mo\u0107i sukladno zahtjevima za integriranjem BiH u EU.<\/p>\n<p>HNS BiH je upozorio kako unitaristi\u010dke i separatisti\u010dke tendencije predstavljaju grube nasrtaje na ustavni poredak BiH, ali i realnu opasnost za opstojnost hrvatskoga naroda u BiH.<\/p>\n<p>HNS BiH ostat \u0107e posve\u0107en procesu ustavne reforme i izmjena Izbornoga zakona BiH u skladu s natkrovljuju\u0107im na\u010delima Daytonskoga sporazuma i Ustava BiH, odlukom Ustavnoga suda u predmetu U-23\/14 (\u201eLjubi\u0107\u201c) i svim presudama Europskoga suda za ljudska prava, \u010dime \u0107e se osigurati jednakopravnost tri konstitutivna naroda Bo\u0161njaka, Hrvata i Srba i svih drugih gra\u0111ana u BiH.<\/p>\n<p>Ograni\u010dene promjene Ustava BiH i izmjene Izbornoga zakona BiH moraju osigurati legitimno politi\u010dko predstavljanje i jednakopravnost sva tri konstitutivna naroda na svim administrativno-politi\u010dkim razinama u BiH, u tijelima i institucijama ustavno namijenjenim legitimnom demokratskom predstavljanju konstitutivnih naroda, poru\u010dili su iz HNS-a.<\/p>\n<p>HNS BiH podsje\u0107a da je u proteklom pregovara\u010dkom razdoblju Venecijanska komisija pozitivno ocijenila prijedlog pregovara\u010dkoga tima HNS-a BiH za ograni\u010denu izmjenu Ustava BiH za Predsjedni\u0161tvo i Dom naroda BiH.<\/p>\n<p>Svi budu\u0107i pregovori, navodi se u Deklaraciji, moraju biti vo\u0111eni isklju\u010divo s ciljem opstojnosti i uspostavljanja potpune politi\u010dke ravnopravnosti Hrvata s drugim konstitutivnim narodima u BiH.<\/p>\n<p>Sada\u0161nji sastav klubova konstitutivnih naroda u suprotnosti je s na\u010delima definiranim odlukama Ustavnoga suda BiH. HNS BiH smatra kako je potrebno uspostaviti potpuno novi model popunjavanja klubova konstitutivnih naroda u Domu naroda FBiH, kako bi se u cijelosti implementirala odluka Ustavnog suda BiH u predmetu U-23\/14, smatraju u HNS-u.<\/p>\n<p>U Deklaraciji se navodi kako \u0107e HNS BiH dosljedno po\u0161tovati postoje\u0107i institucionalni i teritorijalni integritet BiH te da, s tim u vezi, BiH mora slijediti primjer europskih dr\u017eava koje svoj poredak temelje na na\u010delima federalizma i konsocijacijske demokracije, koja je dio europske pravne ste\u010devine, i koja omogu\u0107uju uskla\u0111ivanje kolektivnih prava s individualnim, ljudskim i gra\u0111anskim pravima i slobodama.<\/p>\n<p>Kompletan tekst Deklaracije HNS-a BiH mo\u017eete pogledati\u00a0<a href=\"http:\/\/www.hnsbih.ba\/wp-content\/uploads\/2023\/02\/Deklaracija-XI-zasjedanja-HNS-1.pdf\"><strong>OVDJE<\/strong><\/a>.<\/p>\n","protected":false},"excerpt":{"rendered":"<p>Hrvatski narodni sabor (HNS) BiH usvojio je Deklaraciju u kojoj je izrazio privr\u017eenost hrvatskog konstitutivnog&hellip;<\/p>\n","protected":false},"author":2,"featured_media":188376,"comment_status":"open","ping_status":"closed","sticky":false,"template":"","format":"standard","meta":{"_acf_changed":false,"footnotes":""},"categories":[291],"tags":[1507],"acf":[],"yoast_head":"<!-- This site is optimized with the Yoast SEO plugin v23.5 - https:\/\/yoast.com\/wordpress\/plugins\/seo\/ -->\n<title>HNS BiH usvojio svoju deklaraciju, tra\u017ee novi na\u010din popune Doma naroda Parlamenta FBiH - TuzlaInfo.ba<\/title>\n<meta name=\"robots\" content=\"index, follow, max-snippet:-1, max-image-preview:large, max-video-preview:-1\" \/>\n<link rel=\"canonical\" href=\"https:\/\/tuzlainfo.ba\/index.php\/bosna-i-hercegovina\/item\/196356-hns-bih-usvojio-svoju-deklaraciju-traze-novi-nacin-popune-doma-naroda-parlamenta-fbih\/\" \/>\n<meta property=\"og:locale\" content=\"bs_BA\" \/>\n<meta property=\"og:type\" content=\"article\" \/>\n<meta property=\"og:title\" content=\"HNS BiH usvojio svoju deklaraciju, tra\u017ee novi na\u010din popune Doma naroda Parlamenta FBiH - TuzlaInfo.ba\" \/>\n<meta property=\"og:description\" content=\"Hrvatski narodni sabor (HNS) BiH usvojio je Deklaraciju u kojoj je izrazio privr\u017eenost hrvatskog konstitutivnog&hellip;\" \/>\n<meta property=\"og:url\" content=\"https:\/\/tuzlainfo.ba\/index.php\/bosna-i-hercegovina\/item\/196356-hns-bih-usvojio-svoju-deklaraciju-traze-novi-nacin-popune-doma-naroda-parlamenta-fbih\/\" \/>\n<meta property=\"og:site_name\" content=\"TuzlaInfo.ba\" \/>\n<meta property=\"article:publisher\" content=\"https:\/\/www.facebook.com\/tuzlainfo.ba\/\" \/>\n<meta property=\"article:published_time\" content=\"2023-02-04T14:58:23+00:00\" \/>\n<meta property=\"og:image\" content=\"https:\/\/tuzlainfo.ba\/wp-content\/uploads\/2022\/11\/hns.png\" \/>\n\t<meta property=\"og:image:width\" content=\"1024\" \/>\n\t<meta property=\"og:image:height\" content=\"492\" \/>\n\t<meta property=\"og:image:type\" content=\"image\/png\" \/>\n<meta name=\"author\" content=\"nedim\" \/>\n<meta name=\"twitter:card\" content=\"summary_large_image\" \/>\n<meta name=\"twitter:label1\" content=\"Written by\" \/>\n\t<meta name=\"twitter:data1\" content=\"nedim\" \/>\n\t<meta name=\"twitter:label2\" content=\"Est. reading time\" \/>\n\t<meta name=\"twitter:data2\" content=\"2 minute\" \/>\n<script type=\"application\/ld+json\" class=\"yoast-schema-graph\">{\"@context\":\"https:\/\/schema.org\",\"@graph\":[{\"@type\":\"Article\",\"@id\":\"https:\/\/tuzlainfo.ba\/index.php\/bosna-i-hercegovina\/item\/196356-hns-bih-usvojio-svoju-deklaraciju-traze-novi-nacin-popune-doma-naroda-parlamenta-fbih\/#article\",\"isPartOf\":{\"@id\":\"https:\/\/tuzlainfo.ba\/index.php\/bosna-i-hercegovina\/item\/196356-hns-bih-usvojio-svoju-deklaraciju-traze-novi-nacin-popune-doma-naroda-parlamenta-fbih\/\"},\"author\":{\"name\":\"nedim\",\"@id\":\"https:\/\/tuzlainfo.ba\/#\/schema\/person\/f434e20dc27ea133923aab08451b7f7f\"},\"headline\":\"HNS BiH usvojio svoju deklaraciju, tra\u017ee novi na\u010din popune Doma naroda Parlamenta FBiH\",\"datePublished\":\"2023-02-04T14:58:23+00:00\",\"dateModified\":\"2023-02-04T14:58:23+00:00\",\"mainEntityOfPage\":{\"@id\":\"https:\/\/tuzlainfo.ba\/index.php\/bosna-i-hercegovina\/item\/196356-hns-bih-usvojio-svoju-deklaraciju-traze-novi-nacin-popune-doma-naroda-parlamenta-fbih\/\"},\"wordCount\":418,\"commentCount\":0,\"publisher\":{\"@id\":\"https:\/\/tuzlainfo.ba\/#organization\"},\"image\":{\"@id\":\"https:\/\/tuzlainfo.ba\/index.php\/bosna-i-hercegovina\/item\/196356-hns-bih-usvojio-svoju-deklaraciju-traze-novi-nacin-popune-doma-naroda-parlamenta-fbih\/#primaryimage\"},\"thumbnailUrl\":\"https:\/\/tuzlainfo.ba\/wp-content\/uploads\/2022\/11\/hns.png\",\"keywords\":[\"HNS\"],\"articleSection\":[\"Bosna i Hercegovina\"],\"inLanguage\":\"bs-BA\"},{\"@type\":\"WebPage\",\"@id\":\"https:\/\/tuzlainfo.ba\/index.php\/bosna-i-hercegovina\/item\/196356-hns-bih-usvojio-svoju-deklaraciju-traze-novi-nacin-popune-doma-naroda-parlamenta-fbih\/\",\"url\":\"https:\/\/tuzlainfo.ba\/index.php\/bosna-i-hercegovina\/item\/196356-hns-bih-usvojio-svoju-deklaraciju-traze-novi-nacin-popune-doma-naroda-parlamenta-fbih\/\",\"name\":\"HNS BiH usvojio svoju deklaraciju, tra\u017ee novi na\u010din popune Doma naroda Parlamenta FBiH - TuzlaInfo.ba\",\"isPartOf\":{\"@id\":\"https:\/\/tuzlainfo.ba\/#website\"},\"primaryImageOfPage\":{\"@id\":\"https:\/\/tuzlainfo.ba\/index.php\/bosna-i-hercegovina\/item\/196356-hns-bih-usvojio-svoju-deklaraciju-traze-novi-nacin-popune-doma-naroda-parlamenta-fbih\/#primaryimage\"},\"image\":{\"@id\":\"https:\/\/tuzlainfo.ba\/index.php\/bosna-i-hercegovina\/item\/196356-hns-bih-usvojio-svoju-deklaraciju-traze-novi-nacin-popune-doma-naroda-parlamenta-fbih\/#primaryimage\"},\"thumbnailUrl\":\"https:\/\/tuzlainfo.ba\/wp-content\/uploads\/2022\/11\/hns.png\",\"datePublished\":\"2023-02-04T14:58:23+00:00\",\"dateModified\":\"2023-02-04T14:58:23+00:00\",\"breadcrumb\":{\"@id\":\"https:\/\/tuzlainfo.ba\/index.php\/bosna-i-hercegovina\/item\/196356-hns-bih-usvojio-svoju-deklaraciju-traze-novi-nacin-popune-doma-naroda-parlamenta-fbih\/#breadcrumb\"},\"inLanguage\":\"bs-BA\",\"potentialAction\":[{\"@type\":\"ReadAction\",\"target\":[\"https:\/\/tuzlainfo.ba\/index.php\/bosna-i-hercegovina\/item\/196356-hns-bih-usvojio-svoju-deklaraciju-traze-novi-nacin-popune-doma-naroda-parlamenta-fbih\/\"]}]},{\"@type\":\"ImageObject\",\"inLanguage\":\"bs-BA\",\"@id\":\"https:\/\/tuzlainfo.ba\/index.php\/bosna-i-hercegovina\/item\/196356-hns-bih-usvojio-svoju-deklaraciju-traze-novi-nacin-popune-doma-naroda-parlamenta-fbih\/#primaryimage\",\"url\":\"https:\/\/tuzlainfo.ba\/wp-content\/uploads\/2022\/11\/hns.png\",\"contentUrl\":\"https:\/\/tuzlainfo.ba\/wp-content\/uploads\/2022\/11\/hns.png\",\"width\":1024,\"height\":492},{\"@type\":\"BreadcrumbList\",\"@id\":\"https:\/\/tuzlainfo.ba\/index.php\/bosna-i-hercegovina\/item\/196356-hns-bih-usvojio-svoju-deklaraciju-traze-novi-nacin-popune-doma-naroda-parlamenta-fbih\/#breadcrumb\",\"itemListElement\":[{\"@type\":\"ListItem\",\"position\":1,\"name\":\"Home\",\"item\":\"https:\/\/tuzlainfo.ba\/\"},{\"@type\":\"ListItem\",\"position\":2,\"name\":\"HNS BiH usvojio svoju deklaraciju, tra\u017ee novi na\u010din popune Doma naroda Parlamenta FBiH\"}]},{\"@type\":\"WebSite\",\"@id\":\"https:\/\/tuzlainfo.ba\/#website\",\"url\":\"https:\/\/tuzlainfo.ba\/\",\"name\":\"TuzlaInfo.ba\",\"description\":\"Tuzla info, gradski informator - Tuzla na dlanu\",\"publisher\":{\"@id\":\"https:\/\/tuzlainfo.ba\/#organization\"},\"potentialAction\":[{\"@type\":\"SearchAction\",\"target\":{\"@type\":\"EntryPoint\",\"urlTemplate\":\"https:\/\/tuzlainfo.ba\/?s={search_term_string}\"},\"query-input\":{\"@type\":\"PropertyValueSpecification\",\"valueRequired\":true,\"valueName\":\"search_term_string\"}}],\"inLanguage\":\"bs-BA\"},{\"@type\":\"Organization\",\"@id\":\"https:\/\/tuzlainfo.ba\/#organization\",\"name\":\"TuzlaInfo.ba\",\"url\":\"https:\/\/tuzlainfo.ba\/\",\"logo\":{\"@type\":\"ImageObject\",\"inLanguage\":\"bs-BA\",\"@id\":\"https:\/\/tuzlainfo.ba\/#\/schema\/logo\/image\/\",\"url\":\"https:\/\/tuzlainfo.ba\/wp-content\/uploads\/2021\/03\/logo-ver-3-1.png\",\"contentUrl\":\"https:\/\/tuzlainfo.ba\/wp-content\/uploads\/2021\/03\/logo-ver-3-1.png\",\"width\":350,\"height\":95,\"caption\":\"TuzlaInfo.ba\"},\"image\":{\"@id\":\"https:\/\/tuzlainfo.ba\/#\/schema\/logo\/image\/\"},\"sameAs\":[\"https:\/\/www.facebook.com\/tuzlainfo.ba\/\"]},{\"@type\":\"Person\",\"@id\":\"https:\/\/tuzlainfo.ba\/#\/schema\/person\/f434e20dc27ea133923aab08451b7f7f\",\"name\":\"nedim\",\"image\":{\"@type\":\"ImageObject\",\"inLanguage\":\"bs-BA\",\"@id\":\"https:\/\/tuzlainfo.ba\/#\/schema\/person\/image\/\",\"url\":\"https:\/\/tuzlainfo.ba\/wp-content\/litespeed\/avatar\/aabad687af24844af817603ac1cbdc4f.jpg?ver=1777306975\",\"contentUrl\":\"https:\/\/tuzlainfo.ba\/wp-content\/litespeed\/avatar\/aabad687af24844af817603ac1cbdc4f.jpg?ver=1777306975\",\"caption\":\"nedim\"},\"description\":\"Tuzlainfo.ba pratite na dru\u0161tvenim mre\u017eama: Facebook, Instagram i Youtube. Svoje pri\u010de, upite i fotografije \u0161aljite na na\u0161u e-mail adresu.\"}]}<\/script>\n<!-- \/ Yoast SEO plugin. -->","yoast_head_json":{"title":"HNS BiH usvojio svoju deklaraciju, tra\u017ee novi na\u010din popune Doma naroda Parlamenta FBiH - TuzlaInfo.ba","robots":{"index":"index","follow":"follow","max-snippet":"max-snippet:-1","max-image-preview":"max-image-preview:large","max-video-preview":"max-video-preview:-1"},"canonical":"https:\/\/tuzlainfo.ba\/index.php\/bosna-i-hercegovina\/item\/196356-hns-bih-usvojio-svoju-deklaraciju-traze-novi-nacin-popune-doma-naroda-parlamenta-fbih\/","og_locale":"bs_BA","og_type":"article","og_title":"HNS BiH usvojio svoju deklaraciju, tra\u017ee novi na\u010din popune Doma naroda Parlamenta FBiH - TuzlaInfo.ba","og_description":"Hrvatski narodni sabor (HNS) BiH usvojio je Deklaraciju u kojoj je izrazio privr\u017eenost hrvatskog konstitutivnog&hellip;","og_url":"https:\/\/tuzlainfo.ba\/index.php\/bosna-i-hercegovina\/item\/196356-hns-bih-usvojio-svoju-deklaraciju-traze-novi-nacin-popune-doma-naroda-parlamenta-fbih\/","og_site_name":"TuzlaInfo.ba","article_publisher":"https:\/\/www.facebook.com\/tuzlainfo.ba\/","article_published_time":"2023-02-04T14:58:23+00:00","og_image":[{"width":1024,"height":492,"url":"https:\/\/tuzlainfo.ba\/wp-content\/uploads\/2022\/11\/hns.png","type":"image\/png"}],"author":"nedim","twitter_card":"summary_large_image","twitter_misc":{"Written by":"nedim","Est. reading time":"2 minute"},"schema":{"@context":"https:\/\/schema.org","@graph":[{"@type":"Article","@id":"https:\/\/tuzlainfo.ba\/index.php\/bosna-i-hercegovina\/item\/196356-hns-bih-usvojio-svoju-deklaraciju-traze-novi-nacin-popune-doma-naroda-parlamenta-fbih\/#article","isPartOf":{"@id":"https:\/\/tuzlainfo.ba\/index.php\/bosna-i-hercegovina\/item\/196356-hns-bih-usvojio-svoju-deklaraciju-traze-novi-nacin-popune-doma-naroda-parlamenta-fbih\/"},"author":{"name":"nedim","@id":"https:\/\/tuzlainfo.ba\/#\/schema\/person\/f434e20dc27ea133923aab08451b7f7f"},"headline":"HNS BiH usvojio svoju deklaraciju, tra\u017ee novi na\u010din popune Doma naroda Parlamenta FBiH","datePublished":"2023-02-04T14:58:23+00:00","dateModified":"2023-02-04T14:58:23+00:00","mainEntityOfPage":{"@id":"https:\/\/tuzlainfo.ba\/index.php\/bosna-i-hercegovina\/item\/196356-hns-bih-usvojio-svoju-deklaraciju-traze-novi-nacin-popune-doma-naroda-parlamenta-fbih\/"},"wordCount":418,"commentCount":0,"publisher":{"@id":"https:\/\/tuzlainfo.ba\/#organization"},"image":{"@id":"https:\/\/tuzlainfo.ba\/index.php\/bosna-i-hercegovina\/item\/196356-hns-bih-usvojio-svoju-deklaraciju-traze-novi-nacin-popune-doma-naroda-parlamenta-fbih\/#primaryimage"},"thumbnailUrl":"https:\/\/tuzlainfo.ba\/wp-content\/uploads\/2022\/11\/hns.png","keywords":["HNS"],"articleSection":["Bosna i Hercegovina"],"inLanguage":"bs-BA"},{"@type":"WebPage","@id":"https:\/\/tuzlainfo.ba\/index.php\/bosna-i-hercegovina\/item\/196356-hns-bih-usvojio-svoju-deklaraciju-traze-novi-nacin-popune-doma-naroda-parlamenta-fbih\/","url":"https:\/\/tuzlainfo.ba\/index.php\/bosna-i-hercegovina\/item\/196356-hns-bih-usvojio-svoju-deklaraciju-traze-novi-nacin-popune-doma-naroda-parlamenta-fbih\/","name":"HNS BiH usvojio svoju deklaraciju, tra\u017ee novi na\u010din popune Doma naroda Parlamenta FBiH - TuzlaInfo.ba","isPartOf":{"@id":"https:\/\/tuzlainfo.ba\/#website"},"primaryImageOfPage":{"@id":"https:\/\/tuzlainfo.ba\/index.php\/bosna-i-hercegovina\/item\/196356-hns-bih-usvojio-svoju-deklaraciju-traze-novi-nacin-popune-doma-naroda-parlamenta-fbih\/#primaryimage"},"image":{"@id":"https:\/\/tuzlainfo.ba\/index.php\/bosna-i-hercegovina\/item\/196356-hns-bih-usvojio-svoju-deklaraciju-traze-novi-nacin-popune-doma-naroda-parlamenta-fbih\/#primaryimage"},"thumbnailUrl":"https:\/\/tuzlainfo.ba\/wp-content\/uploads\/2022\/11\/hns.png","datePublished":"2023-02-04T14:58:23+00:00","dateModified":"2023-02-04T14:58:23+00:00","breadcrumb":{"@id":"https:\/\/tuzlainfo.ba\/index.php\/bosna-i-hercegovina\/item\/196356-hns-bih-usvojio-svoju-deklaraciju-traze-novi-nacin-popune-doma-naroda-parlamenta-fbih\/#breadcrumb"},"inLanguage":"bs-BA","potentialAction":[{"@type":"ReadAction","target":["https:\/\/tuzlainfo.ba\/index.php\/bosna-i-hercegovina\/item\/196356-hns-bih-usvojio-svoju-deklaraciju-traze-novi-nacin-popune-doma-naroda-parlamenta-fbih\/"]}]},{"@type":"ImageObject","inLanguage":"bs-BA","@id":"https:\/\/tuzlainfo.ba\/index.php\/bosna-i-hercegovina\/item\/196356-hns-bih-usvojio-svoju-deklaraciju-traze-novi-nacin-popune-doma-naroda-parlamenta-fbih\/#primaryimage","url":"https:\/\/tuzlainfo.ba\/wp-content\/uploads\/2022\/11\/hns.png","contentUrl":"https:\/\/tuzlainfo.ba\/wp-content\/uploads\/2022\/11\/hns.png","width":1024,"height":492},{"@type":"BreadcrumbList","@id":"https:\/\/tuzlainfo.ba\/index.php\/bosna-i-hercegovina\/item\/196356-hns-bih-usvojio-svoju-deklaraciju-traze-novi-nacin-popune-doma-naroda-parlamenta-fbih\/#breadcrumb","itemListElement":[{"@type":"ListItem","position":1,"name":"Home","item":"https:\/\/tuzlainfo.ba\/"},{"@type":"ListItem","position":2,"name":"HNS BiH usvojio svoju deklaraciju, tra\u017ee novi na\u010din popune Doma naroda Parlamenta FBiH"}]},{"@type":"WebSite","@id":"https:\/\/tuzlainfo.ba\/#website","url":"https:\/\/tuzlainfo.ba\/","name":"TuzlaInfo.ba","description":"Tuzla info, gradski informator - Tuzla na dlanu","publisher":{"@id":"https:\/\/tuzlainfo.ba\/#organization"},"potentialAction":[{"@type":"SearchAction","target":{"@type":"EntryPoint","urlTemplate":"https:\/\/tuzlainfo.ba\/?s={search_term_string}"},"query-input":{"@type":"PropertyValueSpecification","valueRequired":true,"valueName":"search_term_string"}}],"inLanguage":"bs-BA"},{"@type":"Organization","@id":"https:\/\/tuzlainfo.ba\/#organization","name":"TuzlaInfo.ba","url":"https:\/\/tuzlainfo.ba\/","logo":{"@type":"ImageObject","inLanguage":"bs-BA","@id":"https:\/\/tuzlainfo.ba\/#\/schema\/logo\/image\/","url":"https:\/\/tuzlainfo.ba\/wp-content\/uploads\/2021\/03\/logo-ver-3-1.png","contentUrl":"https:\/\/tuzlainfo.ba\/wp-content\/uploads\/2021\/03\/logo-ver-3-1.png","width":350,"height":95,"caption":"TuzlaInfo.ba"},"image":{"@id":"https:\/\/tuzlainfo.ba\/#\/schema\/logo\/image\/"},"sameAs":["https:\/\/www.facebook.com\/tuzlainfo.ba\/"]},{"@type":"Person","@id":"https:\/\/tuzlainfo.ba\/#\/schema\/person\/f434e20dc27ea133923aab08451b7f7f","name":"nedim","image":{"@type":"ImageObject","inLanguage":"bs-BA","@id":"https:\/\/tuzlainfo.ba\/#\/schema\/person\/image\/","url":"https:\/\/tuzlainfo.ba\/wp-content\/litespeed\/avatar\/aabad687af24844af817603ac1cbdc4f.jpg?ver=1777306975","contentUrl":"https:\/\/tuzlainfo.ba\/wp-content\/litespeed\/avatar\/aabad687af24844af817603ac1cbdc4f.jpg?ver=1777306975","caption":"nedim"},"description":"Tuzlainfo.ba pratite na dru\u0161tvenim mre\u017eama: Facebook, Instagram i Youtube. Svoje pri\u010de, upite i fotografije \u0161aljite na na\u0161u e-mail adresu."}]}},"_links":{"self":[{"href":"https:\/\/tuzlainfo.ba\/index.php\/wp-json\/wp\/v2\/posts\/196356"}],"collection":[{"href":"https:\/\/tuzlainfo.ba\/index.php\/wp-json\/wp\/v2\/posts"}],"about":[{"href":"https:\/\/tuzlainfo.ba\/index.php\/wp-json\/wp\/v2\/types\/post"}],"author":[{"embeddable":true,"href":"https:\/\/tuzlainfo.ba\/index.php\/wp-json\/wp\/v2\/users\/2"}],"replies":[{"embeddable":true,"href":"https:\/\/tuzlainfo.ba\/index.php\/wp-json\/wp\/v2\/comments?post=196356"}],"version-history":[{"count":0,"href":"https:\/\/tuzlainfo.ba\/index.php\/wp-json\/wp\/v2\/posts\/196356\/revisions"}],"wp:featuredmedia":[{"embeddable":true,"href":"https:\/\/tuzlainfo.ba\/index.php\/wp-json\/wp\/v2\/media\/188376"}],"wp:attachment":[{"href":"https:\/\/tuzlainfo.ba\/index.php\/wp-json\/wp\/v2\/media?parent=196356"}],"wp:term":[{"taxonomy":"category","embeddable":true,"href":"https:\/\/tuzlainfo.ba\/index.php\/wp-json\/wp\/v2\/categories?post=196356"},{"taxonomy":"post_tag","embeddable":true,"href":"https:\/\/tuzlainfo.ba\/index.php\/wp-json\/wp\/v2\/tags?post=196356"}],"curies":[{"name":"wp","href":"https:\/\/api.w.org\/{rel}","templated":true}]}}