{"id":196298,"date":"2023-02-03T21:19:17","date_gmt":"2023-02-03T20:19:17","guid":{"rendered":"https:\/\/tuzlainfo.ba\/?p=196298"},"modified":"2023-02-03T22:43:44","modified_gmt":"2023-02-03T21:43:44","slug":"zvog-uvreda-vijece-muftija-iz-u-bih-nece-saradjivati-sa-mitropolitom-hrizostomom","status":"publish","type":"post","link":"https:\/\/tuzlainfo.ba\/index.php\/bosna-i-hercegovina\/item\/196298-zvog-uvreda-vijece-muftija-iz-u-bih-nece-saradjivati-sa-mitropolitom-hrizostomom\/","title":{"rendered":"Zbog uvreda: Vije\u0107e muftija IZ u BIH ne\u0107e sara\u0111ivati sa mitropolitom Hrizostomom"},"content":{"rendered":"<div class=\"single-intro\">\n<p>Me\u0111ureligijsko vije\u0107e u Bosni i Hercegovini je 26. januara ove godine dobilo dopis od mitropolita dabrobosanskog Hrizostoma u kojem je on obavijestio \u010dlanove Skup\u0161tine Vije\u0107a da s 31. januarom 2023. godine prekida \u010dlanstvo u radu Me\u0111ureligijskog vije\u0107a &#8211; potvrdio je prof. dr. Ned\u017ead Grabus, predsjedavaju\u0107i Skup\u0161tine Me\u0111ureligijskog vije\u0107a (MRV).<\/p>\n<p>Me\u0111ureligijsko vije\u0107e je organiziralo vanrednu sjednicu Skup\u0161tine 30. januara, kojoj su prisustvovali svi \u010dlanovi osim Hrizostoma.<\/p>\n<\/div>\n<div class=\"single-text\">\n<p>&#8211; \u010clanovi Skup\u0161tine su usvojili zaklju\u010dak da pitanja navedena u dopisu kojeg je uputio miropolit g. Hrizostom nisu izravno u vezi s djelovanjem Me\u0111ureligijskog vije\u0107a u BiH, da je dijalog moralna obaveza te da Me\u0111ureligijsko vije\u0107e u Bosni i Hercegovini nastavlja djelovati na dobrobit svih vjernika i svih religija u BiH. Jedan od zaklju\u010daka je i da \u0107e Me\u0111ureligijsko vije\u0107e uputiti dopis sjedi\u0161tu Srpske pravoslavne crkve u Beogradu, Nj.E. patrijarhu Porfiriju i zamoliti tuma\u010denje da li je navedeno istupanje mitropolita g. Hrizostoma stav mitropolita ili Srpske pravoslavne crkve u cjelini. Do danas nismo htjeli istupati u javnost, ali zarad flagrantnog kr\u0161enja kodeksa o vo\u0111enju me\u0111ureligijskog dijaloga, du\u017eni smo o ovome obavijestiti javnost &#8211; izjavio je sarajevski muftija za Agenciju Fena.<\/p>\n<p>Vije\u0107e muftija Islamske zajednice u Bosni i Hercegovini, na sjednici odr\u017eanoj 1. februara u Br\u010dkom, zbog mitropolitovog oslovljavanja muslimana muhamedancima u pismu upu\u0107enom Skup\u0161tini MRV-a, donijelo je odluku da u vezi s ovim pitanjima ne\u0107e sara\u0111ivati sa g. Hrizostomom.<\/p>\n<p>Oslovljavanje muslimana muhamedancima je uvreda svih vjernika i vjernica muslimana, naglasio je muftija sarajevski prof. dr. Ned\u017ead Grabus.<\/p>\n<\/div>\n","protected":false},"excerpt":{"rendered":"<p>Me\u0111ureligijsko vije\u0107e u Bosni i Hercegovini je 26. januara ove godine dobilo dopis od mitropolita&hellip;<\/p>\n","protected":false},"author":2,"featured_media":78696,"comment_status":"open","ping_status":"closed","sticky":false,"template":"","format":"standard","meta":{"_acf_changed":false,"footnotes":""},"categories":[291],"tags":[896,6216,6215],"acf":[],"yoast_head":"<!-- This site is optimized with the Yoast SEO plugin v23.5 - https:\/\/yoast.com\/wordpress\/plugins\/seo\/ -->\n<title>Zbog uvreda: Vije\u0107e muftija IZ u BIH ne\u0107e sara\u0111ivati sa mitropolitom Hrizostomom - TuzlaInfo.ba<\/title>\n<meta name=\"robots\" content=\"index, follow, max-snippet:-1, max-image-preview:large, max-video-preview:-1\" \/>\n<link rel=\"canonical\" href=\"https:\/\/tuzlainfo.ba\/index.php\/bosna-i-hercegovina\/item\/196298-zvog-uvreda-vijece-muftija-iz-u-bih-nece-saradjivati-sa-mitropolitom-hrizostomom\/\" \/>\n<meta property=\"og:locale\" content=\"bs_BA\" \/>\n<meta property=\"og:type\" content=\"article\" \/>\n<meta property=\"og:title\" content=\"Zbog uvreda: Vije\u0107e muftija IZ u BIH ne\u0107e sara\u0111ivati sa mitropolitom Hrizostomom - TuzlaInfo.ba\" \/>\n<meta property=\"og:description\" content=\"Me\u0111ureligijsko vije\u0107e u Bosni i Hercegovini je 26. januara ove godine dobilo dopis od mitropolita&hellip;\" \/>\n<meta property=\"og:url\" content=\"https:\/\/tuzlainfo.ba\/index.php\/bosna-i-hercegovina\/item\/196298-zvog-uvreda-vijece-muftija-iz-u-bih-nece-saradjivati-sa-mitropolitom-hrizostomom\/\" \/>\n<meta property=\"og:site_name\" content=\"TuzlaInfo.ba\" \/>\n<meta property=\"article:publisher\" content=\"https:\/\/www.facebook.com\/tuzlainfo.ba\/\" \/>\n<meta property=\"article:published_time\" content=\"2023-02-03T20:19:17+00:00\" \/>\n<meta property=\"article:modified_time\" content=\"2023-02-03T21:43:44+00:00\" \/>\n<meta property=\"og:image\" content=\"https:\/\/tuzlainfo.ba\/wp-content\/uploads\/2020\/04\/sadrzaj_2020_20200401_1904_hrizostom.jpg\" \/>\n\t<meta property=\"og:image:width\" content=\"770\" \/>\n\t<meta property=\"og:image:height\" content=\"513\" \/>\n\t<meta property=\"og:image:type\" content=\"image\/jpeg\" \/>\n<meta name=\"author\" content=\"nedim\" \/>\n<meta name=\"twitter:card\" content=\"summary_large_image\" \/>\n<meta name=\"twitter:label1\" content=\"Written by\" \/>\n\t<meta name=\"twitter:data1\" content=\"nedim\" \/>\n\t<meta name=\"twitter:label2\" content=\"Est. reading time\" \/>\n\t<meta name=\"twitter:data2\" content=\"1 minuta\" \/>\n<script type=\"application\/ld+json\" class=\"yoast-schema-graph\">{\"@context\":\"https:\/\/schema.org\",\"@graph\":[{\"@type\":\"Article\",\"@id\":\"https:\/\/tuzlainfo.ba\/index.php\/bosna-i-hercegovina\/item\/196298-zvog-uvreda-vijece-muftija-iz-u-bih-nece-saradjivati-sa-mitropolitom-hrizostomom\/#article\",\"isPartOf\":{\"@id\":\"https:\/\/tuzlainfo.ba\/index.php\/bosna-i-hercegovina\/item\/196298-zvog-uvreda-vijece-muftija-iz-u-bih-nece-saradjivati-sa-mitropolitom-hrizostomom\/\"},\"author\":{\"name\":\"nedim\",\"@id\":\"https:\/\/tuzlainfo.ba\/#\/schema\/person\/f434e20dc27ea133923aab08451b7f7f\"},\"headline\":\"Zbog uvreda: Vije\u0107e muftija IZ u BIH ne\u0107e sara\u0111ivati sa mitropolitom Hrizostomom\",\"datePublished\":\"2023-02-03T20:19:17+00:00\",\"dateModified\":\"2023-02-03T21:43:44+00:00\",\"mainEntityOfPage\":{\"@id\":\"https:\/\/tuzlainfo.ba\/index.php\/bosna-i-hercegovina\/item\/196298-zvog-uvreda-vijece-muftija-iz-u-bih-nece-saradjivati-sa-mitropolitom-hrizostomom\/\"},\"wordCount\":290,\"commentCount\":0,\"publisher\":{\"@id\":\"https:\/\/tuzlainfo.ba\/#organization\"},\"image\":{\"@id\":\"https:\/\/tuzlainfo.ba\/index.php\/bosna-i-hercegovina\/item\/196298-zvog-uvreda-vijece-muftija-iz-u-bih-nece-saradjivati-sa-mitropolitom-hrizostomom\/#primaryimage\"},\"thumbnailUrl\":\"https:\/\/tuzlainfo.ba\/wp-content\/uploads\/2020\/04\/sadrzaj_2020_20200401_1904_hrizostom.jpg\",\"keywords\":[\"hrizostom\",\"Me\u0111ureligijsko vije\u0107e u Bosni i Hercegovini\",\"vije\u0107e muftija IZ BIH\"],\"articleSection\":[\"Bosna i Hercegovina\"],\"inLanguage\":\"bs-BA\"},{\"@type\":\"WebPage\",\"@id\":\"https:\/\/tuzlainfo.ba\/index.php\/bosna-i-hercegovina\/item\/196298-zvog-uvreda-vijece-muftija-iz-u-bih-nece-saradjivati-sa-mitropolitom-hrizostomom\/\",\"url\":\"https:\/\/tuzlainfo.ba\/index.php\/bosna-i-hercegovina\/item\/196298-zvog-uvreda-vijece-muftija-iz-u-bih-nece-saradjivati-sa-mitropolitom-hrizostomom\/\",\"name\":\"Zbog uvreda: Vije\u0107e muftija IZ u BIH ne\u0107e sara\u0111ivati sa mitropolitom Hrizostomom - TuzlaInfo.ba\",\"isPartOf\":{\"@id\":\"https:\/\/tuzlainfo.ba\/#website\"},\"primaryImageOfPage\":{\"@id\":\"https:\/\/tuzlainfo.ba\/index.php\/bosna-i-hercegovina\/item\/196298-zvog-uvreda-vijece-muftija-iz-u-bih-nece-saradjivati-sa-mitropolitom-hrizostomom\/#primaryimage\"},\"image\":{\"@id\":\"https:\/\/tuzlainfo.ba\/index.php\/bosna-i-hercegovina\/item\/196298-zvog-uvreda-vijece-muftija-iz-u-bih-nece-saradjivati-sa-mitropolitom-hrizostomom\/#primaryimage\"},\"thumbnailUrl\":\"https:\/\/tuzlainfo.ba\/wp-content\/uploads\/2020\/04\/sadrzaj_2020_20200401_1904_hrizostom.jpg\",\"datePublished\":\"2023-02-03T20:19:17+00:00\",\"dateModified\":\"2023-02-03T21:43:44+00:00\",\"breadcrumb\":{\"@id\":\"https:\/\/tuzlainfo.ba\/index.php\/bosna-i-hercegovina\/item\/196298-zvog-uvreda-vijece-muftija-iz-u-bih-nece-saradjivati-sa-mitropolitom-hrizostomom\/#breadcrumb\"},\"inLanguage\":\"bs-BA\",\"potentialAction\":[{\"@type\":\"ReadAction\",\"target\":[\"https:\/\/tuzlainfo.ba\/index.php\/bosna-i-hercegovina\/item\/196298-zvog-uvreda-vijece-muftija-iz-u-bih-nece-saradjivati-sa-mitropolitom-hrizostomom\/\"]}]},{\"@type\":\"ImageObject\",\"inLanguage\":\"bs-BA\",\"@id\":\"https:\/\/tuzlainfo.ba\/index.php\/bosna-i-hercegovina\/item\/196298-zvog-uvreda-vijece-muftija-iz-u-bih-nece-saradjivati-sa-mitropolitom-hrizostomom\/#primaryimage\",\"url\":\"https:\/\/tuzlainfo.ba\/wp-content\/uploads\/2020\/04\/sadrzaj_2020_20200401_1904_hrizostom.jpg\",\"contentUrl\":\"https:\/\/tuzlainfo.ba\/wp-content\/uploads\/2020\/04\/sadrzaj_2020_20200401_1904_hrizostom.jpg\",\"width\":770,\"height\":513,\"caption\":\"1904 hrizostom\"},{\"@type\":\"BreadcrumbList\",\"@id\":\"https:\/\/tuzlainfo.ba\/index.php\/bosna-i-hercegovina\/item\/196298-zvog-uvreda-vijece-muftija-iz-u-bih-nece-saradjivati-sa-mitropolitom-hrizostomom\/#breadcrumb\",\"itemListElement\":[{\"@type\":\"ListItem\",\"position\":1,\"name\":\"Home\",\"item\":\"https:\/\/tuzlainfo.ba\/\"},{\"@type\":\"ListItem\",\"position\":2,\"name\":\"Zbog uvreda: Vije\u0107e muftija IZ u BIH ne\u0107e sara\u0111ivati sa mitropolitom Hrizostomom\"}]},{\"@type\":\"WebSite\",\"@id\":\"https:\/\/tuzlainfo.ba\/#website\",\"url\":\"https:\/\/tuzlainfo.ba\/\",\"name\":\"TuzlaInfo.ba\",\"description\":\"Tuzla info, gradski informator - Tuzla na dlanu\",\"publisher\":{\"@id\":\"https:\/\/tuzlainfo.ba\/#organization\"},\"potentialAction\":[{\"@type\":\"SearchAction\",\"target\":{\"@type\":\"EntryPoint\",\"urlTemplate\":\"https:\/\/tuzlainfo.ba\/?s={search_term_string}\"},\"query-input\":{\"@type\":\"PropertyValueSpecification\",\"valueRequired\":true,\"valueName\":\"search_term_string\"}}],\"inLanguage\":\"bs-BA\"},{\"@type\":\"Organization\",\"@id\":\"https:\/\/tuzlainfo.ba\/#organization\",\"name\":\"TuzlaInfo.ba\",\"url\":\"https:\/\/tuzlainfo.ba\/\",\"logo\":{\"@type\":\"ImageObject\",\"inLanguage\":\"bs-BA\",\"@id\":\"https:\/\/tuzlainfo.ba\/#\/schema\/logo\/image\/\",\"url\":\"https:\/\/tuzlainfo.ba\/wp-content\/uploads\/2021\/03\/logo-ver-3-1.png\",\"contentUrl\":\"https:\/\/tuzlainfo.ba\/wp-content\/uploads\/2021\/03\/logo-ver-3-1.png\",\"width\":350,\"height\":95,\"caption\":\"TuzlaInfo.ba\"},\"image\":{\"@id\":\"https:\/\/tuzlainfo.ba\/#\/schema\/logo\/image\/\"},\"sameAs\":[\"https:\/\/www.facebook.com\/tuzlainfo.ba\/\"]},{\"@type\":\"Person\",\"@id\":\"https:\/\/tuzlainfo.ba\/#\/schema\/person\/f434e20dc27ea133923aab08451b7f7f\",\"name\":\"nedim\",\"image\":{\"@type\":\"ImageObject\",\"inLanguage\":\"bs-BA\",\"@id\":\"https:\/\/tuzlainfo.ba\/#\/schema\/person\/image\/\",\"url\":\"https:\/\/tuzlainfo.ba\/wp-content\/litespeed\/avatar\/aabad687af24844af817603ac1cbdc4f.jpg?ver=1777306975\",\"contentUrl\":\"https:\/\/tuzlainfo.ba\/wp-content\/litespeed\/avatar\/aabad687af24844af817603ac1cbdc4f.jpg?ver=1777306975\",\"caption\":\"nedim\"},\"description\":\"Tuzlainfo.ba pratite na dru\u0161tvenim mre\u017eama: Facebook, Instagram i Youtube. Svoje pri\u010de, upite i fotografije \u0161aljite na na\u0161u e-mail adresu.\"}]}<\/script>\n<!-- \/ Yoast SEO plugin. -->","yoast_head_json":{"title":"Zbog uvreda: Vije\u0107e muftija IZ u BIH ne\u0107e sara\u0111ivati sa mitropolitom Hrizostomom - TuzlaInfo.ba","robots":{"index":"index","follow":"follow","max-snippet":"max-snippet:-1","max-image-preview":"max-image-preview:large","max-video-preview":"max-video-preview:-1"},"canonical":"https:\/\/tuzlainfo.ba\/index.php\/bosna-i-hercegovina\/item\/196298-zvog-uvreda-vijece-muftija-iz-u-bih-nece-saradjivati-sa-mitropolitom-hrizostomom\/","og_locale":"bs_BA","og_type":"article","og_title":"Zbog uvreda: Vije\u0107e muftija IZ u BIH ne\u0107e sara\u0111ivati sa mitropolitom Hrizostomom - TuzlaInfo.ba","og_description":"Me\u0111ureligijsko vije\u0107e u Bosni i Hercegovini je 26. januara ove godine dobilo dopis od mitropolita&hellip;","og_url":"https:\/\/tuzlainfo.ba\/index.php\/bosna-i-hercegovina\/item\/196298-zvog-uvreda-vijece-muftija-iz-u-bih-nece-saradjivati-sa-mitropolitom-hrizostomom\/","og_site_name":"TuzlaInfo.ba","article_publisher":"https:\/\/www.facebook.com\/tuzlainfo.ba\/","article_published_time":"2023-02-03T20:19:17+00:00","article_modified_time":"2023-02-03T21:43:44+00:00","og_image":[{"width":770,"height":513,"url":"https:\/\/tuzlainfo.ba\/wp-content\/uploads\/2020\/04\/sadrzaj_2020_20200401_1904_hrizostom.jpg","type":"image\/jpeg"}],"author":"nedim","twitter_card":"summary_large_image","twitter_misc":{"Written by":"nedim","Est. reading time":"1 minuta"},"schema":{"@context":"https:\/\/schema.org","@graph":[{"@type":"Article","@id":"https:\/\/tuzlainfo.ba\/index.php\/bosna-i-hercegovina\/item\/196298-zvog-uvreda-vijece-muftija-iz-u-bih-nece-saradjivati-sa-mitropolitom-hrizostomom\/#article","isPartOf":{"@id":"https:\/\/tuzlainfo.ba\/index.php\/bosna-i-hercegovina\/item\/196298-zvog-uvreda-vijece-muftija-iz-u-bih-nece-saradjivati-sa-mitropolitom-hrizostomom\/"},"author":{"name":"nedim","@id":"https:\/\/tuzlainfo.ba\/#\/schema\/person\/f434e20dc27ea133923aab08451b7f7f"},"headline":"Zbog uvreda: Vije\u0107e muftija IZ u BIH ne\u0107e sara\u0111ivati sa mitropolitom Hrizostomom","datePublished":"2023-02-03T20:19:17+00:00","dateModified":"2023-02-03T21:43:44+00:00","mainEntityOfPage":{"@id":"https:\/\/tuzlainfo.ba\/index.php\/bosna-i-hercegovina\/item\/196298-zvog-uvreda-vijece-muftija-iz-u-bih-nece-saradjivati-sa-mitropolitom-hrizostomom\/"},"wordCount":290,"commentCount":0,"publisher":{"@id":"https:\/\/tuzlainfo.ba\/#organization"},"image":{"@id":"https:\/\/tuzlainfo.ba\/index.php\/bosna-i-hercegovina\/item\/196298-zvog-uvreda-vijece-muftija-iz-u-bih-nece-saradjivati-sa-mitropolitom-hrizostomom\/#primaryimage"},"thumbnailUrl":"https:\/\/tuzlainfo.ba\/wp-content\/uploads\/2020\/04\/sadrzaj_2020_20200401_1904_hrizostom.jpg","keywords":["hrizostom","Me\u0111ureligijsko vije\u0107e u Bosni i Hercegovini","vije\u0107e muftija IZ BIH"],"articleSection":["Bosna i Hercegovina"],"inLanguage":"bs-BA"},{"@type":"WebPage","@id":"https:\/\/tuzlainfo.ba\/index.php\/bosna-i-hercegovina\/item\/196298-zvog-uvreda-vijece-muftija-iz-u-bih-nece-saradjivati-sa-mitropolitom-hrizostomom\/","url":"https:\/\/tuzlainfo.ba\/index.php\/bosna-i-hercegovina\/item\/196298-zvog-uvreda-vijece-muftija-iz-u-bih-nece-saradjivati-sa-mitropolitom-hrizostomom\/","name":"Zbog uvreda: Vije\u0107e muftija IZ u BIH ne\u0107e sara\u0111ivati sa mitropolitom Hrizostomom - TuzlaInfo.ba","isPartOf":{"@id":"https:\/\/tuzlainfo.ba\/#website"},"primaryImageOfPage":{"@id":"https:\/\/tuzlainfo.ba\/index.php\/bosna-i-hercegovina\/item\/196298-zvog-uvreda-vijece-muftija-iz-u-bih-nece-saradjivati-sa-mitropolitom-hrizostomom\/#primaryimage"},"image":{"@id":"https:\/\/tuzlainfo.ba\/index.php\/bosna-i-hercegovina\/item\/196298-zvog-uvreda-vijece-muftija-iz-u-bih-nece-saradjivati-sa-mitropolitom-hrizostomom\/#primaryimage"},"thumbnailUrl":"https:\/\/tuzlainfo.ba\/wp-content\/uploads\/2020\/04\/sadrzaj_2020_20200401_1904_hrizostom.jpg","datePublished":"2023-02-03T20:19:17+00:00","dateModified":"2023-02-03T21:43:44+00:00","breadcrumb":{"@id":"https:\/\/tuzlainfo.ba\/index.php\/bosna-i-hercegovina\/item\/196298-zvog-uvreda-vijece-muftija-iz-u-bih-nece-saradjivati-sa-mitropolitom-hrizostomom\/#breadcrumb"},"inLanguage":"bs-BA","potentialAction":[{"@type":"ReadAction","target":["https:\/\/tuzlainfo.ba\/index.php\/bosna-i-hercegovina\/item\/196298-zvog-uvreda-vijece-muftija-iz-u-bih-nece-saradjivati-sa-mitropolitom-hrizostomom\/"]}]},{"@type":"ImageObject","inLanguage":"bs-BA","@id":"https:\/\/tuzlainfo.ba\/index.php\/bosna-i-hercegovina\/item\/196298-zvog-uvreda-vijece-muftija-iz-u-bih-nece-saradjivati-sa-mitropolitom-hrizostomom\/#primaryimage","url":"https:\/\/tuzlainfo.ba\/wp-content\/uploads\/2020\/04\/sadrzaj_2020_20200401_1904_hrizostom.jpg","contentUrl":"https:\/\/tuzlainfo.ba\/wp-content\/uploads\/2020\/04\/sadrzaj_2020_20200401_1904_hrizostom.jpg","width":770,"height":513,"caption":"1904 hrizostom"},{"@type":"BreadcrumbList","@id":"https:\/\/tuzlainfo.ba\/index.php\/bosna-i-hercegovina\/item\/196298-zvog-uvreda-vijece-muftija-iz-u-bih-nece-saradjivati-sa-mitropolitom-hrizostomom\/#breadcrumb","itemListElement":[{"@type":"ListItem","position":1,"name":"Home","item":"https:\/\/tuzlainfo.ba\/"},{"@type":"ListItem","position":2,"name":"Zbog uvreda: Vije\u0107e muftija IZ u BIH ne\u0107e sara\u0111ivati sa mitropolitom Hrizostomom"}]},{"@type":"WebSite","@id":"https:\/\/tuzlainfo.ba\/#website","url":"https:\/\/tuzlainfo.ba\/","name":"TuzlaInfo.ba","description":"Tuzla info, gradski informator - Tuzla na dlanu","publisher":{"@id":"https:\/\/tuzlainfo.ba\/#organization"},"potentialAction":[{"@type":"SearchAction","target":{"@type":"EntryPoint","urlTemplate":"https:\/\/tuzlainfo.ba\/?s={search_term_string}"},"query-input":{"@type":"PropertyValueSpecification","valueRequired":true,"valueName":"search_term_string"}}],"inLanguage":"bs-BA"},{"@type":"Organization","@id":"https:\/\/tuzlainfo.ba\/#organization","name":"TuzlaInfo.ba","url":"https:\/\/tuzlainfo.ba\/","logo":{"@type":"ImageObject","inLanguage":"bs-BA","@id":"https:\/\/tuzlainfo.ba\/#\/schema\/logo\/image\/","url":"https:\/\/tuzlainfo.ba\/wp-content\/uploads\/2021\/03\/logo-ver-3-1.png","contentUrl":"https:\/\/tuzlainfo.ba\/wp-content\/uploads\/2021\/03\/logo-ver-3-1.png","width":350,"height":95,"caption":"TuzlaInfo.ba"},"image":{"@id":"https:\/\/tuzlainfo.ba\/#\/schema\/logo\/image\/"},"sameAs":["https:\/\/www.facebook.com\/tuzlainfo.ba\/"]},{"@type":"Person","@id":"https:\/\/tuzlainfo.ba\/#\/schema\/person\/f434e20dc27ea133923aab08451b7f7f","name":"nedim","image":{"@type":"ImageObject","inLanguage":"bs-BA","@id":"https:\/\/tuzlainfo.ba\/#\/schema\/person\/image\/","url":"https:\/\/tuzlainfo.ba\/wp-content\/litespeed\/avatar\/aabad687af24844af817603ac1cbdc4f.jpg?ver=1777306975","contentUrl":"https:\/\/tuzlainfo.ba\/wp-content\/litespeed\/avatar\/aabad687af24844af817603ac1cbdc4f.jpg?ver=1777306975","caption":"nedim"},"description":"Tuzlainfo.ba pratite na dru\u0161tvenim mre\u017eama: Facebook, Instagram i Youtube. Svoje pri\u010de, upite i fotografije \u0161aljite na na\u0161u e-mail adresu."}]}},"_links":{"self":[{"href":"https:\/\/tuzlainfo.ba\/index.php\/wp-json\/wp\/v2\/posts\/196298"}],"collection":[{"href":"https:\/\/tuzlainfo.ba\/index.php\/wp-json\/wp\/v2\/posts"}],"about":[{"href":"https:\/\/tuzlainfo.ba\/index.php\/wp-json\/wp\/v2\/types\/post"}],"author":[{"embeddable":true,"href":"https:\/\/tuzlainfo.ba\/index.php\/wp-json\/wp\/v2\/users\/2"}],"replies":[{"embeddable":true,"href":"https:\/\/tuzlainfo.ba\/index.php\/wp-json\/wp\/v2\/comments?post=196298"}],"version-history":[{"count":0,"href":"https:\/\/tuzlainfo.ba\/index.php\/wp-json\/wp\/v2\/posts\/196298\/revisions"}],"wp:featuredmedia":[{"embeddable":true,"href":"https:\/\/tuzlainfo.ba\/index.php\/wp-json\/wp\/v2\/media\/78696"}],"wp:attachment":[{"href":"https:\/\/tuzlainfo.ba\/index.php\/wp-json\/wp\/v2\/media?parent=196298"}],"wp:term":[{"taxonomy":"category","embeddable":true,"href":"https:\/\/tuzlainfo.ba\/index.php\/wp-json\/wp\/v2\/categories?post=196298"},{"taxonomy":"post_tag","embeddable":true,"href":"https:\/\/tuzlainfo.ba\/index.php\/wp-json\/wp\/v2\/tags?post=196298"}],"curies":[{"name":"wp","href":"https:\/\/api.w.org\/{rel}","templated":true}]}}