{"id":196247,"date":"2023-02-03T10:40:42","date_gmt":"2023-02-03T09:40:42","guid":{"rendered":"https:\/\/tuzlainfo.ba\/?p=196247"},"modified":"2023-02-03T10:40:42","modified_gmt":"2023-02-03T09:40:42","slug":"video-zijad-lugavic-na-zavrsnom-skupu-ne-damo-nikome-nasu-tuzlu","status":"publish","type":"post","link":"https:\/\/tuzlainfo.ba\/index.php\/clanci\/izbori-clanci\/item\/196247-video-zijad-lugavic-na-zavrsnom-skupu-ne-damo-nikome-nasu-tuzlu\/","title":{"rendered":"VIDEO \/ Zijad Lugavi\u0107 na zavr\u0161nom skupu: Ne damo nikome na\u0161u Tuzlu!"},"content":{"rendered":"<p>Kandidat za gradona\u010delnika Tuzle na predstoje\u0107im prijevremenim izborima Zijad Lugavi\u0107 i GO SDP BIH Tuzla sino\u0107 su u Velikoj sali BKC TK Tuzla odr\u017eali zavr\u0161ni skup.<\/p>\n<p>Pored Lugavi\u0107a na skupu su govorili\u00a0 Sla\u0111an Ili\u0107, predsjednik Gradske organizacije SDP BiH Tuzla, \u2013 Mensur Ali\u0107, predsjednik Tuzlanske alternative, \u2013 Jasmin Imamovi\u0107, dosada\u0161nji gradona\u010delnik Grada Tuzle i\u00a0 Nermin Nik\u0161i\u0107, predsjednik SDP BiH.<\/p>\n<p>&#8211; Ne damo nikome na\u0161u Tuzlu. Svi znamo kakva je Tuzla bila prije 20 ili 30 godina, ne smijemo zaboraviti vrijeme kada nismo imali vode i kada smo se kupali lon\u010di\u0107ima, danas imamo vodu 24 sata, ne smijemo zaboraviti vrijeme kada nismo imali ovako lijepe trgove, ovako lijepe i ure\u0111ene gradske parkove, kada nismo imali Bingo, Menprom, Virgin Pulse\u2026 Gradit \u0107emo dje\u010dija igrali\u0161ta sa akcentom na prilago\u0111vanje istih za djecu sa pote\u0161ko\u0107ama u razvoju. Gradit \u0107emo nova igrali\u0161ta i terene, otvorit \u0107emo nova obdani\u0161ta, radit \u0107emo aktivnije na smanjenju aerozaga\u0111enja, stvarat \u0107emo uslove za nove fabrike i obrte. Podr\u017eavat \u0107emo socijalne kategorije dru\u0161tva, moramo im pomo\u0107i, to je socijalizam, to je Tuzla. Bez sporta, kulture i umjetnosti nema Tuzle, nema Bosne i Hercegovine. Mlade \u0107emo uklju\u010diti u proces dono\u0161enja odluka i to je garant\u00a0 za njihov ostanak u BiH &#8211; naveo je Lugavi\u0107 u svom obra\u0107anju.<\/p>\n<p><iframe title=\"Zavr\u0161ni promotivni skup SDP Tuzle - Dr.sc. Zijad Lugavic\" width=\"1170\" height=\"658\" src=\"https:\/\/www.youtube.com\/embed\/MYnRph0rUEA?feature=oembed\" frameborder=\"0\" allow=\"accelerometer; autoplay; clipboard-write; encrypted-media; gyroscope; picture-in-picture; web-share\" allowfullscreen><\/iframe><\/p>\n<p>&nbsp;<\/p>\n","protected":false},"excerpt":{"rendered":"<p>Kandidat za gradona\u010delnika Tuzle na predstoje\u0107im prijevremenim izborima Zijad Lugavi\u0107 i GO SDP BIH Tuzla&hellip;<\/p>\n","protected":false},"author":2,"featured_media":196248,"comment_status":"open","ping_status":"closed","sticky":false,"template":"","format":"standard","meta":{"_acf_changed":false,"footnotes":""},"categories":[15],"tags":[5822,5777],"acf":[],"yoast_head":"<!-- This site is optimized with the Yoast SEO plugin v23.5 - https:\/\/yoast.com\/wordpress\/plugins\/seo\/ -->\n<title>VIDEO \/ Zijad Lugavi\u0107 na zavr\u0161nom skupu: Ne damo nikome na\u0161u Tuzlu! - TuzlaInfo.ba<\/title>\n<meta name=\"robots\" content=\"index, follow, max-snippet:-1, max-image-preview:large, max-video-preview:-1\" \/>\n<link rel=\"canonical\" href=\"https:\/\/tuzlainfo.ba\/index.php\/clanci\/izbori-clanci\/item\/196247-video-zijad-lugavic-na-zavrsnom-skupu-ne-damo-nikome-nasu-tuzlu\/\" \/>\n<meta property=\"og:locale\" content=\"bs_BA\" \/>\n<meta property=\"og:type\" content=\"article\" \/>\n<meta property=\"og:title\" content=\"VIDEO \/ Zijad Lugavi\u0107 na zavr\u0161nom skupu: Ne damo nikome na\u0161u Tuzlu! - TuzlaInfo.ba\" \/>\n<meta property=\"og:description\" content=\"Kandidat za gradona\u010delnika Tuzle na predstoje\u0107im prijevremenim izborima Zijad Lugavi\u0107 i GO SDP BIH Tuzla&hellip;\" \/>\n<meta property=\"og:url\" content=\"https:\/\/tuzlainfo.ba\/index.php\/clanci\/izbori-clanci\/item\/196247-video-zijad-lugavic-na-zavrsnom-skupu-ne-damo-nikome-nasu-tuzlu\/\" \/>\n<meta property=\"og:site_name\" content=\"TuzlaInfo.ba\" \/>\n<meta property=\"article:publisher\" content=\"https:\/\/www.facebook.com\/tuzlainfo.ba\/\" \/>\n<meta property=\"article:published_time\" content=\"2023-02-03T09:40:42+00:00\" \/>\n<meta property=\"og:image\" content=\"https:\/\/tuzlainfo.ba\/wp-content\/uploads\/2023\/02\/0302_lugavic_skup.jpg\" \/>\n\t<meta property=\"og:image:width\" content=\"1000\" \/>\n\t<meta property=\"og:image:height\" content=\"578\" \/>\n\t<meta property=\"og:image:type\" content=\"image\/jpeg\" \/>\n<meta name=\"author\" content=\"nedim\" \/>\n<meta name=\"twitter:card\" content=\"summary_large_image\" \/>\n<meta name=\"twitter:label1\" content=\"Written by\" \/>\n\t<meta name=\"twitter:data1\" content=\"nedim\" \/>\n\t<meta name=\"twitter:label2\" content=\"Est. reading time\" \/>\n\t<meta name=\"twitter:data2\" content=\"1 minuta\" \/>\n<script type=\"application\/ld+json\" class=\"yoast-schema-graph\">{\"@context\":\"https:\/\/schema.org\",\"@graph\":[{\"@type\":\"Article\",\"@id\":\"https:\/\/tuzlainfo.ba\/index.php\/clanci\/izbori-clanci\/item\/196247-video-zijad-lugavic-na-zavrsnom-skupu-ne-damo-nikome-nasu-tuzlu\/#article\",\"isPartOf\":{\"@id\":\"https:\/\/tuzlainfo.ba\/index.php\/clanci\/izbori-clanci\/item\/196247-video-zijad-lugavic-na-zavrsnom-skupu-ne-damo-nikome-nasu-tuzlu\/\"},\"author\":{\"name\":\"nedim\",\"@id\":\"https:\/\/tuzlainfo.ba\/#\/schema\/person\/f434e20dc27ea133923aab08451b7f7f\"},\"headline\":\"VIDEO \/ Zijad Lugavi\u0107 na zavr\u0161nom skupu: Ne damo nikome na\u0161u Tuzlu!\",\"datePublished\":\"2023-02-03T09:40:42+00:00\",\"dateModified\":\"2023-02-03T09:40:42+00:00\",\"mainEntityOfPage\":{\"@id\":\"https:\/\/tuzlainfo.ba\/index.php\/clanci\/izbori-clanci\/item\/196247-video-zijad-lugavic-na-zavrsnom-skupu-ne-damo-nikome-nasu-tuzlu\/\"},\"wordCount\":246,\"commentCount\":0,\"publisher\":{\"@id\":\"https:\/\/tuzlainfo.ba\/#organization\"},\"image\":{\"@id\":\"https:\/\/tuzlainfo.ba\/index.php\/clanci\/izbori-clanci\/item\/196247-video-zijad-lugavic-na-zavrsnom-skupu-ne-damo-nikome-nasu-tuzlu\/#primaryimage\"},\"thumbnailUrl\":\"https:\/\/tuzlainfo.ba\/wp-content\/uploads\/2023\/02\/0302_lugavic_skup.jpg\",\"keywords\":[\"izbori za gradona\u010delnika tuzle\",\"Zijad lugavi\u0107\"],\"articleSection\":[\"Izbori\"],\"inLanguage\":\"bs-BA\"},{\"@type\":\"WebPage\",\"@id\":\"https:\/\/tuzlainfo.ba\/index.php\/clanci\/izbori-clanci\/item\/196247-video-zijad-lugavic-na-zavrsnom-skupu-ne-damo-nikome-nasu-tuzlu\/\",\"url\":\"https:\/\/tuzlainfo.ba\/index.php\/clanci\/izbori-clanci\/item\/196247-video-zijad-lugavic-na-zavrsnom-skupu-ne-damo-nikome-nasu-tuzlu\/\",\"name\":\"VIDEO \/ Zijad Lugavi\u0107 na zavr\u0161nom skupu: Ne damo nikome na\u0161u Tuzlu! - TuzlaInfo.ba\",\"isPartOf\":{\"@id\":\"https:\/\/tuzlainfo.ba\/#website\"},\"primaryImageOfPage\":{\"@id\":\"https:\/\/tuzlainfo.ba\/index.php\/clanci\/izbori-clanci\/item\/196247-video-zijad-lugavic-na-zavrsnom-skupu-ne-damo-nikome-nasu-tuzlu\/#primaryimage\"},\"image\":{\"@id\":\"https:\/\/tuzlainfo.ba\/index.php\/clanci\/izbori-clanci\/item\/196247-video-zijad-lugavic-na-zavrsnom-skupu-ne-damo-nikome-nasu-tuzlu\/#primaryimage\"},\"thumbnailUrl\":\"https:\/\/tuzlainfo.ba\/wp-content\/uploads\/2023\/02\/0302_lugavic_skup.jpg\",\"datePublished\":\"2023-02-03T09:40:42+00:00\",\"dateModified\":\"2023-02-03T09:40:42+00:00\",\"breadcrumb\":{\"@id\":\"https:\/\/tuzlainfo.ba\/index.php\/clanci\/izbori-clanci\/item\/196247-video-zijad-lugavic-na-zavrsnom-skupu-ne-damo-nikome-nasu-tuzlu\/#breadcrumb\"},\"inLanguage\":\"bs-BA\",\"potentialAction\":[{\"@type\":\"ReadAction\",\"target\":[\"https:\/\/tuzlainfo.ba\/index.php\/clanci\/izbori-clanci\/item\/196247-video-zijad-lugavic-na-zavrsnom-skupu-ne-damo-nikome-nasu-tuzlu\/\"]}]},{\"@type\":\"ImageObject\",\"inLanguage\":\"bs-BA\",\"@id\":\"https:\/\/tuzlainfo.ba\/index.php\/clanci\/izbori-clanci\/item\/196247-video-zijad-lugavic-na-zavrsnom-skupu-ne-damo-nikome-nasu-tuzlu\/#primaryimage\",\"url\":\"https:\/\/tuzlainfo.ba\/wp-content\/uploads\/2023\/02\/0302_lugavic_skup.jpg\",\"contentUrl\":\"https:\/\/tuzlainfo.ba\/wp-content\/uploads\/2023\/02\/0302_lugavic_skup.jpg\",\"width\":1000,\"height\":578},{\"@type\":\"BreadcrumbList\",\"@id\":\"https:\/\/tuzlainfo.ba\/index.php\/clanci\/izbori-clanci\/item\/196247-video-zijad-lugavic-na-zavrsnom-skupu-ne-damo-nikome-nasu-tuzlu\/#breadcrumb\",\"itemListElement\":[{\"@type\":\"ListItem\",\"position\":1,\"name\":\"Home\",\"item\":\"https:\/\/tuzlainfo.ba\/\"},{\"@type\":\"ListItem\",\"position\":2,\"name\":\"VIDEO \/ Zijad Lugavi\u0107 na zavr\u0161nom skupu: Ne damo nikome na\u0161u Tuzlu!\"}]},{\"@type\":\"WebSite\",\"@id\":\"https:\/\/tuzlainfo.ba\/#website\",\"url\":\"https:\/\/tuzlainfo.ba\/\",\"name\":\"TuzlaInfo.ba\",\"description\":\"Tuzla info, gradski informator - Tuzla na dlanu\",\"publisher\":{\"@id\":\"https:\/\/tuzlainfo.ba\/#organization\"},\"potentialAction\":[{\"@type\":\"SearchAction\",\"target\":{\"@type\":\"EntryPoint\",\"urlTemplate\":\"https:\/\/tuzlainfo.ba\/?s={search_term_string}\"},\"query-input\":{\"@type\":\"PropertyValueSpecification\",\"valueRequired\":true,\"valueName\":\"search_term_string\"}}],\"inLanguage\":\"bs-BA\"},{\"@type\":\"Organization\",\"@id\":\"https:\/\/tuzlainfo.ba\/#organization\",\"name\":\"TuzlaInfo.ba\",\"url\":\"https:\/\/tuzlainfo.ba\/\",\"logo\":{\"@type\":\"ImageObject\",\"inLanguage\":\"bs-BA\",\"@id\":\"https:\/\/tuzlainfo.ba\/#\/schema\/logo\/image\/\",\"url\":\"https:\/\/tuzlainfo.ba\/wp-content\/uploads\/2021\/03\/logo-ver-3-1.png\",\"contentUrl\":\"https:\/\/tuzlainfo.ba\/wp-content\/uploads\/2021\/03\/logo-ver-3-1.png\",\"width\":350,\"height\":95,\"caption\":\"TuzlaInfo.ba\"},\"image\":{\"@id\":\"https:\/\/tuzlainfo.ba\/#\/schema\/logo\/image\/\"},\"sameAs\":[\"https:\/\/www.facebook.com\/tuzlainfo.ba\/\"]},{\"@type\":\"Person\",\"@id\":\"https:\/\/tuzlainfo.ba\/#\/schema\/person\/f434e20dc27ea133923aab08451b7f7f\",\"name\":\"nedim\",\"image\":{\"@type\":\"ImageObject\",\"inLanguage\":\"bs-BA\",\"@id\":\"https:\/\/tuzlainfo.ba\/#\/schema\/person\/image\/\",\"url\":\"https:\/\/tuzlainfo.ba\/wp-content\/litespeed\/avatar\/aabad687af24844af817603ac1cbdc4f.jpg?ver=1777306975\",\"contentUrl\":\"https:\/\/tuzlainfo.ba\/wp-content\/litespeed\/avatar\/aabad687af24844af817603ac1cbdc4f.jpg?ver=1777306975\",\"caption\":\"nedim\"},\"description\":\"Tuzlainfo.ba pratite na dru\u0161tvenim mre\u017eama: Facebook, Instagram i Youtube. Svoje pri\u010de, upite i fotografije \u0161aljite na na\u0161u e-mail adresu.\"}]}<\/script>\n<!-- \/ Yoast SEO plugin. -->","yoast_head_json":{"title":"VIDEO \/ Zijad Lugavi\u0107 na zavr\u0161nom skupu: Ne damo nikome na\u0161u Tuzlu! - TuzlaInfo.ba","robots":{"index":"index","follow":"follow","max-snippet":"max-snippet:-1","max-image-preview":"max-image-preview:large","max-video-preview":"max-video-preview:-1"},"canonical":"https:\/\/tuzlainfo.ba\/index.php\/clanci\/izbori-clanci\/item\/196247-video-zijad-lugavic-na-zavrsnom-skupu-ne-damo-nikome-nasu-tuzlu\/","og_locale":"bs_BA","og_type":"article","og_title":"VIDEO \/ Zijad Lugavi\u0107 na zavr\u0161nom skupu: Ne damo nikome na\u0161u Tuzlu! - TuzlaInfo.ba","og_description":"Kandidat za gradona\u010delnika Tuzle na predstoje\u0107im prijevremenim izborima Zijad Lugavi\u0107 i GO SDP BIH Tuzla&hellip;","og_url":"https:\/\/tuzlainfo.ba\/index.php\/clanci\/izbori-clanci\/item\/196247-video-zijad-lugavic-na-zavrsnom-skupu-ne-damo-nikome-nasu-tuzlu\/","og_site_name":"TuzlaInfo.ba","article_publisher":"https:\/\/www.facebook.com\/tuzlainfo.ba\/","article_published_time":"2023-02-03T09:40:42+00:00","og_image":[{"width":1000,"height":578,"url":"https:\/\/tuzlainfo.ba\/wp-content\/uploads\/2023\/02\/0302_lugavic_skup.jpg","type":"image\/jpeg"}],"author":"nedim","twitter_card":"summary_large_image","twitter_misc":{"Written by":"nedim","Est. reading time":"1 minuta"},"schema":{"@context":"https:\/\/schema.org","@graph":[{"@type":"Article","@id":"https:\/\/tuzlainfo.ba\/index.php\/clanci\/izbori-clanci\/item\/196247-video-zijad-lugavic-na-zavrsnom-skupu-ne-damo-nikome-nasu-tuzlu\/#article","isPartOf":{"@id":"https:\/\/tuzlainfo.ba\/index.php\/clanci\/izbori-clanci\/item\/196247-video-zijad-lugavic-na-zavrsnom-skupu-ne-damo-nikome-nasu-tuzlu\/"},"author":{"name":"nedim","@id":"https:\/\/tuzlainfo.ba\/#\/schema\/person\/f434e20dc27ea133923aab08451b7f7f"},"headline":"VIDEO \/ Zijad Lugavi\u0107 na zavr\u0161nom skupu: Ne damo nikome na\u0161u Tuzlu!","datePublished":"2023-02-03T09:40:42+00:00","dateModified":"2023-02-03T09:40:42+00:00","mainEntityOfPage":{"@id":"https:\/\/tuzlainfo.ba\/index.php\/clanci\/izbori-clanci\/item\/196247-video-zijad-lugavic-na-zavrsnom-skupu-ne-damo-nikome-nasu-tuzlu\/"},"wordCount":246,"commentCount":0,"publisher":{"@id":"https:\/\/tuzlainfo.ba\/#organization"},"image":{"@id":"https:\/\/tuzlainfo.ba\/index.php\/clanci\/izbori-clanci\/item\/196247-video-zijad-lugavic-na-zavrsnom-skupu-ne-damo-nikome-nasu-tuzlu\/#primaryimage"},"thumbnailUrl":"https:\/\/tuzlainfo.ba\/wp-content\/uploads\/2023\/02\/0302_lugavic_skup.jpg","keywords":["izbori za gradona\u010delnika tuzle","Zijad lugavi\u0107"],"articleSection":["Izbori"],"inLanguage":"bs-BA"},{"@type":"WebPage","@id":"https:\/\/tuzlainfo.ba\/index.php\/clanci\/izbori-clanci\/item\/196247-video-zijad-lugavic-na-zavrsnom-skupu-ne-damo-nikome-nasu-tuzlu\/","url":"https:\/\/tuzlainfo.ba\/index.php\/clanci\/izbori-clanci\/item\/196247-video-zijad-lugavic-na-zavrsnom-skupu-ne-damo-nikome-nasu-tuzlu\/","name":"VIDEO \/ Zijad Lugavi\u0107 na zavr\u0161nom skupu: Ne damo nikome na\u0161u Tuzlu! - TuzlaInfo.ba","isPartOf":{"@id":"https:\/\/tuzlainfo.ba\/#website"},"primaryImageOfPage":{"@id":"https:\/\/tuzlainfo.ba\/index.php\/clanci\/izbori-clanci\/item\/196247-video-zijad-lugavic-na-zavrsnom-skupu-ne-damo-nikome-nasu-tuzlu\/#primaryimage"},"image":{"@id":"https:\/\/tuzlainfo.ba\/index.php\/clanci\/izbori-clanci\/item\/196247-video-zijad-lugavic-na-zavrsnom-skupu-ne-damo-nikome-nasu-tuzlu\/#primaryimage"},"thumbnailUrl":"https:\/\/tuzlainfo.ba\/wp-content\/uploads\/2023\/02\/0302_lugavic_skup.jpg","datePublished":"2023-02-03T09:40:42+00:00","dateModified":"2023-02-03T09:40:42+00:00","breadcrumb":{"@id":"https:\/\/tuzlainfo.ba\/index.php\/clanci\/izbori-clanci\/item\/196247-video-zijad-lugavic-na-zavrsnom-skupu-ne-damo-nikome-nasu-tuzlu\/#breadcrumb"},"inLanguage":"bs-BA","potentialAction":[{"@type":"ReadAction","target":["https:\/\/tuzlainfo.ba\/index.php\/clanci\/izbori-clanci\/item\/196247-video-zijad-lugavic-na-zavrsnom-skupu-ne-damo-nikome-nasu-tuzlu\/"]}]},{"@type":"ImageObject","inLanguage":"bs-BA","@id":"https:\/\/tuzlainfo.ba\/index.php\/clanci\/izbori-clanci\/item\/196247-video-zijad-lugavic-na-zavrsnom-skupu-ne-damo-nikome-nasu-tuzlu\/#primaryimage","url":"https:\/\/tuzlainfo.ba\/wp-content\/uploads\/2023\/02\/0302_lugavic_skup.jpg","contentUrl":"https:\/\/tuzlainfo.ba\/wp-content\/uploads\/2023\/02\/0302_lugavic_skup.jpg","width":1000,"height":578},{"@type":"BreadcrumbList","@id":"https:\/\/tuzlainfo.ba\/index.php\/clanci\/izbori-clanci\/item\/196247-video-zijad-lugavic-na-zavrsnom-skupu-ne-damo-nikome-nasu-tuzlu\/#breadcrumb","itemListElement":[{"@type":"ListItem","position":1,"name":"Home","item":"https:\/\/tuzlainfo.ba\/"},{"@type":"ListItem","position":2,"name":"VIDEO \/ Zijad Lugavi\u0107 na zavr\u0161nom skupu: Ne damo nikome na\u0161u Tuzlu!"}]},{"@type":"WebSite","@id":"https:\/\/tuzlainfo.ba\/#website","url":"https:\/\/tuzlainfo.ba\/","name":"TuzlaInfo.ba","description":"Tuzla info, gradski informator - Tuzla na dlanu","publisher":{"@id":"https:\/\/tuzlainfo.ba\/#organization"},"potentialAction":[{"@type":"SearchAction","target":{"@type":"EntryPoint","urlTemplate":"https:\/\/tuzlainfo.ba\/?s={search_term_string}"},"query-input":{"@type":"PropertyValueSpecification","valueRequired":true,"valueName":"search_term_string"}}],"inLanguage":"bs-BA"},{"@type":"Organization","@id":"https:\/\/tuzlainfo.ba\/#organization","name":"TuzlaInfo.ba","url":"https:\/\/tuzlainfo.ba\/","logo":{"@type":"ImageObject","inLanguage":"bs-BA","@id":"https:\/\/tuzlainfo.ba\/#\/schema\/logo\/image\/","url":"https:\/\/tuzlainfo.ba\/wp-content\/uploads\/2021\/03\/logo-ver-3-1.png","contentUrl":"https:\/\/tuzlainfo.ba\/wp-content\/uploads\/2021\/03\/logo-ver-3-1.png","width":350,"height":95,"caption":"TuzlaInfo.ba"},"image":{"@id":"https:\/\/tuzlainfo.ba\/#\/schema\/logo\/image\/"},"sameAs":["https:\/\/www.facebook.com\/tuzlainfo.ba\/"]},{"@type":"Person","@id":"https:\/\/tuzlainfo.ba\/#\/schema\/person\/f434e20dc27ea133923aab08451b7f7f","name":"nedim","image":{"@type":"ImageObject","inLanguage":"bs-BA","@id":"https:\/\/tuzlainfo.ba\/#\/schema\/person\/image\/","url":"https:\/\/tuzlainfo.ba\/wp-content\/litespeed\/avatar\/aabad687af24844af817603ac1cbdc4f.jpg?ver=1777306975","contentUrl":"https:\/\/tuzlainfo.ba\/wp-content\/litespeed\/avatar\/aabad687af24844af817603ac1cbdc4f.jpg?ver=1777306975","caption":"nedim"},"description":"Tuzlainfo.ba pratite na dru\u0161tvenim mre\u017eama: Facebook, Instagram i Youtube. Svoje pri\u010de, upite i fotografije \u0161aljite na na\u0161u e-mail adresu."}]}},"_links":{"self":[{"href":"https:\/\/tuzlainfo.ba\/index.php\/wp-json\/wp\/v2\/posts\/196247"}],"collection":[{"href":"https:\/\/tuzlainfo.ba\/index.php\/wp-json\/wp\/v2\/posts"}],"about":[{"href":"https:\/\/tuzlainfo.ba\/index.php\/wp-json\/wp\/v2\/types\/post"}],"author":[{"embeddable":true,"href":"https:\/\/tuzlainfo.ba\/index.php\/wp-json\/wp\/v2\/users\/2"}],"replies":[{"embeddable":true,"href":"https:\/\/tuzlainfo.ba\/index.php\/wp-json\/wp\/v2\/comments?post=196247"}],"version-history":[{"count":0,"href":"https:\/\/tuzlainfo.ba\/index.php\/wp-json\/wp\/v2\/posts\/196247\/revisions"}],"wp:featuredmedia":[{"embeddable":true,"href":"https:\/\/tuzlainfo.ba\/index.php\/wp-json\/wp\/v2\/media\/196248"}],"wp:attachment":[{"href":"https:\/\/tuzlainfo.ba\/index.php\/wp-json\/wp\/v2\/media?parent=196247"}],"wp:term":[{"taxonomy":"category","embeddable":true,"href":"https:\/\/tuzlainfo.ba\/index.php\/wp-json\/wp\/v2\/categories?post=196247"},{"taxonomy":"post_tag","embeddable":true,"href":"https:\/\/tuzlainfo.ba\/index.php\/wp-json\/wp\/v2\/tags?post=196247"}],"curies":[{"name":"wp","href":"https:\/\/api.w.org\/{rel}","templated":true}]}}